{"id":67100,"date":"2021-06-21T12:00:25","date_gmt":"2021-06-21T16:00:25","guid":{"rendered":"https:\/\/www.ludwig-van.com\/montreal\/?p=67100"},"modified":"2021-06-21T12:26:03","modified_gmt":"2021-06-21T16:26:03","slug":"nouvelle-lopera-montreal-annonce-son-retour-devant-public-avec-quatre-productions","status":"publish","type":"post","link":"https:\/\/www.ludwig-van.com\/montreal\/2021\/06\/21\/nouvelle-lopera-montreal-annonce-son-retour-devant-public-avec-quatre-productions\/","title":{"rendered":"NOUVELLE | L&rsquo;Op\u00e9ra de Montr\u00e9al annonce son retour devant public avec quatre productions"},"content":{"rendered":"<p style=\"text-align: center;\"><img decoding=\"async\" loading=\"lazy\" class=\"aligncenter size-full wp-image-67109\" src=\"https:\/\/www.ludwig-van.com\/montreal\/wp-content\/uploads\/sites\/3\/2021\/06\/flute-odm-cover.jpg\" alt=\"\" width=\"1200\" height=\"628\" \/><\/p>\n<p><strong>L&rsquo;Op\u00e9ra de Montr\u00e9al<\/strong> vient d&rsquo;annoncer qu&rsquo;il ouvrira enfin ses portes au public pour la saison prochaine, principalement apr\u00e8s les f\u00eates, en reprenant une partie des productions qui avaient \u00e9t\u00e9 annul\u00e9es l&rsquo;an dernier en raison de la COVID-19. Tour d&rsquo;horizon de ce qui nous attend.<\/p>\n<p>\u00ab\u00a0On est contents de revenir \u00e0 la normale, mais ce sera plein de d\u00e9fis, dit <strong>Patrick Corrigan<\/strong>, directeur g\u00e9n\u00e9ral. Partout au Canada et aux \u00c9tats-Unis, la majeure partie des productions d&rsquo;op\u00e9ra va recommencer en 2022, car nombre d&rsquo;op\u00e9ras ne peuvent pas se faire en distanciation. On a h\u00e2te de se retrouver dans la salle avec les gens qui aiment l&rsquo;op\u00e9ra ou veulent le d\u00e9couvrir, mais on sait qu&rsquo;il faudra travailler pour ramener les gens, comme ce sera le cas un peu partout.\u00a0\u00bb<\/p>\n<p>Pour la saison 2021-2022, le public de l&rsquo;Op\u00e9ra de Montr\u00e9al pourra donc voir <em><strong>La Traviata<\/strong><\/em>, de Verdi, en janvier, <em><strong>La beaut\u00e9 du monde<\/strong><\/em>, une cr\u00e9ation de Julien Bilodeau sur un livret de Michel Marc Bouchard, en mars, et <em><strong>La fl\u00fbte enchant\u00e9e<\/strong><\/em>, de Mozart, en mai. Oui, il s&rsquo;agit toujours de cette fabuleuse production de <strong>Barrie Kosky<\/strong> dont tout le monde parle.<\/p>\n<p>Avant les f\u00eates, seule une production hors-saison en collaboration avec Ballet Op\u00e9ra Pantomine et I Musici de Montr\u00e9al sera pr\u00e9sent\u00e9e, en septembre. Il s&rsquo;agit du programme double <em>Riders to the Sea<\/em>, de Vaughan-Williams, et de la cr\u00e9ation de <em>Le flambeau de la nuit<\/em>, d&rsquo;Hubert Tanguay-Labrosse sur un texte d&rsquo;Oliver Kemeid, dans une mise en sc\u00e8ne d&rsquo;Edith Patenaude.<\/p>\n<p>\u00ab\u00a0Toutes les distributions seront les m\u00eames que celles pr\u00e9vues l&rsquo;an dernier, \u00e0 quelques exceptions pr\u00e8s\u00a0\u00bb, pr\u00e9cise <strong>Patrick Corrigan, <\/strong>qui ajoute qu&rsquo;il esp\u00e8re que deux autres projets pourraient \u00eatre annonc\u00e9s au cours des prochaines semaines.<\/p>\n<h2>D\u00e9tails de la saison 2021-2022 de l&rsquo;Op\u00e9ra de Montr\u00e9al.<\/h2>\n<h3><em>Riders to the Sea \/ Le flambeau de la nuit<\/em><\/h3>\n<p>Avec Allison McHardy, Lucie St-Martin, Sydney Frosham, Geoffrey Schellenberg, Sarah Dufresne, Mishael Jedidiah Eusebio, Matthew Li. Mise en sc\u00e8ne: Edith Patenaude. Avec I Musici de Montr\u00e9al sous la direction d&rsquo;Hubert Tanguay-Labrosse, <strong>le 25 septembre 2021 \u00e0 19 h 30 &amp; 26 septembre 2021 \u00e0 14 h, Th\u00e9\u00e2tre Maisonneuve<\/strong>.<\/p>\n<p>&nbsp;<\/p>\n<figure id=\"attachment_47782\" aria-describedby=\"caption-attachment-47782\" style=\"width: 700px\" class=\"wp-caption aligncenter\"><img decoding=\"async\" loading=\"lazy\" class=\"size-full wp-image-47782\" src=\"https:\/\/www.ludwig-van.com\/montreal\/wp-content\/uploads\/sites\/3\/2017\/09\/lord_mariejosee.jpg\" alt=\"Marie-Jos\u00e9e Lord\" width=\"700\" height=\"471\" srcset=\"https:\/\/www.ludwig-van.com\/montreal\/wp-content\/uploads\/sites\/3\/2017\/09\/lord_mariejosee.jpg 700w, https:\/\/www.ludwig-van.com\/montreal\/wp-content\/uploads\/sites\/3\/2017\/09\/lord_mariejosee-300x202.jpg 300w\" sizes=\"(max-width: 700px) 100vw, 700px\" \/><figcaption id=\"caption-attachment-47782\" class=\"wp-caption-text\">Marie-Jos\u00e9e Lord tiendra le r\u00f4le de Violeta dans La Traviata, de Verdi, en janvier 2022. (Photo: courtoisie)<\/figcaption><\/figure>\n<h3><em>La Traviata<\/em><\/h3>\n<p>Avec Marie-Jos\u00e9e Lord (Violeta), Rame Lahaj (Alfredo), James Westman (Germont) et Pascale Spinney (Flora). L&rsquo;Orchestre symphonique de Montr\u00e9al sera dirig\u00e9 par Alain Trudel, mise en sc\u00e8ne d&rsquo;Alain Gauthier. <strong>Les 29 janvier &amp; 1, et 3 f\u00e9vrier 2022 \u00e0 19h30, dimanche, 6 f\u00e9vrier 2022 \u00e0 14h, salle Wilfrid-Pelletier.\u00a0<\/strong><\/p>\n<p>&nbsp;<\/p>\n<figure id=\"attachment_47964\" aria-describedby=\"caption-attachment-47964\" style=\"width: 1024px\" class=\"wp-caption aligncenter\"><img decoding=\"async\" loading=\"lazy\" class=\"size-full wp-image-47964\" src=\"https:\/\/www.ludwig-van.com\/montreal\/wp-content\/uploads\/sites\/3\/2017\/09\/Bilodeau_Philippe_Stirnweiss_MOD.jpg\" alt=\"Le compositeur Julien Bilodeau. (Cr\u00e9dit photo: Philippe Stirnweiis).\" width=\"1024\" height=\"682\" srcset=\"https:\/\/www.ludwig-van.com\/montreal\/wp-content\/uploads\/sites\/3\/2017\/09\/Bilodeau_Philippe_Stirnweiss_MOD.jpg 1024w, https:\/\/www.ludwig-van.com\/montreal\/wp-content\/uploads\/sites\/3\/2017\/09\/Bilodeau_Philippe_Stirnweiss_MOD-300x200.jpg 300w, https:\/\/www.ludwig-van.com\/montreal\/wp-content\/uploads\/sites\/3\/2017\/09\/Bilodeau_Philippe_Stirnweiss_MOD-768x512.jpg 768w\" sizes=\"(max-width: 1024px) 100vw, 1024px\" \/><figcaption id=\"caption-attachment-47964\" class=\"wp-caption-text\">Le compositeur Julien Bilodeau. (Cr\u00e9dit photo: Philippe Stirnweiis).<\/figcaption><\/figure>\n<h3><em>La beaut\u00e9 du monde<\/em><\/h3>\n<p>Avec Philippe Sly, Julie Boulianne, Marc Hervieux, John Brancy, Jean-Michel Richer, Layla Claire, Isaiah Bell, France Bellemare, mise en sc\u00e8ne de Laurent Siaud. Jean-Marie Zeitouni dirigera l&rsquo;Orchestre M\u00e9tropolitain.<br \/>\n<strong>Les 20, 22, 24 mars 2022 \u00e0 19h30, et dimanche, 27 mars 2022 \u00e0 14h, Th\u00e9\u00e2tre Maisonneuve.\u00a0<\/strong><\/p>\n<p>&nbsp;<\/p>\n<figure id=\"attachment_58891\" aria-describedby=\"caption-attachment-58891\" style=\"width: 1024px\" class=\"wp-caption aligncenter\"><img decoding=\"async\" loading=\"lazy\" class=\"size-full wp-image-58891\" src=\"https:\/\/www.ludwig-van.com\/montreal\/wp-content\/uploads\/sites\/3\/2019\/02\/fl\u00fbte-enchant\u00e9e-cover.png\" alt=\"\" width=\"1024\" height=\"495\" srcset=\"https:\/\/www.ludwig-van.com\/montreal\/wp-content\/uploads\/sites\/3\/2019\/02\/fl\u00fbte-enchant\u00e9e-cover.png 1024w, https:\/\/www.ludwig-van.com\/montreal\/wp-content\/uploads\/sites\/3\/2019\/02\/fl\u00fbte-enchant\u00e9e-cover-300x145.png 300w, https:\/\/www.ludwig-van.com\/montreal\/wp-content\/uploads\/sites\/3\/2019\/02\/fl\u00fbte-enchant\u00e9e-cover-768x371.png 768w\" sizes=\"(max-width: 1024px) 100vw, 1024px\" \/><figcaption id=\"caption-attachment-58891\" class=\"wp-caption-text\">Image de la production de La Fl\u00fbte enchant\u00e9e qui sera pr\u00e9sent\u00e9e \u00e0 l&rsquo;Op\u00e9ra de Montr\u00e9al en mai 2021. (Photo: YouTube)<\/figcaption><\/figure>\n<h3><em>La fl\u00fbte enchant\u00e9e<\/em><\/h3>\n<p>Avec Aaron Blake (Tamino), Kim-Lillian Strebel (Pamina), Richard Sveda (Papageno), Ana Durlovski (Reine de la nuit), mise en sc\u00e8ne de Barrie Kosky. Le chef Christopher Allen dirigera l&rsquo;Orchestre M\u00e9tropolitain. <strong>Les 7, 10, 12 mai 2022 \u00e0 19h30 et dimanche, 15 mai 2022 \u00e0 14h, salle Wilfrid-Pelletier.\u00a0<\/strong><\/p>\n<p><a href=\"https:\/\/www.operademontreal.com\/laffiche\/saison-2021-2022\" target=\"_blank\" rel=\"noopener\">PLUS DE D\u00c9TAILS SUR LA SAISON<\/a><\/p>\n<h2><em>Inscrivez-vous \u00e0 notre infolettre! La musique classique et l&rsquo;op\u00e9ra en 5 minutes, chaque jour<\/em> \u00a0<span style=\"color: #ff0000;\"><a style=\"color: #ff0000;\" href=\"https:\/\/ludwig-van.us9.list-manage.com\/subscribe?u=4f785cb3f9058f2393ccad035&amp;id=b9b160c032\" target=\"_blank\" rel=\"noopener noreferrer\">ICI\u00a0<\/a><\/span><\/h2>\n<p>&nbsp;<\/p>\n","protected":false},"excerpt":{"rendered":"<p>L&rsquo;Op\u00e9ra de Montr\u00e9al vient d&rsquo;annoncer qu&rsquo;il ouvrira enfin ses portes au public pour la saison prochaine, principalement apr\u00e8s les f\u00eates, en reprenant une partie des productions qui avaient \u00e9t\u00e9 annul\u00e9es l&rsquo;an dernier en raison de la COVID-19. Tour d&rsquo;horizon de ce qui nous attend.\u00a0<\/p>\n","protected":false},"author":51,"featured_media":67109,"comment_status":"open","ping_status":"open","sticky":false,"template":"","format":"standard","meta":{"om_disable_all_campaigns":false,"jetpack_post_was_ever_published":false},"categories":[41122,10956,10992,43],"tags":[41124,11914,2498],"yst_prominent_words":[18434,38302,16836,10146,10519,11145,38303,38304,38305],"acf":[],"jetpack_featured_media_url":"https:\/\/www.ludwig-van.com\/montreal\/wp-content\/uploads\/sites\/3\/2021\/06\/flute-odm-cover.jpg","jetpack_sharing_enabled":true,"jetpack_shortlink":"https:\/\/wp.me\/p9bdYt-hsg","amp_enabled":true,"_links":{"self":[{"href":"https:\/\/www.ludwig-van.com\/montreal\/wp-json\/wp\/v2\/posts\/67100"}],"collection":[{"href":"https:\/\/www.ludwig-van.com\/montreal\/wp-json\/wp\/v2\/posts"}],"about":[{"href":"https:\/\/www.ludwig-van.com\/montreal\/wp-json\/wp\/v2\/types\/post"}],"author":[{"embeddable":true,"href":"https:\/\/www.ludwig-van.com\/montreal\/wp-json\/wp\/v2\/users\/51"}],"replies":[{"embeddable":true,"href":"https:\/\/www.ludwig-van.com\/montreal\/wp-json\/wp\/v2\/comments?post=67100"}],"version-history":[{"count":7,"href":"https:\/\/www.ludwig-van.com\/montreal\/wp-json\/wp\/v2\/posts\/67100\/revisions"}],"predecessor-version":[{"id":67110,"href":"https:\/\/www.ludwig-van.com\/montreal\/wp-json\/wp\/v2\/posts\/67100\/revisions\/67110"}],"wp:featuredmedia":[{"embeddable":true,"href":"https:\/\/www.ludwig-van.com\/montreal\/wp-json\/wp\/v2\/media\/67109"}],"wp:attachment":[{"href":"https:\/\/www.ludwig-van.com\/montreal\/wp-json\/wp\/v2\/media?parent=67100"}],"wp:term":[{"taxonomy":"category","embeddable":true,"href":"https:\/\/www.ludwig-van.com\/montreal\/wp-json\/wp\/v2\/categories?post=67100"},{"taxonomy":"post_tag","embeddable":true,"href":"https:\/\/www.ludwig-van.com\/montreal\/wp-json\/wp\/v2\/tags?post=67100"},{"taxonomy":"yst_prominent_words","embeddable":true,"href":"https:\/\/www.ludwig-van.com\/montreal\/wp-json\/wp\/v2\/yst_prominent_words?post=67100"}],"curies":[{"name":"wp","href":"https:\/\/api.w.org\/{rel}","templated":true}]}}