{"id":67074,"date":"2021-06-19T10:35:44","date_gmt":"2021-06-19T14:35:44","guid":{"rendered":"https:\/\/www.ludwig-van.com\/montreal\/?p=67074"},"modified":"2021-06-19T10:51:25","modified_gmt":"2021-06-19T14:51:25","slug":"conversation-hugo-laporte-festivalopera","status":"publish","type":"post","link":"https:\/\/www.ludwig-van.com\/montreal\/2021\/06\/19\/conversation-hugo-laporte-festivalopera\/","title":{"rendered":"CONVERSATION | Hugo Laporte au FestivalOp\u00e9ra de Saint-Eustache, deux fois plut\u00f4t qu&rsquo;une"},"content":{"rendered":"<p style=\"text-align: center;\"><img decoding=\"async\" loading=\"lazy\" class=\"aligncenter size-full wp-image-67075\" src=\"https:\/\/www.ludwig-van.com\/montreal\/wp-content\/uploads\/sites\/3\/2021\/06\/hugo-cover.jpg\" alt=\"\" width=\"1200\" height=\"628\" \/><\/p>\n<p>Le <strong>FestivalOp\u00e9ra de Saint-Eustache<\/strong> est de retour cet \u00e9t\u00e9, et s&rsquo;ouvre avec le r\u00e9cital \u00ab\u00a0Prodiges\u00a0\u00bb o\u00f9 deux jeunes musiciens se partageront l&rsquo;affiche le 26 juin: le pianiste <strong>Jean-Philippe Sylvestre<\/strong> et le baryton <strong>Hugo Laporte<\/strong>. J&rsquo;ai appel\u00e9 celui-ci, dont je suis la carri\u00e8re depuis des ann\u00e9es, pour prendre de ses nouvelles.<\/p>\n<p><strong>Caroline Rodgers:<\/strong> <strong>\u00ab\u00a0Tu viens de chanter dans le Barbier de S\u00e9ville \u00e0 l&rsquo;Op\u00e9ra de Qu\u00e9bec, comment \u00e7a s&rsquo;est pass\u00e9?\u00a0\u00bb<\/strong><\/p>\n<p><strong>Hugo Laporte:<\/strong> \u00ab\u00a0\u00c7a s&rsquo;est bien pass\u00e9 mais c&rsquo;\u00e9tait tr\u00e8s diff\u00e9rent d&rsquo;une production en temps normal. Il y a eu moins de r\u00e9p\u00e9titions, nous \u00e9tions plus \u00e9loign\u00e9s les uns des autres sur sc\u00e8ne, et l&rsquo;orchestre \u00e9tait sur la sc\u00e8ne, derri\u00e8re nous. Ce sont des fa\u00e7ons de faire inhabituelles, ce qui a ajout\u00e9 un niveau de difficult\u00e9, mais \u00e7a s&rsquo;est quand m\u00eame tr\u00e8s bien pass\u00e9. J&rsquo;ai bien appr\u00e9ci\u00e9 la flexibilit\u00e9 de la direction artistique, qui nous a laiss\u00e9 beaucoup de libert\u00e9 comme interpr\u00e8tes.\u00a0\u00bb<\/p>\n<p><strong>Caroline Rodgers: \u00ab\u00a0parles-nous de ton r\u00e9cital du 26 juin.\u00a0\u00bb<\/strong><\/p>\n<p><strong>Hugo Laporte:<\/strong> \u00ab\u00a0Nous sommes deux solistes jouant notre r\u00e9pertoire ind\u00e9pendamment l&rsquo;un de l&rsquo;autre, mais <strong>Jean-Philippe Sylvestre<\/strong> et moi, nous ne ferons pas de musique ensemble. C&rsquo;est <strong>Giancarlo Scalia<\/strong> qui m&rsquo;accompagne au piano. Dans la nouvelle g\u00e9n\u00e9ration, il est tr\u00e8s prometteur comme coach d&rsquo;op\u00e9ra, il a \u00e9tudi\u00e9 \u00e0 Vienne et je pense qu&rsquo;on va beaucoup entendre parler de lui dans les prochaines ann\u00e9es.<\/p>\n<p>Je vais chanter dans plusieurs langues, et j&rsquo;ai choisi des airs exigeants sur le plan vocal, comme <em>Avant de quitter ces lieux<\/em>, extrait de <em>Faust<\/em>, et <em>Tor\u00e9ador<\/em>, tir\u00e9 de <em>Carmen<\/em>. On voulait que le public ait vraiment du plaisir. En italien, je vais chanter, entre autres, l&rsquo;air du Barbier et l&rsquo;air <em>Come un&rsquo;ape ne&rsquo; giorni d&rsquo;aprile, <\/em>de <em>Il Trovatore<\/em>. Je crois que c&rsquo;est la premi\u00e8re fois que je le chante en r\u00e9cital. Et comme le concert est ax\u00e9 sur la virtuosit\u00e9, comme derni\u00e8re pi\u00e8ce, j&rsquo;ai mis l&rsquo;air de Dandini dans <em>Cenerentola<\/em>, pour d\u00e9montrer mon agilit\u00e9.\u00a0\u00bb<\/p>\n<p><strong>Caroline Rodgers: tu devais faire tes d\u00e9buts l&rsquo;an dernier \u00e0 La Scala de Milan, mais la pand\u00e9mie a tout g\u00e2ch\u00e9 pour 2020. Que va-t-il se passer de ce c\u00f4t\u00e9?\u00a0<\/strong><\/p>\n<p><strong>Hugo Laporte<\/strong>: \u00ab\u00a0Ils m&rsquo;ont offert un autre r\u00f4le pour 2023, mais je ne peux pas d\u00e9voiler de quoi il s&rsquo;agit pour l&rsquo;instant. Sans \u00eatre un premier r\u00f4le, ce sera quand m\u00eame un r\u00f4le assez significatif.\u00a0\u00bb<\/p>\n<p>De son c\u00f4t\u00e9, <strong>Jean-Philippe Sylvestre<\/strong> jouera la Sonate \u00ab\u00a0Clair de lune\u00a0\u00bb de Beethoven, la Rhapsodie hongroise no 6 de Liszt, et l&rsquo;\u00e9tude op. 10 no 2 \u00ab\u00a0R\u00e9volutionnaire\u00a0\u00bb de Chopin. Pourquoi bouder son plaisir?<\/p>\n<p>R\u00e9cital Prodiges, le 26 juin, 20 h, Centre d&rsquo;art La petite \u00e9glise de Saint-Eustache. <a href=\"https:\/\/www.festivaloperasteustache.com\/prodiges\" target=\"_blank\" rel=\"noopener\">D\u00c9TAILS ET BILLETS<\/a><\/p>\n<h2>Le grand concert gratuit JAL<\/h2>\n<p>Le 8 ao\u00fbt, \u00e0 14 h 30, des laur\u00e9ats des Jeunes Ambassadeurs lyriques et le ch\u0153ur du FestivalOp\u00e9ra de Saint-Eustache offriront un concert gratuit aux jardins du Manoir Globensky, \u00e0 Saint-Eustache. <strong>Hugo Laporte<\/strong> sera encore de la partie, avec <strong>Suzanne Taffot<\/strong>, soprano, <strong>Marie-Andr\u00e9e Mathieu<\/strong>, mezzo, <strong>Louis-Charles Gagnon<\/strong>, t\u00e9nor, et une invit\u00e9e sp\u00e9ciale: <strong>Sharon Azrieli<\/strong>, soprano. Ils seront accompagn\u00e9s au piano par <strong>Louise-Andr\u00e9e Baril<\/strong>, \u00e9galement cheffe de ch\u0153ur.<\/p>\n<p>L\u00e0 encore, on pourra entendre un programme d&rsquo;airs connus des op\u00e9ras les plus c\u00e9l\u00e8bres, dont <em>Le Barbier de S\u00e9ville<\/em>, <em>Les Noces de Figaro<\/em>, <em>La Boh\u00e8me,<\/em> <em>Porgy and Bess<\/em> et plusieurs autres. <a href=\"https:\/\/www.festivaloperasteustache.com\/grandconcertjal\" target=\"_blank\" rel=\"noopener\">D\u00c9TAILS<\/a><\/p>\n<p>Deux rendez-vous lyriques \u00e0 ne pas manquer!<\/p>\n<h2><em>Inscrivez-vous \u00e0 notre infolettre! La musique classique et l&rsquo;op\u00e9ra en 5 minutes, chaque jour<\/em> \u00a0<span style=\"color: #ff0000;\"><a style=\"color: #ff0000;\" href=\"https:\/\/ludwig-van.us9.list-manage.com\/subscribe?u=4f785cb3f9058f2393ccad035&amp;id=b9b160c032\" target=\"_blank\" rel=\"noopener noreferrer\">ICI\u00a0<\/a><\/span><\/h2>\n","protected":false},"excerpt":{"rendered":"<p>Le Festivalop\u00e9ra de Saint-Eustache est de retour cet \u00e9t\u00e9, et s&rsquo;ouvre avec le r\u00e9cital \u00ab\u00a0Prodiges\u00a0\u00bb o\u00f9 deux jeunes musiciens se partageront l&rsquo;affiche le 26 juin: le pianiste Jean-Philippe Sylvestre et le baryton Hugo Laporte.<\/p>\n","protected":false},"author":51,"featured_media":67075,"comment_status":"open","ping_status":"open","sticky":false,"template":"","format":"standard","meta":{"om_disable_all_campaigns":false,"jetpack_post_was_ever_published":false},"categories":[41122,10956,10998],"tags":[41124,41977,15346,12363],"yst_prominent_words":[16913,41295,41272,10935,10987,16495,22485,28806,15340,15337,12359,12351,17806,15341,12722,16595,25110,12360],"acf":[],"jetpack_featured_media_url":"https:\/\/www.ludwig-van.com\/montreal\/wp-content\/uploads\/sites\/3\/2021\/06\/hugo-cover.jpg","jetpack_sharing_enabled":true,"jetpack_shortlink":"https:\/\/wp.me\/p9bdYt-hrQ","amp_enabled":true,"_links":{"self":[{"href":"https:\/\/www.ludwig-van.com\/montreal\/wp-json\/wp\/v2\/posts\/67074"}],"collection":[{"href":"https:\/\/www.ludwig-van.com\/montreal\/wp-json\/wp\/v2\/posts"}],"about":[{"href":"https:\/\/www.ludwig-van.com\/montreal\/wp-json\/wp\/v2\/types\/post"}],"author":[{"embeddable":true,"href":"https:\/\/www.ludwig-van.com\/montreal\/wp-json\/wp\/v2\/users\/51"}],"replies":[{"embeddable":true,"href":"https:\/\/www.ludwig-van.com\/montreal\/wp-json\/wp\/v2\/comments?post=67074"}],"version-history":[{"count":6,"href":"https:\/\/www.ludwig-van.com\/montreal\/wp-json\/wp\/v2\/posts\/67074\/revisions"}],"predecessor-version":[{"id":67081,"href":"https:\/\/www.ludwig-van.com\/montreal\/wp-json\/wp\/v2\/posts\/67074\/revisions\/67081"}],"wp:featuredmedia":[{"embeddable":true,"href":"https:\/\/www.ludwig-van.com\/montreal\/wp-json\/wp\/v2\/media\/67075"}],"wp:attachment":[{"href":"https:\/\/www.ludwig-van.com\/montreal\/wp-json\/wp\/v2\/media?parent=67074"}],"wp:term":[{"taxonomy":"category","embeddable":true,"href":"https:\/\/www.ludwig-van.com\/montreal\/wp-json\/wp\/v2\/categories?post=67074"},{"taxonomy":"post_tag","embeddable":true,"href":"https:\/\/www.ludwig-van.com\/montreal\/wp-json\/wp\/v2\/tags?post=67074"},{"taxonomy":"yst_prominent_words","embeddable":true,"href":"https:\/\/www.ludwig-van.com\/montreal\/wp-json\/wp\/v2\/yst_prominent_words?post=67074"}],"curies":[{"name":"wp","href":"https:\/\/api.w.org\/{rel}","templated":true}]}}