{"id":67020,"date":"2021-06-14T14:46:35","date_gmt":"2021-06-14T18:46:35","guid":{"rendered":"https:\/\/www.ludwig-van.com\/montreal\/?p=67020"},"modified":"2021-06-14T14:46:35","modified_gmt":"2021-06-14T18:46:35","slug":"rencontres-trois-visages-du-festival-montreal-baroque","status":"publish","type":"post","link":"https:\/\/www.ludwig-van.com\/montreal\/2021\/06\/14\/rencontres-trois-visages-du-festival-montreal-baroque\/","title":{"rendered":"RENCONTRES | Trois visages du Festival Montr\u00e9al baroque"},"content":{"rendered":"<p style=\"text-align: center;\"><img decoding=\"async\" loading=\"lazy\" class=\"aligncenter size-full wp-image-67023\" src=\"https:\/\/www.ludwig-van.com\/montreal\/wp-content\/uploads\/sites\/3\/2021\/06\/Montreal-baroque.jpg\" alt=\"\" width=\"1200\" height=\"628\" \/><\/p>\n<p>Le <strong>Festival Montr\u00e9al baroque<\/strong> est \u00e0 nos portes. Du <strong>17 au 20 juin<\/strong>, il nous proposera une quinzaine de concerts en salle ou virtuels, et d\u2019autres activit\u00e9s musicales telles que des cours de ma\u00eetre. Rencontre avec trois artistes de cette \u00e9dition 2021 : Marie Nadeau-Tremblay, M\u00e9lisande McNabney et Jessica Korotkin.<\/p>\n<p><a href=\"https:\/\/montrealbaroque.com\/fr\/edition-2021\/concerts\" target=\"_blank\" rel=\"noopener\">VOIR TOUTE LA PROGRAMMATION DU FESTIVAL<\/a><\/p>\n<p>&nbsp;<\/p>\n<figure id=\"attachment_65210\" aria-describedby=\"caption-attachment-65210\" style=\"width: 1200px\" class=\"wp-caption aligncenter\"><img decoding=\"async\" loading=\"lazy\" class=\"size-full wp-image-65210\" src=\"https:\/\/www.ludwig-van.com\/montreal\/wp-content\/uploads\/sites\/3\/2020\/10\/Barocudas-portrait-redim-2.jpg\" alt=\"Les Barocudas: Nathan Mondry. Marie Nadeau-Tremblay et Ryan Gallagher. (Photo: Huei Lin)\" width=\"1200\" height=\"800\" srcset=\"https:\/\/www.ludwig-van.com\/montreal\/wp-content\/uploads\/sites\/3\/2020\/10\/Barocudas-portrait-redim-2.jpg 1200w, https:\/\/www.ludwig-van.com\/montreal\/wp-content\/uploads\/sites\/3\/2020\/10\/Barocudas-portrait-redim-2-300x200.jpg 300w, https:\/\/www.ludwig-van.com\/montreal\/wp-content\/uploads\/sites\/3\/2020\/10\/Barocudas-portrait-redim-2-1024x683.jpg 1024w, https:\/\/www.ludwig-van.com\/montreal\/wp-content\/uploads\/sites\/3\/2020\/10\/Barocudas-portrait-redim-2-768x512.jpg 768w\" sizes=\"(max-width: 1200px) 100vw, 1200px\" \/><figcaption id=\"caption-attachment-65210\" class=\"wp-caption-text\">Les Barocudas: Nathan Mondry. Marie Nadeau-Tremblay et Ryan Gallagher. (Photo: Huei Lin)<\/figcaption><\/figure>\n<h2><strong>Marie Nadeau-Tremblay<\/strong><\/h2>\n<p>Tout r\u00e9cemment nomm\u00e9e <a href=\"https:\/\/www.ludwig-van.com\/montreal\/2021\/05\/20\/nouvelle-marie-nadeau-tremblay-nommee-revelation-classique-radio-canada-2021-2022\/\" target=\"_blank\" rel=\"noopener\">R\u00e9v\u00e9lation classique de Radio-Canada<\/a>, la violoniste <strong>Marie Nadeau-Tremblay<\/strong>, artiste aux multiples talents, \u00e9crit \u00e9galement de la po\u00e9sie et dessine. Membre de l\u2019ensemble <strong>Les Barocudas<\/strong>, dont l\u2019album <a href=\"https:\/\/www.ludwig-van.com\/montreal\/2020\/10\/15\/65205\/\" target=\"_blank\" rel=\"noopener\">La Peste<\/a> a fait couler beaucoup d\u2019encre et s\u2019est m\u00e9rit\u00e9 une nomination aux prix Juno, elle fera partie, avec ses acolytes, des m\u00e9andres musicaux, une s\u00e9rie d\u2019itin\u00e9raires o\u00f9 le public, se promenant \u00e0 l\u2019int\u00e9rieur du Rialto, pourra entendre diff\u00e9rentes formations.<\/p>\n<p>Se d\u00e9clarant \u00ab compl\u00e8tement abasourdie \u00bb d\u2019\u00eatre nomm\u00e9e R\u00e9v\u00e9lation classique, elle a tellement \u00e9t\u00e9 sous le choc d\u2019apprendre la nouvelle qu\u2019elle a m\u00eame rappel\u00e9 la personne qui lui avait annonc\u00e9e pour s\u2019assurer qu\u2019elle avait bien compris!<\/p>\n<p>\u00ab J\u2019ai commenc\u00e9 le violon \u00e0 quatre ans, mais cela fait seulement six ans que je fais du violon baroque, dit-elle. J\u2019ai \u00e9t\u00e9 tr\u00e8s touch\u00e9e et honor\u00e9e d\u2019avoir \u00e9t\u00e9 vue et entendue en tant qu\u2019artiste, car je le fais avec tout mon c\u0153ur et j\u2019ai tr\u00e8s envie de partager mon monde avec la musique baroque. M\u00eame chose avec les Juno. Nous avons \u00e9t\u00e9 tr\u00e8s surpris de voir notre premier album en nomination, car c\u2019est assez rare pour les albums baroques d\u2019\u00eatre nomm\u00e9s. \u00bb<\/p>\n<p>Elle vient d\u2019enregistrer son premier album pour violon seul, qui sortira chez ATMA Classique \u00e0 l\u2019automne, et travaille sur un projet de vid\u00e9o et d\u2019autres projets personnels.<\/p>\n<p>\u00ab J\u2019ai fait tout l\u2019art visuel, les dessins de mon album sur ATMA, dit-elle. J\u2019envisage aussi d\u2019assigner \u00e0 chaque pi\u00e8ce un po\u00e8me que j\u2019\u00e9cris. De plus, j\u2019\u00e9cris moi-m\u00eame le texte de mes livrets. En dessin, je ne suis pas g\u00e9niale mais c\u2019est important pour moi, pour mon \u00e9quilibre en tant qu\u2019artiste. J\u2019avais arr\u00eat\u00e9 d\u2019en faire \u00e0 l\u2019universit\u00e9 \u00e0 cause du violon, mais avec la pand\u00e9mie, j\u2019ai recommenc\u00e9, et je r\u00e9alise \u00e0 quel point c\u2019est th\u00e9rapeutique. Comme musicien, on cr\u00e9e \u00e9norm\u00e9ment, mais quand on joue, c\u2019est \u00e9ph\u00e9m\u00e8re, sauf si on l\u2019enregistre. Un dessin, on peut le garder. \u00c7a me fait du bien. \u00bb<\/p>\n<p>R\u00e9cemment, elle remportait \u00e9galement <a href=\"https:\/\/www.jmcanada.ca\/fr\/2021\/06\/02\/felicitations-aux-laureauts-du-prix-choquette-symcox-2021\/?fbclid=IwAR3SYqCQPfY_9Q-pmkiyf1v0AzyH3iZPYKunzFqSkXoPODtZp1vtgGSmLfw\" target=\"_blank\" rel=\"noopener\">le prix Choquette-Simcox<\/a> de la Fondation JM Canada, assorti d\u2019une bourse de 5000 $. Il s\u2019agit d\u2019un prix remis chaque ann\u00e9e afin de soutenir le talent et la virtuosit\u00e9 d\u2019un.e jeune musicien.ne qu\u00e9b\u00e9cois.e dans son d\u00e9veloppement de carri\u00e8re.<\/p>\n<p>&nbsp;<\/p>\n<figure id=\"attachment_57379\" aria-describedby=\"caption-attachment-57379\" style=\"width: 700px\" class=\"wp-caption aligncenter\"><img decoding=\"async\" loading=\"lazy\" class=\"size-full wp-image-57379\" src=\"https:\/\/www.ludwig-van.com\/montreal\/wp-content\/uploads\/sites\/3\/2018\/11\/Melisande-McNabney_Photo-Pierre-Etienne-Bergeron-calendrier.jpg\" alt=\"M\u00e9lisande McNabney\" width=\"700\" height=\"505\" srcset=\"https:\/\/www.ludwig-van.com\/montreal\/wp-content\/uploads\/sites\/3\/2018\/11\/Melisande-McNabney_Photo-Pierre-Etienne-Bergeron-calendrier.jpg 700w, https:\/\/www.ludwig-van.com\/montreal\/wp-content\/uploads\/sites\/3\/2018\/11\/Melisande-McNabney_Photo-Pierre-Etienne-Bergeron-calendrier-300x216.jpg 300w\" sizes=\"(max-width: 700px) 100vw, 700px\" \/><figcaption id=\"caption-attachment-57379\" class=\"wp-caption-text\">M\u00e9lisande McNabney. (Photo: Pierre-\u00c9tienne Bergeron)<\/figcaption><\/figure>\n<h2><strong>M\u00e9lisande McNabney<\/strong><\/h2>\n<p>Au cours de la derni\u00e8re ann\u00e9e, la claveciniste <strong>M\u00e9lisande McNabney<\/strong>, qui vit \u00e0 Qu\u00e9bec, n\u2019est pas venue souvent \u00e0 Montr\u00e9al. Participant elle aussi aux \u00ab <a href=\"https:\/\/montrealbaroque.com\/fr\/edition-2021\/meandre-musical-parcours-en-presence\" target=\"_blank\" rel=\"noopener\">M\u00e9andres musicaux<\/a> \u00bb ainsi qu\u2019au concert \u00ab <a href=\"https:\/\/montrealbaroque.com\/fr\/edition-2021\/cathedrale-bach-en-presence\" target=\"_blank\" rel=\"noopener\">Cath\u00e9drale Bach<\/a> \u00bb du 18 juin.<\/p>\n<p>\u00ab Pour le M\u00e9andre musical, que nous pr\u00e9sentons trois fois, je vais jouer du clavicorde, dit <strong>M\u00e9lisande McNabney.<\/strong> Mon prochain projet d\u2019album, chez ATMA, proposera des fantaisies au pianoforte, et je me suis mise \u00e0 faire des improvisations dans le style classique, dans le style de Carl Philipp Emanuel Bach. Je vais pr\u00e9senter une fantaisie en fa di\u00e8se mineur de CPE Bach, mais au clavicorde, et de l\u2019improvisation selon sa m\u00e9thode, qui est un des trait\u00e9s les plus connus. Dans la derni\u00e8re partie, il explique comment improviser une fantaisie, et fait la synth\u00e8se de bien des choses que l\u2019on a apprises comme musicien. Elle permet aussi, selon le compositeur, d\u2019exprimer des affects.<br \/>\nLe clavicorde est un des deux instruments que CPE sugg\u00e8re et consid\u00e8re plus appropri\u00e9 \u00e0 la fantaisie. C\u2019est un instrument tr\u00e8s doux, et il faut vraiment amener les gens \u00e0 \u00e9couter attentivement. On d\u00e9couvre un autre monde du c\u00f4t\u00e9 doux. Quand on joue du piano, on parle toujours de d\u00e9velopper le son, de le projeter, etc. Mais avec le clavicorde, il y a tout un autre spectre \u00e0 d\u00e9couvrir. Il va falloir amener les gens de ce c\u00f4t\u00e9 plus intime. J\u2019ai bien h\u00e2te de pouvoir partager cela. \u00bb<\/p>\n<p>Le prochain disque de <strong>M\u00e9lisande McNabney<\/strong> sera lanc\u00e9 cet automne chez ATMA Classique. On pourra aussi entendre la musicienne au Domaine Forget avec les Violons du Roy cet \u00e9t\u00e9.<\/p>\n<h2>Jessica Korotkin<\/h2>\n<p>Arriv\u00e9e \u00e0 Montr\u00e9al il y a trois ans, <strong>Jessica Korotkin<\/strong> est originaire des \u00c9tats-Unis. Elle \u00e9tudie l\u2019interpr\u00e9tation du violoncelle baroque avec Suzie Napper \u00e0 McGill. Elle participera au concert \u00ab <a href=\"https:\/\/montrealbaroque.com\/fr\/edition-2021\/construire-bach-en-presence\" target=\"_blank\" rel=\"noopener\">Construire Bach<\/a> \u00bb du 18 juin, 16 h, dont la description, sur le site du Festival Montr\u00e9al baroque, se lit comme suit :<\/p>\n<p>\u00ab <em>Une c\u00e9l\u00e9bration de La fin de la musique ancienne avec quelques suites d&rsquo;apr\u00e8s Bach pour violoncelle seul reconstruites par Jessica Korotkin, un souvenir des Nouveaux Brandebourgeois et une r\u00e9\u00e9criture scandaleuse du pr\u00e9lude de la suite en do majeur pour deux violoncelles.<\/em> \u00bb<\/p>\n<p>\u00ab Ce sont de nouvelles pi\u00e8ces, inspir\u00e9es par la m\u00e9thode de Bach, dit-elle. Nous avons emprunt\u00e9 de ses id\u00e9es pour \u00e9crire de la nouvelle musique, dans son style. \u00bb<\/p>\n<p>Plut\u00f4t port\u00e9e vers le th\u00e9\u00e2tre durant son enfance et arriv\u00e9e \u00e0 la musique sur le tard, <strong>Jessica Korotkin<\/strong> n\u2019a commenc\u00e9 le violoncelle que vers la fin du secondaire.<\/p>\n<p>\u00ab Jusqu\u2019\u00e0 l\u2019\u00e2ge de 17 ans, je ne savais m\u00eame pas lire la musique, dit-elle. C\u2019est apr\u00e8s avoir vu un magnifique concert \u00e0 mon \u00e9cole que j\u2019ai d\u00e9cid\u00e9 de jouer du violoncelle. Il a fallu que je travaille tr\u00e8s fort pour me rattraper et durant ma derni\u00e8re ann\u00e9e au secondaire, j\u2019ai chang\u00e9 d\u2019\u00e9cole pour acc\u00e9der \u00e0 un programme o\u00f9 j\u2019avais mes cours de 6 h \u00e0 9 h du matin, et je passais le reste de la journ\u00e9e \u00e0 pratiquer mon instrument, pendant un an. Cela m\u2019a permis de rattraper assez de mon retard pour \u00eatre admise au Peabody Institute. J\u2019ai continu\u00e9 \u00e0 pratiquer de quatre \u00e0 six heures par jour de l\u2019\u00e2ge de 17 ans \u00e0 24 ans. Le violoncelle est de plus en plus populaire et c\u2019est un domaine tr\u00e8s comp\u00e9titif. Or, ce n\u2019est pas dans ma nature d\u2019\u00eatre comp\u00e9titive, et le parcours traditionnel pour r\u00e9ussir avec le violoncelle moderne ne m\u2019attirait pas vraiment. J\u2019ai trouv\u00e9 que la musique ancienne convenait mieux \u00e0 ma personnalit\u00e9 et \u00e0 mes int\u00e9r\u00eats. Je suis tomb\u00e9e en amour avec la musique ancienne et le violoncelle baroque. Je suis aussi compositrice et je trouve que c\u2019est tr\u00e8s int\u00e9ressant de jouer \u00e0 la fois de la musique ancienne, tout en composant de la musique nouvelle. \u00bb<\/p>\n<p>Le <strong>Festival Montr\u00e9al baroqu<\/strong>e pr\u00e9sentera la plupart de ses concerts au Rialto, et ils seront \u00e9galement disponibles en version num\u00e9rique apr\u00e8s le Festival. Pour conna\u00eetre tous les concerts et les horaires, visitez le site de Montr\u00e9al baroque.<\/p>\n<p><a href=\"https:\/\/montrealbaroque.com\/fr\/edition-2021\/concerts\" target=\"_blank\" rel=\"noopener\">VOIR TOUTE LA PROGRAMMATION ET LES HORAIRES<\/a><\/p>\n<h2><em>Inscrivez-vous \u00e0 notre infolettre! La musique classique et l&rsquo;op\u00e9ra en 5 minutes, chaque jour<\/em> \u00a0<span style=\"color: #ff0000;\"><a style=\"color: #ff0000;\" href=\"https:\/\/ludwig-van.us9.list-manage.com\/subscribe?u=4f785cb3f9058f2393ccad035&amp;id=b9b160c032\" target=\"_blank\" rel=\"noopener noreferrer\">ICI\u00a0<\/a><\/span><\/h2>\n","protected":false},"excerpt":{"rendered":"<p>Le Festival Montr\u00e9al baroque est \u00e0 nos portes. Du 17 au 20 juin, il nous proposera une quinzaine de concerts en salle ou virtuels, et d\u2019autres activit\u00e9s musicales telles que des cours de ma\u00eetre. Rencontre avec trois artistes de cette \u00e9dition 2021<\/p>\n","protected":false},"author":51,"featured_media":67023,"comment_status":"open","ping_status":"open","sticky":false,"template":"","format":"standard","meta":{"om_disable_all_campaigns":false,"jetpack_post_was_ever_published":false},"categories":[41122,10998],"tags":[],"yst_prominent_words":[10411,23708,23707,40526,27246,23697,9811,10652,25820,24917],"acf":[],"jetpack_featured_media_url":"https:\/\/www.ludwig-van.com\/montreal\/wp-content\/uploads\/sites\/3\/2021\/06\/Montreal-baroque.jpg","jetpack_sharing_enabled":true,"jetpack_shortlink":"https:\/\/wp.me\/p9bdYt-hqY","amp_enabled":true,"_links":{"self":[{"href":"https:\/\/www.ludwig-van.com\/montreal\/wp-json\/wp\/v2\/posts\/67020"}],"collection":[{"href":"https:\/\/www.ludwig-van.com\/montreal\/wp-json\/wp\/v2\/posts"}],"about":[{"href":"https:\/\/www.ludwig-van.com\/montreal\/wp-json\/wp\/v2\/types\/post"}],"author":[{"embeddable":true,"href":"https:\/\/www.ludwig-van.com\/montreal\/wp-json\/wp\/v2\/users\/51"}],"replies":[{"embeddable":true,"href":"https:\/\/www.ludwig-van.com\/montreal\/wp-json\/wp\/v2\/comments?post=67020"}],"version-history":[{"count":4,"href":"https:\/\/www.ludwig-van.com\/montreal\/wp-json\/wp\/v2\/posts\/67020\/revisions"}],"predecessor-version":[{"id":67025,"href":"https:\/\/www.ludwig-van.com\/montreal\/wp-json\/wp\/v2\/posts\/67020\/revisions\/67025"}],"wp:featuredmedia":[{"embeddable":true,"href":"https:\/\/www.ludwig-van.com\/montreal\/wp-json\/wp\/v2\/media\/67023"}],"wp:attachment":[{"href":"https:\/\/www.ludwig-van.com\/montreal\/wp-json\/wp\/v2\/media?parent=67020"}],"wp:term":[{"taxonomy":"category","embeddable":true,"href":"https:\/\/www.ludwig-van.com\/montreal\/wp-json\/wp\/v2\/categories?post=67020"},{"taxonomy":"post_tag","embeddable":true,"href":"https:\/\/www.ludwig-van.com\/montreal\/wp-json\/wp\/v2\/tags?post=67020"},{"taxonomy":"yst_prominent_words","embeddable":true,"href":"https:\/\/www.ludwig-van.com\/montreal\/wp-json\/wp\/v2\/yst_prominent_words?post=67020"}],"curies":[{"name":"wp","href":"https:\/\/api.w.org\/{rel}","templated":true}]}}