{"id":66990,"date":"2021-06-09T10:35:55","date_gmt":"2021-06-09T14:35:55","guid":{"rendered":"https:\/\/www.ludwig-van.com\/montreal\/?p=66990"},"modified":"2021-06-13T15:42:09","modified_gmt":"2021-06-13T19:42:09","slug":"nouvelle-lorchestre-classique-de-montreal-annonce-une-saison-21-22-entierement-dediee-aux-femmes","status":"publish","type":"post","link":"https:\/\/www.ludwig-van.com\/montreal\/2021\/06\/09\/nouvelle-lorchestre-classique-de-montreal-annonce-une-saison-21-22-entierement-dediee-aux-femmes\/","title":{"rendered":"NOUVELLE | L&rsquo;Orchestre classique de Montr\u00e9al annonce une saison 21-22 d\u00e9di\u00e9e aux femmes"},"content":{"rendered":"<figure id=\"attachment_66995\" aria-describedby=\"caption-attachment-66995\" style=\"width: 1200px\" class=\"wp-caption aligncenter\"><img decoding=\"async\" loading=\"lazy\" class=\"size-full wp-image-66995\" src=\"https:\/\/www.ludwig-van.com\/montreal\/wp-content\/uploads\/sites\/3\/2021\/06\/Lotte-Brott-OCM-Cover.jpg\" alt=\"\" width=\"1200\" height=\"628\" \/><figcaption id=\"caption-attachment-66995\" class=\"wp-caption-text\">Lotte Brott, violoncelliste et co-fondatrice de l&rsquo;Orchestre classique de Montr\u00e9al. (Photo: courtoisie de l&rsquo;OCM)<\/figcaption><\/figure>\n<p><strong>L&rsquo;Orchestre classique de Montr\u00e9al<\/strong> annonce ce matin sa 82e saison, plac\u00e9e sous le th\u00e8me \u00ab\u00a0Femmes d&rsquo;exception &#8211; Hommage \u00e0 Lotte Brott\u00a0\u00bb et les femmes seront v\u00e9ritablement \u00e0 l&rsquo;honneur dans tous les concerts de la saison, qui sera lanc\u00e9e <strong>le 9 novembre \u00e0 la salle Pierre-Mercure.\u00a0<\/strong><\/p>\n<p>Le principal hommage est rendu \u00e0 <strong>Lotte Brott<\/strong>, violoncelliste principale, co-fondatrice, directrice de l&rsquo;OCM durant plus de 40 ans, ainsi que m\u00e8re de <strong>Boris Brott<\/strong>, directeur artistique et chef de l&rsquo;ensemble. On souligne ainsi le centenaire de sa naissance de cette pionni\u00e8re.<\/p>\n<p>\u00ab\u00a0C&rsquo;est une saison qui a \u00e9t\u00e9 tr\u00e8s pr\u00e9cieusement planifi\u00e9e, par Boris et moi, \u00e9tant donn\u00e9 que c&rsquo;est sa m\u00e8re, explique <strong>Taras Kulish<\/strong>, directeur g\u00e9n\u00e9ral de l&rsquo;OCM. La raison pour laquelle nous avons voulu d\u00e9dier notre saison aux femmes, c&rsquo;est vraiment parce que <strong>Lotte Brott<\/strong> \u00e9tait une femme extraordinaire, au caract\u00e8re fort, et qui a fait \u00e9norm\u00e9ment de choses pour le milieu culturel. Elle a \u00e9t\u00e9 l&rsquo;une des premi\u00e8res \u00e0 introduire les commandites corporatives dans le milieu culturel, dans les ann\u00e9es 1950. Nous avons command\u00e9 une \u0153uvre \u00e0 une compositrice du nord-ouest canadien, <strong>Carmen Braden<\/strong>, sp\u00e9cialement en son hommage. Cela s&rsquo;intitule <em>\u00c0 v\u00e9lo avec un violoncelle sur le dos et un b\u00e9b\u00e9 dans le panier<\/em>, car elle faisait vraiment cela: elle avait son v\u00e9lo, son violoncelle sur le dos et son b\u00e9b\u00e9 dans le panier en avant.\u00a0\u00bb<\/p>\n<p>Deux autres compositrices ont re\u00e7u des commandes de l&rsquo;OCM dont la cr\u00e9ation aura lieu au cours de la saison, soit <strong>Barbara Croall<\/strong> et <strong>Larysa Kuzmenko.\u00a0<\/strong><\/p>\n<p>Seulement trois des concerts de la saison seront webdiffus\u00e9s.<\/p>\n<p>\u00ab\u00a0Les webdiffusions imposent des co\u00fbts importants, et nous ne sommes par certains que la demande soit l\u00e0 pour tous les concerts, ajoute <strong>Taras Kulish<\/strong>. On l&rsquo;a\u00a0 fait pendant la pand\u00e9mie parce qu&rsquo;on n&rsquo;avait pas le choix, mais je crois que dans l&rsquo;avenir, les organismes vont webdiffuser seulement une partie de leurs concerts. Je serais \u00e9tonn\u00e9 qu&rsquo;ils le fassent pour 100% de leur programmation.\u00a0\u00bb<\/p>\n<h2>Les concerts de la saison 2021-2022 de l&rsquo;OCM<\/h2>\n<p>\u00c0 l&rsquo;exception du concert du 27 mai 2022, qui aura lieu \u00e0 la Maison symphonique, tous les concerts ont lieu \u00e0 la salle Pierre-Mercure, \u00e0 19 h 30.<\/p>\n<p>Pas moins d&rsquo;une douzaine de femmes seront solistes invit\u00e9es de cette programmation. On note aussi que chaque concert est d\u00e9di\u00e9 \u00e0 une femme de m\u00e9rite, incluant l&rsquo;ex-premi\u00e8re ministre du Qu\u00e9bec, <strong>Pauline Marois.<\/strong> Les autres femmes \u00e0 qui l&rsquo;on rendra hommage proviennent de divers milieux. Il s&rsquo;agit de <strong>Marie Houzeau, Jos\u00e9phine Bacon, Suzanne Fortier, Marlene Jennings, Dani\u00e8le Henkel<\/strong> et <strong>Monique B\u00e9gin.<\/strong><\/p>\n<p><strong>Voici plus de d\u00e9tails sur les concerts de la saison 2021-2022:<\/strong><\/p>\n<p><strong>9 novembre 2021: <\/strong>l\u2019OCM ouvrira sa saison avec Buechner, Barber &amp; Beethoven avec la pianiste <strong>Sara-Davis Buechner<\/strong> dans le concerto no. 3. de Beethoven. <em>L\u2019Adagio pour cordes<\/em>, de Barber, et le Quatuor \u00e0 cordes no. 11 de Beethoven (arr. Mahler) compl\u00e8teront la soir\u00e9e. Ce concert sera \u00e9galement une soir\u00e9e de financement pour GRIS Montr\u00e9al, une organisation \u00e0 but non-lucratif qui d\u00e9mystifie les enjeux li\u00e9s \u00e0 l\u2019orientation sexuelle et l\u2019identit\u00e9 de genre.<\/p>\n<p>&nbsp;<\/p>\n<figure id=\"attachment_56139\" aria-describedby=\"caption-attachment-56139\" style=\"width: 700px\" class=\"wp-caption aligncenter\"><img decoding=\"async\" loading=\"lazy\" class=\"size-full wp-image-56139\" src=\"https:\/\/www.ludwig-van.com\/montreal\/wp-content\/uploads\/sites\/3\/2018\/08\/Julie-Boulianne3-cal.jpg\" alt=\"Julie Boulianne\" width=\"700\" height=\"501\" srcset=\"https:\/\/www.ludwig-van.com\/montreal\/wp-content\/uploads\/sites\/3\/2018\/08\/Julie-Boulianne3-cal.jpg 700w, https:\/\/www.ludwig-van.com\/montreal\/wp-content\/uploads\/sites\/3\/2018\/08\/Julie-Boulianne3-cal-300x215.jpg 300w\" sizes=\"(max-width: 700px) 100vw, 700px\" \/><figcaption id=\"caption-attachment-56139\" class=\"wp-caption-text\">Julie Boulianne, mezzo-soprano. (Photo: courtoisie)<\/figcaption><\/figure>\n<p><strong>23 novembre 2021<\/strong>: le concert Contes et m\u00e9lodies pr\u00e9sentera la cr\u00e9ation de <em>Gwekaanmat<\/em>, un concerto pour pipigwan (fl\u00fbte de bois Anishnaabe), de la compositrice autochtone <strong>Barbara Croall<\/strong> alors que la mezzo-soprano <strong>Julie Boulianne<\/strong> chantera dans un nouvel arrangement de <strong>Francois Valli\u00e8res<\/strong> du <em>Sh\u00e9h\u00e9razade<\/em> de Ravel. Elle chantera \u00e9galement les <em>Cinq m\u00e9lodies populaires grecques<\/em> de Ravel accompagn\u00e9e par le pianiste <strong>Jean-Philippe Sylvestre.<\/strong><\/p>\n<p><strong>7 d\u00e9cembre 2021:<\/strong> le traditionnel Messie de Haendel sera de retour \u00e0 l\u2019Oratoire St-Joseph avec Jacqueline Woodley, la mezzo-soprano Marie-Andr\u00e9e Mathieu, le t\u00e9nor Antoine B\u00e9langer et le baryton-basse Neil Craighea, ainsi que Le ch\u0153ur Les Rugissants.<\/p>\n<p><strong>15 f\u00e9vrier 2022:<\/strong> le programme <em>\u00c9chos des steppes<\/em>\u00a0proposera la musique de compositeurs slaves incluant <em>Melodiya<\/em> de <strong>Myroslav Skoryk<\/strong>, <em>La galerie de Kurelek<\/em>, une cr\u00e9ation de <strong>Larysa Kuzmenko<\/strong> et <em>S\u00e9r\u00e9nade pour cordes<\/em> de Dvorak. La trompettiste <strong>Karen Donnelly<\/strong> et le pianiste <strong>Serhiy Salov<\/strong> joueront le Concerto en C mineur, opus 35 de Chostakovitch.<\/p>\n<p>&nbsp;<\/p>\n<figure id=\"attachment_66994\" aria-describedby=\"caption-attachment-66994\" style=\"width: 759px\" class=\"wp-caption aligncenter\"><img decoding=\"async\" loading=\"lazy\" class=\"size-full wp-image-66994\" src=\"https:\/\/www.ludwig-van.com\/montreal\/wp-content\/uploads\/sites\/3\/2021\/06\/Julie-Nesrallah-cr-Couvrette-Ottawa.jpg\" alt=\"\" width=\"759\" height=\"618\" \/><figcaption id=\"caption-attachment-66994\" class=\"wp-caption-text\">Julie Nesrallah, mezzo-soprano. (Photo: Couvrette\/Ottawa)<\/figcaption><\/figure>\n<p><strong>Les 8 et 9 mars 2022:<\/strong> pr\u00e9sentation de l&rsquo;op\u00e9ra <em>Carmen<\/em> de Bizet dans une version abr\u00e9g\u00e9e que l\u2019OCM rebaptise <em>Carmen pour quatr<\/em>e. Avec une mise en place d\u2019Eda Holmes, directrice artistique du Th\u00e9\u00e2tre Centaur, la mezzo-soprano <strong>Julie Nesrallah<\/strong> dans le r\u00f4le de <em>Carmen<\/em>, <strong>Ernesto Ramirez<\/strong> en Don Jos\u00e9, <strong>Suzanne Taffot<\/strong> en Micaela et <strong>Hugo Laporte<\/strong> en Escamillo.<\/p>\n<p><strong>28 avril 2022<\/strong>, la soprano montr\u00e9alaise Karina Gauvin sera la soliste principale du concert <em>Haendel pour toujours<\/em>, une co-production avec l\u2019<strong>Ensemble Caprice. <\/strong>Le spectacle sera dirig\u00e9 conjointement par <strong>Boris Brott<\/strong> et <strong>Matthias Maute.<\/strong><\/p>\n<p>&nbsp;<\/p>\n<figure id=\"attachment_66993\" aria-describedby=\"caption-attachment-66993\" style=\"width: 1200px\" class=\"wp-caption aligncenter\"><img decoding=\"async\" loading=\"lazy\" class=\"size-full wp-image-66993\" src=\"https:\/\/www.ludwig-van.com\/montreal\/wp-content\/uploads\/sites\/3\/2021\/06\/Valerie-Milot-1200.jpg\" alt=\"\" width=\"1200\" height=\"800\" \/><figcaption id=\"caption-attachment-66993\" class=\"wp-caption-text\">Val\u00e9rie Milot, harpiste. (Photo: courtoisie de l&rsquo;OCM)<\/figcaption><\/figure>\n<p><strong>17 mai 2022<\/strong>, l\u2019avant-dernier concert de la saison, <em>Grandes qu\u00e9b\u00e9coises<\/em>, mettra en vedette la harpiste <strong>Val\u00e9rie Milot<\/strong>, la pianiste <strong>\u00c9lisabeth Pion<\/strong>, la guitariste <strong>Annie Labrie<\/strong> et la fl\u00fbtiste <strong>Nadia Labrie<\/strong>. <strong>Boris Brott<\/strong> et <strong>Genevi\u00e8ve Leclair<\/strong> codirigeront ce concert qui pr\u00e9sentera Le concerto pour harpe et fl\u00fbte K299 de Mozart, le Concerto pour piano en D majeur de Haydn et le Concerto Tradicionuevo de Patrick Roux. La cr\u00e9ation pour orchestre \u00e0 cordes de Carmen Braden intitul\u00e9e <em>\u00c0 v\u00e9lo avec un violoncelle sur le dos et un b\u00e9b\u00e9 dans le panier<\/em> sera d\u00e9di\u00e9e \u00e0 Lotte Brott et compl\u00e8tera le programme.<\/p>\n<p><strong>Le 27 mai 2022<\/strong>, un grand concert symphonique dont les d\u00e9tails seront annonc\u00e9s ult\u00e9rieurement cl\u00f4turera la saison \u00e0 la Maison symphonique.<\/p>\n<h2><em>Inscrivez-vous \u00e0 notre infolettre! La musique classique et l&rsquo;op\u00e9ra en 5 minutes, chaque jour<\/em> \u00a0<span style=\"color: #ff0000;\"><a style=\"color: #ff0000;\" href=\"https:\/\/ludwig-van.us9.list-manage.com\/subscribe?u=4f785cb3f9058f2393ccad035&amp;id=b9b160c032\" target=\"_blank\" rel=\"noopener noreferrer\">ICI\u00a0<\/a><\/span><\/h2>\n","protected":false},"excerpt":{"rendered":"<p>L&rsquo;Orchestre classique de Montr\u00e9al annonce ce matin sa 82e saison, plac\u00e9e sous le th\u00e8me \u00ab\u00a0Femmes d&rsquo;exception &#8211; Hommage \u00e0 Lotte Brott\u00a0\u00bb et les femmes seront v\u00e9ritablement \u00e0 l&rsquo;honneur dans tous les concerts de la saison, qui sera lanc\u00e9e le 9 novembre \u00e0 la salle Pierre-Mercure.\u00a0<\/p>\n","protected":false},"author":51,"featured_media":66995,"comment_status":"open","ping_status":"open","sticky":false,"template":"","format":"standard","meta":{"om_disable_all_campaigns":false,"jetpack_post_was_ever_published":false},"categories":[41122,10956,10992],"tags":[41124,5244,38749],"yst_prominent_words":[27529,10334,16932,41169,31194,31193,14774,10546],"acf":[],"jetpack_featured_media_url":"https:\/\/www.ludwig-van.com\/montreal\/wp-content\/uploads\/sites\/3\/2021\/06\/Lotte-Brott-OCM-Cover.jpg","jetpack_sharing_enabled":true,"jetpack_shortlink":"https:\/\/wp.me\/p9bdYt-hqu","amp_enabled":true,"_links":{"self":[{"href":"https:\/\/www.ludwig-van.com\/montreal\/wp-json\/wp\/v2\/posts\/66990"}],"collection":[{"href":"https:\/\/www.ludwig-van.com\/montreal\/wp-json\/wp\/v2\/posts"}],"about":[{"href":"https:\/\/www.ludwig-van.com\/montreal\/wp-json\/wp\/v2\/types\/post"}],"author":[{"embeddable":true,"href":"https:\/\/www.ludwig-van.com\/montreal\/wp-json\/wp\/v2\/users\/51"}],"replies":[{"embeddable":true,"href":"https:\/\/www.ludwig-van.com\/montreal\/wp-json\/wp\/v2\/comments?post=66990"}],"version-history":[{"count":6,"href":"https:\/\/www.ludwig-van.com\/montreal\/wp-json\/wp\/v2\/posts\/66990\/revisions"}],"predecessor-version":[{"id":67007,"href":"https:\/\/www.ludwig-van.com\/montreal\/wp-json\/wp\/v2\/posts\/66990\/revisions\/67007"}],"wp:featuredmedia":[{"embeddable":true,"href":"https:\/\/www.ludwig-van.com\/montreal\/wp-json\/wp\/v2\/media\/66995"}],"wp:attachment":[{"href":"https:\/\/www.ludwig-van.com\/montreal\/wp-json\/wp\/v2\/media?parent=66990"}],"wp:term":[{"taxonomy":"category","embeddable":true,"href":"https:\/\/www.ludwig-van.com\/montreal\/wp-json\/wp\/v2\/categories?post=66990"},{"taxonomy":"post_tag","embeddable":true,"href":"https:\/\/www.ludwig-van.com\/montreal\/wp-json\/wp\/v2\/tags?post=66990"},{"taxonomy":"yst_prominent_words","embeddable":true,"href":"https:\/\/www.ludwig-van.com\/montreal\/wp-json\/wp\/v2\/yst_prominent_words?post=66990"}],"curies":[{"name":"wp","href":"https:\/\/api.w.org\/{rel}","templated":true}]}}