{"id":66857,"date":"2021-05-20T09:54:54","date_gmt":"2021-05-20T13:54:54","guid":{"rendered":"https:\/\/www.ludwig-van.com\/montreal\/?p=66857"},"modified":"2021-05-20T10:07:22","modified_gmt":"2021-05-20T14:07:22","slug":"nouvelle-marie-nadeau-tremblay-nommee-revelation-classique-radio-canada-2021-2022","status":"publish","type":"post","link":"https:\/\/www.ludwig-van.com\/montreal\/2021\/05\/20\/nouvelle-marie-nadeau-tremblay-nommee-revelation-classique-radio-canada-2021-2022\/","title":{"rendered":"NOUVELLE | Marie Nadeau-Tremblay nomm\u00e9e R\u00e9v\u00e9lation classique Radio-Canada 2021-2022"},"content":{"rendered":"<figure id=\"attachment_66859\" aria-describedby=\"caption-attachment-66859\" style=\"width: 1200px\" class=\"wp-caption aligncenter\"><img decoding=\"async\" loading=\"lazy\" class=\"size-full wp-image-66859\" src=\"https:\/\/www.ludwig-van.com\/montreal\/wp-content\/uploads\/sites\/3\/2021\/05\/Tremblay-cover.jpg\" alt=\"Marie Nadeau-Tremblay, R\u00e9v\u00e9lation classique Radio-Canada 2021-2022, avec les autres membres du trio Les Barocudas, Nathan Mondry et Ryan Callagher. (Photo: Huei Lin)\" width=\"1200\" height=\"628\" \/><figcaption id=\"caption-attachment-66859\" class=\"wp-caption-text\">Marie Nadeau-Tremblay, R\u00e9v\u00e9lation classique Radio-Canada 2021-2022, avec les autres membres du trio Les Barocudas, Nathan Mondry et Ryan Callagher. (Photo: Huei Lin)<\/figcaption><\/figure>\n<p>La violoniste <strong>Marie Nadeau-Tremblay<\/strong> vient d&rsquo;\u00eatre nomm\u00e9e <strong>R\u00e9v\u00e9lation Radio-Canada<\/strong> en musique classique 2021-2022.<\/p>\n<p>Sp\u00e9cialis\u00e9e en musique baroque, la musicienne fait partie du trio <strong>Les<\/strong> <strong>Barocuda<\/strong>, qui a lanc\u00e9 <em>La Peste<\/em>, un album sous \u00e9tiquette <strong>ATMA Classique<\/strong> qui s&rsquo;est fait remarquer cette ann\u00e9e, et dont nous avons d\u00e9j\u00e0 parl\u00e9 avec elle \u00e0 l&rsquo;occasion d&rsquo;un <a href=\"https:\/\/www.ludwig-van.com\/montreal\/2020\/10\/15\/65205\/\" target=\"_blank\" rel=\"noopener\">entretien en octobre 2020.<\/a><\/p>\n<p>Ce projet original et dont le titre avait une r\u00e9sonance particuli\u00e8re en pleine pand\u00e9mie, lui a valu une nomination aux prix Juno 2021, entre autres.<\/p>\n<p>La biographie de <strong>Marie-Nadeau Tremblay<\/strong> se lit comme suit:<\/p>\n<p>\u00ab\u00a0<em>Au cours de sa derni\u00e8re session de baccalaur\u00e9at en interpr\u00e9tation au violon \u00e0 l\u2019Universit\u00e9 McGill, <strong>Marie Nadeau-Tremblay<\/strong> d\u00e9cide d\u2019explorer le monde de la musique baroque en se joignant \u00e0 l\u2019Orchestre baroque de cette universit\u00e9. C\u2019est le coup de foudre ! Elle d\u00e9cide de se plonger corps et \u00e2me dans cet univers musical qui la transporte par sa beaut\u00e9 et qui lui offre un mode d\u2019expression accord\u00e9 \u00e0 sa sensibilit\u00e9. Elle obtient d\u2019abord une licence, puis une ma\u00eetrise en musique ancienne. R\u00e9cipiendaire de nombreux prix et bourses de l\u2019Universit\u00e9 McGill, dont le prestigieux prix Mary McLaughlin qu\u2019elle obtient quatre ann\u00e9es de suite,<\/em><\/p>\n<p><em><strong>Marie Nadeau-Tremblay<\/strong> se voit attribuer une bourse de l\u2019organisation Early Music America en 2017. En 2019, elle figure quatre fois au tableau d\u2019honneur du Concours international de musique ancienne Mathieu Duguay : premier prix, prix du public, prix Festival Montr\u00e9al Baroque et prix \u00c9t\u00e9 musical de Barachois. Son album La Peste (2020) figure au palmar\u00e8s des 20 meilleurs albums classiques de 2020 par la CBC et est nomin\u00e9 aux prix Juno 2021. Son album \u00ab Pr\u00e9ludes et Solitudes \u00bb, dont la sortie est pr\u00e9vue pour l\u2019automne 2021, regroupe des \u0153uvres pour violon solo de l\u2019\u00e9poque baroque.Outre la musique, Marie aime \u00e9crire et dessiner, et aime passionn\u00e9ment les insectes.<\/em>\u00a0\u00bb<\/p>\n<p>Les autres R\u00e9v\u00e9lations Radio-Canada de 2021 sont Ariane Roy (chanson), Calamine (rap), Joyce N&rsquo;sana (musiques m\u00e9tiss\u00e9es) et Julien Fillion (jazz). On peut lire des portraits plus d\u00e9taill\u00e9s de ces jeunes musiciens <a href=\"https:\/\/ici.radio-canada.ca\/nouvelle\/1794487\/radio-canada-revelations-musicales-2021-2022\" target=\"_blank\" rel=\"noopener\">sur le site de Radio-Canada<\/a>.<\/p>\n<p><a href=\"https:\/\/www.ludwig-van.com\/montreal\/2020\/10\/15\/65205\/\" target=\"_blank\" rel=\"noopener\">LIRE NOTRE ENTRETIEN AVEC LA LAUR\u00c9ATE<\/a><\/p>\n<h2><em>Inscrivez-vous \u00e0 notre infolettre! La musique classique et l&rsquo;op\u00e9ra en 5 minutes, chaque jour<\/em> \u00a0<span style=\"color: #ff0000;\"><a style=\"color: #ff0000;\" href=\"https:\/\/ludwig-van.us9.list-manage.com\/subscribe?u=4f785cb3f9058f2393ccad035&amp;id=b9b160c032\" target=\"_blank\" rel=\"noopener noreferrer\">ICI\u00a0<\/a><\/span><\/h2>\n","protected":false},"excerpt":{"rendered":"<p>La violoniste Marie Nadeau-Tremblay vient d&rsquo;\u00eatre nomm\u00e9e R\u00e9v\u00e9lation Radio-Canada en musique classique 2021-2022.<\/p>\n","protected":false},"author":51,"featured_media":66859,"comment_status":"open","ping_status":"open","sticky":false,"template":"","format":"standard","meta":{"om_disable_all_campaigns":false,"jetpack_post_was_ever_published":false},"categories":[41122,10956,10992],"tags":[41124,401,41968,41967,22551],"yst_prominent_words":[28636,38132,7004,8684,10175,11675,15200,40526,9811,10652,13794,10167,40531,9857,20461,10424,39048],"acf":[],"jetpack_featured_media_url":"https:\/\/www.ludwig-van.com\/montreal\/wp-content\/uploads\/sites\/3\/2021\/05\/Tremblay-cover.jpg","jetpack_sharing_enabled":true,"jetpack_shortlink":"https:\/\/wp.me\/p9bdYt-hol","amp_enabled":true,"_links":{"self":[{"href":"https:\/\/www.ludwig-van.com\/montreal\/wp-json\/wp\/v2\/posts\/66857"}],"collection":[{"href":"https:\/\/www.ludwig-van.com\/montreal\/wp-json\/wp\/v2\/posts"}],"about":[{"href":"https:\/\/www.ludwig-van.com\/montreal\/wp-json\/wp\/v2\/types\/post"}],"author":[{"embeddable":true,"href":"https:\/\/www.ludwig-van.com\/montreal\/wp-json\/wp\/v2\/users\/51"}],"replies":[{"embeddable":true,"href":"https:\/\/www.ludwig-van.com\/montreal\/wp-json\/wp\/v2\/comments?post=66857"}],"version-history":[{"count":5,"href":"https:\/\/www.ludwig-van.com\/montreal\/wp-json\/wp\/v2\/posts\/66857\/revisions"}],"predecessor-version":[{"id":66863,"href":"https:\/\/www.ludwig-van.com\/montreal\/wp-json\/wp\/v2\/posts\/66857\/revisions\/66863"}],"wp:featuredmedia":[{"embeddable":true,"href":"https:\/\/www.ludwig-van.com\/montreal\/wp-json\/wp\/v2\/media\/66859"}],"wp:attachment":[{"href":"https:\/\/www.ludwig-van.com\/montreal\/wp-json\/wp\/v2\/media?parent=66857"}],"wp:term":[{"taxonomy":"category","embeddable":true,"href":"https:\/\/www.ludwig-van.com\/montreal\/wp-json\/wp\/v2\/categories?post=66857"},{"taxonomy":"post_tag","embeddable":true,"href":"https:\/\/www.ludwig-van.com\/montreal\/wp-json\/wp\/v2\/tags?post=66857"},{"taxonomy":"yst_prominent_words","embeddable":true,"href":"https:\/\/www.ludwig-van.com\/montreal\/wp-json\/wp\/v2\/yst_prominent_words?post=66857"}],"curies":[{"name":"wp","href":"https:\/\/api.w.org\/{rel}","templated":true}]}}