{"id":66777,"date":"2021-05-14T11:09:53","date_gmt":"2021-05-14T15:09:53","guid":{"rendered":"https:\/\/www.ludwig-van.com\/montreal\/?p=66777"},"modified":"2021-05-14T11:09:53","modified_gmt":"2021-05-14T15:09:53","slug":"nouvelle-voici-les-trois-laureats-du-cmim-piano-2021","status":"publish","type":"post","link":"https:\/\/www.ludwig-van.com\/montreal\/2021\/05\/14\/nouvelle-voici-les-trois-laureats-du-cmim-piano-2021\/","title":{"rendered":"NOUVELLE | Voici tous les laur\u00e9ats du CMIM, Piano 2021"},"content":{"rendered":"<figure id=\"attachment_66784\" aria-describedby=\"caption-attachment-66784\" style=\"width: 1200px\" class=\"wp-caption aligncenter\"><img decoding=\"async\" loading=\"lazy\" class=\"size-full wp-image-66784\" src=\"https:\/\/www.ludwig-van.com\/montreal\/wp-content\/uploads\/sites\/3\/2021\/05\/Su-Yeon-Kim-cover.jpg\" alt=\"Su Yeon Kim, pianiste sud-cor\u00e9enne, laur\u00e9ate du CMIM Piano 2021 (Photo: capture d'\u00e9cran de la webdiffusion)\" width=\"1200\" height=\"628\" \/><figcaption id=\"caption-attachment-66784\" class=\"wp-caption-text\">Su Yeon Kim, pianiste sud-cor\u00e9enne, laur\u00e9ate du CMIM Piano 2021 (Photo: capture d&rsquo;\u00e9cran de la webdiffusion)<\/figcaption><\/figure>\n<p>Le <strong>Concours musical international de Montr\u00e9al<\/strong>, qui se d\u00e9roulait cette ann\u00e9e en mode virtuel, a annonc\u00e9 ce matin les laur\u00e9ats des prix de sa 19e \u00e9dition, Piano 2021. La laur\u00e9ate du premier prix est <strong>Su Yeon Kim<\/strong>, de la Cor\u00e9e du Sud.<\/p>\n<p>Elle repartira avec, entre autres, une bourse de 30 000 $ offerte par la Ville de Montr\u00e9al. En plus de cette somme d&rsquo;argent, il aura la chance de faire une tourn\u00e9e de trois villes am\u00e9ricaines, d&rsquo;enregistrer un album sous \u00e9tiquette Steinway &amp; Sons avec un concert de lancement \u00e0 New York, et de jouer un concerto avec l&rsquo;Orchestre symphonique de Montr\u00e9al lors d&rsquo;une prochaine saison. Elle remporte \u00e9galement la Bourse de carri\u00e8re Joseph-Rouleau, aussi de 50 000 $. En tout, <strong>Su Yeon Kim<\/strong> r\u00e9colte une valeur de 180 000 $ en prix.<\/p>\n<p>Le deuxi\u00e8me prix, assorti d&rsquo;une bourse de 15 000 $, va au Japonais <strong>Yoichiro Chiba<\/strong>, et le troisi\u00e8me prix, avec une bourse de 10 000 $, revient au Fran\u00e7ais <strong>Dimitri Malignan<\/strong>.<\/p>\n<p>Le Prix du Public ICI Musique, attribu\u00e9 par un vote en ligne et d&rsquo;une valeur de 5000 $, va aussi \u00e0 <strong>Dimitri Malignan.\u00a0<\/strong><\/p>\n<p>Le Prix Andr\u00e9-Bourbeau du meilleur artiste canadien (5000$) va \u00e9videmment \u00e0 <strong>Alice Burla<\/strong>, puisqu&rsquo;elle \u00e9tait la seule Canadienne en finale. Elle repart aussi avec le prix Andr\u00e9-Bachand pour la meilleure interpr\u00e9tation d&rsquo;une oeuvre canadienne impos\u00e9e (2000$). Rappelons que l&rsquo;\u0153uvre canadienne impos\u00e9e \u00e9tait trois Pr\u00e9ludes du cycle de 24 Pr\u00e9ludes de John Burge.<\/p>\n<p>Le Prix Festival Bach Montr\u00e9al (1500$) pour la meilleure interpr\u00e9tation d&rsquo;une oeuvre de Bach est attribu\u00e9 \u00e0 <strong>Dimitri Malignan.\u00a0<\/strong><\/p>\n<p>De plus, les finalistes non class\u00e9s repartent tous avec une bourse de 3000 $.<\/p>\n<p>Finalement, le prix philanthropique Bita-Catelan de 5000 $, d\u00e9termin\u00e9 par un jury parall\u00e8le, va \u00e0 l&rsquo;Am\u00e9ricaine <strong>Anna Han<\/strong>, qui ne s&rsquo;\u00e9tait pas rendue en finale.<\/p>\n<p>Au total, 235 000$ ont \u00e9t\u00e9 remis, en prix et bourses.<\/p>\n<p>Rappelons qu&rsquo;il restera possible de visionner les r\u00e9citals des 26 participants du CMIM &#8211; Piano 2021, sur le site du CMIM, pendant un an.<\/p>\n<h2><em>Inscrivez-vous \u00e0 notre infolettre! La musique classique et l&rsquo;op\u00e9ra en 5 minutes, chaque jour<\/em> \u00a0<span style=\"color: #ff0000;\"><a style=\"color: #ff0000;\" href=\"https:\/\/ludwig-van.us9.list-manage.com\/subscribe?u=4f785cb3f9058f2393ccad035&amp;id=b9b160c032\" target=\"_blank\" rel=\"noopener noreferrer\">ICI\u00a0<\/a><\/span><\/h2>\n","protected":false},"excerpt":{"rendered":"<p>Le Concours musical international de Montr\u00e9al, qui se d\u00e9roulait cette ann\u00e9e en mode virtuel, a annonc\u00e9 ce matin les laur\u00e9ats des prix de sa 19e \u00e9dition, Piano 2021. La laur\u00e9ate du premier prix est Su Yeong Kim, de la Cor\u00e9e du Sud.\u00a0<\/p>\n","protected":false},"author":51,"featured_media":66784,"comment_status":"open","ping_status":"open","sticky":false,"template":"","format":"standard","meta":{"om_disable_all_campaigns":false,"jetpack_post_was_ever_published":false},"categories":[41122,10956,10992],"tags":[41124,4839,41963],"yst_prominent_words":[10708,38132,11965,10704,41241,41240,31700,29074,31868,31693,7694,7141,41236,25314],"acf":[],"jetpack_featured_media_url":"https:\/\/www.ludwig-van.com\/montreal\/wp-content\/uploads\/sites\/3\/2021\/05\/Su-Yeon-Kim-cover.jpg","jetpack_sharing_enabled":true,"jetpack_shortlink":"https:\/\/wp.me\/p9bdYt-hn3","amp_enabled":true,"_links":{"self":[{"href":"https:\/\/www.ludwig-van.com\/montreal\/wp-json\/wp\/v2\/posts\/66777"}],"collection":[{"href":"https:\/\/www.ludwig-van.com\/montreal\/wp-json\/wp\/v2\/posts"}],"about":[{"href":"https:\/\/www.ludwig-van.com\/montreal\/wp-json\/wp\/v2\/types\/post"}],"author":[{"embeddable":true,"href":"https:\/\/www.ludwig-van.com\/montreal\/wp-json\/wp\/v2\/users\/51"}],"replies":[{"embeddable":true,"href":"https:\/\/www.ludwig-van.com\/montreal\/wp-json\/wp\/v2\/comments?post=66777"}],"version-history":[{"count":7,"href":"https:\/\/www.ludwig-van.com\/montreal\/wp-json\/wp\/v2\/posts\/66777\/revisions"}],"predecessor-version":[{"id":66786,"href":"https:\/\/www.ludwig-van.com\/montreal\/wp-json\/wp\/v2\/posts\/66777\/revisions\/66786"}],"wp:featuredmedia":[{"embeddable":true,"href":"https:\/\/www.ludwig-van.com\/montreal\/wp-json\/wp\/v2\/media\/66784"}],"wp:attachment":[{"href":"https:\/\/www.ludwig-van.com\/montreal\/wp-json\/wp\/v2\/media?parent=66777"}],"wp:term":[{"taxonomy":"category","embeddable":true,"href":"https:\/\/www.ludwig-van.com\/montreal\/wp-json\/wp\/v2\/categories?post=66777"},{"taxonomy":"post_tag","embeddable":true,"href":"https:\/\/www.ludwig-van.com\/montreal\/wp-json\/wp\/v2\/tags?post=66777"},{"taxonomy":"yst_prominent_words","embeddable":true,"href":"https:\/\/www.ludwig-van.com\/montreal\/wp-json\/wp\/v2\/yst_prominent_words?post=66777"}],"curies":[{"name":"wp","href":"https:\/\/api.w.org\/{rel}","templated":true}]}}