{"id":66763,"date":"2021-05-13T08:01:26","date_gmt":"2021-05-13T12:01:26","guid":{"rendered":"https:\/\/www.ludwig-van.com\/montreal\/?p=66763"},"modified":"2021-05-13T08:03:06","modified_gmt":"2021-05-13T12:03:06","slug":"nouvelle-losm-annonce-deux-concerts-de-fin-de-saison-et-un-programme-gratuit-dedie-aux-femmes","status":"publish","type":"post","link":"https:\/\/www.ludwig-van.com\/montreal\/2021\/05\/13\/nouvelle-losm-annonce-deux-concerts-de-fin-de-saison-et-un-programme-gratuit-dedie-aux-femmes\/","title":{"rendered":"NOUVELLE | L&rsquo;OSM annonce deux concerts de fin de saison et un programme gratuit d\u00e9di\u00e9 aux femmes"},"content":{"rendered":"<figure id=\"attachment_66764\" aria-describedby=\"caption-attachment-66764\" style=\"width: 1200px\" class=\"wp-caption aligncenter\"><img decoding=\"async\" loading=\"lazy\" class=\"size-full wp-image-66764\" src=\"https:\/\/www.ludwig-van.com\/montreal\/wp-content\/uploads\/sites\/3\/2021\/05\/Dina-cover-1.jpg\" alt=\"Dina Gilbert, cheffe d'orchestre. (Photo: courtoisie de l'OSM)\" width=\"1200\" height=\"628\" \/><figcaption id=\"caption-attachment-66764\" class=\"wp-caption-text\">Dina Gilbert, cheffe d&rsquo;orchestre. (Photo: courtoisie de l&rsquo;OSM)<\/figcaption><\/figure>\n<p>Au terme d&rsquo;une ann\u00e9e musicale mouvement\u00e9e ponctu\u00e9e de contraintes sanitaires et de webdiffusions, l&rsquo;<strong>Orchestre symphonique de Montr\u00e9al<\/strong> annonce deux concerts de fin de saison pour conclure en beaut\u00e9.<\/p>\n<p>\u00c0 partir du 15 juin, le concert Voix de femmes: une ode \u00e0 la vie, sous la direction de la cheffe <strong>Dina Gilbert<\/strong>, sera webdiffus\u00e9 gratuitement. Selon le communiqu\u00e9, il sera d\u00e9di\u00e9 \u00ab\u00a0\u00e0 la m\u00e9moire de toutes ces femmes, victimes de violence, dont les voix ne peuvent plus \u00eatre entendues.\u00a0\u00bb<\/p>\n<p>La distribution de solistes, enti\u00e8rement f\u00e9minine, comprend <strong>Evie Mark<\/strong> et <strong>Akinisie Sivuarapik<\/strong>, interpr\u00e8tes de chant de gorge traditionnel inuit, <strong>Rihab Chaieb<\/strong>, mezzo-soprano, <strong>Marie-H\u00e9l\u00e8ne Breault<\/strong>, fl\u00fbte, <strong>Marianne Dugal<\/strong>, violon, et <strong>Jos\u00e9phine Bacon<\/strong>, po\u00e8te.<\/p>\n<p>Le programme est aussi fait d&rsquo;\u0153uvres de compositrices:<\/p>\n<p>Lili Boulanger, <em>D\u2019un soir triste<\/em><\/p>\n<p>Elizabeth Maconchy, <em>Serenata Concertante<\/em>, extrait<\/p>\n<p>Barbara Croall, Zasakwaa <em>[Pr\u00e9sence d\u2019une forte gel\u00e9e]<\/em><\/p>\n<p>Alexina Louie, <em>Take the Dog Sled<\/em><\/p>\n<p>Ana Sokolovi\u0107, <em>Love Songs<\/em>, pour voix de femme : <em>Ma m\u00e8re<\/em><\/p>\n<p>Boulanger, <em>D\u2019un matin de printemps<\/em><\/p>\n<p><a href=\"https:\/\/www.osm.ca\/fr\/concerts\/voix-de-femmes-une-ode-a-la-vie\/?utm_source=cmq_fr_lancement_2020-2021&amp;utm_medium=edm_fr&amp;utm_campaign=lancement_2020-2021_fr&amp;oft_id=12644539&amp;oft_k=SYXYYcxr&amp;oft_lk=S4lUlm&amp;oft_d=637564882214100000\" target=\"_blank\" rel=\"noopener\">D\u00c9TAILS ET BILLETS<\/a><\/p>\n<p>&nbsp;<\/p>\n<figure id=\"attachment_53204\" aria-describedby=\"caption-attachment-53204\" style=\"width: 700px\" class=\"wp-caption aligncenter\"><img decoding=\"async\" loading=\"lazy\" class=\"size-full wp-image-53204\" src=\"https:\/\/www.ludwig-van.com\/montreal\/wp-content\/uploads\/sites\/3\/2018\/04\/HeleneGuilmette\u220fJulienFauga\u0308re_HGchantePoulenc_23mai2018-calendrier.jpg\" alt=\"H\u00e9l\u00e8ne Guilmette chante Poulenc\" width=\"700\" height=\"500\" srcset=\"https:\/\/www.ludwig-van.com\/montreal\/wp-content\/uploads\/sites\/3\/2018\/04\/HeleneGuilmette\u220fJulienFauga\u0308re_HGchantePoulenc_23mai2018-calendrier.jpg 700w, https:\/\/www.ludwig-van.com\/montreal\/wp-content\/uploads\/sites\/3\/2018\/04\/HeleneGuilmette\u220fJulienFauga\u0308re_HGchantePoulenc_23mai2018-calendrier-300x214.jpg 300w\" sizes=\"(max-width: 700px) 100vw, 700px\" \/><figcaption id=\"caption-attachment-53204\" class=\"wp-caption-text\">H\u00e9l\u00e8ne Guilmette. soprano. (Photo : Julien Faug\u00e8re).<\/figcaption><\/figure>\n<h2>Berlioz: Les Nuits d&rsquo;\u00e9t\u00e9<\/h2>\n<p>Le concert final de saison, pr\u00e9sent\u00e9 deux fois \u00e0 la Maison symphonique, sera l&rsquo;occasion de conna\u00eetre le chef invit\u00e9 <strong>Otto Tausk<\/strong>, directeur musical de l\u2019Orchestre symphonique de Vancouver, qui dirigera <em>Les Nuits d&rsquo;\u00e9t\u00e9<\/em>, de Berlioz, et la Symphonie no 7 de Prokofiev. Solistes invit\u00e9s: <strong>H\u00e9l\u00e8ne Guilmette<\/strong>, soprano, <strong>Caroline G\u00e9linas<\/strong>, mezzo-soprano, <strong>Fr\u00e9d\u00e9ric Antoun<\/strong>, t\u00e9nor, <strong>Geoffroy Salvas<\/strong>, baryton. Une superbe distribution de chanteurs!<\/p>\n<p>&nbsp;<\/p>\n<p>&nbsp;<\/p>\n<p><strong>Ce concert sera pr\u00e9sent\u00e9 le 28 mai, \u00e0 19 h, et le 29 mai, \u00e0 14 h 30, \u00e0 la Maison symphonique, et webdiffus\u00e9 du 8 au 22 juin. <\/strong><a href=\"https:\/\/www.osm.ca\/fr\/concerts\/melodies-envoutantes-les-nuits-dete-de-berlioz\/?utm_source=cmq_fr_lancement_2020-2021&amp;utm_medium=edm_fr&amp;utm_campaign=lancement_2020-2021_fr&amp;oft_id=12644539&amp;oft_k=SYXYYcxr&amp;oft_lk=14VkW6&amp;oft_d=637564887447200000\" target=\"_blank\" rel=\"noopener\">D\u00c9TAILS ET BILLETS<\/a><\/p>\n<p>Les billets seront disponibles \u00e0 compter de 10 h, aujourd&rsquo;hui, 13 mai.<\/p>\n<p>C&rsquo;est une belle fin de saison qui s&rsquo;annonce pour l&rsquo;OSM avec, en plus, <a href=\"https:\/\/www.ludwig-van.com\/montreal\/2021\/04\/23\/nouvelle-losm-annonce-seconde-envolee-classique-sassocie-skieur-mikael-kingsbury\/\" target=\"_blank\" rel=\"noopener\">son concert-b\u00e9n\u00e9fice L&rsquo;Envol\u00e9e classique du 5 juin<\/a> \u00e0 l&rsquo;a\u00e9roport Montr\u00e9al-Trudeau dans une formule comme au cin\u00e9parc, \u00e9galement dirig\u00e9 par <strong>Dina Gilbert<\/strong>.<\/p>\n<p>Bien s\u00fbr, la pand\u00e9mie n&rsquo;est pas termin\u00e9e! Mais nous voyons enfin la lumi\u00e8re au bout du tunnel.<\/p>\n<h2><em>Inscrivez-vous \u00e0 notre infolettre! La musique classique et l&rsquo;op\u00e9ra en 5 minutes, chaque jour<\/em> \u00a0<span style=\"color: #ff0000;\"><a style=\"color: #ff0000;\" href=\"https:\/\/ludwig-van.us9.list-manage.com\/subscribe?u=4f785cb3f9058f2393ccad035&amp;id=b9b160c032\" target=\"_blank\" rel=\"noopener noreferrer\">ICI\u00a0<\/a><\/span><\/h2>\n","protected":false},"excerpt":{"rendered":"<p>Au terme d&rsquo;une saison mouvement\u00e9e ponctu\u00e9e de contraintes sanitaires et de webdiffusions, l&rsquo;Orchestre symphonique de Montr\u00e9al annonce deux concerts pour finir en beaut\u00e9.<\/p>\n","protected":false},"author":51,"featured_media":66764,"comment_status":"open","ping_status":"open","sticky":false,"template":"","format":"standard","meta":{"om_disable_all_campaigns":false,"jetpack_post_was_ever_published":false},"categories":[41122,10956,10992],"tags":[41124,28618,2542],"yst_prominent_words":[10143,34615,7202,26052,18301,18300,18302,20867,17806,10443,12496,9869,9887,8757,10546,9839,9971],"acf":[],"jetpack_featured_media_url":"https:\/\/www.ludwig-van.com\/montreal\/wp-content\/uploads\/sites\/3\/2021\/05\/Dina-cover-1.jpg","jetpack_sharing_enabled":true,"jetpack_shortlink":"https:\/\/wp.me\/p9bdYt-hmP","amp_enabled":true,"_links":{"self":[{"href":"https:\/\/www.ludwig-van.com\/montreal\/wp-json\/wp\/v2\/posts\/66763"}],"collection":[{"href":"https:\/\/www.ludwig-van.com\/montreal\/wp-json\/wp\/v2\/posts"}],"about":[{"href":"https:\/\/www.ludwig-van.com\/montreal\/wp-json\/wp\/v2\/types\/post"}],"author":[{"embeddable":true,"href":"https:\/\/www.ludwig-van.com\/montreal\/wp-json\/wp\/v2\/users\/51"}],"replies":[{"embeddable":true,"href":"https:\/\/www.ludwig-van.com\/montreal\/wp-json\/wp\/v2\/comments?post=66763"}],"version-history":[{"count":4,"href":"https:\/\/www.ludwig-van.com\/montreal\/wp-json\/wp\/v2\/posts\/66763\/revisions"}],"predecessor-version":[{"id":66768,"href":"https:\/\/www.ludwig-van.com\/montreal\/wp-json\/wp\/v2\/posts\/66763\/revisions\/66768"}],"wp:featuredmedia":[{"embeddable":true,"href":"https:\/\/www.ludwig-van.com\/montreal\/wp-json\/wp\/v2\/media\/66764"}],"wp:attachment":[{"href":"https:\/\/www.ludwig-van.com\/montreal\/wp-json\/wp\/v2\/media?parent=66763"}],"wp:term":[{"taxonomy":"category","embeddable":true,"href":"https:\/\/www.ludwig-van.com\/montreal\/wp-json\/wp\/v2\/categories?post=66763"},{"taxonomy":"post_tag","embeddable":true,"href":"https:\/\/www.ludwig-van.com\/montreal\/wp-json\/wp\/v2\/tags?post=66763"},{"taxonomy":"yst_prominent_words","embeddable":true,"href":"https:\/\/www.ludwig-van.com\/montreal\/wp-json\/wp\/v2\/yst_prominent_words?post=66763"}],"curies":[{"name":"wp","href":"https:\/\/api.w.org\/{rel}","templated":true}]}}