{"id":66752,"date":"2021-05-11T13:14:10","date_gmt":"2021-05-11T17:14:10","guid":{"rendered":"https:\/\/www.ludwig-van.com\/montreal\/?p=66752"},"modified":"2021-05-11T13:14:10","modified_gmt":"2021-05-11T17:14:10","slug":"communaute-lvm-le-festival-montreal-baroque-sera-presente-en-mode-hybride-cette-annee","status":"publish","type":"post","link":"https:\/\/www.ludwig-van.com\/montreal\/2021\/05\/11\/communaute-lvm-le-festival-montreal-baroque-sera-presente-en-mode-hybride-cette-annee\/","title":{"rendered":"COMMUNAUT\u00c9 LVM\u00a0| Le Festival Montr\u00e9al baroque sera pr\u00e9sent\u00e9 en mode hybride cette ann\u00e9e"},"content":{"rendered":"<p style=\"text-align: center;\"><img decoding=\"async\" loading=\"lazy\" class=\"aligncenter size-full wp-image-66754\" src=\"https:\/\/www.ludwig-van.com\/montreal\/wp-content\/uploads\/sites\/3\/2021\/05\/Montreal-baroque.jpg\" alt=\"\" width=\"1076\" height=\"462\" \/><\/p>\n<h1><\/h1>\n<h1 style=\"text-align: center;\"><del>Un message du Festival Montr\u00e9al baroque<\/del><\/h1>\n<p>&nbsp;<\/p>\n<p><strong>Montr\u00e9al (Qu\u00e9bec) 11 mai 2021<\/strong> \u2013 Du 17 au 20 juin, la grande f\u00eate baroque se d\u00e9roulera dans les quartiers d\u2019Outremont et le Mile-End.<\/p>\n<p>Une programmation \u00e9clat\u00e9e et des prestations flamboyantes seront au rendez-vous pour les amateurs inconditionnels des musiques du 17e et 18e si\u00e8cles.<\/p>\n<p>Les festivaliers seront invit\u00e9s \u00e0 d\u00e9couvrir au fil d\u2019une programmation hybride, la th\u00e9matique po\u00e9tique de l\u2019Architecture liquide : une proposition artistique qui fera place \u00e0 l\u2019improvisation et \u00e0 l\u2019architecture baroque, \u00e0 des musiques inspir\u00e9es de l\u2019univers aquatique et \u00e0 une relecture, parfois controvers\u00e9e, des chefs-d\u2019\u0153uvre baroques connus. Une quinzaine de concerts et d\u2019activit\u00e9s seront offerts aux m\u00e9lomanes, en pr\u00e9sence ou virtuellement. Le volet virtuel payant, pr\u00e9sent\u00e9 par la Caisse de la culture Desjardins, sera quant \u00e0 lui accessible du 16 juin au 31 juillet, pour prolonger le plaisir !<\/p>\n<p>Avec les \u00e9toiles de l\u2019heure notamment, la soprano Myriam Leblanc, le baryton, Jonathon Adams, la danseuse baroque, Marie-Nathalie Lacoursi\u00e8re, la claveciniste, M\u00e9lisande McNabney, la violoncelliste, Jessica Korotkin, le joueur de santoor, Jonathan Voyer, le festival r\u00e9unira pr\u00e8s d\u2019une cinquantaine de musiciens et d\u2019ensembles montr\u00e9alais ou qu\u00e9b\u00e9cois sp\u00e9cialis\u00e9s en musique ancienne.<\/p>\n<p><strong>Une programmation en chair et en os !<\/strong><\/p>\n<p><em><strong>Coup d\u2019envoi avec la Cath\u00e9drale Bach<\/strong><\/em> &#8211; Le FMB prendra son envol avec les chefs-d\u2019\u0153uvre de Bach : cantates, motets, concertos et improvisation sous l\u2019influence du ma\u00eetre avec le grand concert d\u2019ouverture, sous la direction artistique de Matthias Maute, avec la soprano Myriam Leblanc, le baryton, Jonathon Adams, la claveciniste M\u00e9lisande McNabney, l\u2019Ensemble vocal Arts-Qu\u00e9bec, le Ch\u0153ur du Festival sur \u00e9crans g\u00e9ants et l\u2019Ensemble Caprice, le 18 juin, \u00e0 17 h 30, au Th\u00e9\u00e2tre Rialto. Accessible \u00e9galement en rediffusion num\u00e9rique du 2 au 16 juillet, sur la plateforme payante Livetoune.<\/p>\n<p><em><strong>Construire Bach, en hommage \u00e0 Bruce Haynes<\/strong><\/em> &#8211; Une c\u00e9l\u00e9bration de La fin de la musique ancienne, ouvrage du regrett\u00e9 musicologue Bruce Haynes et cofondateur du Festival, avec quelques suites d\u2019apr\u00e8s Bach compos\u00e9es et interpr\u00e9t\u00e9es par Jessica Korotkin, violoncelliste, le 18 juin, \u00e0 16 h au Rialto Hall. Accessible \u00e9galement en webdiffusion, du 2 au 16 juillet, sur la plateforme Livetoune.<\/p>\n<p><em><strong>M\u00e9andre musical et architecture &#8211;<\/strong><\/em> Un parcours musical en groupes intimes \u00e0 travers les salles du Th\u00e9\u00e2tre Rialto pour d\u00e9couvrir les joyaux musicaux rares et l\u2019architecture n\u00e9o-baroque de Montr\u00e9al, le 20 juin. Trois d\u00e9parts, soit \u00e0 14 h, \u00e0 14 h 30 et \u00e0 15 h. Accessible \u00e9galement en webdiffusion, du 17 juillet au 31 juillet, sur la plateforme Livetoune.<\/p>\n<p><strong>Une programmation virtuelle, baroque et branch\u00e9e !<\/strong><\/p>\n<p><em><strong>Danse en ligne&#8230; baroque !<\/strong> <\/em>&#8211; Pour apprendre les rudiments, Un pas de danse avec Marie-Nathalie Lacoursi\u00e8re, metteur en sc\u00e8ne, chor\u00e9graphe et danseuse baroque, en webdiffusion continue du 16 juin au 30 juin, sur la plateforme Livetoune.<\/p>\n<p><em><strong>Architecture chor\u00e9graphique<\/strong><\/em> &#8211; Des \u0153uvres virtuelles aux univers \u00e9clat\u00e9s cr\u00e9\u00e9s par les Jardins chor\u00e9graphiques, en collaboration avec Les Bor\u00e9ades de Montr\u00e9al, et le r\u00e9cit des moments les plus cocasses et les plus tortueux du processus de cr\u00e9ation num\u00e9rique, en webdiffusion du 17 juin au 1 juillet, sur la plateforme Livetoune.<\/p>\n<p><em><strong>Anguille sous roche &#8211;<\/strong> <\/em>Des pi\u00e8ces musicales regorgeant de fantaisies, de plaisirs et d\u2019\u00e9motions comme celles qui r\u00e9sonnaient dans l\u2019intimit\u00e9 des appartements de la cour de Versailles. Avec Les Voix Humaines : Susie Napper et M\u00e9lisande Corriveau, duo de violes, en webdiffusion du 17 juin au 1 juillet, sur la plateforme Livetoune.<\/p>\n<p><em><strong>Des activit\u00e9s et des concerts gratuits &#8211;<\/strong><\/em> Si la sant\u00e9 publique le permet, tous seront ravis de prendre l\u2019air dans les parcs pour les Pique-niques musicaux, les 18, 19 et 20 juin, \u00e0 midi et 18 h 30 au son d\u00e9lectable de l\u2019Ensemble montr\u00e9alais Le Petit Rien.<\/p>\n<p>Le 19 juin, les concerts ext\u00e9rieurs Contre Vents et Mar\u00e9e, Les Fontaines de Versailles et Improvisation Raga se succ\u00e9deront au courant de cette journ\u00e9e qui s\u2019amorcera avec le Lab baroque, une lecture amicale, sous la direction de Matthias Maute. Apportez votre instrument ou votre voix !<\/p>\n<p>Le OFF virtuel pr\u00e9sent\u00e9 par la Caisse de la culture Desjardins !<\/p>\n<p>Assistez \u00e0 une table ronde professionnelle sur la musique, l\u2019architecture et la sant\u00e9 via ZOOM et diffus\u00e9e sur la page Facebook du Festival et visionnez les classes de ma\u00eetre avec le baryton Jonathan Adams, baryton et le claveciniste, Illya Poletaev, sur le site internet et la page Facebook du Festival, les 13, 15 et 16 juin.<\/p>\n<p><a href=\"https:\/\/montrealbaroque.com\/fr\/edition-2021\/concerts\" target=\"_blank\" rel=\"noopener\">VOIR LA PROGRAMMATION COMPL\u00c8TE<\/a><\/p>\n<p><a href=\"https:\/\/montrealbaroque.tuxedobillet.com\/\" target=\"_blank\" rel=\"noopener\">ACHETER DES BILLETS<\/a><\/p>\n<h2><em>Inscrivez-vous \u00e0 notre infolettre! La musique classique et l&rsquo;op\u00e9ra en 5 minutes, chaque jour<\/em> \u00a0<span style=\"color: #ff0000;\"><a style=\"color: #ff0000;\" href=\"https:\/\/ludwig-van.us9.list-manage.com\/subscribe?u=4f785cb3f9058f2393ccad035&amp;id=b9b160c032\" target=\"_blank\" rel=\"noopener noreferrer\">ICI\u00a0<\/a><\/span><\/h2>\n","protected":false},"excerpt":{"rendered":"<p>Du 17 au 20 juin, la grande f\u00eate baroque se d\u00e9roulera dans les quartiers d\u2019Outremont et le Mile-End.<\/p>\n","protected":false},"author":1,"featured_media":66754,"comment_status":"open","ping_status":"open","sticky":false,"template":"","format":"standard","meta":{"om_disable_all_campaigns":false,"jetpack_post_was_ever_published":false},"categories":[41122,10956],"tags":[],"yst_prominent_words":[39007],"acf":[],"jetpack_featured_media_url":"https:\/\/www.ludwig-van.com\/montreal\/wp-content\/uploads\/sites\/3\/2021\/05\/Montreal-baroque.jpg","jetpack_sharing_enabled":true,"jetpack_shortlink":"https:\/\/wp.me\/p9bdYt-hmE","amp_enabled":true,"_links":{"self":[{"href":"https:\/\/www.ludwig-van.com\/montreal\/wp-json\/wp\/v2\/posts\/66752"}],"collection":[{"href":"https:\/\/www.ludwig-van.com\/montreal\/wp-json\/wp\/v2\/posts"}],"about":[{"href":"https:\/\/www.ludwig-van.com\/montreal\/wp-json\/wp\/v2\/types\/post"}],"author":[{"embeddable":true,"href":"https:\/\/www.ludwig-van.com\/montreal\/wp-json\/wp\/v2\/users\/1"}],"replies":[{"embeddable":true,"href":"https:\/\/www.ludwig-van.com\/montreal\/wp-json\/wp\/v2\/comments?post=66752"}],"version-history":[{"count":2,"href":"https:\/\/www.ludwig-van.com\/montreal\/wp-json\/wp\/v2\/posts\/66752\/revisions"}],"predecessor-version":[{"id":66755,"href":"https:\/\/www.ludwig-van.com\/montreal\/wp-json\/wp\/v2\/posts\/66752\/revisions\/66755"}],"wp:featuredmedia":[{"embeddable":true,"href":"https:\/\/www.ludwig-van.com\/montreal\/wp-json\/wp\/v2\/media\/66754"}],"wp:attachment":[{"href":"https:\/\/www.ludwig-van.com\/montreal\/wp-json\/wp\/v2\/media?parent=66752"}],"wp:term":[{"taxonomy":"category","embeddable":true,"href":"https:\/\/www.ludwig-van.com\/montreal\/wp-json\/wp\/v2\/categories?post=66752"},{"taxonomy":"post_tag","embeddable":true,"href":"https:\/\/www.ludwig-van.com\/montreal\/wp-json\/wp\/v2\/tags?post=66752"},{"taxonomy":"yst_prominent_words","embeddable":true,"href":"https:\/\/www.ludwig-van.com\/montreal\/wp-json\/wp\/v2\/yst_prominent_words?post=66752"}],"curies":[{"name":"wp","href":"https:\/\/api.w.org\/{rel}","templated":true}]}}