{"id":66702,"date":"2021-05-10T02:44:15","date_gmt":"2021-05-10T06:44:15","guid":{"rendered":"https:\/\/www.ludwig-van.com\/montreal\/?p=66702"},"modified":"2021-05-10T16:54:33","modified_gmt":"2021-05-10T20:54:33","slug":"concerts-musique-classique-a-montreal-des-choix-de-la-redaction-passionnants-cette-semaine","status":"publish","type":"post","link":"https:\/\/www.ludwig-van.com\/montreal\/2021\/05\/10\/concerts-musique-classique-a-montreal-des-choix-de-la-redaction-passionnants-cette-semaine\/","title":{"rendered":"CONCERTS | Musique classique \u00e0 Montr\u00e9al: des choix de la r\u00e9daction passionnants cette semaine"},"content":{"rendered":"<figure id=\"attachment_66728\" aria-describedby=\"caption-attachment-66728\" style=\"width: 1200px\" class=\"wp-caption aligncenter\"><img decoding=\"async\" loading=\"lazy\" class=\"size-full wp-image-66728\" src=\"https:\/\/www.ludwig-van.com\/montreal\/wp-content\/uploads\/sites\/3\/2021\/05\/Choix-10-mai-2021.jpg\" alt=\"De gauche \u00e0 droite et de bas en haut: Cho Park, les Cowboys Fringants, Matt Haimovitz, Elinor Frey, Jean-Fran\u00e7ois Rivest. (Photos: courtoisies des diffuseurs)\" width=\"1200\" height=\"628\" \/><figcaption id=\"caption-attachment-66728\" class=\"wp-caption-text\">De gauche \u00e0 droite et de bas en haut: Chaeyoung Park, les Cowboys Fringants, Matt Haimovitz, Elinor Frey, Jean-Fran\u00e7ois Rivest. (Photos: courtoisies des diffuseurs)<\/figcaption><\/figure>\n<h3><span style=\"color: #808080;\">Cette semaine, nos Choix de la r\u00e9daction parmi les <span style=\"color: #000000;\"><strong>concerts de musique classique \u00e0 Montr\u00e9al<\/strong><\/span> sont passionnants et vari\u00e9s! D\u00e9couvrez les plus beaux concerts et r\u00e9citals qui vous attendent du 10 au 16 mai 2021.<\/span><\/h3>\n<h3>Pour plus de concerts de musique classique, consultez notre <a href=\"https:\/\/www.ludwig-van.com\/montreal\/events\/\" target=\"_blank\" rel=\"noopener\"><span style=\"color: #ff0000;\">calendrier d&rsquo;\u00e9v\u00e9nements Ludwig van Montr\u00e9al<\/span><\/a><\/h3>\n<p>&nbsp;<\/p>\n<figure id=\"attachment_55877\" aria-describedby=\"caption-attachment-55877\" style=\"width: 700px\" class=\"wp-caption aligncenter\"><img decoding=\"async\" loading=\"lazy\" class=\"size-full wp-image-55877\" src=\"https:\/\/www.ludwig-van.com\/montreal\/wp-content\/uploads\/sites\/3\/2018\/08\/Matt_Haimovitz_01_OSM.jpg\" alt=\"Matt Haimovitz\" width=\"700\" height=\"400\" srcset=\"https:\/\/www.ludwig-van.com\/montreal\/wp-content\/uploads\/sites\/3\/2018\/08\/Matt_Haimovitz_01_OSM.jpg 700w, https:\/\/www.ludwig-van.com\/montreal\/wp-content\/uploads\/sites\/3\/2018\/08\/Matt_Haimovitz_01_OSM-300x171.jpg 300w\" sizes=\"(max-width: 700px) 100vw, 700px\" \/><figcaption id=\"caption-attachment-55877\" class=\"wp-caption-text\">Le violoncelliste Matt Haimovitz jouera en companie de Douglas McNabney, Axel Strauss et St\u00e9phane Lemelin mardi et mercredi, \u00e0 la salle Bourgie. (Photo: courtoisie)<\/figcaption><\/figure>\n<h2>Musique de chambre \u00e0 la salle Bourgie &#8211; en salle<\/h2>\n<p>Quatre excellents musiciens se retrouvent pour deux soirs, cette semaine \u00e0 la <strong>salle Bourgie<\/strong>: <strong>Axel Strauss<\/strong> (violon), <strong>Douglas McNabney<\/strong> (alto) <strong>Matt Haimovitz<\/strong> (violoncelle) et <strong>St\u00e9phane Lemelin<\/strong> (piano). Leur programme: le Trio pour violon, alto et violoncelle no 3 en sol majeur, op. 9 no 1, de Beethoven, et le Quatuor pour violon, alto, violoncelle et piano no 1 en sol mineur, op. 25, de Brahms.<\/p>\n<p><strong>Les mardi 11 et mercredi 12 mai, 19 h, salle Bourgie<\/strong>. <a href=\"https:\/\/www.mbam.qc.ca\/fr\/activites\/beethoven-et-brahms-2-concerts\/\" target=\"_blank\" rel=\"noopener\">D\u00c9TAILS ET BILLETS<\/a><\/p>\n<p>Par la suite, ce r\u00e9cital de musique de chambre sera \u00e9galement webdiffus\u00e9 du <strong>16 au 30 mai.\u00a0<\/strong><\/p>\n<h3>Webdiffusion \u00e0 signaler: Camille Claude: dans l&rsquo;ombre du g\u00e9ant<\/h3>\n<p>Il y a deux semaines, j&rsquo;ai ador\u00e9 le concert multim\u00e9dia de <strong>St\u00e9phanie Pothier<\/strong>, mezzo-soprano, avec le <strong>Quatuor Molinari<\/strong>. Agr\u00e9ment\u00e9 de projections vid\u00e9o r\u00e9alis\u00e9es par Julien-Robert \u00e0 partir de photos prises par la chanteuse, le concert se veut aussi une r\u00e9flexion sur la place des cr\u00e9atrices dans l&rsquo;histoire de l&rsquo;art. <a href=\"https:\/\/www.ludwig-van.com\/montreal\/2021\/04\/29\/critique-camille-claudel-stephanie-pothier-molinari-chaudement-recommande\/\" target=\"_blank\" rel=\"noopener\">LIRE NOTRE CRITIQUE DE CE CONCERT<\/a><\/p>\n<p><strong>Camille Claudel: dans l&rsquo;ombre du g\u00e9ant, webdiffusion du 12 au 26 mai.<\/strong> <a href=\"https:\/\/www.mbam.qc.ca\/fr\/activites\/camille-claudel-dans-lombre-du-geant---en-ligne-1\/\" target=\"_blank\" rel=\"noopener\">D\u00c9TAILS ET BILLETS<\/a><\/p>\n<p>&nbsp;<\/p>\n<figure id=\"attachment_66653\" aria-describedby=\"caption-attachment-66653\" style=\"width: 805px\" class=\"wp-caption aligncenter\"><img decoding=\"async\" loading=\"lazy\" class=\"wp-image-66653 size-full\" src=\"https:\/\/www.ludwig-van.com\/montreal\/wp-content\/uploads\/sites\/3\/2021\/05\/Finalistes-piano-2021.jpg\" alt=\"Les finalistes de l'\u00e9dition du CMIM Piano 2021: Alice Burla, Chaeyoung Park, Dimitri Malignan, Francesco Granata, Su Yeon Kim, Marcel Tadokoro, Ying Li, Yoichiro Chiba. (Photos: courtoisie des concurrents)\" width=\"805\" height=\"351\" \/><figcaption id=\"caption-attachment-66653\" class=\"wp-caption-text\">Les finalistes de l&rsquo;\u00e9dition du CMIM Piano 2021: Alice Burla, Chaeyoung Park, Dimitri Malignan, Francesco Granata, Su Yeon Kim, Marcel Tadokoro, Ying Li, Yoichiro Chiba. (Photos: courtoisie des concurrents et du CMIM)<\/figcaption><\/figure>\n<h2>Finale du Concours musical international de Montr\u00e9al Piano 2021: 8 r\u00e9citals d&rsquo;une heure gratuits<\/h2>\n<p>Apr\u00e8s une semaine de pause pour la comp\u00e9tition, tout de m\u00eame agr\u00e9ment\u00e9e de <a href=\"https:\/\/www.concoursmontreal.ca\/fr\/2021\/05\/04\/classes-de-maitre-piano-2021\/\" target=\"_blank\" rel=\"noopener\">cours de ma\u00eetres<\/a> avec <strong>Mari Kodama<\/strong> et <strong>Charles Richard-Hamelin<\/strong> que l&rsquo;on peut encore visionner, ainsi que des <a href=\"https:\/\/www.concoursmontreal.ca\/fr\/2021\/05\/02\/hommages-piano-2021\/\" target=\"_blank\" rel=\"noopener\">hommages \u00e0 Andr\u00e9 Gagnon et Chick Corea<\/a> par <strong>Lorraine Desmarais<\/strong>, c&rsquo;est le temps de la finale du <strong>Concours musical international de Montr\u00e9al.\u00a0<\/strong>On pourra entendre 8 jeunes pianistes de 6 pays pr\u00e9senter un r\u00e9cital d&rsquo;une heure, capt\u00e9 dans leur ville et webdiffus\u00e9.<\/p>\n<h3>Voici l&rsquo;horaire de la finale du CMIM Piano 2021:<\/h3>\n<p><strong>Lundi 10 mai<\/strong><\/p>\n<p>10 h: Alice Burla (Canada)<\/p>\n<p>11 h: Marcel Tadokoro (France)<\/p>\n<p><strong>Mardi 11 mai<\/strong><\/p>\n<p>10 h: Sue Young Kim (Cor\u00e9e du Sud)<\/p>\n<p>11 h: Chaeyoung Park (Cor\u00e9e du Sud)<\/p>\n<p><strong>Mercredi 12 mai<\/strong><\/p>\n<p>Yoichiro Chiba (Japon)<\/p>\n<p>Ying Li (Chine)<\/p>\n<p><strong>Jeudi 13 mai<\/strong><\/p>\n<p>Dimitri Malignan (France)<\/p>\n<p>Francesco Granata (Italie)<\/p>\n<p>Les laur\u00e9ats seront d\u00e9voil\u00e9s \u00e0 l&rsquo;occasion d&rsquo;une c\u00e9r\u00e9monie de cl\u00f4ture en ligne, le <strong>vendredi 14 mai \u00e0 10 h.<\/strong><\/p>\n<p>On peut \u00e9couter la finale du CMIM s<a href=\"https:\/\/www.concoursmontreal.ca\/fr\/webdiffusion\/\" target=\"_blank\" rel=\"noopener\">ur le site du concours<\/a>. Lisez \u00e9galement nos r\u00e9sum\u00e9s de chaque journ\u00e9e de comp\u00e9tition. Nous serons l\u00e0, encore cette semaine, pour livrer nos impressions de chaque r\u00e9cital.<\/p>\n<p>&nbsp;<\/p>\n<figure id=\"attachment_66189\" aria-describedby=\"caption-attachment-66189\" style=\"width: 1200px\" class=\"wp-caption aligncenter\"><img decoding=\"async\" loading=\"lazy\" class=\"size-full wp-image-66189\" src=\"https:\/\/www.ludwig-van.com\/montreal\/wp-content\/uploads\/sites\/3\/2021\/03\/Les-Cowboys-Fringants-Credit-Antoine-Saito-redim.jpg\" alt=\"Cowboys Fringats \u00e0 la Maison symphonique\" width=\"1200\" height=\"800\" \/><figcaption id=\"caption-attachment-66189\" class=\"wp-caption-text\">Le populaire groupe qu\u00e9b\u00e9cois Les Cowboys Fringants est de retour \u00e0 l&rsquo;OSM cette semaine, pour un concert en webdiffusion. (Photo: Antoine Saito)<\/figcaption><\/figure>\n<h2>Cowboys Fringants \u00e0 l&rsquo;OSM &#8211; en ligne<\/h2>\n<p>Ils ont fait salle comble pendant 6 soirs lors de leur passage \u00e0 la Maison symphonique en 2018 : Les <strong>Cowboys Fringants<\/strong> sont de retour pour un concert avec l\u2019<strong>OSM<\/strong> sous la direction de <strong>Simon Leclerc, <\/strong>qui signe \u00e9galement l&rsquo;adaptation symphonique des chansons du groupe qu\u00e9b\u00e9cois. Avec <strong>Dominique C\u00f4t\u00e9<\/strong>, baryton, et <strong>Karina Gauvin<\/strong>, soprano. Un concert en ligne uniquement, <strong>du 11 au 25 mai. <\/strong><a href=\"https:\/\/www.osm.ca\/fr\/concerts\/le-grand-retour-des-cowboys-fringants-a-losm-2\/\" target=\"_blank\" rel=\"noopener\">D\u00c9TAILS ET BILLETS.\u00a0<\/a><\/p>\n<p>&nbsp;<\/p>\n<p style=\"text-align: center;\"><img decoding=\"async\" loading=\"lazy\" class=\"aligncenter size-full wp-image-66705\" src=\"https:\/\/www.ludwig-van.com\/montreal\/wp-content\/uploads\/sites\/3\/2021\/05\/J-F-Rivest.jpg\" alt=\"\" width=\"640\" height=\"426\" \/><\/p>\n<h2>I Musici de Montr\u00e9al: un premier concert avec Jean-Fran\u00e7ois Rivest<\/h2>\n<p>En d\u00e9cembre dernier, on apprenait que <strong>Jean-Fran\u00e7ois Rivest<\/strong> allait se joindre \u00e0 I Musici de Montr\u00e9al \u00e0 titre de conseiller musical et premier chef invit\u00e9. Il dirige cette semaine son premier concert, qui porte \u00e9videmment le titre de \u00ab\u00a0Premi\u00e8re rencontre\u00a0\u00bb et nous pr\u00e9sente un programme Arvo P\u00e4rt, Chostakovitch et Mozart. Pour en savoir plus,<a href=\"https:\/\/www.ludwig-van.com\/montreal\/2021\/05\/07\/entrevue-jean-francois-rivest-je-me-fais-le-cadeau-de-diriger-un-ensemble-fantastique\/\" target=\"_blank\" rel=\"noopener\"> lisez mon entrevue avec <strong>Jean-Fran\u00e7ois Rivest<\/strong> publi\u00e9e vendredi.<\/a> Le concert aura lieu devant public et sera \u00e9galement webdiffus\u00e9.<\/p>\n<p><strong>Premi\u00e8re rencontre &#8211; Jean-Fran\u00e7ois Rivest dirige I Musici: jeudi 13 mai, 14 h, salle Pierre-Mercure.<\/strong> <a href=\"https:\/\/imusici.com\/saison-2020-2021\/premiere-rencontre-i-musici-et-son-nouveau-maestro\" target=\"_blank\" rel=\"noopener\">D\u00c9TAILS ET BILLETS<\/a><\/p>\n<p><strong>Webdiffusion: du 20 au 30 mai (contribution volontaire).\u00a0<\/strong><\/p>\n<p>&nbsp;<\/p>\n<p style=\"text-align: center;\"><img decoding=\"async\" loading=\"lazy\" class=\"aligncenter size-full wp-image-66394\" src=\"https:\/\/www.ludwig-van.com\/montreal\/wp-content\/uploads\/sites\/3\/2021\/04\/Petits-Violons-redim.jpg\" alt=\"\" width=\"750\" height=\"321\" \/><\/p>\n<h2>Les Petits Violons: concert anniversaire<\/h2>\n<p><strong>Les Petits Violons<\/strong> soulignent leur 56e anniversaire par un concert gratuit dimanche, en webdiffusion. Des pi\u00e8ces de Jean Cousineau, Peter Warlock et Joseph Suk sont au programme. Le concert sera diffus\u00e9 via Facebook <strong>dimanche, 16 mai, \u00e0 16 h.<\/strong> Bonne f\u00eate aux Petits Violons!<\/p>\n<p>&nbsp;<\/p>\n<figure id=\"attachment_66720\" aria-describedby=\"caption-attachment-66720\" style=\"width: 600px\" class=\"wp-caption aligncenter\"><img decoding=\"async\" loading=\"lazy\" class=\"size-full wp-image-66720\" src=\"https:\/\/www.ludwig-van.com\/montreal\/wp-content\/uploads\/sites\/3\/2021\/05\/Jonathan-Goldman.jpg\" alt=\"\" width=\"600\" height=\"400\" \/><figcaption id=\"caption-attachment-66720\" class=\"wp-caption-text\">Jonathan Goldman (bandon\u00e9on) et Juan Sebastian Delgado (violoncelle). (Photos: courtoisie de la Chapelle historique du Bon-Pasteur)<\/figcaption><\/figure>\n<h2>Deux concerts \u00e0 la Chapelle historique du Bon-Pasteur<\/h2>\n<p>Cette semaine, la <strong>Chapelle historique du Bon-Pasteur<\/strong> nous pr\u00e9sente un programme prometteur avec <strong>Juan Sebastian Delgado<\/strong> (violoncelle), <strong>Jonathan Goldman <\/strong>(bandon\u00e9on et composition), et <strong>Francis Lecavalier<\/strong> (dispositif \u00e9lectronique en direct). Notas de Viaje (Carnet de voyage) est une \u0153uvre musicale et sc\u00e9nique qui explore et \u00e9voque le journal intime que Ernesto \u00ab Che \u00bb Guevara a r\u00e9dig\u00e9 lors de son voyage \u00e0 travers l\u2019Am\u00e9rique centrale en compagnie de son ami Alberto Granado \u00e0 partir de d\u00e9cembre 1951. <strong>Le 13 mai, 18 h, en salle, et en webdiffusion.<\/strong> <a href=\"https:\/\/www.facebook.com\/events\/1068312733662674\" target=\"_blank\" rel=\"noopener\">D\u00c9TAILS<\/a><\/p>\n<h3>Mathieu Gaudet et ses amis<\/h3>\n<p>Le pianiste <strong>Mathieu Gaudet<\/strong> s&rsquo;entoure d&rsquo;amis musiciens pour interpr\u00e9ter deux \u0153uvres de Schubert. Avec <strong>Mary Elizabeth Brown<\/strong> (violon), <strong>Fr\u00e9d\u00e9ric Lambert<\/strong> (alto), <strong>Karen Kaderavek<\/strong> (violoncelle), <strong>Ali Yazdanfar<\/strong> (contrebasse). Ils joueront la Fantaisie pour violon et piano, opus posthume, et le Quintette <em>La truite. <\/em><strong>Le dimanche 16 mai, 15 h.<\/strong> <a href=\"https:\/\/www.facebook.com\/events\/671800096846346\" target=\"_blank\" rel=\"noopener\">D\u00c9TAILS<\/a><\/p>\n<p>&nbsp;<\/p>\n<figure id=\"attachment_64707\" aria-describedby=\"caption-attachment-64707\" style=\"width: 1200px\" class=\"wp-caption aligncenter\"><img decoding=\"async\" loading=\"lazy\" class=\"size-full wp-image-64707\" src=\"https:\/\/www.ludwig-van.com\/montreal\/wp-content\/uploads\/sites\/3\/2020\/06\/Elinor_Frey-redim.jpg\" alt=\"Elinor Frey, violoncelliste\" width=\"1200\" height=\"800\" srcset=\"https:\/\/www.ludwig-van.com\/montreal\/wp-content\/uploads\/sites\/3\/2020\/06\/Elinor_Frey-redim.jpg 1200w, https:\/\/www.ludwig-van.com\/montreal\/wp-content\/uploads\/sites\/3\/2020\/06\/Elinor_Frey-redim-300x200.jpg 300w, https:\/\/www.ludwig-van.com\/montreal\/wp-content\/uploads\/sites\/3\/2020\/06\/Elinor_Frey-redim-1024x683.jpg 1024w, https:\/\/www.ludwig-van.com\/montreal\/wp-content\/uploads\/sites\/3\/2020\/06\/Elinor_Frey-redim-768x512.jpg 768w\" sizes=\"(max-width: 1200px) 100vw, 1200px\" \/><figcaption id=\"caption-attachment-64707\" class=\"wp-caption-text\">Elinor Frey, violoncelliste. (Photo: )<\/figcaption><\/figure>\n<h2>Elinor Frey et M\u00e9lisande Corriveau &#8211; webdiffusion<\/h2>\n<p>Ce concert de duos pour deux violes de gambe est le tout premier concert sur une nouvelle viole fabriqu\u00e9 ces derniers mois par le luthier montr\u00e9alais Francis Beaulieu. <strong>Elinor Frey<\/strong> et <strong>M\u00e9lisande Corriveau<\/strong> interpr\u00e8tent des \u0153uvres de Telemann, Boismortier, Marais et Sainte-Colombe.<\/p>\n<p><strong>Le 16 mai \u00e0 14h30, en direct de l\u2019\u00c9glise de la Visitation, et disponible pendant deux semaines en webdiffusion.<\/strong> <a href=\"https:\/\/canadaclassique.com\/produits\/concerts\/intermezzi-in-musica-no-5\/\" target=\"_blank\" rel=\"noopener\">D\u00c9TAILS ET BILLETS<\/a><\/p>\n<h3>Pour plus de concerts de musique classique, consultez notre <a href=\"https:\/\/www.ludwig-van.com\/montreal\/events\/\" target=\"_blank\" rel=\"noopener\"><span style=\"color: #ff0000;\">calendrier d&rsquo;\u00e9v\u00e9nements Ludwig van Montr\u00e9al<\/span><\/a><\/h3>\n<p><em>Les concerts pr\u00e9sent\u00e9s dans les Choix de la r\u00e9daction sont ceux des membres de Ludwig van Montr\u00e9al. Pour savoir comment devenir membre ou pour annoncer sur notre site, \u00e9crivez-nous \u00e0 caroline@ludwig-van.com<\/em><\/p>\n<h2><em>Inscrivez-vous \u00e0 notre infolettre! La musique classique et l&rsquo;op\u00e9ra en 5 minutes, chaque jour<\/em> \u00a0<span style=\"color: #ff0000;\"><a style=\"color: #ff0000;\" href=\"https:\/\/ludwig-van.us9.list-manage.com\/subscribe?u=4f785cb3f9058f2393ccad035&amp;id=b9b160c032\" target=\"_blank\" rel=\"noopener noreferrer\">ICI\u00a0<\/a><\/span><\/h2>\n","protected":false},"excerpt":{"rendered":"<p>Cette semaine, nos Choix de la r\u00e9daction pour les concerts de musique classique \u00e0 Montr\u00e9al sont passionnants et vari\u00e9s! D\u00e9couvrez les plus beaux concerts et r\u00e9citals qui vous attendent du 10 au 16 mai 2021.\u00a0<\/p>\n","protected":false},"author":51,"featured_media":66728,"comment_status":"open","ping_status":"open","sticky":false,"template":"","format":"standard","meta":{"om_disable_all_campaigns":false,"jetpack_post_was_ever_published":false},"categories":[41122,10994],"tags":[41124,10985,4839,41951,5907,20645,2047,34561,4485,41963,11137],"yst_prominent_words":[9792,17989,10696,26052,10146,11490,9787,10697],"acf":[],"jetpack_featured_media_url":"https:\/\/www.ludwig-van.com\/montreal\/wp-content\/uploads\/sites\/3\/2021\/05\/Choix-10-mai-2021.jpg","jetpack_sharing_enabled":true,"jetpack_shortlink":"https:\/\/wp.me\/p9bdYt-hlQ","amp_enabled":true,"_links":{"self":[{"href":"https:\/\/www.ludwig-van.com\/montreal\/wp-json\/wp\/v2\/posts\/66702"}],"collection":[{"href":"https:\/\/www.ludwig-van.com\/montreal\/wp-json\/wp\/v2\/posts"}],"about":[{"href":"https:\/\/www.ludwig-van.com\/montreal\/wp-json\/wp\/v2\/types\/post"}],"author":[{"embeddable":true,"href":"https:\/\/www.ludwig-van.com\/montreal\/wp-json\/wp\/v2\/users\/51"}],"replies":[{"embeddable":true,"href":"https:\/\/www.ludwig-van.com\/montreal\/wp-json\/wp\/v2\/comments?post=66702"}],"version-history":[{"count":29,"href":"https:\/\/www.ludwig-van.com\/montreal\/wp-json\/wp\/v2\/posts\/66702\/revisions"}],"predecessor-version":[{"id":66751,"href":"https:\/\/www.ludwig-van.com\/montreal\/wp-json\/wp\/v2\/posts\/66702\/revisions\/66751"}],"wp:featuredmedia":[{"embeddable":true,"href":"https:\/\/www.ludwig-van.com\/montreal\/wp-json\/wp\/v2\/media\/66728"}],"wp:attachment":[{"href":"https:\/\/www.ludwig-van.com\/montreal\/wp-json\/wp\/v2\/media?parent=66702"}],"wp:term":[{"taxonomy":"category","embeddable":true,"href":"https:\/\/www.ludwig-van.com\/montreal\/wp-json\/wp\/v2\/categories?post=66702"},{"taxonomy":"post_tag","embeddable":true,"href":"https:\/\/www.ludwig-van.com\/montreal\/wp-json\/wp\/v2\/tags?post=66702"},{"taxonomy":"yst_prominent_words","embeddable":true,"href":"https:\/\/www.ludwig-van.com\/montreal\/wp-json\/wp\/v2\/yst_prominent_words?post=66702"}],"curies":[{"name":"wp","href":"https:\/\/api.w.org\/{rel}","templated":true}]}}