{"id":66682,"date":"2021-05-06T14:29:07","date_gmt":"2021-05-06T18:29:07","guid":{"rendered":"https:\/\/www.ludwig-van.com\/montreal\/?p=66682"},"modified":"2021-05-06T14:29:07","modified_gmt":"2021-05-06T18:29:07","slug":"dossier-concours-omni-concours-encourager-jeunes-musiciens-a-perseverer","status":"publish","type":"post","link":"https:\/\/www.ludwig-van.com\/montreal\/2021\/05\/06\/dossier-concours-omni-concours-encourager-jeunes-musiciens-a-perseverer\/","title":{"rendered":"DOSSIER |  Le Concours OMNI: un concours pour encourager les jeunes musiciens \u00e0 pers\u00e9v\u00e9rer"},"content":{"rendered":"<figure id=\"attachment_66683\" aria-describedby=\"caption-attachment-66683\" style=\"width: 1200px\" class=\"wp-caption aligncenter\"><img decoding=\"async\" loading=\"lazy\" class=\"wp-image-66683 size-full\" src=\"https:\/\/www.ludwig-van.com\/montreal\/wp-content\/uploads\/sites\/3\/2021\/05\/OMNI-cover.jpg\" alt=\"\" width=\"1200\" height=\"628\" \/><figcaption id=\"caption-attachment-66683\" class=\"wp-caption-text\">Le Concours OMNI est organis\u00e9 par l&rsquo;Orchestre M\u00e9tropolitain en collaboration avec la Coop\u00e9rative des professeurs de musique (Photo : courtoisie de l&rsquo;OM)<\/figcaption><\/figure>\n<p>Du 28 au 30 mai prochain aura lieu de <strong>Concours OMNI<\/strong> de l&rsquo;<strong>Orchestre M\u00e9tropolitain<\/strong>, qui en est \u00e0 sa troisi\u00e8me \u00e9dition.<\/p>\n<p>L&rsquo;an dernier, alors que la pand\u00e9mie frappait le monde de plein fouet, le concours avait \u00e9t\u00e9 annul\u00e9. Cette ann\u00e9e, les jeunes musiciens de 7 \u00e0 17 ans pourront participer \u00e0 l&rsquo;aide de vid\u00e9os maisons. La date limite pour s&rsquo;inscrire \u00e9tait aujourd&rsquo;hui, 6 mai 2021.<\/p>\n<p><strong>Laura Eaton<\/strong>, responsable, \u00c9ducation \u00e0 l&rsquo;<strong>Orchestre M\u00e9tropolitain<\/strong>, explique la mission de l&rsquo;OMNI :<\/p>\n<p>\u00ab\u00a0Le <strong>Concours OMNI<\/strong> est organis\u00e9 par l&rsquo;OM en collaboration avec la Coop\u00e9rative des professeurs de musique, dit-elle. Il est ouvert \u00e0 tous les jeunes musiciens qui d\u00e9butent, de 7 \u00e0 17 ans, et sa mission premi\u00e8re est vraiment de leur offrir une premi\u00e8re exp\u00e9rience de concours positive, qui va les encourager dans la pratique de leur instrument, qui sera enrichissante dans leur d\u00e9veloppement et va leur permettre d&rsquo;\u00eatre en contact avec des musiciens de l&rsquo;OM qui font partie du jury.\u00a0\u00bb<\/p>\n<p>En raison de la COVID-19, l&rsquo;apprentissage des instruments de musique a \u00e9t\u00e9 rendu complexe pour les jeunes, qui ne pouvaient pas toujours rencontrer leurs professeurs en cours priv\u00e9s, en raison des r\u00e8gles sanitaires. Il en allait de m\u00eame pour ceux qui apprenaient un instrument comme activit\u00e9 parascolaire \u00e0 leur \u00e9cole, ou dans leurs cours de musique.<\/p>\n<p>\u00ab\u00a0M\u00eame si des cours se sont donn\u00e9s en virtuel, \u00e7a a \u00e9t\u00e9 difficile. \u00c0 l&rsquo;OM, on s&rsquo;est dit que c&rsquo;\u00e9tait important de faire le <strong>Concours OMNI<\/strong>, cette ann\u00e9e, co\u00fbte que co\u00fbte, pour au moins donner un but \u00e0 atteindre, une motivation pour ces jeunes. C&rsquo;est pour cela qu&rsquo;on a d\u00e9cid\u00e9 de faire une formule virtuelle, mais de la bonifier avec d&rsquo;autres exp\u00e9riences pour rendre cela encore plus int\u00e9ressant. Et comme c&rsquo;est virtuel, cela nous a permis, cette ann\u00e9e, d&rsquo;avoir des inscriptions de partout au Qu\u00e9bec. On a des jeunes de Val d&rsquo;Or et de Rimouski, entre autres.\u00a0\u00bb<\/p>\n<p>Les jeunes participants envoie donc une vid\u00e9o de leur prestation tourn\u00e9e \u00e0 la maison. \u00c0 la fin mai, un \u00e9v\u00e9nement virtuel permettra au public de voir la diffusion des vid\u00e9os de tous les participants qui le souhaitent, sur la <a href=\"https:\/\/www.youtube.com\/user\/OrchestreMetro\" target=\"_blank\" rel=\"noopener\">cha\u00eene YouTube de l&rsquo;Orchestre M\u00e9tropolitain.\u00a0<\/a><\/p>\n<p>De plus, pendant tout le mois de mai, les concurrents ont la possibilit\u00e9 de rencontrer les musiciens de l&rsquo;OM gr\u00e2ce \u00e0 des ateliers virtuels, par instruments.<\/p>\n<p>Au-del\u00e0 du concours, l&rsquo;<strong>Orchestre M\u00e9tropolitain<\/strong> souhaite soutenir la pers\u00e9v\u00e9rance des participants au <strong>Concours OMNI<\/strong> en leur offrant notamment l&rsquo;occasion de se produire en public lors des Pr\u00e9ludes, les prestations pr\u00e9-concerts de l&rsquo;OM, qui ont \u00e9t\u00e9 pr\u00e9sent\u00e9es, cette ann\u00e9e, juste avant les webdiffusions des concerts de l&rsquo;orchestre. Pour ce faire, des sessions d&rsquo;enregistrement avaient \u00e9t\u00e9 organis\u00e9es au foyer Allegro de la Maison symphonique.<\/p>\n<p>\u00ab\u00a0\u00c7a s&rsquo;inscrit dans tout notre programme pour la rel\u00e8ve. On garde les contacts avec les participants et on ne les laisse pas tomber. Vous avez poursuivi votre pratique de votre instrument, on veut continuer \u00e0 vous entendre.\u00a0\u00bb<\/p>\n<p>La laur\u00e9ate de l&rsquo;\u00e9dition 2019, la fl\u00fbtiste <strong>Ka\u00efla Stephanos<\/strong>, a m\u00eame \u00e9t\u00e9 soliste du concert jeunesse <em>\u00c7a grouille \u00e0 l&rsquo;orchestre: g\u00e9nial!<\/em> sur la th\u00e9matique des insectes, en f\u00e9vrier dernier.<\/p>\n<h2>Les prix du Concours OMNI<\/h2>\n<p>Gr\u00e2ce \u00e0 ses g\u00e9n\u00e9reux partenaires, le Concours OMNI 2021 remettra de nombreux prix, soit pour chaque cat\u00e9gorie d&rsquo;\u00e2ge, mais aussi les Grands Prix suivants:<\/p>\n<p><strong>Grand Prix Fran\u00e7ois Schubert<\/strong> : Bourse de 5 000 $ attribu\u00e9e au Grand laur\u00e9at de la cat\u00e9gorie 15-17 ans<\/p>\n<p><strong>Prix Hydro-Qu\u00e9bec<\/strong> : Bourse de 2 000 $ attribu\u00e9e au grand laur\u00e9at de la cat\u00e9gorie 12-14 ans<\/p>\n<p><strong>Prix Yannick N\u00e9zet-S\u00e9guin<\/strong> : Bourse de 2 000 $ attribu\u00e9e au grand laur\u00e9at de la cat\u00e9gorie 7-11 ans<\/p>\n<p><a href=\"https:\/\/orchestremetropolitain.com\/fr\/concours-musical-omni\/\" target=\"_blank\" rel=\"noopener\">PLUS DE D\u00c9TAILS SUR LE CONCOURS<\/a><\/p>\n<h2><em>Inscrivez-vous \u00e0 notre infolettre! La musique classique et l&rsquo;op\u00e9ra en 5 minutes, chaque jour<\/em> \u00a0<span style=\"color: #ff0000;\"><a style=\"color: #ff0000;\" href=\"https:\/\/ludwig-van.us9.list-manage.com\/subscribe?u=4f785cb3f9058f2393ccad035&amp;id=b9b160c032\" target=\"_blank\" rel=\"noopener noreferrer\">ICI\u00a0<\/a><\/span><\/h2>\n","protected":false},"excerpt":{"rendered":"<p>Du 28 au 30 mai prochain aura lieu de Concours OMNI de l&rsquo;Orchestre M\u00e9tropolitain, qui en est \u00e0 sa troisi\u00e8me \u00e9dition.\u00a0<\/p>\n","protected":false},"author":51,"featured_media":66683,"comment_status":"open","ping_status":"open","sticky":false,"template":"","format":"standard","meta":{"om_disable_all_campaigns":false,"jetpack_post_was_ever_published":false},"categories":[41122,10956,11009],"tags":[],"yst_prominent_words":[30019,10473,30013,28529,28528,10699,9836,41045,15565,11452,28530],"acf":[],"jetpack_featured_media_url":"https:\/\/www.ludwig-van.com\/montreal\/wp-content\/uploads\/sites\/3\/2021\/05\/OMNI-cover.jpg","jetpack_sharing_enabled":true,"jetpack_shortlink":"https:\/\/wp.me\/p9bdYt-hlw","amp_enabled":true,"_links":{"self":[{"href":"https:\/\/www.ludwig-van.com\/montreal\/wp-json\/wp\/v2\/posts\/66682"}],"collection":[{"href":"https:\/\/www.ludwig-van.com\/montreal\/wp-json\/wp\/v2\/posts"}],"about":[{"href":"https:\/\/www.ludwig-van.com\/montreal\/wp-json\/wp\/v2\/types\/post"}],"author":[{"embeddable":true,"href":"https:\/\/www.ludwig-van.com\/montreal\/wp-json\/wp\/v2\/users\/51"}],"replies":[{"embeddable":true,"href":"https:\/\/www.ludwig-van.com\/montreal\/wp-json\/wp\/v2\/comments?post=66682"}],"version-history":[{"count":1,"href":"https:\/\/www.ludwig-van.com\/montreal\/wp-json\/wp\/v2\/posts\/66682\/revisions"}],"predecessor-version":[{"id":66684,"href":"https:\/\/www.ludwig-van.com\/montreal\/wp-json\/wp\/v2\/posts\/66682\/revisions\/66684"}],"wp:featuredmedia":[{"embeddable":true,"href":"https:\/\/www.ludwig-van.com\/montreal\/wp-json\/wp\/v2\/media\/66683"}],"wp:attachment":[{"href":"https:\/\/www.ludwig-van.com\/montreal\/wp-json\/wp\/v2\/media?parent=66682"}],"wp:term":[{"taxonomy":"category","embeddable":true,"href":"https:\/\/www.ludwig-van.com\/montreal\/wp-json\/wp\/v2\/categories?post=66682"},{"taxonomy":"post_tag","embeddable":true,"href":"https:\/\/www.ludwig-van.com\/montreal\/wp-json\/wp\/v2\/tags?post=66682"},{"taxonomy":"yst_prominent_words","embeddable":true,"href":"https:\/\/www.ludwig-van.com\/montreal\/wp-json\/wp\/v2\/yst_prominent_words?post=66682"}],"curies":[{"name":"wp","href":"https:\/\/api.w.org\/{rel}","templated":true}]}}