{"id":66554,"date":"2021-04-27T07:07:55","date_gmt":"2021-04-27T11:07:55","guid":{"rendered":"https:\/\/www.ludwig-van.com\/montreal\/?p=66554"},"modified":"2021-04-27T11:47:20","modified_gmt":"2021-04-27T15:47:20","slug":"compte-rendu-cmim-russe-alexey-trushechkin-se-demarque-jour-1-de-demi-finale","status":"publish","type":"post","link":"https:\/\/www.ludwig-van.com\/montreal\/2021\/04\/27\/compte-rendu-cmim-russe-alexey-trushechkin-se-demarque-jour-1-de-demi-finale\/","title":{"rendered":"COMPTE-RENDU | CMIM: le Russe Alexey Trushechkin se d\u00e9marque au Jour 1 de la demi-finale"},"content":{"rendered":"<figure id=\"attachment_66558\" aria-describedby=\"caption-attachment-66558\" style=\"width: 1200px\" class=\"wp-caption aligncenter\"><img decoding=\"async\" loading=\"lazy\" class=\"size-full wp-image-66558\" src=\"https:\/\/www.ludwig-van.com\/montreal\/wp-content\/uploads\/sites\/3\/2021\/04\/Alexey-Trushechkin.jpg\" alt=\"Alexey-Trushechkin, concurrent de la Russie au Concours musical international de Montr\u00e9al, en demi-finale, 26 avril 2021. (Photo: capture d'\u00e9cran de la webdiffusion)\" width=\"1200\" height=\"628\" \/><figcaption id=\"caption-attachment-66558\" class=\"wp-caption-text\">Alexey-Trushechkin, concurrent de la Russie au Concours musical international de Montr\u00e9al, en demi-finale, 26 avril 2021. (Photo: capture d&rsquo;\u00e9cran de la webdiffusion)<\/figcaption><\/figure>\n<p>Hier se d\u00e9roulait la premi\u00e8re journ\u00e9e d&rsquo;un marathon qui consiste pour nous \u00e0 \u00e9couter 26 r\u00e9citals de 45 minutes, soit pr\u00e8s de vingt heures de piano en quatre jours, sur un \u00e9cran, dans le cadre de la 19e \u00e9dition du <strong>Concours musical international de Montr\u00e9al, Piano 2021<\/strong>, qui se d\u00e9roule jusqu&rsquo;au 14 mai. Compte-rendu de cette premi\u00e8re journ\u00e9e.<\/p>\n<p>Avant d&rsquo;aller plus loin, il est important de noter que tous les concurrents jouent dans d&rsquo;excellentes conditions, puisque le <strong>CMIM<\/strong> a cr\u00e9\u00e9 des partenariats afin que tous puissent jouer sur un piano <strong>Steinway <\/strong>en bon \u00e9tat, dans un lieu dot\u00e9 d&rsquo;une acoustique de qualit\u00e9, avec une captation aussi \u00e9gale sur le plan technique. Personne n&rsquo;est donc d\u00e9favoris\u00e9 \u00e0 cet \u00e9gard, par rapport aux autres.<\/p>\n<p>Sans pouvoir affirmer avec certitude qu&rsquo;il ira en finale, puisqu&rsquo;il nous reste encore \u00e0 \u00e9couter 20 r\u00e9citals (oui!) c&rsquo;est \u00e0 mon avis le Russe <strong>Alexey Truschechkin<\/strong> qui s&rsquo;est d\u00e9marqu\u00e9 des six pianistes entendus hier. Quant aux autres, je ne crois pas que nous aurons l&rsquo;occasion de les r\u00e9entendre en finale. \u00c0 ceux qui seraient tent\u00e9s de dire que mes commentaires sont durs \u00e0 l&rsquo;\u00e9gard de ces jeunes, je r\u00e9pondrai que les critiques font partie de la vie d&rsquo;un artiste qui veut se produire en public.<\/p>\n<p>Repr\u00e9sentant l&rsquo;Ouzb\u00e9kistan, <strong>Tamila Salimdjanova<\/strong>, dont on nous dit dans sa bio qu&rsquo;elle a fait ses d\u00e9buts comme concertiste \u00e0 l&rsquo;\u00e2ge de neuf ans, poss\u00e8de une solide technique et une musicalit\u00e9 certaine, un jeu fluide et un toucher d\u00e9licat. Elle d\u00e9montre aussi une compr\u00e9hension des styles et distingue clairement l&rsquo;interpr\u00e9tation de chaque compositeur (ici Bach, Haydn et Schumann), avec quelques couleurs int\u00e9ressantes dans la <em>Phantasie<\/em>, op. 17 de Schumann. Bien que j&rsquo;aie appr\u00e9ci\u00e9 sa prestation, je doute cependant que tout cela soit suffisant pour lui assurer une place en finale.<\/p>\n<p>Malgr\u00e9 quelques beaux moments (ils en ont tous, forc\u00e9ment, s&rsquo;ils se sont rendus jusque l\u00e0), <strong>Alice Burla<\/strong>, du Canada (repr\u00e9sent\u00e9 cette ann\u00e9e par deux pianistes), s&rsquo;av\u00e8re plut\u00f4t d\u00e9cevante dans l&rsquo;ensemble avec un jeu plut\u00f4t carr\u00e9, assez sec, et faisant preuve de peu d&rsquo;id\u00e9es musicales. Jouant trois des <em>Six pi\u00e8ces<\/em>, d&rsquo;Ern\u0151 Dohn\u00e1nyi, elle ne fait pas vraiment ressortir les effets que l&rsquo;on peut attendre de cette partition. Dommage.<\/p>\n<p>Le Japonais <strong>Ken Nakasako<\/strong>, pour sa part, pr\u00e9sente une sonorit\u00e9 plut\u00f4t mince et un jeu en surface des choses, un manque de sens de la structure dans sa Sonate no 6 en fa majeur (op. 6 no 2) de Beethoven. Ne parlons m\u00eame pas de la Sonate no 18 de Schubert.<\/p>\n<p>En plus de son Pr\u00e9lude et fugue (la mineur, BWV 889) la courageuse <strong>Suah Ye<\/strong> (Cor\u00e9e du Sud), plus jeune des pianistes de la journ\u00e9e, a d\u00e9cid\u00e9 de s&rsquo;attaquer \u00e0 la p\u00e9rilleuse Sonate no 21 <em>Waldstein<\/em> de Beethoven et \u00e0 la <em>Rhapsodie espagnole<\/em> de Liszt, avec de beaux moments et une sonorit\u00e9 nourrie. On voit ici une personne talentueuse qui a travaill\u00e9 fort et qui a du potentiel, mais les concours de piano sont ingrats.<\/p>\n<p><strong>Alexey Trushechkin<\/strong>, de la Russie, joue le Pr\u00e9lude et fugue en do majeur, BWV 846, suivi de la Sonate no 31 de Haydn, et l&rsquo;on se dit: \u00ab\u00a0enfin, quelqu&rsquo;un qui a l&rsquo;air d&rsquo;avoir du plaisir \u00e0 jouer\u00a0\u00bb. Apr\u00e8s la succession de bons \u00e9l\u00e8ves qu&rsquo;on vient d&rsquo;entendre, cela fait du bien.<\/p>\n<p>Avec une tr\u00e8s belle sonorit\u00e9, une conscience de la musique qu&rsquo;il joue, une vraie compr\u00e9hension de ce qu&rsquo;il fait, une pr\u00e9sence constante dans l&rsquo;instant musical, il est int\u00e9ressant du d\u00e9but \u00e0 la fin et j&rsquo;irais volontiers l&rsquo;entendre en r\u00e9cital s&rsquo;il nous revenait. Il encha\u00eene avec l&rsquo;\u00c9tude no 10 op. 25 de Chopin, tr\u00e8s solide, suivie de la Sonate no 9 op. 68 \u00ab\u00a0Messe noire\u00a0\u00bb de Scriabine, qui lui permet d&rsquo;\u00e9laborer ses id\u00e9es et de cr\u00e9er des effets th\u00e9\u00e2traux en exploitant pleinement les possibilit\u00e9s de l&rsquo;instrument, et comme pour nous convaincre davantage de ses capacit\u00e9s, il encha\u00eene avec la premi\u00e8re des \u00c9tudes-tableaux op. 39 de Rachmaninov. Le tout se termine en feu d&rsquo;artifice avec l&rsquo;\u00c9tude no 6 de Liszt d&rsquo;apr\u00e8s Paganini.<\/p>\n<p>Nous venons enfin d&rsquo;entendre un artiste avec une personnalit\u00e9 et un pianiste qui a le niveau pour acc\u00e9der \u00e0 la finale. Le suspense demeure, toutefois, puisqu&rsquo;il nous faut entendre tous les autres avant d&rsquo;avoir une v\u00e9ritable id\u00e9e de ce qui nous attend. Tout peut encore arriver, et ce suspense fait partie des plaisirs des concours.<\/p>\n<p>Malheureusement, on ne peut pas dire autant de bien de son compatriote russe <strong>Dmitry Sin<\/strong>, au jeu assez terne dans la Toccate en mi mineur BWV 914 de Bach, avec quelques fausses notes en prime. Il joue ensuite la difficile Sonate no 3 de Robert Schumann, qui nous donne \u00e0 entendre de beaux moments. Comme cela a \u00e9t\u00e9 le cas pour la majorit\u00e9 de ses comp\u00e9titeurs, qui ont tous du talent, ce ne sera pas suffisant.<\/p>\n<p>On peut encore entendre les prestations de ces concurrents <a href=\"https:\/\/concoursmontreal.ca\/fr\/webdiffusion\/\" target=\"_blank\" rel=\"noopener\">sur le site du CMIM.\u00a0<\/a><\/p>\n<p>Aujourd&rsquo;hui, mardi 27 avril, nous \u00e9couterons les concurrents du 2e jour de cette demi-finale. Lisez nos commentaires sur cette deuxi\u00e8me journ\u00e9e demain matin, vers 7 h.<\/p>\n<p><strong>Horaire du 27 avril:\u00a0<\/strong><\/p>\n<p><strong>27 avril<\/strong><\/p>\n<p>10 h \u2013 Dimitri Malignan (France)<br \/>\n11 h \u2013 Stephanie Tang (\u00c9tats-Unis)<br \/>\n12 h \u2013 Yeontaek Oh (Cor\u00e9e du Sud)<br \/>\n14 h \u2013 Su Yeon Kim (Cor\u00e9e du Sud)<br \/>\n15 h \u2013 Francesco Granata (Italie)<br \/>\n16 h \u2013 Joon Yoon (Cor\u00e9e du Sud)<\/p>\n<p><a href=\"https:\/\/concoursmontreal.ca\/fr\/webdiffusion\/\" target=\"_blank\" rel=\"noopener\">POUR \u00c9COUTER LA DEMI-FINALE<\/a><\/p>\n<h2><em>Inscrivez-vous \u00e0 notre infolettre! La musique classique et l&rsquo;op\u00e9ra en 5 minutes, chaque jour<\/em> \u00a0<span style=\"color: #ff0000;\"><a style=\"color: #ff0000;\" href=\"https:\/\/ludwig-van.us9.list-manage.com\/subscribe?u=4f785cb3f9058f2393ccad035&amp;id=b9b160c032\" target=\"_blank\" rel=\"noopener noreferrer\">ICI\u00a0<\/a><\/span><\/h2>\n","protected":false},"excerpt":{"rendered":"<p>Hier se d\u00e9roulait la premi\u00e8re journ\u00e9e d&rsquo;un marathon qui consiste pour nous \u00e0 \u00e9couter 26 r\u00e9citals de 45 minutes, soit pr\u00e8s de vingt heures de piano, sur \u00e9cran, dans le cadre de la 19e \u00e9dition du Concours musical international de Montr\u00e9al, Piano 2021, qui se d\u00e9roule jusqu&rsquo;au 14 mai. Compte-rendu de cette premi\u00e8re journ\u00e9e.\u00a0<\/p>\n","protected":false},"author":51,"featured_media":66558,"comment_status":"open","ping_status":"open","sticky":false,"template":"","format":"standard","meta":{"om_disable_all_campaigns":false,"jetpack_post_was_ever_published":false},"categories":[41122,52,47],"tags":[41124,41962,4839,6468],"yst_prominent_words":[20664,39056,10473,10703,10698,10696,12028,10701,13661,10702,10697,10058,21398,10000,7141,13660,10059,16233],"acf":[],"jetpack_featured_media_url":"https:\/\/www.ludwig-van.com\/montreal\/wp-content\/uploads\/sites\/3\/2021\/04\/Alexey-Trushechkin.jpg","jetpack_sharing_enabled":true,"jetpack_shortlink":"https:\/\/wp.me\/p9bdYt-hjs","amp_enabled":true,"_links":{"self":[{"href":"https:\/\/www.ludwig-van.com\/montreal\/wp-json\/wp\/v2\/posts\/66554"}],"collection":[{"href":"https:\/\/www.ludwig-van.com\/montreal\/wp-json\/wp\/v2\/posts"}],"about":[{"href":"https:\/\/www.ludwig-van.com\/montreal\/wp-json\/wp\/v2\/types\/post"}],"author":[{"embeddable":true,"href":"https:\/\/www.ludwig-van.com\/montreal\/wp-json\/wp\/v2\/users\/51"}],"replies":[{"embeddable":true,"href":"https:\/\/www.ludwig-van.com\/montreal\/wp-json\/wp\/v2\/comments?post=66554"}],"version-history":[{"count":10,"href":"https:\/\/www.ludwig-van.com\/montreal\/wp-json\/wp\/v2\/posts\/66554\/revisions"}],"predecessor-version":[{"id":66565,"href":"https:\/\/www.ludwig-van.com\/montreal\/wp-json\/wp\/v2\/posts\/66554\/revisions\/66565"}],"wp:featuredmedia":[{"embeddable":true,"href":"https:\/\/www.ludwig-van.com\/montreal\/wp-json\/wp\/v2\/media\/66558"}],"wp:attachment":[{"href":"https:\/\/www.ludwig-van.com\/montreal\/wp-json\/wp\/v2\/media?parent=66554"}],"wp:term":[{"taxonomy":"category","embeddable":true,"href":"https:\/\/www.ludwig-van.com\/montreal\/wp-json\/wp\/v2\/categories?post=66554"},{"taxonomy":"post_tag","embeddable":true,"href":"https:\/\/www.ludwig-van.com\/montreal\/wp-json\/wp\/v2\/tags?post=66554"},{"taxonomy":"yst_prominent_words","embeddable":true,"href":"https:\/\/www.ludwig-van.com\/montreal\/wp-json\/wp\/v2\/yst_prominent_words?post=66554"}],"curies":[{"name":"wp","href":"https:\/\/api.w.org\/{rel}","templated":true}]}}