{"id":66546,"date":"2021-04-26T13:57:50","date_gmt":"2021-04-26T17:57:50","guid":{"rendered":"https:\/\/www.ludwig-van.com\/montreal\/?p=66546"},"modified":"2021-04-26T14:05:39","modified_gmt":"2021-04-26T18:05:39","slug":"communaute-lvm-le-concours-musical-international-de-montreal-presente-son-edition-piano-2021-en-ligne-et-gratuite-du-26-avril-au-14-mai-2021","status":"publish","type":"post","link":"https:\/\/www.ludwig-van.com\/montreal\/2021\/04\/26\/communaute-lvm-le-concours-musical-international-de-montreal-presente-son-edition-piano-2021-en-ligne-et-gratuite-du-26-avril-au-14-mai-2021\/","title":{"rendered":"COMMUNAUT\u00c9 LVM | Le Concours musical international de Montr\u00e9al pr\u00e9sente son \u00e9dition Piano 2021 en ligne et gratuite du 26 avril au 14 mai 2021"},"content":{"rendered":"<p style=\"text-align: center;\"><img decoding=\"async\" loading=\"lazy\" class=\"aligncenter size-full wp-image-66547\" src=\"https:\/\/www.ludwig-van.com\/montreal\/wp-content\/uploads\/sites\/3\/2021\/04\/CMIM-cover.jpg\" alt=\"\" width=\"1200\" height=\"628\" \/><\/p>\n<h1 style=\"text-align: center;\"><del>Un message du Concours musical international de Montr\u00e9al<\/del><\/h1>\n<p><strong>Montr\u00e9al, le 21 avril 2021<\/strong> &#8211; Du 26 avril au 14 mai, le <strong>Concours musical international de Montr\u00e9al<\/strong> (CMIM) tiendra son \u00e9dition annuelle dans un format enti\u00e8rement virtuel et gratuit. Cette ann\u00e9e, le piano est \u00e0 l\u2019honneur! On d\u00e9couvrira avec \u00e9motion les jeunes pianistes, d\u00e9j\u00e0 s\u00e9lectionn\u00e9s l\u2019an pass\u00e9 parmi 229 candidatures re\u00e7ues pour l\u2019\u00e9dition 2020 et ayant d\u00fb \u00eatre report\u00e9e en raison de la COVID-19. Les concurrents de la 19e \u00e9dition sont \u00e2g\u00e9s entre 21 et 30 ans et repr\u00e9sentent 11 pays diff\u00e9rents, dont le Canada, la Chine, la France, l&rsquo;Italie, le Japon, la Pologne, la Roumanie, la Russie, la Cor\u00e9e du Sud, les \u00c9tats-Unis et l&rsquo;Ouzb\u00e9kistan. La liste des concurrents ainsi que leur biographie et leurs programmes respectifs sont disponibles au www.concoursmontreal.ca.<\/p>\n<h3>Le CMIM n\u2019aura jamais \u00e9t\u00e9 aussi international<\/h3>\n<p>Les pianistes rivaliseront en deux \u00e9preuves. Cette ann\u00e9e, les vingt-six r\u00e9citals de la demi-finale et les huit r\u00e9citals de l\u2019\u00e9preuve finale sont enregistr\u00e9s de par le monde, dans des conditions professionnelles. Pour maintenir l&rsquo;int\u00e9grit\u00e9 et la coh\u00e9rence des enregistrements, le CMIM a d\u2019ailleurs soigneusement choisi quinze salles de concert \u00e0 travers le monde dans lesquelles les artistes se produiront sur des pianos 9 pieds Steinway &amp; Sons, mod\u00e8le D. Les \u00e9quipes internationales enregistreront les \u00e9preuves en une seule prise en respectant le m\u00eame ensemble de r\u00e8gles concernant l\u2019emplacement des microphones et des cam\u00e9ras.<\/p>\n<p>La demi-finale, la finale et les classes de Ma\u00eetre, en plus de plusieurs enregistrements in\u00e9dits, seront disponibles pour une \u00e9coute gratuite et \u00e0 la demande au www.concoursmontreal.ca.<\/p>\n<p>Pr\u00e9sid\u00e9 par Zarin Mehta, le jury de cette 19e \u00e9dition r\u00e9unit \u2013 virtuellement, depuis trois continents \u2013 neuf jur\u00e9s prestigieux dont Arnaldo Cohen (\u00c9tats-Unis), Martin Engstroem (Su\u00e8de), Till Fellner (Autriche), Mari Kodama (Japon), H\u00e9l\u00e8ne Mercier (Canada), Costa Pilavachi (Canada), Charles Richard-Hamelin (Canada), Rena Shereshevskaya (Russie) et Susan Wadsworth (\u00c9tats-Unis). Le public est \u00e9galement invit\u00e9 \u00e0 voter sur le site du CMIM pour le r\u00e9cipiendaire du Prix du public ICI Musique de 5 000 $.<\/p>\n<h3>Une somme record en prix et bourses<\/h3>\n<p>Le CMIM remettra cette ann\u00e9e une somme record de 235 000 $ en prix et bourses aux laur\u00e9ats et gagnants. En plus d&rsquo;un grand prix de 30 000 $ de la Ville de Montr\u00e9al et de la Bourse de d\u00e9veloppement de carri\u00e8re Joseph Rouleau de 50 000 $ offerte par la Fondation Azrieli, le laur\u00e9at du premier prix se verra \u00e9galement offrir la Tourn\u00e9e du vainqueur Normand-Beauchamp dans trois villes nord-am\u00e9ricaines, une r\u00e9sidence artistique au Centre des arts de Banff, un concerto avec l&rsquo;Orchestre symphonique de Montr\u00e9al au cours d\u2019une saison \u00e0 venir et un enregistrement d&rsquo;album solo sous \u00e9tiquette Steinway &amp; Sons avec lancement au Steinway Hall de New York.<\/p>\n<h3>Horaire de diffusion<\/h3>\n<p>Les 26 r\u00e9citals de 45 minutes pr\u00e9sent\u00e9s en ronde de demi-finale seront diffus\u00e9s au cours de neuf sessions (trois r\u00e9citals par session) du 26 au 29 avril \u00e0 10 h et 14 h HE et le 30 avril \u00e0 10 h HE et diffus\u00e9s \u00e0 la demande par la suite.<\/p>\n<p>Les huit finalistes seront annonc\u00e9s le vendredi 30 avril \u00e0 14 h HE. Ces huit concurrents enregistreront par la suite un r\u00e9cital de 60 minutes chacun, lesquels seront diffus\u00e9s en quatre sessions de deux r\u00e9citals du 10 au 13 mai \u00e0 10 h HE. L&rsquo;annonce des r\u00e9sultats finaux aura lieu en direct de Montr\u00e9al le vendredi 14 mai \u00e0 10 h HE. Le CMIM invite les passionn\u00e9s de musique \u00e0 s\u2019abonner \u00e0 la page www.facebook.com\/CMIMontreal pour visionner les d\u00e9voilements en direct et conna\u00eetre les derni\u00e8res nouvelles du concours en primeur, et \u00e0 suivre tout le Concours sur son site Web ou sur le site des partenaires de cette \u00e9dition exceptionnelle.<\/p>\n<h3>\u00c0 propos du Concours Musical International de Montr\u00e9al<\/h3>\n<p>Consid\u00e9r\u00e9 comme l\u2019un des plus prestigieux concours musical au monde, le CMIM se tient annuellement et pr\u00e9sente en alternance sur un cycle de trois ans. Depuis sa cr\u00e9ation en 2001, le Concours vise \u00e0 stimuler l\u2019\u00e9mergence des jeunes musiciens se destinant \u00e0 une carri\u00e8re professionnelle et \u00e0 favoriser leur rayonnement aupr\u00e8s de la communaut\u00e9 artistique internationale tout en rendant la musique classique accessible au plus grand nombre. Le CMIM compte plusieurs laur\u00e9ats notables, dont Measha Brueggergosman, Philippe Sly, Benjamin Beilman, Beatrice Rana, Angela Meade et Charles Richard-Hamelin.<\/p>\n<p>Tous les d\u00e9tails \u00e0 : <a href=\"https:\/\/concoursmontreal.ca\/fr\/\" target=\"_blank\" rel=\"noopener\">concoursmontreal.ca<\/a><\/p>\n<p><em>La publication d&rsquo;articles et de communiqu\u00e9s en collaboration avec les organismes tels que celui-ci est r\u00e9serv\u00e9e aux membres de Ludwig van Montr\u00e9al. Pour savoir comment devenir membre, \u00e9crivez-nous \u00e0 caroline@ludwig-van.com\u00a0<\/em><\/p>\n<h2><em>Inscrivez-vous \u00e0 notre infolettre! La musique classique et l&rsquo;op\u00e9ra en 5 minutes, chaque jour<\/em> \u00a0<span style=\"color: #ff0000;\"><a style=\"color: #ff0000;\" href=\"https:\/\/ludwig-van.us9.list-manage.com\/subscribe?u=4f785cb3f9058f2393ccad035&amp;id=b9b160c032\" target=\"_blank\" rel=\"noopener noreferrer\">ICI\u00a0<\/a><\/span><\/h2>\n","protected":false},"excerpt":{"rendered":"<p>Du 26 avril au 14 mai, le Concours musical international de Montr\u00e9al (CMIM) tiendra son \u00e9dition annuelle dans un format enti\u00e8rement virtuel et gratuit. Cette ann\u00e9e, le piano est \u00e0 l\u2019honneur!<\/p>\n","protected":false},"author":1,"featured_media":66547,"comment_status":"open","ping_status":"open","sticky":false,"template":"","format":"standard","meta":{"om_disable_all_campaigns":false,"jetpack_post_was_ever_published":false},"categories":[41122,10956,13504],"tags":[],"yst_prominent_words":[14144,41237,41233,41224,9966,10703,10698,10696,10701,41234,41225,10702,10697,23378,20235],"acf":[],"jetpack_featured_media_url":"https:\/\/www.ludwig-van.com\/montreal\/wp-content\/uploads\/sites\/3\/2021\/04\/CMIM-cover.jpg","jetpack_sharing_enabled":true,"jetpack_shortlink":"https:\/\/wp.me\/p9bdYt-hjk","amp_enabled":true,"_links":{"self":[{"href":"https:\/\/www.ludwig-van.com\/montreal\/wp-json\/wp\/v2\/posts\/66546"}],"collection":[{"href":"https:\/\/www.ludwig-van.com\/montreal\/wp-json\/wp\/v2\/posts"}],"about":[{"href":"https:\/\/www.ludwig-van.com\/montreal\/wp-json\/wp\/v2\/types\/post"}],"author":[{"embeddable":true,"href":"https:\/\/www.ludwig-van.com\/montreal\/wp-json\/wp\/v2\/users\/1"}],"replies":[{"embeddable":true,"href":"https:\/\/www.ludwig-van.com\/montreal\/wp-json\/wp\/v2\/comments?post=66546"}],"version-history":[{"count":6,"href":"https:\/\/www.ludwig-van.com\/montreal\/wp-json\/wp\/v2\/posts\/66546\/revisions"}],"predecessor-version":[{"id":66553,"href":"https:\/\/www.ludwig-van.com\/montreal\/wp-json\/wp\/v2\/posts\/66546\/revisions\/66553"}],"wp:featuredmedia":[{"embeddable":true,"href":"https:\/\/www.ludwig-van.com\/montreal\/wp-json\/wp\/v2\/media\/66547"}],"wp:attachment":[{"href":"https:\/\/www.ludwig-van.com\/montreal\/wp-json\/wp\/v2\/media?parent=66546"}],"wp:term":[{"taxonomy":"category","embeddable":true,"href":"https:\/\/www.ludwig-van.com\/montreal\/wp-json\/wp\/v2\/categories?post=66546"},{"taxonomy":"post_tag","embeddable":true,"href":"https:\/\/www.ludwig-van.com\/montreal\/wp-json\/wp\/v2\/tags?post=66546"},{"taxonomy":"yst_prominent_words","embeddable":true,"href":"https:\/\/www.ludwig-van.com\/montreal\/wp-json\/wp\/v2\/yst_prominent_words?post=66546"}],"curies":[{"name":"wp","href":"https:\/\/api.w.org\/{rel}","templated":true}]}}