{"id":66537,"date":"2021-04-26T08:50:08","date_gmt":"2021-04-26T12:50:08","guid":{"rendered":"https:\/\/www.ludwig-van.com\/montreal\/?p=66537"},"modified":"2021-04-26T08:50:08","modified_gmt":"2021-04-26T12:50:08","slug":"choix-de-la-redaction-piano-et-cie-les-concerts-de-musique-classique-a-decouvrir-cette-semaine","status":"publish","type":"post","link":"https:\/\/www.ludwig-van.com\/montreal\/2021\/04\/26\/choix-de-la-redaction-piano-et-cie-les-concerts-de-musique-classique-a-decouvrir-cette-semaine\/","title":{"rendered":"CHOIX DE LA R\u00c9DACTION | Piano et Cie: les concerts de musique classique \u00e0 d\u00e9couvrir cette semaine"},"content":{"rendered":"<figure id=\"attachment_66540\" aria-describedby=\"caption-attachment-66540\" style=\"width: 1200px\" class=\"wp-caption aligncenter\"><img decoding=\"async\" loading=\"lazy\" class=\"size-full wp-image-66540\" src=\"https:\/\/www.ludwig-van.com\/montreal\/wp-content\/uploads\/sites\/3\/2021\/04\/Choix-26-avril.jpg\" alt=\"\" width=\"1200\" height=\"628\" \/><figcaption id=\"caption-attachment-66540\" class=\"wp-caption-text\">De gauche \u00e0 droite et de haut en bas: St\u00e9phanie Pothier, Les Bor\u00e9ades, Stefano Andreatta, Jean-Philippe Sylvestre, Bryan Cheng. (Cr\u00e9dits photos: Pierre-\u00c9tienne Bergeron, Hugo Lefort, Brent Calis, FIHL, Harald Hoffmann)<\/figcaption><\/figure>\n<p>Cette semaine, le piano domine notre agenda musical avec les demi-finales du <strong>Concours musical international de Montr\u00e9al<\/strong>, qui commencent aujourd&rsquo;hui, et plusieurs pianistes invit\u00e9s aux programmes d nos organismes locaux. Fait remarquable: deux cheffes d&rsquo;orchestres sont au podium de nos orchestres cette semaine, soit la finlando-ukrainienne <strong>Dalia Stasevska<\/strong> \u00e0 l&rsquo;<strong>OSM<\/strong> et la cubaine <strong>Cosette Justo Vald\u00e9s<\/strong> chez<strong> I Musici.\u00a0<\/strong><\/p>\n<p><strong>Voici nos Choix de la r\u00e9daction en musique classique du 26 avril au 2 mai 2021.\u00a0\u00a0<\/strong><\/p>\n<p>&nbsp;<\/p>\n<figure id=\"attachment_66524\" aria-describedby=\"caption-attachment-66524\" style=\"width: 1200px\" class=\"wp-caption aligncenter\"><img decoding=\"async\" loading=\"lazy\" class=\"size-full wp-image-66524\" src=\"https:\/\/www.ludwig-van.com\/montreal\/wp-content\/uploads\/sites\/3\/2017\/09\/Stefano-Andreatta-cr-Brent-Calis.jpg\" alt=\"\" width=\"1200\" height=\"800\" \/><figcaption id=\"caption-attachment-66524\" class=\"wp-caption-text\">Stefano Andreatta, 3eme prix du CMIM, Piano 2017. (Photo: Brent Calis)<\/figcaption><\/figure>\n<h2>Demi-finales du CMIM<\/h2>\n<p>Le <strong>Concours musical international de Montr\u00e9al<\/strong> lance ses demi-finales <strong>aujourd&rsquo;hui, lundi 26 avril, 10 h<\/strong>, avec les premiers d&rsquo;une s\u00e9rie de 26 r\u00e9citals de 45 minutes chacun. Les \u00e9preuves sont \u00e0 pr\u00e9sent\u00e9es <a href=\"https:\/\/concoursmontreal.ca\/fr\/webdiffusion\/\" target=\"_blank\" rel=\"noopener\">sur le site du CMIM<\/a> de 10 h \u00e0 17 h (d\u00e9but du dernier r\u00e9cital \u00e0 16 h), de lundi \u00e0 jeudi, et vendredi, de 10 h \u00e0 midi. \u00c0 signaler: deux concurrents canadiens participent aux demi-finales cette ann\u00e9e, soit <strong>Alice Burla<\/strong>, que l&rsquo;on pourra entendre aujourd&rsquo;hui, \u00e0 11 h, et <strong>Kevin Ahfat<\/strong>, qui jouera le mercredi 28, \u00e0 15 h. Chez Ludwig van Montr\u00e9al, nous suivrons le concours avec int\u00e9r\u00eat et nous ferons part de nos impressions. <a href=\"https:\/\/concoursmontreal.ca\/fr\/webdiffusion\/\" target=\"_blank\" rel=\"noopener\">SUIVRE LES DEMI-FINALES DU CMIM<\/a><\/p>\n<p>&nbsp;<\/p>\n<figure id=\"attachment_54108\" aria-describedby=\"caption-attachment-54108\" style=\"width: 1024px\" class=\"wp-caption aligncenter\"><img decoding=\"async\" loading=\"lazy\" class=\"size-full wp-image-54108\" src=\"https:\/\/www.ludwig-van.com\/montreal\/wp-content\/uploads\/sites\/3\/2018\/05\/Jean-philippe-Sylvestre-c-FIHL.jpg\" alt=\"Jean philippe Sylvestre\" width=\"1024\" height=\"681\" srcset=\"https:\/\/www.ludwig-van.com\/montreal\/wp-content\/uploads\/sites\/3\/2018\/05\/Jean-philippe-Sylvestre-c-FIHL.jpg 1024w, https:\/\/www.ludwig-van.com\/montreal\/wp-content\/uploads\/sites\/3\/2018\/05\/Jean-philippe-Sylvestre-c-FIHL-300x200.jpg 300w, https:\/\/www.ludwig-van.com\/montreal\/wp-content\/uploads\/sites\/3\/2018\/05\/Jean-philippe-Sylvestre-c-FIHL-768x511.jpg 768w\" sizes=\"(max-width: 1024px) 100vw, 1024px\" \/><figcaption id=\"caption-attachment-54108\" class=\"wp-caption-text\">Jean-Philippe Sylvestre, pianiste. (Photo: FIHL)<\/figcaption><\/figure>\n<h2>Jean-Philippe Sylvestre \u00e0 l&rsquo;OCM<\/h2>\n<p>Le virtuose qu\u00e9b\u00e9cois <strong>Jean-Philippe Sylvestre<\/strong> est l&rsquo;invit\u00e9 de l&rsquo;<strong>Orchestre classique de Montr\u00e9al<\/strong>, cette semaine, dans le Concerto pour piano no 23, K. 488 de Mozart. Du m\u00eame compositeur, on entendra aussi le Divertimento en r\u00e9 majeur, K. 136, et une d\u00e9couverte est au programme, avec la Symphonie concertante en sol majeur, op. 13, du Chevalier de Saint-Georges. Un concert enregistr\u00e9 \u00e0 la salle Pierre-Mercure mardi apr\u00e8s-midi, pr\u00e9sent\u00e9 en webdiffusion \u00e0 compter de <strong>mardi soir, 27 avril, 19h30, et disponible jusqu&rsquo;au 11 mai.<\/strong> <a href=\"https:\/\/orchestre.ca\/tout-mozart\/\" target=\"_blank\" rel=\"noopener\">D\u00c9TAILS ET BILLETS<\/a><\/p>\n<p>&nbsp;<\/p>\n<figure id=\"attachment_64743\" aria-describedby=\"caption-attachment-64743\" style=\"width: 1366px\" class=\"wp-caption aligncenter\"><img decoding=\"async\" loading=\"lazy\" class=\"size-full wp-image-64743\" src=\"https:\/\/www.ludwig-van.com\/montreal\/wp-content\/uploads\/sites\/3\/2020\/06\/Brian-Cheng.jpg\" alt=\"\" width=\"1366\" height=\"2048\" srcset=\"https:\/\/www.ludwig-van.com\/montreal\/wp-content\/uploads\/sites\/3\/2020\/06\/Brian-Cheng.jpg 1366w, https:\/\/www.ludwig-van.com\/montreal\/wp-content\/uploads\/sites\/3\/2020\/06\/Brian-Cheng-200x300.jpg 200w, https:\/\/www.ludwig-van.com\/montreal\/wp-content\/uploads\/sites\/3\/2020\/06\/Brian-Cheng-683x1024.jpg 683w, https:\/\/www.ludwig-van.com\/montreal\/wp-content\/uploads\/sites\/3\/2020\/06\/Brian-Cheng-768x1151.jpg 768w, https:\/\/www.ludwig-van.com\/montreal\/wp-content\/uploads\/sites\/3\/2020\/06\/Brian-Cheng-1025x1536.jpg 1025w\" sizes=\"(max-width: 1366px) 100vw, 1366px\" \/><figcaption id=\"caption-attachment-64743\" class=\"wp-caption-text\">Brian Cheng, violoncelliste. (Photo: Harald Hoffmann)<\/figcaption><\/figure>\n<h2>Webdiffusions \u00e0 l&rsquo;OSM: Bryan Cheng et concert \u00ab\u00a0magique\u00a0\u00bb<\/h2>\n<p>Le laur\u00e9at du Concours OSM 2019, <strong>Bryan Cheng<\/strong>, violoncelliste, interpr\u00e8te les Variations Rococo de Tcha\u00efkovski, sous la direction de la cheffe <strong>Dalia Stasevska,\u00a0<\/strong>qui dirige \u00e9galement la Symphonie no 3 de Sibelius, dans un concert webdiffus\u00e9 du 27 avril au 11 mai. <a href=\"https:\/\/www.osm.ca\/fr\/concerts\/aurores-boreales-dalia-stasevska-dirige-tchaikovski-et-sibelius\/\" target=\"_blank\" rel=\"noopener\">D\u00c9TAILS ET BILLETS<\/a><\/p>\n<p>De plus, le concert \u00e0 la fois b\u00e9n\u00e9fice et familial \u00ab\u00a0Magie symphonique\u00a0\u00bb de l&rsquo;OSM est aussi disponible en webdiffusion, depuis hier, et ce jusqu&rsquo;au 28 avril. Un programme de pi\u00e8ces agr\u00e9ables et de num\u00e9ros de magie con\u00e7u pour les 5 \u00e0 12 ans. <a href=\"https:\/\/www.osm.ca\/fr\/concerts\/evenement-benefice-magie-symphonique\/\" target=\"_blank\" rel=\"noopener\">D\u00c9TAILS ET BILLETS<\/a><\/p>\n<p>&nbsp;<\/p>\n<figure id=\"attachment_66538\" aria-describedby=\"caption-attachment-66538\" style=\"width: 1200px\" class=\"wp-caption aligncenter\"><img decoding=\"async\" loading=\"lazy\" class=\"size-full wp-image-66538\" src=\"https:\/\/www.ludwig-van.com\/montreal\/wp-content\/uploads\/sites\/3\/2021\/04\/SPothier_N6A8280CreditPierreEtienneBergeronCROP2.jpg\" alt=\"St\u00e9phanie Pothier, mezzo-soprano. (Photo: Pierre-\u00c9tienne Bergeron)\" width=\"1200\" height=\"1502\" \/><figcaption id=\"caption-attachment-66538\" class=\"wp-caption-text\">St\u00e9phanie Pothier, mezzo-soprano. (Photo: Pierre-\u00c9tienne Bergeron)<\/figcaption><\/figure>\n<h2>Concert multim\u00e9dia sur Camille Claudel<\/h2>\n<p><strong>St\u00e9phanie Pothier<\/strong>, mezzo-soprano, s&rsquo;est int\u00e9ress\u00e9e depuis quelques ann\u00e9es aux arts visuels et elle a fond\u00e9 le Projet ClairObscur, qui propose divers projets multim\u00e9dias associ\u00e9s \u00e0 la musique. Fruit de ce travail, le concert <strong><em>Camille Claudel, dans l\u2019ombre du g\u00e9ant<\/em><\/strong>, sera pr\u00e9sent\u00e9 deux fois \u00e0 la salle Bourgie cette semaine. Il associe photographies et \u0153uvres visuelles dans une conception vid\u00e9o originale autour de la sculptrice Camille Claudel, et de la place des cr\u00e9atrices dans l\u2019histoire de l\u2019art, avec projections sur grand \u00e9cran, dans une conception de Julien-Robert. La partie musicale est assur\u00e9e par St\u00e9phanie Pothier dans les Trois chansons de Bilitis, de Debussy, et par le <strong>Quatuor Molinari<\/strong> qui jouera aussi un quatuor de Germaine Tailleferre et Camille Claudel: Into the Fire, de l&rsquo;Am\u00e9ricain <strong>Jake Heggie<\/strong> (que l&rsquo;on connait surtout pour son op\u00e9ra <em>Dead Man Walking)<\/em>. C&rsquo;est pr\u00e9sent\u00e9 deux fois, soit le <strong>mardi 27 et le mercredi 28, \u00e0 17 h 30, devant public \u00e0 la salle Bourgie.<\/strong> <a href=\"https:\/\/www.mbam.qc.ca\/fr\/activites\/camille-claudel-dans-lombre-du-geant\/\" target=\"_blank\" rel=\"noopener\">D\u00c9TAILS ET BILLETS<\/a><\/p>\n<p>&nbsp;<\/p>\n<figure id=\"attachment_48719\" aria-describedby=\"caption-attachment-48719\" style=\"width: 1024px\" class=\"wp-caption aligncenter\"><img decoding=\"async\" loading=\"lazy\" class=\"size-full wp-image-48719\" src=\"https:\/\/www.ludwig-van.com\/montreal\/wp-content\/uploads\/sites\/3\/2017\/10\/LouiseBessette_WEB.jpg\" alt=\"Depuis le d\u00e9but de sa carri\u00e8re, Louise Bessette interpr\u00e8te la musique des compositeurs d'aujourd'hui. (Cr\u00e9dit: Robert Etcheverry)\" width=\"1024\" height=\"719\" srcset=\"https:\/\/www.ludwig-van.com\/montreal\/wp-content\/uploads\/sites\/3\/2017\/10\/LouiseBessette_WEB.jpg 1024w, https:\/\/www.ludwig-van.com\/montreal\/wp-content\/uploads\/sites\/3\/2017\/10\/LouiseBessette_WEB-300x211.jpg 300w, https:\/\/www.ludwig-van.com\/montreal\/wp-content\/uploads\/sites\/3\/2017\/10\/LouiseBessette_WEB-768x539.jpg 768w\" sizes=\"(max-width: 1024px) 100vw, 1024px\" \/><figcaption id=\"caption-attachment-48719\" class=\"wp-caption-text\">Louise Bessette (Cr\u00e9dit: Robert Etcheverry)<\/figcaption><\/figure>\n<h2>Louise Bessette en r\u00e9cital<\/h2>\n<p>L&rsquo;excellente pianiste <strong>Louise Bessette <\/strong>est en r\u00e9cital cette semaine avec un programme tr\u00e8s vari\u00e9, \u00e0 juste titre intitul\u00e9 \u00ab\u00a0Un piano autour du monde\u00a0\u00bb : \u0153uvres de John Adams, Debussy, Liszt, Rozankovic, Piazzolla et Charles Ives, entre autres. <strong>R\u00e9cital devant public, jeudi 29 avril, 17h30, salle Bourgie.<\/strong> <a href=\"https:\/\/www.mbam.qc.ca\/fr\/activites\/louise-bessette-piano---escales-un-piano-autour-du-monde-1\/\" target=\"_blank\" rel=\"noopener\">D\u00c9TAILS ET BILLETS<\/a><\/p>\n<p>&nbsp;<\/p>\n<p style=\"text-align: center;\"><img decoding=\"async\" loading=\"lazy\" class=\"aligncenter size-full wp-image-65930\" src=\"https:\/\/www.ludwig-van.com\/montreal\/wp-content\/uploads\/sites\/3\/2021\/02\/Boh\u00e8me-Havane-Musici.jpg\" alt=\"\" width=\"792\" height=\"495\" srcset=\"https:\/\/www.ludwig-van.com\/montreal\/wp-content\/uploads\/sites\/3\/2021\/02\/Boh\u00e8me-Havane-Musici.jpg 792w, https:\/\/www.ludwig-van.com\/montreal\/wp-content\/uploads\/sites\/3\/2021\/02\/Boh\u00e8me-Havane-Musici-300x188.jpg 300w, https:\/\/www.ludwig-van.com\/montreal\/wp-content\/uploads\/sites\/3\/2021\/02\/Boh\u00e8me-Havane-Musici-768x480.jpg 768w\" sizes=\"(max-width: 792px) 100vw, 792px\" \/><\/p>\n<h2>I Musici: de La Boh\u00e8me \u00e0 La Havane<\/h2>\n<p><strong>I Musici de Montr\u00e9al<\/strong> re\u00e7oit la cheffe d&rsquo;orchestre cubaine <strong>Cosette Justo Vald\u00e9s<\/strong>, qui fait ses d\u00e9buts \u00e0 Montr\u00e9al. Un programme de d\u00e9couvertes avec des oeuvres de compositeurs que l&rsquo;on entend assez rarement: Johann Stamitz, Witold Lutoslawski, Josef Suk, Jorge Lopez Marin, et Guido Lopez Guavilan. Un concert en webdiffusion <strong>le 29 avril, 16 h (en direct) et par la suite en diff\u00e9r\u00e9 du 29, 20h30, au 7 mai \u00e0 minuit<\/strong>. <a href=\"https:\/\/imusici.com\/saison-2020-2021\/de-la-boheme-a-la-havane\/\" target=\"_blank\" rel=\"noopener\">D\u00c9TAILS ET BILLETS<\/a><\/p>\n<p>&nbsp;<\/p>\n<figure id=\"attachment_65383\" aria-describedby=\"caption-attachment-65383\" style=\"width: 1200px\" class=\"wp-caption aligncenter\"><img decoding=\"async\" loading=\"lazy\" class=\"size-full wp-image-65383\" src=\"https:\/\/www.ludwig-van.com\/montreal\/wp-content\/uploads\/sites\/3\/2020\/11\/Arion-orchestre-baroque-redim.jpg\" alt=\"\" width=\"1200\" height=\"800\" srcset=\"https:\/\/www.ludwig-van.com\/montreal\/wp-content\/uploads\/sites\/3\/2020\/11\/Arion-orchestre-baroque-redim.jpg 1200w, https:\/\/www.ludwig-van.com\/montreal\/wp-content\/uploads\/sites\/3\/2020\/11\/Arion-orchestre-baroque-redim-300x200.jpg 300w, https:\/\/www.ludwig-van.com\/montreal\/wp-content\/uploads\/sites\/3\/2020\/11\/Arion-orchestre-baroque-redim-1024x683.jpg 1024w, https:\/\/www.ludwig-van.com\/montreal\/wp-content\/uploads\/sites\/3\/2020\/11\/Arion-orchestre-baroque-redim-768x512.jpg 768w\" sizes=\"(max-width: 1200px) 100vw, 1200px\" \/><figcaption id=\"caption-attachment-65383\" class=\"wp-caption-text\">Arion Orchestre Baroque (Photo: courtoisie d&rsquo;Arion)<\/figcaption><\/figure>\n<h2>Arion Baroque: concertos imaginaires<\/h2>\n<p>Je reprends ici les mots d&rsquo;Arion pour vous d\u00e9crire ce concert original: \u00ab\u00a0<em>les musiciens d\u2019Arion Orchestre Baroque se transforment chacun \u00e0 leur tour en solistes, l\u2019espace d\u2019un mouvement, pour cr\u00e9er 6 concertos imaginaires, sous la direction de Mathieu Lussier. 18 musiciens, 18 courtes vignettes assembl\u00e9es en une courtepointe musicale in\u00e9dite<\/em>\u00ab\u00a0. Avec des pi\u00e8ces de Vivaldi, Bach, Telemann, Fasch, Tartini et Graupner. <strong>En salle, le 30 avril, 17h30, et le 2 mai, 14h30.<\/strong> <strong>\u00c9galement disponible en webdiffusion.<\/strong><a href=\"https:\/\/www.arionbaroque.com\/fr\/concertos-imaginaires\" target=\"_blank\" rel=\"noopener\"> D\u00c9TAILS ET BILLETS<\/a><\/p>\n<p>&nbsp;<\/p>\n<figure id=\"attachment_47161\" aria-describedby=\"caption-attachment-47161\" style=\"width: 1024px\" class=\"wp-caption aligncenter\"><img decoding=\"async\" loading=\"lazy\" class=\"size-full wp-image-47161\" src=\"https:\/\/www.ludwig-van.com\/montreal\/wp-content\/uploads\/sites\/3\/2017\/09\/ChapelleHistoriqueduBP.jpg\" alt=\"La Chapelle historique du Bon-Pasteur, salle incontournable pour la musique de chambre \u00e0 Montr\u00e9al. (Photo: courtoisie de la Chapelle)\" width=\"1024\" height=\"768\" srcset=\"https:\/\/www.ludwig-van.com\/montreal\/wp-content\/uploads\/sites\/3\/2017\/09\/ChapelleHistoriqueduBP.jpg 1024w, https:\/\/www.ludwig-van.com\/montreal\/wp-content\/uploads\/sites\/3\/2017\/09\/ChapelleHistoriqueduBP-300x225.jpg 300w, https:\/\/www.ludwig-van.com\/montreal\/wp-content\/uploads\/sites\/3\/2017\/09\/ChapelleHistoriqueduBP-768x576.jpg 768w\" sizes=\"(max-width: 1024px) 100vw, 1024px\" \/><figcaption id=\"caption-attachment-47161\" class=\"wp-caption-text\">La Chapelle historique du Bon-Pasteur, salle incontournable pour la musique de chambre \u00e0 Montr\u00e9al. (Photo: courtoisie de la Chapelle)<\/figcaption><\/figure>\n<h2>Chapelle historique du Bon-Pasteur<\/h2>\n<p>Deux r\u00e9citals nous sont propos\u00e9s \u00e0 la Chapelle historique du Bon-Pasteur, cette semaine. D&rsquo;abord, la deuxi\u00e8me partie de l&rsquo;int\u00e9grale des sonates pour violon et clavecin de Bach avec <strong>Violaine Melan\u00e7on<\/strong> et <strong>Ilya Poletaev<\/strong>, <a href=\"https:\/\/www.facebook.com\/events\/189415366083826\" target=\"_blank\" rel=\"noopener\">jeudi 29 avril, 18 h<\/a>, et ensuite, un quintette \u00e0 vent compos\u00e9 des musiciens de l&rsquo;<strong>Orchestre M\u00e9tropolitain<\/strong> interpr\u00e8te un programme vari\u00e9 incluant des pi\u00e8ces de Brahms, Dvorak et Jacques Ibert, ainsi que des classiques du cin\u00e9ma, <strong>dimanche, 2 mai 15 h<\/strong>, en salle et en webdiffusion. <a href=\"https:\/\/www.facebook.com\/events\/438614294069462\" target=\"_blank\" rel=\"noopener\">D\u00c9TAILS ET BILLETS<\/a><\/p>\n<p>&nbsp;<\/p>\n<figure id=\"attachment_66414\" aria-describedby=\"caption-attachment-66414\" style=\"width: 1200px\" class=\"wp-caption aligncenter\"><img decoding=\"async\" loading=\"lazy\" class=\"size-full wp-image-66414\" src=\"https:\/\/www.ludwig-van.com\/montreal\/wp-content\/uploads\/sites\/3\/2021\/04\/OM-critique-YNS-piano-cover.jpg\" alt=\"Yannick N\u00e9zet-S\u00e9guin faisait ses d\u00e9buts comme soliste avec l'OM, le 11 avril 2021. (Photo: Antoine Saito)\" width=\"1200\" height=\"628\" \/><figcaption id=\"caption-attachment-66414\" class=\"wp-caption-text\">Yannick N\u00e9zet-S\u00e9guin faisait ses d\u00e9buts comme soliste avec l&rsquo;OM, le 11 avril 2021. (Photo: Antoine Saito)<\/figcaption><\/figure>\n<h2>Yannick N\u00e9zet-S\u00e9guin au piano avec l&rsquo;OM: la webdiffusion<\/h2>\n<p>Si vous n&rsquo;avez pas eu la chance d&rsquo;entendre ce magnifique concert dont je vous ai pr\u00e9sent\u00e9 le compte-rendu il y a deux semaines, voici l&rsquo;occasion de vous reprendre puisqu&rsquo;il sera disponible en webdiffusion du 30 avril au 9 mai. Le chef d&rsquo;orchestre y fait ses d\u00e9buts comme soliste tout en dirigeant l&rsquo;<strong>Orchestre M\u00e9tropolitain<\/strong> dans le Concerto no 12 de Mozart en premi\u00e8re partie, et dirige la Symphonie no 3 de Brahms en deuxi\u00e8me partie. Un beau moment de musique que je vous recommande. <a href=\"https:\/\/orchestremetropolitain.com\/fr\/concert\/du-piano-au-podium\/\" target=\"_blank\" rel=\"noopener\">D\u00c9TAILS ET BILLETS<\/a><\/p>\n<p><a href=\"https:\/\/www.ludwig-van.com\/montreal\/2021\/04\/12\/critique-orchestre-metropolitain-yannick-au-piano-et-le-plaisir-de-faire-de-la-musique-ensemble\/\" target=\"_blank\" rel=\"noopener\">LISEZ NOTRE CRITIQUE DE CE CONCERT<\/a><\/p>\n<p>&nbsp;<\/p>\n<figure id=\"attachment_56308\" aria-describedby=\"caption-attachment-56308\" style=\"width: 1024px\" class=\"wp-caption aligncenter\"><img decoding=\"async\" loading=\"lazy\" class=\"size-full wp-image-56308\" src=\"https:\/\/www.ludwig-van.com\/montreal\/wp-content\/uploads\/sites\/3\/2017\/10\/boreades-1I8A0998-photo-Hugo-Lefort.jpg\" alt=\"Les Bor\u00e9ades. (Photo: Hugo Lefort)\" width=\"1024\" height=\"683\" srcset=\"https:\/\/www.ludwig-van.com\/montreal\/wp-content\/uploads\/sites\/3\/2017\/10\/boreades-1I8A0998-photo-Hugo-Lefort.jpg 1024w, https:\/\/www.ludwig-van.com\/montreal\/wp-content\/uploads\/sites\/3\/2017\/10\/boreades-1I8A0998-photo-Hugo-Lefort-300x200.jpg 300w, https:\/\/www.ludwig-van.com\/montreal\/wp-content\/uploads\/sites\/3\/2017\/10\/boreades-1I8A0998-photo-Hugo-Lefort-768x512.jpg 768w\" sizes=\"(max-width: 1024px) 100vw, 1024px\" \/><figcaption id=\"caption-attachment-56308\" class=\"wp-caption-text\">Les Bor\u00e9ades. (Photo: Hugo Lefort)<\/figcaption><\/figure>\n<h2>Prendre la route pour Saint-Camille<\/h2>\n<p>Envie d&rsquo;une promenade en Estrie? Avec ses Concerts de la Chapelle, Saint-Camille est la destination toute indiqu\u00e9e de votre prochaine escapade. Son premier concert de la saison printemps-\u00e9t\u00e9 2021 aura lieu ce dimanche, 2 mai, 15 h, avec nuls autres que Les Bor\u00e9ades. Au programme: Jaquet de la Guerre, Marais, Huguenet, Philidor et De Boismortier. Et si vous ne pouvez pas y aller en personne, sachez que le concert est aussi webdiffus\u00e9. <a href=\"https:\/\/lesconcertsdelachapelle.com\/concerts\/les-boreades-au-camillois\/\" target=\"_blank\" rel=\"noopener\">D\u00c9TAILS ET BILLETS<\/a><\/p>\n<p>&nbsp;<\/p>\n<figure id=\"attachment_52596\" aria-describedby=\"caption-attachment-52596\" style=\"width: 1024px\" class=\"wp-caption aligncenter\"><img decoding=\"async\" loading=\"lazy\" class=\"size-full wp-image-52596\" src=\"https:\/\/www.ludwig-van.com\/montreal\/wp-content\/uploads\/sites\/3\/2018\/03\/Quatuor-Orford.jpg\" alt=\"Le Nouveau Quatuor Orford: Jonathan Crow, Andrew Wan, Brian Manker et Eric Nowlin. (Cr\u00e9dit: Alain Lefort)\" width=\"1024\" height=\"544\" srcset=\"https:\/\/www.ludwig-van.com\/montreal\/wp-content\/uploads\/sites\/3\/2018\/03\/Quatuor-Orford.jpg 1024w, https:\/\/www.ludwig-van.com\/montreal\/wp-content\/uploads\/sites\/3\/2018\/03\/Quatuor-Orford-300x159.jpg 300w, https:\/\/www.ludwig-van.com\/montreal\/wp-content\/uploads\/sites\/3\/2018\/03\/Quatuor-Orford-768x408.jpg 768w\" sizes=\"(max-width: 1024px) 100vw, 1024px\" \/><figcaption id=\"caption-attachment-52596\" class=\"wp-caption-text\">Le Nouveau Quatuor Orford: Jonathan Crow, Andrew Wan, Brian Manker et Eric Nowlin. (Cr\u00e9dit: Alain Lefort)<\/figcaption><\/figure>\n<h2>Le Nouveau Quatuor Orford au LMMC<\/h2>\n<p>Le Nouveau Quatuor Orford, James Ehnes et Charles Richard-Hamelin sont les invit\u00e9s du LMMC, dimanche prochain, 2 mai, 15h30, salle Pollack. Bien que ce soit pr\u00e9sent\u00e9 \u00e0 guichets ferm\u00e9s, cette brochette d&rsquo;artistes incroyables et jamais entendus tous ensembles m\u00e9ritait certainement une mention ici, d&rsquo;autant plus que ce r\u00e9cital conclut la saison du LMMC! <a href=\"http:\/\/www.lmmc.ca\/fr\/concert_details.php?concert_id=220\" target=\"_blank\" rel=\"noopener\">D\u00c9TAILS\u00a0<\/a><\/p>\n<p><em>Les Choix de la r\u00e9daction pr\u00e9sentent chaque lundi les concerts des membres de Ludwig van Montr\u00e9al. Pour savoir comment devenir membre, \u00e9crivez-nous \u00e0 caroline@ludwig-van.com\u00a0<\/em><\/p>\n<h2><em>Inscrivez-vous \u00e0 notre infolettre! La musique classique et l&rsquo;op\u00e9ra en 5 minutes, chaque jour<\/em> \u00a0<span style=\"color: #ff0000;\"><a style=\"color: #ff0000;\" href=\"https:\/\/ludwig-van.us9.list-manage.com\/subscribe?u=4f785cb3f9058f2393ccad035&amp;id=b9b160c032\" target=\"_blank\" rel=\"noopener noreferrer\">ICI\u00a0<\/a><\/span><\/h2>\n<p>&nbsp;<\/p>\n<p>&nbsp;<\/p>\n","protected":false},"excerpt":{"rendered":"<p>Cette semaine, le piano domine notre agenda musical avec les demi-finales du Concours musical international de Montr\u00e9al, qui commencent aujourd&rsquo;hui, et plusieurs pianistes invit\u00e9s aux programmes d nos organismes locaux. Fait remarquable: deux cheffes d&rsquo;orchestres sont au podium de nos orchestres cette semaine, soit la finlando-ukrainienne Dalia Stasevska \u00e0 l&rsquo;OSM et la cubaine Cosette Justo Vald\u00e9s chez I Musici.\u00a0<\/p>\n","protected":false},"author":51,"featured_media":66540,"comment_status":"open","ping_status":"open","sticky":false,"template":"","format":"standard","meta":{"om_disable_all_campaigns":false,"jetpack_post_was_ever_published":false},"categories":[41122,10956,10994,47],"tags":[41124,15468,10985,4839,20645,38749,2521,2542,11137],"yst_prominent_words":[9792,10698,10696,41686,26052,40502,9799,9787,10697,39925,13946],"acf":[],"jetpack_featured_media_url":"https:\/\/www.ludwig-van.com\/montreal\/wp-content\/uploads\/sites\/3\/2021\/04\/Choix-26-avril.jpg","jetpack_sharing_enabled":true,"jetpack_shortlink":"https:\/\/wp.me\/p9bdYt-hjb","amp_enabled":true,"_links":{"self":[{"href":"https:\/\/www.ludwig-van.com\/montreal\/wp-json\/wp\/v2\/posts\/66537"}],"collection":[{"href":"https:\/\/www.ludwig-van.com\/montreal\/wp-json\/wp\/v2\/posts"}],"about":[{"href":"https:\/\/www.ludwig-van.com\/montreal\/wp-json\/wp\/v2\/types\/post"}],"author":[{"embeddable":true,"href":"https:\/\/www.ludwig-van.com\/montreal\/wp-json\/wp\/v2\/users\/51"}],"replies":[{"embeddable":true,"href":"https:\/\/www.ludwig-van.com\/montreal\/wp-json\/wp\/v2\/comments?post=66537"}],"version-history":[{"count":5,"href":"https:\/\/www.ludwig-van.com\/montreal\/wp-json\/wp\/v2\/posts\/66537\/revisions"}],"predecessor-version":[{"id":66544,"href":"https:\/\/www.ludwig-van.com\/montreal\/wp-json\/wp\/v2\/posts\/66537\/revisions\/66544"}],"wp:featuredmedia":[{"embeddable":true,"href":"https:\/\/www.ludwig-van.com\/montreal\/wp-json\/wp\/v2\/media\/66540"}],"wp:attachment":[{"href":"https:\/\/www.ludwig-van.com\/montreal\/wp-json\/wp\/v2\/media?parent=66537"}],"wp:term":[{"taxonomy":"category","embeddable":true,"href":"https:\/\/www.ludwig-van.com\/montreal\/wp-json\/wp\/v2\/categories?post=66537"},{"taxonomy":"post_tag","embeddable":true,"href":"https:\/\/www.ludwig-van.com\/montreal\/wp-json\/wp\/v2\/tags?post=66537"},{"taxonomy":"yst_prominent_words","embeddable":true,"href":"https:\/\/www.ludwig-van.com\/montreal\/wp-json\/wp\/v2\/yst_prominent_words?post=66537"}],"curies":[{"name":"wp","href":"https:\/\/api.w.org\/{rel}","templated":true}]}}