{"id":66519,"date":"2021-04-22T09:40:37","date_gmt":"2021-04-22T13:40:37","guid":{"rendered":"https:\/\/www.ludwig-van.com\/montreal\/?p=66519"},"modified":"2021-04-22T14:53:56","modified_gmt":"2021-04-22T18:53:56","slug":"nouvelle-le-conservatoire-annonce-son-evenement-benefice-avec-de-grands-noms-au-programme","status":"publish","type":"post","link":"https:\/\/www.ludwig-van.com\/montreal\/2021\/04\/22\/nouvelle-le-conservatoire-annonce-son-evenement-benefice-avec-de-grands-noms-au-programme\/","title":{"rendered":"NOUVELLE | Le Conservatoire annonce son \u00e9v\u00e9nement-b\u00e9n\u00e9fice avec de grands noms au programme"},"content":{"rendered":"<p style=\"text-align: center;\"><img decoding=\"async\" loading=\"lazy\" class=\"aligncenter size-full wp-image-65964\" src=\"https:\/\/www.ludwig-van.com\/montreal\/wp-content\/uploads\/sites\/3\/2021\/02\/Conservatoire-cover.jpg\" alt=\"\" width=\"1200\" height=\"628\" srcset=\"https:\/\/www.ludwig-van.com\/montreal\/wp-content\/uploads\/sites\/3\/2021\/02\/Conservatoire-cover.jpg 1200w, https:\/\/www.ludwig-van.com\/montreal\/wp-content\/uploads\/sites\/3\/2021\/02\/Conservatoire-cover-300x157.jpg 300w, https:\/\/www.ludwig-van.com\/montreal\/wp-content\/uploads\/sites\/3\/2021\/02\/Conservatoire-cover-1024x536.jpg 1024w, https:\/\/www.ludwig-van.com\/montreal\/wp-content\/uploads\/sites\/3\/2021\/02\/Conservatoire-cover-768x402.jpg 768w\" sizes=\"(max-width: 1200px) 100vw, 1200px\" \/><\/p>\n<p>Le 5 mai prochain, \u00e0 18 h 30, aura lieu l&rsquo;\u00e9v\u00e9nement-b\u00e9n\u00e9fice virtuel de la Fondation du Conservatoire, au profit des Conservatoires de musique et d&rsquo;art dramatique de Montr\u00e9al. D&rsquo;anciens \u00e9tudiants du Conservatoire, soit <strong>Marie-Nicole Lemieux<\/strong>, <strong>Karina Gauvin<\/strong>, <strong>Marc Hervieux<\/strong>, <strong>Charles Richard-Hamelin<\/strong> et <strong>C\u0153ur de Pirate<\/strong> en seront les t\u00eates d&rsquo;affiches musicales.<\/p>\n<p>Des artistes de l&rsquo;art dramatique se joindront \u00e0 eux, provenant du th\u00e9\u00e2tre, du cin\u00e9ma ou de la t\u00e9l\u00e9vision, soit <strong>Denis Bernard<\/strong>, <strong>\u00c9milie Bibeau<\/strong>, <strong>Maxime Denomm\u00e9e<\/strong>, <strong>Luc Picard<\/strong> et <strong>Cynthia Wu-Maheux<\/strong>. Le spectacle combinant musique et th\u00e9\u00e2tre, d&rsquo;une dur\u00e9e d&rsquo;environ une heure et intitul\u00e9 <em><strong>Hymne au printemps<\/strong><\/em>, sera anim\u00e9 par <strong>Julie Perreault<\/strong> et <strong>Patrice B\u00e9langer<\/strong>. Il sera compl\u00e9t\u00e9 par un encan silencieux.<\/p>\n<p>Diff\u00e9rents <a href=\"https:\/\/interland3.donorperfect.net\/weblink\/WebLink.aspx?name=E910258QF&amp;id=48&amp;fbclid=IwAR3Q9NFThjDPfZU7pm_XKmh14Db51MWcr66VjmxhyQhkmKgieH3YwD1QTCM\" target=\"_blank\" rel=\"noopener\">forfaits, \u00e0 partir de 45 $<\/a>, sont disponibles, pour soutenir la Fondation du Conservatoire et par le fait m\u00eame, ses \u00e9tudiants en musique et en arts dramatiques.<\/p>\n<p>Rappelons que le Conservatoire de musique de Montr\u00e9al a \u00e9t\u00e9 fond\u00e9 en 1943, et que le Qu\u00e9bec compte neuf \u00e9tablissements r\u00e9partis \u00e0 travers le Qu\u00e9bec, rendant accessible l&rsquo;enseignement de la musique et de l&rsquo;art dramatique \u00e0 tous et ce, \u00e0 un niveau d&rsquo;excellence \u00e9lev\u00e9.<\/p>\n<h2><em>Inscrivez-vous \u00e0 notre infolettre! La musique classique et l&rsquo;op\u00e9ra en 5 minutes, chaque jour<\/em> \u00a0<span style=\"color: #ff0000;\"><a style=\"color: #ff0000;\" href=\"https:\/\/ludwig-van.us9.list-manage.com\/subscribe?u=4f785cb3f9058f2393ccad035&amp;id=b9b160c032\" target=\"_blank\" rel=\"noopener noreferrer\">ICI\u00a0<\/a><\/span><\/h2>\n","protected":false},"excerpt":{"rendered":"<p>Le 5 mai prochain aura lieu l&rsquo;\u00e9v\u00e9nement-b\u00e9n\u00e9fice virtuel de la Fondation du Conservatoire, au profit des Conservatoires de musique et d&rsquo;art dramatique du Qu\u00e9bec.<\/p>\n","protected":false},"author":51,"featured_media":65964,"comment_status":"open","ping_status":"open","sticky":false,"template":"","format":"standard","meta":{"om_disable_all_campaigns":false,"jetpack_post_was_ever_published":false},"categories":[41122,10956],"tags":[41124,21652],"yst_prominent_words":[13223,17602,10586,9940,12315,7694,9811,9838,8973],"acf":[],"jetpack_featured_media_url":"https:\/\/www.ludwig-van.com\/montreal\/wp-content\/uploads\/sites\/3\/2021\/02\/Conservatoire-cover.jpg","jetpack_sharing_enabled":true,"jetpack_shortlink":"https:\/\/wp.me\/p9bdYt-hiT","amp_enabled":true,"_links":{"self":[{"href":"https:\/\/www.ludwig-van.com\/montreal\/wp-json\/wp\/v2\/posts\/66519"}],"collection":[{"href":"https:\/\/www.ludwig-van.com\/montreal\/wp-json\/wp\/v2\/posts"}],"about":[{"href":"https:\/\/www.ludwig-van.com\/montreal\/wp-json\/wp\/v2\/types\/post"}],"author":[{"embeddable":true,"href":"https:\/\/www.ludwig-van.com\/montreal\/wp-json\/wp\/v2\/users\/51"}],"replies":[{"embeddable":true,"href":"https:\/\/www.ludwig-van.com\/montreal\/wp-json\/wp\/v2\/comments?post=66519"}],"version-history":[{"count":3,"href":"https:\/\/www.ludwig-van.com\/montreal\/wp-json\/wp\/v2\/posts\/66519\/revisions"}],"predecessor-version":[{"id":66522,"href":"https:\/\/www.ludwig-van.com\/montreal\/wp-json\/wp\/v2\/posts\/66519\/revisions\/66522"}],"wp:featuredmedia":[{"embeddable":true,"href":"https:\/\/www.ludwig-van.com\/montreal\/wp-json\/wp\/v2\/media\/65964"}],"wp:attachment":[{"href":"https:\/\/www.ludwig-van.com\/montreal\/wp-json\/wp\/v2\/media?parent=66519"}],"wp:term":[{"taxonomy":"category","embeddable":true,"href":"https:\/\/www.ludwig-van.com\/montreal\/wp-json\/wp\/v2\/categories?post=66519"},{"taxonomy":"post_tag","embeddable":true,"href":"https:\/\/www.ludwig-van.com\/montreal\/wp-json\/wp\/v2\/tags?post=66519"},{"taxonomy":"yst_prominent_words","embeddable":true,"href":"https:\/\/www.ludwig-van.com\/montreal\/wp-json\/wp\/v2\/yst_prominent_words?post=66519"}],"curies":[{"name":"wp","href":"https:\/\/api.w.org\/{rel}","templated":true}]}}