{"id":66503,"date":"2021-04-21T10:04:35","date_gmt":"2021-04-21T14:04:35","guid":{"rendered":"https:\/\/www.ludwig-van.com\/montreal\/?p=66503"},"modified":"2021-04-21T10:10:33","modified_gmt":"2021-04-21T14:10:33","slug":"nouvelle-concours-musical-international-de-montreal-quil-faut-savoir-demi-finale","status":"publish","type":"post","link":"https:\/\/www.ludwig-van.com\/montreal\/2021\/04\/21\/nouvelle-concours-musical-international-de-montreal-quil-faut-savoir-demi-finale\/","title":{"rendered":"NOUVELLE  | Concours musical international de Montr\u00e9al : ce qu&rsquo;il faut savoir sur la demi-finale"},"content":{"rendered":"<figure id=\"attachment_63859\" aria-describedby=\"caption-attachment-63859\" style=\"width: 1200px\" class=\"wp-caption aligncenter\"><img decoding=\"async\" loading=\"lazy\" class=\"size-full wp-image-63859\" src=\"https:\/\/www.ludwig-van.com\/montreal\/wp-content\/uploads\/sites\/3\/2020\/01\/CMIM-cover.jpg\" alt=\"\" width=\"1200\" height=\"628\" srcset=\"https:\/\/www.ludwig-van.com\/montreal\/wp-content\/uploads\/sites\/3\/2020\/01\/CMIM-cover.jpg 1200w, https:\/\/www.ludwig-van.com\/montreal\/wp-content\/uploads\/sites\/3\/2020\/01\/CMIM-cover-300x157.jpg 300w, https:\/\/www.ludwig-van.com\/montreal\/wp-content\/uploads\/sites\/3\/2020\/01\/CMIM-cover-1024x536.jpg 1024w, https:\/\/www.ludwig-van.com\/montreal\/wp-content\/uploads\/sites\/3\/2020\/01\/CMIM-cover-768x402.jpg 768w\" sizes=\"(max-width: 1200px) 100vw, 1200px\" \/><figcaption id=\"caption-attachment-63859\" class=\"wp-caption-text\">Les trois pianistes gagnants de la derni\u00e8re \u00e9dition piano. (Photo: Brent Calis)<\/figcaption><\/figure>\n<p>Le <strong>Concours musical international de Montr\u00e9al<\/strong> a d\u00e9voil\u00e9 cette semaine l&rsquo;ordre de passage des candidats pour sa demi-finale, qui aura lieu du 26 au 30 avril.<\/p>\n<p>En raison de la pand\u00e9mie, le CMIM se d\u00e9roule cette ann\u00e9e en mode virtuel. Bonne nouvelle: le tout sera gratuit pour le public! On pourra assister aux \u00e9preuves en se rendant <a href=\"https:\/\/www.concoursmontreal.ca\/fr\/piano-2021\/\" target=\"_blank\" rel=\"noopener\">sur le site du CMIM<\/a>.<\/p>\n<p>Les 26 concurrents (dont deux du Canada) joueront sur des pianos Steinway, et leurs prestations de 45 minute chacune, capt\u00e9es dans 15 villes de 11 pays \u00e0 travers la plan\u00e8te, se d\u00e9rouleront dans l&rsquo;ordre suivant:<\/p>\n<p><strong>26 avril<\/strong><\/p>\n<p>10 h \u2013 Tamila Salimdjanova (Ouzb\u00e9kistan)<br \/>\n<span style=\"color: #ff0000;\"><strong>11 h \u2013 Alice Burla (Canada)<\/strong><\/span><br \/>\n12 h \u2013 Ken Nakasako (Japon)<br \/>\n14 h \u2013 Suah Ye (Cor\u00e9e du Sud)<br \/>\n15 h \u2013 Alexey Trushechkin (Russie)<br \/>\n16 h \u2013 Dmitry Sin (Russie)<\/p>\n<p><strong>27 avril<\/strong><\/p>\n<p>10 h \u2013 Dimitri Malignan (France)<br \/>\n11 h \u2013 Stephanie Tang (\u00c9tats-Unis)<br \/>\n12 h \u2013 Yeontaek Oh (Cor\u00e9e du Sud)<br \/>\n14 h \u2013 Su Yeon Kim (Cor\u00e9e du Sud)<br \/>\n15 h \u2013 Francesco Granata (Italie)<br \/>\n16 h \u2013 Joon Yoon (Cor\u00e9e du Sud)<\/p>\n<p><strong>28 avril<\/strong><\/p>\n<p>10 h \u2013 Zhu Wang (Chine)<br \/>\n11 h \u2013 Ji-Hyang Gwak (Cor\u00e9e du Sud)<br \/>\n12 h \u2013 Llewellyn Sanchez-Werner (\u00c9tats-Unis)<br \/>\n14 h \u2013 Chaeyoung Park (Cor\u00e9e du Sud)<br \/>\n<span style=\"color: #ff0000;\"><strong>15 h \u2013 Kevin Ahfat (Canada)<\/strong><\/span><br \/>\n16 h \u2013 Cristian Sandrin (Roumanie)<\/p>\n<p><strong>29 avril<\/strong><\/p>\n<p>10 h \u2013 Andrei Iliushkin (Russie)<br \/>\n11 h \u2013 Yoichiro Chiba (Japon)<br \/>\n12 h \u2013 Anna Han (\u00c9tats-Unis)<br \/>\n14 h \u2013 Jiacheng Xiong (Chine)<br \/>\n15 h \u2013 Ying Li (Chine)<br \/>\n16 h \u2013 Krysztof Ksiazek (Pologne)<\/p>\n<p><strong>30 avril<\/strong><\/p>\n<p>10 h \u2013 Kyoungsun Park (Cor\u00e9e du Sud)<br \/>\n11 h \u2013 Marcel Tadokoro (France)<\/p>\n<p>&nbsp;<\/p>\n<h2>Le jury du CMIM 2021<\/h2>\n<p>Cette ann\u00e9e, le jury du CMIM, pr\u00e9sid\u00e9 par Zarin Mehta, sera compos\u00e9 comme suit: Arnaldo Cohen (\u00c9tats-Unis), Martin Engstroem (Su\u00e8de), Till Felner (Autriche), Mari Kodama (Japon), H\u00e9l\u00e8ne Mercier (Canada), Costa Pilavachi (Canada), Charles Richard-Hamelin (Canada), Rena Sherevshevskaya (Russie), Susan Wadsworth (\u00c9tats-Unis).<\/p>\n<p>Il s&rsquo;agit d&rsquo;une premi\u00e8re, pour <a href=\"https:\/\/www.ludwig-van.com\/montreal\/2021\/04\/10\/entrevue-charles-richard-hamelin-preludes-voyage-tete-de-chopin\/\" target=\"_blank\" rel=\"noopener\">Charles Richard-Hamelin<\/a>, de faire partie d&rsquo;un jury de concours de cette ampleur. Rappelons que celui-ci a d\u00e9j\u00e0, dans le pass\u00e9, fini en deuxi\u00e8me place au CMIM.<\/p>\n<p>Notre r\u00e9dactrice en chef, Caroline Rodgers, suivra attentivement la comp\u00e9tition et vous fera r\u00e9guli\u00e8rement part de ses impressions!<\/p>\n<p>Les r\u00e9sultats de la demi-finale seront annonc\u00e9s le 30 avril, \u00e0 14 h. Huit candidats seront choisis pour la finale, qui aura lieu du 10 au 13 mai. On pourra alors entendre 8 r\u00e9citals d&rsquo;une heure chacun.<\/p>\n<p>Entre les demi-finales et les finales, une programmation est pr\u00e9vue avec cours de ma\u00eetres, hommages et autres contenus vid\u00e9os dont les d\u00e9tails ne sont pas encore d\u00e9voil\u00e9s. Nous avons h\u00e2te de savoir ce que nous r\u00e9serve cette programmation!<\/p>\n<p>Finalement, la c\u00e9r\u00e9monie de cl\u00f4ture aura lieu le vendredi 14 mai \u00e0 10 h, avec l&rsquo;annonce des prix et des r\u00e9sultats.<\/p>\n<h2><em>Inscrivez-vous \u00e0 notre infolettre! La musique classique et l&rsquo;op\u00e9ra en 5 minutes, chaque jour<\/em> \u00a0<span style=\"color: #ff0000;\"><a style=\"color: #ff0000;\" href=\"https:\/\/ludwig-van.us9.list-manage.com\/subscribe?u=4f785cb3f9058f2393ccad035&amp;id=b9b160c032\" target=\"_blank\" rel=\"noopener noreferrer\">ICI\u00a0<\/a><\/span><\/h2>\n","protected":false},"excerpt":{"rendered":"<p>Le Concours musical international de Montr\u00e9al a d\u00e9voil\u00e9 cette semaine l&rsquo;ordre de passage des candidats pour sa demi-finale, qui aura lieu du 26 au 30 avril.<\/p>\n","protected":false},"author":51,"featured_media":63859,"comment_status":"open","ping_status":"open","sticky":false,"template":"","format":"standard","meta":{"om_disable_all_campaigns":false,"jetpack_post_was_ever_published":false},"categories":[41122,10956,9567,47],"tags":[41124,4678,4839,6468],"yst_prominent_words":[11964,14144,16232,17714,27923,11445,11991,11223,15751,19182,20664,7070,9966,12032,12028,21777,12033],"acf":[],"jetpack_featured_media_url":"https:\/\/www.ludwig-van.com\/montreal\/wp-content\/uploads\/sites\/3\/2020\/01\/CMIM-cover.jpg","jetpack_sharing_enabled":true,"jetpack_shortlink":"https:\/\/wp.me\/p9bdYt-hiD","amp_enabled":true,"_links":{"self":[{"href":"https:\/\/www.ludwig-van.com\/montreal\/wp-json\/wp\/v2\/posts\/66503"}],"collection":[{"href":"https:\/\/www.ludwig-van.com\/montreal\/wp-json\/wp\/v2\/posts"}],"about":[{"href":"https:\/\/www.ludwig-van.com\/montreal\/wp-json\/wp\/v2\/types\/post"}],"author":[{"embeddable":true,"href":"https:\/\/www.ludwig-van.com\/montreal\/wp-json\/wp\/v2\/users\/51"}],"replies":[{"embeddable":true,"href":"https:\/\/www.ludwig-van.com\/montreal\/wp-json\/wp\/v2\/comments?post=66503"}],"version-history":[{"count":4,"href":"https:\/\/www.ludwig-van.com\/montreal\/wp-json\/wp\/v2\/posts\/66503\/revisions"}],"predecessor-version":[{"id":66507,"href":"https:\/\/www.ludwig-van.com\/montreal\/wp-json\/wp\/v2\/posts\/66503\/revisions\/66507"}],"wp:featuredmedia":[{"embeddable":true,"href":"https:\/\/www.ludwig-van.com\/montreal\/wp-json\/wp\/v2\/media\/63859"}],"wp:attachment":[{"href":"https:\/\/www.ludwig-van.com\/montreal\/wp-json\/wp\/v2\/media?parent=66503"}],"wp:term":[{"taxonomy":"category","embeddable":true,"href":"https:\/\/www.ludwig-van.com\/montreal\/wp-json\/wp\/v2\/categories?post=66503"},{"taxonomy":"post_tag","embeddable":true,"href":"https:\/\/www.ludwig-van.com\/montreal\/wp-json\/wp\/v2\/tags?post=66503"},{"taxonomy":"yst_prominent_words","embeddable":true,"href":"https:\/\/www.ludwig-van.com\/montreal\/wp-json\/wp\/v2\/yst_prominent_words?post=66503"}],"curies":[{"name":"wp","href":"https:\/\/api.w.org\/{rel}","templated":true}]}}