{"id":66485,"date":"2021-04-19T09:02:28","date_gmt":"2021-04-19T13:02:28","guid":{"rendered":"https:\/\/www.ludwig-van.com\/montreal\/?p=66485"},"modified":"2021-04-20T06:10:50","modified_gmt":"2021-04-20T10:10:50","slug":"choix-de-la-redaction-les-principaux-concerts-a-decouvrir-en-ligne-ou-en-salle-du-19-au-25-avril-2021","status":"publish","type":"post","link":"https:\/\/www.ludwig-van.com\/montreal\/2021\/04\/19\/choix-de-la-redaction-les-principaux-concerts-a-decouvrir-en-ligne-ou-en-salle-du-19-au-25-avril-2021\/","title":{"rendered":"CHOIX DE LA R\u00c9DACTION | Les principaux concerts \u00e0 d\u00e9couvrir en ligne ou en salle du 19 au 25 avril 2021"},"content":{"rendered":"<p>&nbsp;<\/p>\n<p style=\"text-align: center;\"><img decoding=\"async\" loading=\"lazy\" class=\"aligncenter size-full wp-image-66488\" src=\"https:\/\/www.ludwig-van.com\/montreal\/wp-content\/uploads\/sites\/3\/2021\/04\/Choix-19-avril.jpg\" alt=\"\" width=\"1200\" height=\"628\" \/><\/p>\n<p>Apr\u00e8s plusieurs semaines fort occup\u00e9es, on se retrouve dans une sorte d&rsquo;entre-deux assez tranquille pour les concerts cette semaine, avec peu de nouveaut\u00e9s. Profitons-en pour reprendre notre souffle entre deux sorties masqu\u00e9es avec d\u00e9sinfectant. Tandis que plusieurs des concerts pr\u00e9sent\u00e9s au cours des derni\u00e8res semaines sont toujours disponibles en ligne, quelque nouveaux programmes sont pr\u00e9vus en salle avec des heures devanc\u00e9es en raison du couvre-feu. Comme le retour du couvre-feu \u00e0 20 h a pris tout le monde par surprise, certains sites internet d&rsquo;organismes ne sont pas encore \u00e0 jour. <strong><span style=\"color: #ff0000;\">V\u00e9rifiez toujours avant de vous d\u00e9placer! <\/span><\/strong><\/p>\n<p><span style=\"color: #000000;\"><strong>Gardons notre moral.\u00a0<\/strong><\/span><\/p>\n<p><strong>Voici nos Choix de la r\u00e9daction du 19 au 26 avril 2021.\u00a0<\/strong><\/p>\n<h2><\/h2>\n<figure id=\"attachment_48001\" aria-describedby=\"caption-attachment-48001\" style=\"width: 1024px\" class=\"wp-caption aligncenter\"><img decoding=\"async\" loading=\"lazy\" class=\"size-full wp-image-48001\" src=\"https:\/\/www.ludwig-van.com\/montreal\/wp-content\/uploads\/sites\/3\/2017\/09\/ChapelleBonPasteur_01-Olivier-ruel.jpg\" alt=\"Chapelle historique du Bon-Pasteur. (Cr\u00e9dit: Olivier Ruel)\" width=\"1024\" height=\"576\" srcset=\"https:\/\/www.ludwig-van.com\/montreal\/wp-content\/uploads\/sites\/3\/2017\/09\/ChapelleBonPasteur_01-Olivier-ruel.jpg 1024w, https:\/\/www.ludwig-van.com\/montreal\/wp-content\/uploads\/sites\/3\/2017\/09\/ChapelleBonPasteur_01-Olivier-ruel-300x169.jpg 300w, https:\/\/www.ludwig-van.com\/montreal\/wp-content\/uploads\/sites\/3\/2017\/09\/ChapelleBonPasteur_01-Olivier-ruel-768x432.jpg 768w\" sizes=\"(max-width: 1024px) 100vw, 1024px\" \/><figcaption id=\"caption-attachment-48001\" class=\"wp-caption-text\">Chapelle historique du Bon-Pasteur. (Cr\u00e9dit: Olivier Ruel)<\/figcaption><\/figure>\n<h2>Chapelle historique du Bon-Pasteur<\/h2>\n<p>Deux r\u00e9citals nous attendent cette semaine \u00e0 la Chapelle historique, soit celui de <strong>Violaine Melan\u00e7on<\/strong> (violon) et d&rsquo;<strong>Ilya Poletaev<\/strong> (clavecin) dans la premi\u00e8re partie d&rsquo;une int\u00e9grale des sonates pour violon et clavecin de Bach (en salle le jeudi 22 avril \u00e0 18 h, \u00e9galement pr\u00e9sent\u00e9 en ligne), et celui de l&rsquo;excellent pianiste <strong>Philippe Chiu<\/strong>, dimanche, 15 h, dans un programme Debussy, John Burge et Ravel. <a href=\"https:\/\/www.facebook.com\/Concertsbonpasteur\" target=\"_blank\" rel=\"noopener\">D\u00c9TAILS<\/a><\/p>\n<p>&nbsp;<\/p>\n<p>&nbsp;<\/p>\n<p style=\"text-align: center;\"><img decoding=\"async\" loading=\"lazy\" class=\"aligncenter size-full wp-image-66104\" src=\"https:\/\/www.ludwig-van.com\/montreal\/wp-content\/uploads\/sites\/3\/2021\/03\/Galileo-serenades.jpg\" alt=\"\" width=\"1152\" height=\"648\" srcset=\"https:\/\/www.ludwig-van.com\/montreal\/wp-content\/uploads\/sites\/3\/2021\/03\/Galileo-serenades.jpg 1152w, https:\/\/www.ludwig-van.com\/montreal\/wp-content\/uploads\/sites\/3\/2021\/03\/Galileo-serenades-300x169.jpg 300w, https:\/\/www.ludwig-van.com\/montreal\/wp-content\/uploads\/sites\/3\/2021\/03\/Galileo-serenades-1024x576.jpg 1024w, https:\/\/www.ludwig-van.com\/montreal\/wp-content\/uploads\/sites\/3\/2021\/03\/Galileo-serenades-768x432.jpg 768w\" sizes=\"(max-width: 1152px) 100vw, 1152px\" \/><\/p>\n<p>\u00abS\u00e9r\u00e9nades \u00e0 tous vents\u00bb met en valeur les instruments \u00e0 vents de Galileo, avec des \u0153uvres de Donizetti, Dvor\u00e0k et Mozart. Elles seront interpr\u00e9t\u00e9es sur instruments d\u2019\u00e9poque par les musiciens de Galileo, dirig\u00e9s par Daniel Constantineau.<\/p>\n<p>Le spectacle a lieu en direct au St-James Hall de Hudson,\u00a0<strong>le vendredi 23 avril 2021, 19h30, et en diff\u00e9r\u00e9 jusqu\u2019au 7 mai 2021.<\/strong><\/p>\n<p>&nbsp;<\/p>\n<figure id=\"attachment_56890\" aria-describedby=\"caption-attachment-56890\" style=\"width: 1024px\" class=\"wp-caption aligncenter\"><img decoding=\"async\" loading=\"lazy\" class=\"size-full wp-image-56890\" src=\"https:\/\/www.ludwig-van.com\/montreal\/wp-content\/uploads\/sites\/3\/2018\/04\/Viktor-Lazarov-photo-Junophoto.jpg\" alt=\"Viktor Lazarov\" width=\"1024\" height=\"764\" srcset=\"https:\/\/www.ludwig-van.com\/montreal\/wp-content\/uploads\/sites\/3\/2018\/04\/Viktor-Lazarov-photo-Junophoto.jpg 1024w, https:\/\/www.ludwig-van.com\/montreal\/wp-content\/uploads\/sites\/3\/2018\/04\/Viktor-Lazarov-photo-Junophoto-300x224.jpg 300w, https:\/\/www.ludwig-van.com\/montreal\/wp-content\/uploads\/sites\/3\/2018\/04\/Viktor-Lazarov-photo-Junophoto-768x573.jpg 768w\" sizes=\"(max-width: 1024px) 100vw, 1024px\" \/><figcaption id=\"caption-attachment-56890\" class=\"wp-caption-text\">Vicktor Lazarov, pianiste. (Photo: Junophoto)<\/figcaption><\/figure>\n<h2>Viktor Lazarov aux M\u00e9lod\u00eenes<\/h2>\n<p>Le pianiste Vicktor Lazarov pr\u00e9sente un programme de musique des Balkans dans le cadre de la s\u00e9rie M\u00e9lod\u00eenes de Pro Musica. Un concert capt\u00e9 \u00e0 la Chapelle historique du Bon-Pasteur et diffus\u00e9 du 25 avril au 8 mai. <a href=\"https:\/\/promusica.qc.ca\/viktor-lazarov\/\" target=\"_blank\" rel=\"noopener\">D\u00c9TAILS ET BILLETS<\/a><\/p>\n<p>&nbsp;<\/p>\n<figure id=\"attachment_64707\" aria-describedby=\"caption-attachment-64707\" style=\"width: 1200px\" class=\"wp-caption aligncenter\"><img decoding=\"async\" loading=\"lazy\" class=\"size-full wp-image-64707\" src=\"https:\/\/www.ludwig-van.com\/montreal\/wp-content\/uploads\/sites\/3\/2020\/06\/Elinor_Frey-redim.jpg\" alt=\"\" width=\"1200\" height=\"800\" srcset=\"https:\/\/www.ludwig-van.com\/montreal\/wp-content\/uploads\/sites\/3\/2020\/06\/Elinor_Frey-redim.jpg 1200w, https:\/\/www.ludwig-van.com\/montreal\/wp-content\/uploads\/sites\/3\/2020\/06\/Elinor_Frey-redim-300x200.jpg 300w, https:\/\/www.ludwig-van.com\/montreal\/wp-content\/uploads\/sites\/3\/2020\/06\/Elinor_Frey-redim-1024x683.jpg 1024w, https:\/\/www.ludwig-van.com\/montreal\/wp-content\/uploads\/sites\/3\/2020\/06\/Elinor_Frey-redim-768x512.jpg 768w\" sizes=\"(max-width: 1200px) 100vw, 1200px\" \/><figcaption id=\"caption-attachment-64707\" class=\"wp-caption-text\">Elinor Frey, violoncelliste. (Photo: courtoisie)<\/figcaption><\/figure>\n<h2>Elinor Frey et les Suites de Bach<\/h2>\n<p>C&rsquo;est toujours un \u00e9v\u00e9nement lorsqu&rsquo;<strong>Elinor Frey<\/strong> joue les Suites pour violoncelle de Bach, un cycle qu&rsquo;elle conna\u00eet en profondeur. Elle accomplit cet exploit artistique en deux r\u00e9citals devant public, le <a href=\"https:\/\/www.mbam.qc.ca\/fr\/activites\/suites-pour-le-violoncelle-seul-sans-bass-pre-1\/\" target=\"_blank\" rel=\"noopener\">dimanche 25 avril, \u00e0 11 h<\/a> (Suites no 1, 5 et 3) et <a href=\"https:\/\/www.mbam.qc.ca\/fr\/activites\/suites-pour-le-violoncelle-seul-sans-bass-pre-2\/\" target=\"_blank\" rel=\"noopener\">le m\u00eame jour \u00e0 17 h<\/a> (Suites no 4, 2 et 6) \u00e0 la salle Bourgie, une pr\u00e9sentation des Id\u00e9es heureuses.<\/p>\n<p><strong>Aussi \u00e0 Bourgie cette semaine:<\/strong> le duo <a href=\"https:\/\/www.mbam.qc.ca\/fr\/activites\/duo-perse-inca-en-ligne\/\" target=\"_blank\" rel=\"noopener\">Perse-Inca<\/a>, concert en ligne disponible du 22 avril au 6 mai, et un concert-conf\u00e9rence sur la guitare romantique avec <a href=\"https:\/\/www.mbam.qc.ca\/fr\/activites\/la-guitare-romantique-en-trois-temps-1\/\" target=\"_blank\" rel=\"noopener\">Pascal Valois<\/a> (en salle, samedi 24 avril \u00e0 14 h 30).<\/p>\n<h2><\/h2>\n<h2 style=\"text-align: center;\"><img decoding=\"async\" loading=\"lazy\" class=\"aligncenter size-full wp-image-66477\" src=\"https:\/\/www.ludwig-van.com\/montreal\/wp-content\/uploads\/sites\/3\/2021\/04\/Chanteuses-masquees.jpg\" alt=\"\" width=\"403\" height=\"401\" \/><\/h2>\n<h2>Tim Brady au Vivier, deux fois<\/h2>\n<p>Deux concerts de la musique de <strong>Tim Brady<\/strong> sont au programme au <strong>Vivier<\/strong> ce week-end, pour souligner le lancement de 3 CD (rien de moins!) de l&rsquo;hyperactif guitariste et compositeur. Le tout est pr\u00e9sent\u00e9 en ligne, et l&rsquo;on pourra assister \u00e0 la cr\u00e9ation d&rsquo;un octuor intitul\u00e9 \u00ab\u00a0For Masked Singers, Four Guitars), comme son titre l&rsquo;indique, pour chanteuses masqu\u00e9es (Bronwyn Thies-Thompson, Charlotte Corwin, Sara Albu et Marie-Annick B\u00e9liveau) et guitaristes (Tim Brady, Jonathan Barriault, Simon Duchesne et Fran\u00e7ois Brunet-Turcotte). Samedi, 24 avril, 20 h <a href=\"https:\/\/levivier.ca\/fr\/concert\/saison-2020-21\/pour-chanteuses-masquees-4-guitares-webdiffusion\" target=\"_blank\" rel=\"noopener\">D\u00c9TAILS ET BILLETS<\/a><\/p>\n<p>Le lendemain, 25 avril, 15 h, une improvisation \u00ab\u00a0d&rsquo;enregistrements r\u00e9alis\u00e9s \u00e0 distance et de montages num\u00e9riques issus d\u2019\u00e9chantillons orchestraux \u00e9crits par Tim Brady, et intitul\u00e9e <em>Of Sound, Mind and Body, <\/em>avec Tim Brady (guitare \u00e9lectrique), Helmut Lipsky (violon), Fr\u00e9d\u00e9ric Alarie (contrebasse, synth\u00e9tiseurs) et Shawn Mativetsky (tabla, percussions). <a href=\"https:\/\/levivier.ca\/fr\/concert\/saison-2020-21\/sound-mind-and-body-concert-7-webdiffusion-en-direct\" target=\"_blank\" rel=\"noopener\">D\u00c9TAILS ET BILLETS<\/a><\/p>\n<h2><em>Inscrivez-vous \u00e0 notre infolettre! La musique classique et l&rsquo;op\u00e9ra en 5 minutes, chaque jour<\/em> \u00a0<span style=\"color: #ff0000;\"><a style=\"color: #ff0000;\" href=\"https:\/\/ludwig-van.us9.list-manage.com\/subscribe?u=4f785cb3f9058f2393ccad035&amp;id=b9b160c032\" target=\"_blank\" rel=\"noopener noreferrer\">ICI\u00a0<\/a><\/span><\/h2>\n<p>&nbsp;<\/p>\n","protected":false},"excerpt":{"rendered":"<p>Apr\u00e8s plusieurs semaines fort occup\u00e9es, on se retrouve dans une sorte d&rsquo;entre-deux assez tranquille pour les concerts cette semaine, avec peu de nouveaut\u00e9s. Profitons-en pour reprendre notre souffle entre deux sorties masqu\u00e9es avec d\u00e9sinfectant. Voici nos Choix de la r\u00e9daction du 19 au 26 avril 2021.\u00a0<\/p>\n","protected":false},"author":51,"featured_media":66488,"comment_status":"open","ping_status":"open","sticky":false,"template":"","format":"standard","meta":{"om_disable_all_campaigns":false,"jetpack_post_was_ever_published":false},"categories":[41122,10994],"tags":[10985,5907,11137],"yst_prominent_words":[15751,10159,20383,21567,20664,41625,9806,9792,26052,16735,9799,16851],"acf":[],"jetpack_featured_media_url":"https:\/\/www.ludwig-van.com\/montreal\/wp-content\/uploads\/sites\/3\/2021\/04\/Choix-19-avril.jpg","jetpack_sharing_enabled":true,"jetpack_shortlink":"https:\/\/wp.me\/p9bdYt-hil","amp_enabled":true,"_links":{"self":[{"href":"https:\/\/www.ludwig-van.com\/montreal\/wp-json\/wp\/v2\/posts\/66485"}],"collection":[{"href":"https:\/\/www.ludwig-van.com\/montreal\/wp-json\/wp\/v2\/posts"}],"about":[{"href":"https:\/\/www.ludwig-van.com\/montreal\/wp-json\/wp\/v2\/types\/post"}],"author":[{"embeddable":true,"href":"https:\/\/www.ludwig-van.com\/montreal\/wp-json\/wp\/v2\/users\/51"}],"replies":[{"embeddable":true,"href":"https:\/\/www.ludwig-van.com\/montreal\/wp-json\/wp\/v2\/comments?post=66485"}],"version-history":[{"count":10,"href":"https:\/\/www.ludwig-van.com\/montreal\/wp-json\/wp\/v2\/posts\/66485\/revisions"}],"predecessor-version":[{"id":66498,"href":"https:\/\/www.ludwig-van.com\/montreal\/wp-json\/wp\/v2\/posts\/66485\/revisions\/66498"}],"wp:featuredmedia":[{"embeddable":true,"href":"https:\/\/www.ludwig-van.com\/montreal\/wp-json\/wp\/v2\/media\/66488"}],"wp:attachment":[{"href":"https:\/\/www.ludwig-van.com\/montreal\/wp-json\/wp\/v2\/media?parent=66485"}],"wp:term":[{"taxonomy":"category","embeddable":true,"href":"https:\/\/www.ludwig-van.com\/montreal\/wp-json\/wp\/v2\/categories?post=66485"},{"taxonomy":"post_tag","embeddable":true,"href":"https:\/\/www.ludwig-van.com\/montreal\/wp-json\/wp\/v2\/tags?post=66485"},{"taxonomy":"yst_prominent_words","embeddable":true,"href":"https:\/\/www.ludwig-van.com\/montreal\/wp-json\/wp\/v2\/yst_prominent_words?post=66485"}],"curies":[{"name":"wp","href":"https:\/\/api.w.org\/{rel}","templated":true}]}}