{"id":66398,"date":"2021-04-12T14:54:32","date_gmt":"2021-04-12T18:54:32","guid":{"rendered":"https:\/\/www.ludwig-van.com\/montreal\/?p=66398"},"modified":"2021-04-15T06:47:35","modified_gmt":"2021-04-15T10:47:35","slug":"choix-de-la-redaction-concerts-du-12-au-18-avril-2021","status":"publish","type":"post","link":"https:\/\/www.ludwig-van.com\/montreal\/2021\/04\/12\/choix-de-la-redaction-concerts-du-12-au-18-avril-2021\/","title":{"rendered":"CHOIX DE LA R\u00c9DACTION | Concerts classiques pour une semaine de couvre-feu printanier"},"content":{"rendered":"<figure id=\"attachment_66429\" aria-describedby=\"caption-attachment-66429\" style=\"width: 1200px\" class=\"wp-caption aligncenter\"><img decoding=\"async\" loading=\"lazy\" class=\"size-full wp-image-66429\" src=\"https:\/\/www.ludwig-van.com\/montreal\/wp-content\/uploads\/sites\/3\/2021\/04\/Choix-12-avril.jpg\" alt=\"\" width=\"1200\" height=\"628\" \/><figcaption id=\"caption-attachment-66429\" class=\"wp-caption-text\">Jean-Marie Zeitouni, Philippe Prud&rsquo;homme, Marc Hervieux, salle Bourgie, Oliver Thouin et Fran\u00e7ois Zeitouni. (Photos: courtoisie)<\/figcaption><\/figure>\n<p>Malgr\u00e9 le yo-yo gouvernemental qui change les r\u00e8gles sanitaires et l&rsquo;heure de tomb\u00e9e du couvre-feu \u00e0 tout bout de champ, le milieu musical demeure r\u00e9silient et n&rsquo;en finit plus de s&rsquo;adapter. Alors que nous devrons de nouveau rentrer sagement chez nous au plus tard \u00e0 20 h cette semaine, \u00a0<strong>voici nos Choix de la r\u00e9daction pour les concerts classiques virtuels ou devant public, du 12 au 18 avril 2021.<\/strong><\/p>\n<p>&nbsp;<\/p>\n<figure id=\"attachment_66319\" aria-describedby=\"caption-attachment-66319\" style=\"width: 1200px\" class=\"wp-caption aligncenter\"><img decoding=\"async\" loading=\"lazy\" class=\"size-full wp-image-66319\" src=\"https:\/\/www.ludwig-van.com\/montreal\/wp-content\/uploads\/sites\/3\/2021\/03\/Tony-Siqi-Yun.jpg\" alt=\"\" width=\"1200\" height=\"800\" \/><figcaption id=\"caption-attachment-66319\" class=\"wp-caption-text\">Le pianiste chinois Tony Siqi-Yun, soliste invit\u00e9 de l&rsquo;Orchestre M\u00e9tropolitain, 27 mars 2021. (Photo: Antoine Saito)<\/figcaption><\/figure>\n<h2>Orchestre M\u00e9tropolitain &#8211; Clara Schumann et Brahms (en ligne)<\/h2>\n<p><strong>L&rsquo;Orchestre M\u00e9tropolitain<\/strong> a donn\u00e9 le premier concert \u00e0 la Maison symphonique apr\u00e8s la r\u00e9ouverture des salles, le 27 mars dernier. Ce fut m\u00e9morable \u00e0 plusieurs points de vue. Sous la direction de Y<strong>annick N\u00e9zet-S\u00e9guin<\/strong>, le jeune pianiste chinois <strong>Tony Siqi-Yun<\/strong> a interpr\u00e9t\u00e9 le Concert pour piano de Clara Schumann, qui fut suivi de la Symphonie no 2 de Brahms. On peut encore voir et entendre ce beau concert en ligne jusqu&rsquo;au DATE. <a href=\"https:\/\/orchestremetropolitain.com\/fr\/concert\/clara-schumann-selon-tony-siqi-yun\/\" target=\"_blank\" rel=\"noopener\">D\u00c9TAILS ET BILLETS<\/a><\/p>\n<p><a href=\"https:\/\/www.ludwig-van.com\/montreal\/2021\/03\/27\/critique-limmense-bonheur-de-retrouver-lorchestre-metropolitain\/\" target=\"_blank\" rel=\"noopener\">LIRE NOTRE CRITIQUE DE CE CONCERT\u00a0<\/a><\/p>\n<p>&nbsp;<\/p>\n<figure id=\"attachment_66401\" aria-describedby=\"caption-attachment-66401\" style=\"width: 663px\" class=\"wp-caption aligncenter\"><img decoding=\"async\" loading=\"lazy\" class=\"size-full wp-image-66401\" src=\"https:\/\/www.ludwig-van.com\/montreal\/wp-content\/uploads\/sites\/3\/2021\/04\/Marc-Hervieux.jpg\" alt=\"\" width=\"663\" height=\"346\" \/><figcaption id=\"caption-attachment-66401\" class=\"wp-caption-text\">Marc Hervieux sera en compagnie de plusieurs chanteuses et de ses filles pour ce concert Carte Blanche. (Photos: courtoisie de l&rsquo;OSM)<\/figcaption><\/figure>\n<h2>OSM: Marc Hervieux et ses invit\u00e9es<\/h2>\n<p>Notre populaire t\u00e9nor et animateur, grand habitu\u00e9 des \u00e9v\u00e9nements avec l&rsquo;OSM dont il a souvent anim\u00e9 des concerts, notamment au Parc olympique ou \u00e0 l&rsquo;Halloween, retourne sur sc\u00e8ne en compagnie de ses filles, Lo\u00efane, Chlo\u00e9 et Maxime, ainsi que des chanteuses Annie Villeneuve, Genevi\u00e8ve Leclerc, Debbie Lynch-White, St\u00e9phanie B\u00e9dard, Brigitte Boisjoli et France Castel. En webdiffusion pour deux semaines, <strong>du 13 au 27 avril.<\/strong> <a href=\"https:\/\/www.osm.ca\/fr\/concerts\/carte-blanche-a-marc-hervieux-2\/\" target=\"_blank\" rel=\"noopener\">D\u00c9TAILS ET BILLETS<\/a><\/p>\n<p>&nbsp;<\/p>\n<p style=\"text-align: center;\"><img decoding=\"async\" loading=\"lazy\" class=\"aligncenter size-full wp-image-65927\" src=\"https:\/\/www.ludwig-van.com\/montreal\/wp-content\/uploads\/sites\/3\/2021\/02\/Musici-\u00e2me-slave.jpg\" alt=\"\" width=\"796\" height=\"494\" srcset=\"https:\/\/www.ludwig-van.com\/montreal\/wp-content\/uploads\/sites\/3\/2021\/02\/Musici-\u00e2me-slave.jpg 796w, https:\/\/www.ludwig-van.com\/montreal\/wp-content\/uploads\/sites\/3\/2021\/02\/Musici-\u00e2me-slave-300x186.jpg 300w, https:\/\/www.ludwig-van.com\/montreal\/wp-content\/uploads\/sites\/3\/2021\/02\/Musici-\u00e2me-slave-768x477.jpg 768w\" sizes=\"(max-width: 796px) 100vw, 796px\" \/><\/p>\n<h2>L&rsquo;\u00e2me slave s&#8217;empare d&rsquo;I Musici<\/h2>\n<p>La musique slave sera \u00e0 l&rsquo;honneur cette semaine chez <strong>I Musici<\/strong> avec un concert sans soliste. Comme le disait <strong>Jean-Marie Zeitouni<\/strong> \u00e0 l&rsquo;occasion de <a href=\"https:\/\/www.ludwig-van.com\/montreal\/2020\/10\/21\/nouvelle-i-musici-de-montreal-annonce-une-belle-saison-et-quelques-surprises-pour-2020-2021\/\" target=\"_blank\" rel=\"noopener\">notre entretien avec lui<\/a> lui pour pr\u00e9senter la saison, l&rsquo;orchetre va \u00ab\u00a0se payer la traite en jouant du r\u00e9pertoire romantique et du 20e si\u00e8cle vraiment dans l&rsquo;esprit de Yuli, des tous d\u00e9buts d&rsquo;I Musici, avec en plus de belles d\u00e9couvertes, et la musique d&rsquo;une compositrice su\u00e9doise qui s&rsquo;appelle <strong>Britta<\/strong> <strong>Bystr\u00f6m. <\/strong>Dans sa pi\u00e8ce, <em>A Walk to Tchaikovsky<\/em>, elle s&rsquo;imagine marcher dans la for\u00eat en \u00e9coutant du Tcha\u00efkovski.\u00a0\u00bb <strong>En webdiffusion du 15 au 23 avril.<\/strong> <a href=\"https:\/\/imusici.com\/saison-2020-2021\/emotions-a-fleur-de-peau\/\" target=\"_blank\" rel=\"noopener\">D\u00c9TAILS ET BILLETS<\/a><\/p>\n<p>&nbsp;<\/p>\n<p style=\"text-align: center;\"><img decoding=\"async\" loading=\"lazy\" class=\"aligncenter size-full wp-image-51789\" src=\"https:\/\/www.ludwig-van.com\/montreal\/wp-content\/uploads\/sites\/3\/2018\/02\/Camille-Saint-Saens-calendrier.jpg\" alt=\"Camille Saint-Sa\u00ebns\" width=\"700\" height=\"394\" srcset=\"https:\/\/www.ludwig-van.com\/montreal\/wp-content\/uploads\/sites\/3\/2018\/02\/Camille-Saint-Saens-calendrier.jpg 700w, https:\/\/www.ludwig-van.com\/montreal\/wp-content\/uploads\/sites\/3\/2018\/02\/Camille-Saint-Saens-calendrier-300x169.jpg 300w\" sizes=\"(max-width: 700px) 100vw, 700px\" \/><\/p>\n<h2>Camille Saint-Sa\u00ebns \u00e0 la salle Bourgie<\/h2>\n<p>Grace \u00e0 une collaboration avec le Centre de musique romantique fran\u00e7aise de Venise, un <a href=\"https:\/\/www.mbam.qc.ca\/fr\/serie\/festival-palazzetto-bru-zane-2020-2021\/\" target=\"_blank\" rel=\"noopener\">mini festival Palazetto Bruzane<\/a> se d\u00e9roule \u00e0 la salle Bourgie, avec des concerts d\u00e9di\u00e9s \u00e0 Camille Saint-Sa\u00ebns disponibles en ligne jusqu&rsquo;au 23 avril.\u00a0On peut aussi entendre <a href=\"https:\/\/www.mbam.qc.ca\/fr\/activites\/saint-saens-le-chambriste---musiciens-de-losm-1\/\" target=\"_blank\" rel=\"noopener\">les musiciens de l&rsquo;OSM<\/a> (premi\u00e8res chaises) dans un r\u00e9cital de chambre. Veuillez prendre note que le concert des <strong>Violons du Roy<\/strong> sous la direction de <strong>Nicolas Ellis<\/strong> pr\u00e9vu le 17 avril <strong>est annul\u00e9.\u00a0<\/strong><\/p>\n<p>&nbsp;<\/p>\n<figure id=\"attachment_66424\" aria-describedby=\"caption-attachment-66424\" style=\"width: 347px\" class=\"wp-caption aligncenter\"><img decoding=\"async\" loading=\"lazy\" class=\"size-full wp-image-66424\" src=\"https:\/\/www.ludwig-van.com\/montreal\/wp-content\/uploads\/sites\/3\/2021\/04\/Pro-Musica-trio.jpg\" alt=\"\" width=\"347\" height=\"338\" \/><figcaption id=\"caption-attachment-66424\" class=\"wp-caption-text\">Kerson Leong, Serhiy Salov et St\u00e9phane T\u00e9treault joue ensemble pour la premi\u00e8re fois dans le cadre de la s\u00e9rie Cartes Blanches de Pro Musica. (Photo: courtoisie de Pro Musica)<\/figcaption><\/figure>\n<h2>Un trio canadien chez Pro Musica<\/h2>\n<p>Trois solistes que nous connaissons bien, soit <strong>Kerson Leong<\/strong>, <strong>Serhiy Salov<\/strong> et <strong>St\u00e9phane T\u00e9treault<\/strong>, propose depuis hier la derni\u00e8re production de la s\u00e9rie Cartes blanches de Pro Musica. Un programme Dvorak et Rachmaninov, disponible jusqu&rsquo;au 25 avril. <a href=\"https:\/\/promusica.qc.ca\/cartes-blanches\/\" target=\"_blank\" rel=\"noopener\">D\u00c9TAILS<\/a><\/p>\n<p>&nbsp;<\/p>\n<figure id=\"attachment_54720\" aria-describedby=\"caption-attachment-54720\" style=\"width: 1024px\" class=\"wp-caption aligncenter\"><img decoding=\"async\" loading=\"lazy\" class=\"size-full wp-image-54720\" src=\"https:\/\/www.ludwig-van.com\/montreal\/wp-content\/uploads\/sites\/3\/2017\/09\/chapellehistorique-21-octobre-Thouin-Zeitouni.jpg\" alt=\"DUO THOUIN \/ ZEITOUNI\" width=\"1024\" height=\"676\" srcset=\"https:\/\/www.ludwig-van.com\/montreal\/wp-content\/uploads\/sites\/3\/2017\/09\/chapellehistorique-21-octobre-Thouin-Zeitouni.jpg 1024w, https:\/\/www.ludwig-van.com\/montreal\/wp-content\/uploads\/sites\/3\/2017\/09\/chapellehistorique-21-octobre-Thouin-Zeitouni-300x198.jpg 300w, https:\/\/www.ludwig-van.com\/montreal\/wp-content\/uploads\/sites\/3\/2017\/09\/chapellehistorique-21-octobre-Thouin-Zeitouni-768x507.jpg 768w\" sizes=\"(max-width: 1024px) 100vw, 1024px\" \/><figcaption id=\"caption-attachment-54720\" class=\"wp-caption-text\">Olivier Thouin, violonniste (ci-haut \u00e0 gauche) et \u00e0 Fran\u00e7ois Zeitouni, pianiste. (Photo: courtoisie)<\/figcaption><\/figure>\n<h2>Chapelle historique du Bon-Pasteur<\/h2>\n<p>Comme nous \u00e9tions en cong\u00e9 f\u00e9ri\u00e9 lundi dernier (oui, parfois, on se repose), nous n&rsquo;avons pas eu l&rsquo;occasion de vous parler d&rsquo;un concert cher \u00e0 notre c\u0153ur: <strong>Oliver Thouin<\/strong> et <strong>Fran\u00e7ois Zeitouni<\/strong>, qui jouaient les trois sonates pour piano et violon de Brahms, hier apr\u00e8s-midi. C&rsquo;\u00e9tait d\u00e9chirant de ne pas pouvoir \u00eatre \u00e0 deux endroits en m\u00eame temps, mais nous nous devions d&rsquo;aller entendre l&rsquo;OM et <strong>Yannick N\u00e9zet-S\u00e9guin<\/strong> dans ses d\u00e9buts comme soliste. Heureusement, ce r\u00e9cital est aussi disponible en webdiffusion, et on peur l&rsquo;entendre <a href=\"https:\/\/vimeo.com\/event\/776671\/videos\/521487375\/?fbclid=IwAR0O26hrFXuP5crGhMH1tePE5vc0-l7K-imj_Qik7QDZYNCezY8rtsc_x_o\" target=\"_blank\" rel=\"noopener\">sur vimeo.<\/a><\/p>\n<p><strong>Aussi \u00e0 la Chapelle historique du Bon-Pasteur cette semaine:\u00a0<\/strong><\/p>\n<p>Rose Naggar-Tremblay, mezzo-soprano, Jean-Philippe Mc Clish, baryton-basse, Julien LeBlanc, piano interpr\u00e8tent Songs of travel, de R. Vaughan-Williams et Healing, cr\u00e9ation mondiale de Rose Naggar-Tremblay et \u00c9ric Champagne, <strong>jeudi, 19 h, disponible aussi en webdiffusion sur Facebook et par la suite sur Vimeo. <\/strong>D\u00c9TAILS.<\/p>\n<p>Vendredi soir, 19 h, le concert Boa Experience, avec <strong>Dominique Beaus\u00e9jour-Ostiguy<\/strong> (violoncelle) et <strong>Marie-Pier Allard<\/strong>, piano et voix. <a href=\"https:\/\/www.facebook.com\/events\/297378908251699\" target=\"_blank\" rel=\"noopener\">D\u00c9TAILS<\/a><\/p>\n<p><strong>Philippe Prud&rsquo;homme<\/strong> au piano, dimanche 15 h, dans un programme Schumann et Scriabine.<\/p>\n<p><em>Chaque lundi, les Choix de la r\u00e9daction pr\u00e9sentent les concerts des membres de la Communaut\u00e9 musicale de Ludwig van Montr\u00e9al. Pour savoir comment devenir membre, \u00e9crivez-nous \u00e0 caroline@ludwig-van.com\u00a0<\/em><\/p>\n<h2><em>Inscrivez-vous \u00e0 notre infolettre! La musique classique et l&rsquo;op\u00e9ra en 5 minutes, chaque jour<\/em> \u00a0<span style=\"color: #ff0000;\"><a style=\"color: #ff0000;\" href=\"https:\/\/ludwig-van.us9.list-manage.com\/subscribe?u=4f785cb3f9058f2393ccad035&amp;id=b9b160c032\" target=\"_blank\" rel=\"noopener noreferrer\">ICI\u00a0<\/a><\/span><\/h2>\n","protected":false},"excerpt":{"rendered":"<p>Malgr\u00e9 le yo-yo gouvernemental qui change les r\u00e8gles sanitaires et l&rsquo;heure de tomb\u00e9e du couvre-feu \u00e0 tout va, le milieu musical demeure r\u00e9silient et n&rsquo;en finit plus de s&rsquo;adapter. Alors que nous devrons de nouveau rentrer sagement chez nous au plus tard \u00e0 20 h cette semaine, \u00a0voici nos Choix de la r\u00e9daction pour les concerts classiques virtuels ou devant public, du 12 au 18 avril 2021.<\/p>\n","protected":false},"author":51,"featured_media":66429,"comment_status":"open","ping_status":"open","sticky":false,"template":"","format":"standard","meta":{"om_disable_all_campaigns":false,"jetpack_post_was_ever_published":false},"categories":[41122,10956,10994],"tags":[41124,10985,20645,16968,21677,2521,4485,2542],"yst_prominent_words":[9792,26052,41086],"acf":[],"jetpack_featured_media_url":"https:\/\/www.ludwig-van.com\/montreal\/wp-content\/uploads\/sites\/3\/2021\/04\/Choix-12-avril.jpg","jetpack_sharing_enabled":true,"jetpack_shortlink":"https:\/\/wp.me\/p9bdYt-hgW","amp_enabled":true,"_links":{"self":[{"href":"https:\/\/www.ludwig-van.com\/montreal\/wp-json\/wp\/v2\/posts\/66398"}],"collection":[{"href":"https:\/\/www.ludwig-van.com\/montreal\/wp-json\/wp\/v2\/posts"}],"about":[{"href":"https:\/\/www.ludwig-van.com\/montreal\/wp-json\/wp\/v2\/types\/post"}],"author":[{"embeddable":true,"href":"https:\/\/www.ludwig-van.com\/montreal\/wp-json\/wp\/v2\/users\/51"}],"replies":[{"embeddable":true,"href":"https:\/\/www.ludwig-van.com\/montreal\/wp-json\/wp\/v2\/comments?post=66398"}],"version-history":[{"count":18,"href":"https:\/\/www.ludwig-van.com\/montreal\/wp-json\/wp\/v2\/posts\/66398\/revisions"}],"predecessor-version":[{"id":66434,"href":"https:\/\/www.ludwig-van.com\/montreal\/wp-json\/wp\/v2\/posts\/66398\/revisions\/66434"}],"wp:featuredmedia":[{"embeddable":true,"href":"https:\/\/www.ludwig-van.com\/montreal\/wp-json\/wp\/v2\/media\/66429"}],"wp:attachment":[{"href":"https:\/\/www.ludwig-van.com\/montreal\/wp-json\/wp\/v2\/media?parent=66398"}],"wp:term":[{"taxonomy":"category","embeddable":true,"href":"https:\/\/www.ludwig-van.com\/montreal\/wp-json\/wp\/v2\/categories?post=66398"},{"taxonomy":"post_tag","embeddable":true,"href":"https:\/\/www.ludwig-van.com\/montreal\/wp-json\/wp\/v2\/tags?post=66398"},{"taxonomy":"yst_prominent_words","embeddable":true,"href":"https:\/\/www.ludwig-van.com\/montreal\/wp-json\/wp\/v2\/yst_prominent_words?post=66398"}],"curies":[{"name":"wp","href":"https:\/\/api.w.org\/{rel}","templated":true}]}}