{"id":66379,"date":"2021-04-08T15:29:44","date_gmt":"2021-04-08T19:29:44","guid":{"rendered":"https:\/\/www.ludwig-van.com\/montreal\/?p=66379"},"modified":"2021-04-22T09:57:46","modified_gmt":"2021-04-22T13:57:46","slug":"dossier-de-lhesitation-au-grand-saut-le-parcours-de-deux-laureates-du-plus-important-concours-de-composition-au-canada","status":"publish","type":"post","link":"https:\/\/www.ludwig-van.com\/montreal\/2021\/04\/08\/dossier-de-lhesitation-au-grand-saut-le-parcours-de-deux-laureates-du-plus-important-concours-de-composition-au-canada\/","title":{"rendered":"DOSSIER | De l&rsquo;h\u00e9sitation au grand saut : le parcours de deux laur\u00e9ates du plus important concours de composition au Canada"},"content":{"rendered":"<h4><span style=\"color: #666699;\">\u2014<\/span> <span style=\"color: #808080;\">Les laur\u00e9ates des Prix Azrieli de musique, Keiko Devaux et Kelly-Marie Murphy, d\u00e9crivent leurs exp\u00e9riences dans le monde de la musique classique, et pourquoi elles ont failli ne pas \u00eatre candidates.<\/span><\/h4>\n<figure id=\"attachment_66382\" aria-describedby=\"caption-attachment-66382\" style=\"width: 1200px\" class=\"wp-caption aligncenter\"><img decoding=\"async\" loading=\"lazy\" class=\"size-full wp-image-66382\" src=\"https:\/\/www.ludwig-van.com\/montreal\/wp-content\/uploads\/sites\/3\/2021\/04\/Keiko-Devaux-cover.jpg\" alt=\"\" width=\"1200\" height=\"628\" \/><figcaption id=\"caption-attachment-66382\" class=\"wp-caption-text\">Keiko en r\u00e9p\u00e9tition avant le concert gala des PAM. (Photo: Alain Beauchesne)<\/figcaption><\/figure>\n<p><strong>En partenariat avec la <a href=\"https:\/\/azrielifoundation.org\/fr\/\" target=\"_blank\" rel=\"noopener\"><span style=\"color: #ff0000;\">Fondation Azrieli<\/span><\/a><\/strong><\/p>\n<p>Dot\u00e9 d\u2019un prix en argent substantiel \u2014 le plus gros prix pour une composition canadienne \u2014 et d\u2019un processus de candidature ouvert, les <strong>Prix Azrieli de musique<\/strong> re\u00e7oivent de nombreuses candidatures. Malgr\u00e9 cela, seulement 11% des candidats \u00e9taient des femmes en 2020, et dans la cat\u00e9gorie Commande de musique juive, cette proportion n\u2019\u00e9tait que de 6%.<\/p>\n<p>Un regard sur deux anciennes laur\u00e9ates \u2014 <strong>Keiko Devaux<\/strong>, laur\u00e9ate de la premi\u00e8re Commande Azrieli de musique canadienne, et <strong>Kelly-Marie Murphy<\/strong>, laur\u00e9ate de la Commande Azrieli de musique juive 2018 \u2014 s\u2019av\u00e8re \u00e9clairant et inspirant.<\/p>\n<p>En attribuant la Commande canadienne \u00e0 Keiko, le Jury a not\u00e9 que sa musique \u00e9tait \u00ab <em>int\u00e9ressante, authentique, dans une classe \u00e0 part. Ses compositions sont myst\u00e9rieuses, captivantes et magnifiques. Sa soumission d\u00e9montre une qu\u00eate originale et ing\u00e9nieuse de ce que cela signifie d\u2019\u00eatre Canadien, qui est honn\u00eate et percutante, \u00e0 sa mani\u00e8re.<\/em> \u00bb<\/p>\n<p>Elle est pr\u00e9sentement compositrice en r\u00e9sidence au Centre national des arts jusqu\u2019en 2022, et termine son doctorat \u00e0 l\u2019Universit\u00e9 de Montr\u00e9al. Son exposition \u00e0 la musique a d\u00e9but\u00e9 \u00e0 un jeune \u00e2ge. \u00ab J\u2019ai commenc\u00e9 \u00e0 jouer du piano \u00e0 cinq ans \u00bb, dit-elle.<\/p>\n<p>M\u00eame \u00e0 cinq ans, lorsqu\u2019elle a commenc\u00e9 \u00e0 jouer, elle improvisait d\u00e9j\u00e0. \u00ab J\u2019\u00e9tais attir\u00e9e par aspect cr\u00e9atif du processus \u00bb. Malgr\u00e9 tout, son chemin vers le m\u00e9tier de compositrice n\u2019a pas \u00e9t\u00e9 sans d\u00e9tours. Son premier \u00e9lan musical a \u00e9t\u00e9 envers l\u2019interpr\u00e9tation, lorsqu\u2019elle jouait dans les genres populaire et jazz.<\/p>\n<p>\u00ab Je me trouvais attir\u00e9e par le processus de composition collective\u00bb, dit-elle.<\/p>\n<p>&nbsp;<\/p>\n<figure id=\"attachment_66383\" aria-describedby=\"caption-attachment-66383\" style=\"width: 1200px\" class=\"wp-caption aligncenter\"><img decoding=\"async\" loading=\"lazy\" class=\"size-full wp-image-66383\" src=\"https:\/\/www.ludwig-van.com\/montreal\/wp-content\/uploads\/sites\/3\/2021\/04\/Kelly-Marie_Murphy_2018_AMP_Gala_Rehearsal_with_Boris_Brott_Credit_Danylo_Bobyk.jpeg\" alt=\"\" width=\"1200\" height=\"800\" \/><figcaption id=\"caption-attachment-66383\" class=\"wp-caption-text\">&#8211; Kelly-Marie Murphy en r\u00e9p\u00e9tition pour le concert gala des PAM en 2018, avec Yoav Talmi (Photo: Danylo Bobyk)]<\/figcaption><\/figure>\n<p>Le fait d\u2019\u00eatre une femme change la perspective de son exp\u00e9rience en tant que musicienne.<\/p>\n<p>\u00ab Je pense que \u00e7a peut \u00eatre un obstacle, mais aussi un puissant moteur, dit-elle. Il y a certainement de multiples occasions de se sentir exclue. \u00bb<\/p>\n<p>Alors que <strong>Kelly-Marie Murphy<\/strong> \u00e9tudiait le chant et le piano, elle n\u2019avait jamais envisag\u00e9 la composition durant ses \u00e9tudes. \u00ab Je crois que je suis devenue compositrice par accident, dit-elle. Au fil de mon parcours, j\u2019ai appris que je n\u2019aimais pas \u00eatre devant le public \u00bb.<\/p>\n<p>Murphy avait l\u2019intention d\u2019\u00e9tudier l\u2019arrangement de jazz vocal en premier lieu; pour se faire, ce qui demande un apprentissage de base en composition. Sans mod\u00e8le, elle ne s\u2019imaginait pas dans ce r\u00f4le.<\/p>\n<p>\u00ab Ce que l\u2019on nous pr\u00e9sente est la musique the l\u2019histoire, du pass\u00e9 \u2013 a , des hommes blancs morts \u00bb, fait-elle remarquer.<\/p>\n<p>\u00ab Je ne m\u2019identifiais pas \u00e0 cela et je ne me voyais pas l\u00e0 \u00bb, confirme Devaux. Elle note, cependant, l\u2019importance de pr\u00e9senter de nouvelles perspectives, et de reconna\u00eetre les compositrices oubli\u00e9es de l\u2019histoire; un mouvement prend de plus en plus d\u2019importance. \u00ab C\u2019est tr\u00e8s int\u00e9ressant d\u2019assister \u00e0 cette prise de conscience. \u00bb<\/p>\n<p>\u00ab \u00c0 l\u2019\u00e9poque o\u00f9 j\u2019ai grandi, voulant devenir musicienne ou compositrice, j\u2019ai naturellement eu plusieurs mod\u00e8les masculins, dit Devaux. En devenant compositrice, j\u2019ai remarqu\u00e9 ce d\u00e9s\u00e9quilibre et j\u2019ai cherch\u00e9 des mod\u00e8les plus diversifi\u00e9s, et c\u2019est devenu un enjeu moins important pour moi avec le temps. Maintenant, j\u2019ai une relation tr\u00e8s diff\u00e9rente avec mon identit\u00e9 de compositrice et je me reconnais davantage dans ces mod\u00e8les. \u00bb<\/p>\n<p>Dans son travail, <strong>Keiko Devaux<\/strong> est toujours influenc\u00e9e par son parcours d\u2019interpr\u00e8te, et incorpore des \u00e9l\u00e9ments \u00e9lectroacoustiques dans ses \u0153uvres. \u00ab Je crois qu\u2019il s\u2019agit essentiellement d\u2019\u00eatre consciente de l\u2019exp\u00e9rience acoustique, dit-elle. Je veux que cette exp\u00e9rience soit \u00e9mouvante et ressentie. Je ne veux pas qu\u2019elle soit d\u00e9tach\u00e9e ou exploratoire au point d\u2019en devenir inaccessible. Il est important d\u2019\u00eatre honn\u00eate. \u00bb<\/p>\n<p><strong>Ana Sokolovic<\/strong>, compositrice et membre du jury, a \u00e9crit au sujet de l\u2019\u0153uvre de Murphy, dans sa d\u00e9cision :<\/p>\n<p>\u00ab<em> Kelly-Marie Murphy est l\u2019une des compositrices canadiennes les plus connues. Ses compositions sont honn\u00eates, directes, et d\u00e9montrent une grande comp\u00e9tence. Nous sommes confiants qu\u2019elle nous offrira une \u0153uvre digne du Prix.<\/em> \u00bb<\/p>\n<p>Ses \u0153uvres ont \u00e9t\u00e9 jou\u00e9es par plusieurs ensembles, incluant les orchestres symphoniques de Toronto, Winnipeg et Vancouver. \u00catre compositeur, c\u2019est aussi permettre \u00e0 son travail \u2013 et \u00e0 soi-m\u00eame, d\u2019une certaine fa\u00e7on \u2013 d\u2019\u00eatre vuln\u00e9rable.<\/p>\n<p>Pour tout compositeur, il y a une pression externe. \u00ab On craint beaucoup de ne pas \u00eatre assez intelligente, ou pas assez compliqu\u00e9e, dit Devaux. J\u2019aime entrer en relation avec le public. \u00bb<\/p>\n<p>\u00ab Si ta musique est appr\u00e9ci\u00e9e et comprise par le grand public, tu portes faute \u00bb, dit <strong>Kelly-Marie Murphy<\/strong>. La compositrice reconna\u00eet ses critiques.<\/p>\n<p>\u00ab Il y a deux choses qu\u2019on peut faire \u00e0 ce sujet. J\u2019ai choisi d\u2019aller de l\u2019avant. Si on croit aux critiques qui affirment qu\u2019on est fantastique, on doit aussi croire celles qui affirment qu\u2019on n\u2019est pas original. En bout de ligne, la musique est une forme de communication avec laquelle je peux travailler. Je veux communiquer avec mon public. Mais cela ne veut pas dire que je souhaite niveler par le bas. \u00bb<\/p>\n<p><em>COULOIR interpr\u00e8te le Double Concerto pour violoncelle et harpe \u00ab En el Escuro es Todo Uno \u00bb (Dans l\u2019obscurit\u00e9, tout ne fait qu\u2019un), laur\u00e9at du Prix, avec l\u2019Orchestre symphonique national tch\u00e8que au Smetana Hall, Prague, Septembre 2019.<\/em><\/p>\n<p>&nbsp;<\/p>\n<div class=\"jetpack-video-wrapper\"><span class=\"embed-youtube\" style=\"text-align:center; display: block;\"><iframe loading=\"lazy\" class=\"youtube-player\" width=\"640\" height=\"360\" src=\"https:\/\/www.youtube.com\/embed\/StSu6YkjQL4?version=3&#038;rel=1&#038;showsearch=0&#038;showinfo=1&#038;iv_load_policy=1&#038;fs=1&#038;hl=fr-FR&#038;autohide=2&#038;wmode=transparent\" allowfullscreen=\"true\" style=\"border:0;\" sandbox=\"allow-scripts allow-same-origin allow-popups allow-presentation\"><\/iframe><\/span><\/div>\n<p>Selon les r\u00e8gles du concours, deux prix constituent des commandes. L\u2019un va \u00e0 un compositeur canadien, un autre pour une nouvelle \u0153uvre de musique juive, et un troisi\u00e8me, pour \u00ab la meilleure \u0153uvre non-d\u00e9couverte de musique juive \u00bb. Bien que le concours soit tentant, les deux compositrices n\u2019ont pas pos\u00e9 leurs candidatures \u00e0 la premi\u00e8re \u00e9dition.<\/p>\n<p>\u00ab Pendant longtemps, je ne posais jamais ma candidature \u00bb, dit Keiko. Le parcours typique des compositeurs classiques est de participer \u00e0 une foule de concours au d\u00e9but de leurs carri\u00e8res dans le domaine. Plusieurs concours ont une limite d\u2019\u00e2ge, et en tant que compositrice qui n\u2019a commenc\u00e9 \u00e0 s\u2019\u00e9tablir dans sa trentaine, ceux-ci lui \u00e9taient d\u00e9j\u00e0 inaccessibles. En arrivant en mi-carri\u00e8re, on atteint un plateau, et il \u00e9tait temps pour elle de se lancer un d\u00e9fi. \u00ab Ou d\u2019essayer de m\u2019aventurer dans le cercle des prix plus importants. \u00bb<\/p>\n<p>Avec un prix d\u2019une telle envergure et une comp\u00e9tition in\u00e9vitable, il peut \u00eatre facile d\u2019h\u00e9siter. \u00ab Dans certains cas, il y a une sorte de syndrome de l\u2019imposteur \u00bb, note Devaux. La confiance en son travail est la cl\u00e9. \u00ab J\u2019ai des choses \u00e0 dire, et je vais les dire. Je vais aller de l\u2019avant et le faire, tout simplement. \u00bb<\/p>\n<p>Au d\u00e9part, une partie de son h\u00e9sitation est venue de l\u2019examen r\u00e9flectif exig\u00e9 par la Commande Azrieli de musique canadienne.<\/p>\n<p>\u00ab Au d\u00e9but, j\u2019\u00e9tais d\u00e9concert\u00e9e par l\u2019id\u00e9e de cr\u00e9er de la musique \u00ab canadienne \u00bb. Cela m\u2019a amen\u00e9e \u00e0 m\u2019interroger sur mon histoire et mon identit\u00e9. \u00bb Elle en est arriv\u00e9e \u00e0 \u00e9laborer une identit\u00e9 canadienne tr\u00e8s personnelle, int\u00e9grant son h\u00e9ritage mixte, \u00e0 la fois japonais, fran\u00e7ais et canadien.<\/p>\n<p>\u00ab J\u2019ai ces cultures contrastantes dans ma vie \u00bb. Son \u0153uvre incorpore des fragments de diff\u00e9rentes pi\u00e8ces, des sons traditionnels, et d\u2019autres \u00e9l\u00e9ments. \u00ab Elle devient un dialogue entre des chansons. \u00bb<\/p>\n<p>&nbsp;<\/p>\n<figure id=\"attachment_64883\" aria-describedby=\"caption-attachment-64883\" style=\"width: 1024px\" class=\"wp-caption aligncenter\"><img decoding=\"async\" loading=\"lazy\" class=\"size-full wp-image-64883\" src=\"https:\/\/www.ludwig-van.com\/montreal\/wp-content\/uploads\/sites\/3\/2020\/08\/2018AMP_Kelly_DanyloBobyk_jpg.jpg\" alt=\"\" width=\"1024\" height=\"683\" srcset=\"https:\/\/www.ludwig-van.com\/montreal\/wp-content\/uploads\/sites\/3\/2020\/08\/2018AMP_Kelly_DanyloBobyk_jpg.jpg 1024w, https:\/\/www.ludwig-van.com\/montreal\/wp-content\/uploads\/sites\/3\/2020\/08\/2018AMP_Kelly_DanyloBobyk_jpg-300x200.jpg 300w, https:\/\/www.ludwig-van.com\/montreal\/wp-content\/uploads\/sites\/3\/2020\/08\/2018AMP_Kelly_DanyloBobyk_jpg-768x512.jpg 768w\" sizes=\"(max-width: 1024px) 100vw, 1024px\" \/><figcaption id=\"caption-attachment-64883\" class=\"wp-caption-text\">Kelly-Marie Murphy au Concert gala des PAM, avec Yoav Talmi, en 2018. (Photo: Danylo Bobyk)<\/figcaption><\/figure>\n<p>\u00ab Je l\u2019ai laiss\u00e9 passer la premi\u00e8re ann\u00e9e, dit Murphy au sujet des PAM. Le prix en argent est incroyable. Je ne me sentais pas pr\u00eate. \u00bb<\/p>\n<p>Elle ne se sentait pas assez famili\u00e8re avec l\u2019id\u00e9e de composer une musique dont l\u2019id\u00e9e de d\u00e9part est \u00ab qu\u2019est-ce que la musique juive? \u00bb.<\/p>\n<p>\u00ab Mais la deuxi\u00e8me fois, j\u2019ai senti que je ne pouvais pas le laisser passer. \u00bb<\/p>\n<p>Sa participation l\u2019a emmen\u00e9e \u00e0 faire des recherches sur la musique s\u00e9pharade, et elle a \u00e9t\u00e9 envo\u00fbt\u00e9e par les traditions, l\u2019id\u00e9e et la proposition. \u00ab On se dit : mes chances de gagner sont tr\u00e8s minces. Et je me souviens d\u2019avoir pens\u00e9 : j\u2019esp\u00e8re que j\u2019aurai l\u2019occasion de composer cette \u0153uvre. \u00bb<br \/>\nLe d\u00e9fi que pose le concours en vaut la peine. \u00ab Je vous dirais: faites-le \u00bb, conseille Devaux \u00e0 tout compositeur qui h\u00e9site.<\/p>\n<p>\u00ab J\u2019adore composer. J\u2019ai grandi en \u00e9tant une joueuse d\u2019\u00e9quipe, et je le suis toujours, [mais\u2019] j\u2019avais besoin de me d\u00e9passer. \u00c7a nous fait progresser d\u2019\u00eatre plus affirm\u00e9e, et nous rend plus vuln\u00e9rable. \u00bb<\/p>\n<p>\u00ab C\u2019est une validation \u00bb, dit Murphy au sujet de son prix. Elle fait remarquer que la composition n\u2019apporte pas la r\u00e9troaction imm\u00e9diate et la reconnaissance que procurent les prestations en public. \u00ab C\u2019est tellement encourageant. \u00bb<\/p>\n<p>En tant que professeure de musique, Murphy a aussi des conseils pour les compositeurs \u00e9mergents. \u00ab \u00c9tudiez, \u00e9coutez beaucoup de musique, et recherchez des partitions. Demandez-vous ce que votre voix peut ajouter \u00e0 ce monde. \u00bb<\/p>\n<p>&nbsp;<\/p>\n<div class=\"jetpack-video-wrapper\"><span class=\"embed-youtube\" style=\"text-align:center; display: block;\"><iframe loading=\"lazy\" class=\"youtube-player\" width=\"640\" height=\"360\" src=\"https:\/\/www.youtube.com\/embed\/BwomMv10phw?version=3&#038;rel=1&#038;showsearch=0&#038;showinfo=1&#038;iv_load_policy=1&#038;fs=1&#038;hl=fr-FR&#038;autohide=2&#038;wmode=transparent\" allowfullscreen=\"true\" style=\"border:0;\" sandbox=\"allow-scripts allow-same-origin allow-popups allow-presentation\"><\/iframe><\/span><\/div>\n<p>En plus du prix en argent, les \u0153uvres laur\u00e9ates sont jou\u00e9es en premi\u00e8re \u00e0 l\u2019occasion d\u2019un concert-gala.<\/p>\n<p>\u00ab C\u2019est une exp\u00e9rience incroyable et merveilleuse \u00bb dit Devaux en \u00e9voquant son travail avec le Nouvel Ensemble Moderne pour le Gala concert des PAM, en octobre 2020. Le concert a \u00e9t\u00e9 diffus\u00e9 sur Medici TV et r\u00e9colt\u00e9 plus de 50 000 vues dans 77 pays depuis. Pour 2022, le concert sera mettra en vedette l\u2019Orchestre M\u00e9tropolitain, avec son directeur artistique et chef principal, <strong>Yannick N\u00e9zet-S\u00e9guin.<\/strong><\/p>\n<p>En plus de cette premi\u00e8re, deux prestations sont pr\u00e9vues \u00e0 l\u2019ext\u00e9rieur du Canada, ainsi qu\u2019un enregistrement avec Analekta. En 2019, Kelly s\u2019est rendue \u00e0 Varsovie et \u00e0 Prague pour les premi\u00e8res europ\u00e9ennes de son \u0153uvre laur\u00e9ate. Keiko visitera New York et Tel Aviv avant la fin de 2021, avec son \u0153uvre. Il s\u2019agit d\u2019un grand coup de pouce \u00e0 une carri\u00e8re, et cela pourrait bien cr\u00e9er des mod\u00e8les pour la prochaine g\u00e9n\u00e9ration de compositeurs.<\/p>\n<p><strong>Les Prix Azrieli de Musique (PAM) 2022 acceptent les candidatures jusqu\u2019au 2 mai 2021 (Commandes de musique canadienne et de musique juive) et jusqu\u2019au 1er ao\u00fbt 2021 (Prix Azrieli pour la musique juive). Tous les d\u00e9tails <a href=\"https:\/\/azrielifoundation.org\/our-priorities\/music-arts\/amp\/?utm_source=LUDWIG+VAN+TORONTO+Email+Subscribers&amp;utm_campaign=90b297dd50-RSS_EMAIL_CAMPAIGN&amp;utm_medium=email&amp;utm_term=0_57cdb68eac-90b297dd50-187141157\" target=\"_blank\" rel=\"noopener\"><span style=\"color: #ff0000;\">ICI.<\/span><\/a><\/strong><\/p>\n<p>&nbsp;<\/p>\n","protected":false},"excerpt":{"rendered":"<p>Les laur\u00e9ates des Prix Azrieli de musique, Keiko Devaux et Kelly-Marie Murphy, d\u00e9crivent leurs exp\u00e9riences dans le monde de la musique classique, et pourquoi elles ont failli ne pas \u00eatre candidates.<\/p>\n","protected":false},"author":64,"featured_media":66382,"comment_status":"open","ping_status":"open","sticky":false,"template":"","format":"standard","meta":{"om_disable_all_campaigns":false,"jetpack_post_was_ever_published":false},"categories":[41122,10956,11009],"tags":[41124,16195,39974,41959,36722],"yst_prominent_words":[23806,36700,39944,39940,39976,14060,18464,17161,17169,9811,12867,26767,9857,23800,23804,24160],"acf":[],"jetpack_featured_media_url":"https:\/\/www.ludwig-van.com\/montreal\/wp-content\/uploads\/sites\/3\/2021\/04\/Keiko-Devaux-cover.jpg","jetpack_sharing_enabled":true,"jetpack_shortlink":"https:\/\/wp.me\/p9bdYt-hgD","amp_enabled":true,"_links":{"self":[{"href":"https:\/\/www.ludwig-van.com\/montreal\/wp-json\/wp\/v2\/posts\/66379"}],"collection":[{"href":"https:\/\/www.ludwig-van.com\/montreal\/wp-json\/wp\/v2\/posts"}],"about":[{"href":"https:\/\/www.ludwig-van.com\/montreal\/wp-json\/wp\/v2\/types\/post"}],"author":[{"embeddable":true,"href":"https:\/\/www.ludwig-van.com\/montreal\/wp-json\/wp\/v2\/users\/64"}],"replies":[{"embeddable":true,"href":"https:\/\/www.ludwig-van.com\/montreal\/wp-json\/wp\/v2\/comments?post=66379"}],"version-history":[{"count":4,"href":"https:\/\/www.ludwig-van.com\/montreal\/wp-json\/wp\/v2\/posts\/66379\/revisions"}],"predecessor-version":[{"id":66385,"href":"https:\/\/www.ludwig-van.com\/montreal\/wp-json\/wp\/v2\/posts\/66379\/revisions\/66385"}],"wp:featuredmedia":[{"embeddable":true,"href":"https:\/\/www.ludwig-van.com\/montreal\/wp-json\/wp\/v2\/media\/66382"}],"wp:attachment":[{"href":"https:\/\/www.ludwig-van.com\/montreal\/wp-json\/wp\/v2\/media?parent=66379"}],"wp:term":[{"taxonomy":"category","embeddable":true,"href":"https:\/\/www.ludwig-van.com\/montreal\/wp-json\/wp\/v2\/categories?post=66379"},{"taxonomy":"post_tag","embeddable":true,"href":"https:\/\/www.ludwig-van.com\/montreal\/wp-json\/wp\/v2\/tags?post=66379"},{"taxonomy":"yst_prominent_words","embeddable":true,"href":"https:\/\/www.ludwig-van.com\/montreal\/wp-json\/wp\/v2\/yst_prominent_words?post=66379"}],"curies":[{"name":"wp","href":"https:\/\/api.w.org\/{rel}","templated":true}]}}