{"id":66339,"date":"2021-03-30T14:50:40","date_gmt":"2021-03-30T18:50:40","guid":{"rendered":"https:\/\/www.ludwig-van.com\/montreal\/?p=66339"},"modified":"2021-03-31T15:37:12","modified_gmt":"2021-03-31T19:37:12","slug":"communaute-lvm-deux-grands-concerts-montagne-de-surprises-35-ans-de-lorchestre-symphonique-de-laval","status":"publish","type":"post","link":"https:\/\/www.ludwig-van.com\/montreal\/2021\/03\/30\/communaute-lvm-deux-grands-concerts-montagne-de-surprises-35-ans-de-lorchestre-symphonique-de-laval\/","title":{"rendered":"COMMUNAUT\u00c9 LVM\u00a0| Deux Grands Concerts et une montagne de surprises Pour les 35 ans de l&rsquo;Orchestre symphonique de Laval !"},"content":{"rendered":"<p style=\"text-align: center;\"><img decoding=\"async\" loading=\"lazy\" class=\"aligncenter size-full wp-image-66340\" src=\"https:\/\/www.ludwig-van.com\/montreal\/wp-content\/uploads\/sites\/3\/2021\/03\/Bannie\u0300re-osl-1200.png\" alt=\"\" width=\"1200\" height=\"419\" \/><\/p>\n<p>&nbsp;<\/p>\n<h1 style=\"text-align: center;\"><del>Un message de l&rsquo;Orchestre symphonique de Laval<\/del><\/h1>\n<p>&nbsp;<\/p>\n<p>&nbsp;<\/p>\n<p style=\"text-align: center;\"><img decoding=\"async\" loading=\"lazy\" class=\"aligncenter wp-image-66343\" src=\"https:\/\/www.ludwig-van.com\/montreal\/wp-content\/uploads\/sites\/3\/2021\/03\/logo-grands-concerts.jpg\" alt=\"\" width=\"350\" height=\"257\" \/><\/p>\n<p style=\"text-align: center;\"><strong>Deux Grands\u00a0Concerts<\/strong>, 15$\/unit\u00e9 et <span style=\"color: #ff0000;\"><strong>25$\/duo<\/strong><\/span>,\u00a0disponibles sur <strong>osl.ca<\/strong><\/p>\n<p>&nbsp;<\/p>\n<p style=\"text-align: center;\"><a href=\"https:\/\/livetoune.tuxedobillet.com\"><img decoding=\"async\" loading=\"lazy\" class=\"aligncenter wp-image-66344\" src=\"https:\/\/www.ludwig-van.com\/montreal\/wp-content\/uploads\/sites\/3\/2021\/03\/Bouton-OSL.png\" alt=\"\" width=\"530\" height=\"107\" \/><\/a><\/p>\n<p>&nbsp;<\/p>\n<figure id=\"attachment_66341\" aria-describedby=\"caption-attachment-66341\" style=\"width: 1200px\" class=\"wp-caption aligncenter\"><img decoding=\"async\" loading=\"lazy\" class=\"size-full wp-image-66341\" src=\"https:\/\/www.ludwig-van.com\/montreal\/wp-content\/uploads\/sites\/3\/2021\/03\/OSL-in.jpg\" alt=\"\" width=\"1200\" height=\"628\" \/><figcaption id=\"caption-attachment-66341\" class=\"wp-caption-text\">Maxime Goulet, compositeur; Charles Richard-Hamelin, pianiste.<\/figcaption><\/figure>\n<p>&nbsp;<\/p>\n<p style=\"text-align: center;\"><a href=\"https:\/\/www.osl.ca\/hommage-osl\"><strong>B\u00c9ATRICE PICARD : UNE C\u00c9L\u00c9BRATION SYMPHONIQUE<\/strong><\/a><\/p>\n<p>C\u00e9l\u00e9brer les 35 ans de l\u2019Orchestre symphonique de Laval, c\u2019est aussi <strong>c\u00e9l\u00e9brer les Grand.e.s Lavallois.e.s<\/strong> qui composent sa communaut\u00e9. Cette ann\u00e9e, c\u2019est l\u2019actrice <strong>B\u00e9atrice Picard<\/strong> que nous applaudirons pour sa contribution au secteur des arts et spectacles dont la pand\u00e9mie a eu l\u2019audace de venir souligner l\u2019essentialit\u00e9.<\/p>\n<p>Le compositeur <strong>Maxime Goulet<\/strong> offre une r\u00e9trospective \u00e9mouvante \u00e0 cet anniversaire et \u00e0 notre histoire, celle du Qu\u00e9bec, avec la <strong>cr\u00e9ation de <em>Chaleur, 2e mouvement<\/em> de la <em>Symphonie de la temp\u00eate du verglas.<\/em><\/strong> Elle \u00e9voque\u00a0la solidarit\u00e9 des familles qui se sont rassembl\u00e9es quand certains manquaient d\u2019\u00e9lectricit\u00e9, <strong>inspir\u00e9e\u00a0de l\u2019\u00e9v\u00e9nement m\u00e9t\u00e9orologique historique\u00a0qui a frapp\u00e9 le Qu\u00e9bec en 1998<\/strong>.<\/p>\n<p style=\"text-align: left;\">Apr\u00e8s la <strong>Symphonie no. 31 de Mozart<\/strong> et pour cl\u00f4turer cette c\u00e9l\u00e9bration, le <strong>pianiste Charles Richard-Hamelin<\/strong> sera aussi des n\u00f4tres avec le <strong>Concerto no. 2 de Chopin<\/strong> comme \u00e9crin pour exposer son talent incontestable.<\/p>\n<p style=\"text-align: center;\"><strong>En Premi\u00e8re le mercredi 31 mars 19h30<br \/>\net en rediffusion du 1<sup>er<\/sup> au 13 avril 2021<\/strong><\/p>\n<p style=\"text-align: center;\">AVEC<br \/>\n<strong>Orchestre symphonique de Laval<\/strong><br \/>\n<strong>Alain Trudel<\/strong>, chef et directeur artistique<br \/>\n<strong>Charles Richard-Hamelin<\/strong>, piano<\/p>\n<p style=\"text-align: center;\">UN PROGRAMME CON\u00c7U AVEC LA PARTICIPATION DE<br \/>\n<strong>B\u00e9atrice Picard<\/strong>, actrice<\/p>\n<p>&nbsp;<\/p>\n<p>&nbsp;<\/p>\n<p style=\"text-align: center;\"><a href=\"https:\/\/www.osl.ca\/hommage-osl\"><img decoding=\"async\" loading=\"lazy\" class=\"aligncenter wp-image-66346\" src=\"https:\/\/www.ludwig-van.com\/montreal\/wp-content\/uploads\/sites\/3\/2021\/03\/En-savoir-.png\" alt=\"\" width=\"256\" height=\"125\" \/><\/a><\/p>\n<p>&nbsp;<\/p>\n<figure id=\"attachment_66349\" aria-describedby=\"caption-attachment-66349\" style=\"width: 1200px\" class=\"wp-caption aligncenter\"><img decoding=\"async\" loading=\"lazy\" class=\"size-full wp-image-66349\" src=\"https:\/\/www.ludwig-van.com\/montreal\/wp-content\/uploads\/sites\/3\/2021\/03\/Barbara-Alain.jpg\" alt=\"\" width=\"1200\" height=\"628\" \/><figcaption id=\"caption-attachment-66349\" class=\"wp-caption-text\">Barbara Croall; Alain Trudel.<\/figcaption><\/figure>\n<p>&nbsp;<\/p>\n<p style=\"text-align: center;\"><a href=\"https:\/\/www.osl.ca\/barbaracroall-osl\"><strong>MAKIZIN WAAWAASKONENH (LE SABOT DE LA VIERGE)<\/strong><\/a><\/p>\n<p>Ce concert d\u00e9butera avec la <strong>Suite Pulcinella 1922\/1949 de Stravinsky<\/strong> qui reprend des fragments de musiques du compositeur napolitain Pergol\u00e8se tout en <strong>s\u2019inspirant de personnages de la Commedia dell\u2019arte<\/strong>, notamment Polichinelle. Une \u0153uvre au style n\u00e9oclassique qui fait \u00e9cho au langage pictural de Picasso et de ses comparses cubistes.<\/p>\n<p style=\"text-align: center;\">Ensuite, l\u2019Orchestre interpr\u00e9tera <strong>Makizin Waawaaskonenh (Le sabot de la vierge)<\/strong> <strong>de Barbara Croall<\/strong>, une \u0153uvre dont le nom \u00e9voque une fleur d\u00e9licate et \u00e0 laquelle le langage unique est inspir\u00e9 par la nature et par les sons m\u00e9caniques cr\u00e9\u00e9s par l\u2019humain. <strong>Compositrice membre de la Premi\u00e8re Nation Odawa<\/strong> et laur\u00e9ate de nombreuses distinctions, Barbara Croall, salu\u00e9e \u00e0 travers le monde, s\u2019appuie sur des aspects de la musique tonale europ\u00e9enne tout en int\u00e9grant harmonieusement des instruments, des sonorit\u00e9s et des pratiques traditionnelles autochtones.<\/p>\n<p style=\"text-align: center;\"><strong>En Premi\u00e8re le mercredi 26 mai, 19h30<br \/>\net en rediffusion du 27 mai au 8 juin 2021<\/strong><\/p>\n<p style=\"text-align: center;\">AVEC<br \/>\n<strong>Orchestre symphonique de Laval<\/strong><br \/>\n<strong>Alain Trudel<\/strong>, chef et directeur artistique<br \/>\n<strong>et narration<\/strong><\/p>\n<p>&nbsp;<\/p>\n<p style=\"text-align: center;\"><a href=\"https:\/\/www.osl.ca\/barbaracroall-osl\"><img decoding=\"async\" loading=\"lazy\" class=\"aligncenter wp-image-66346\" src=\"https:\/\/www.ludwig-van.com\/montreal\/wp-content\/uploads\/sites\/3\/2021\/03\/En-savoir-.png\" alt=\"\" width=\"256\" height=\"125\" \/><\/a><\/p>\n<p style=\"text-align: center;\"><strong>En plus de ces concerts\u00a0l&rsquo;OSL c\u00e9l\u00e9brera ses 35 ans avec vous\u00a0 sous une forme num\u00e9rique et intimiste, gr\u00e2ce \u00e0 la magie de la cam\u00e9ra !<\/strong><\/p>\n<p style=\"text-align: center;\">Nous vous\u00a0invitons\u00a0en des lieux habituellement interdits<br \/>\ngr\u00e2ce \u00e0 2 \u00e9pisodes <a href=\"https:\/\/cutt.ly\/sorstucoulisses\">\u00ab\u00a0<strong>Dans les coulisses\u00a0\u00bb<\/strong>.<\/a><\/p>\n<p style=\"text-align: center;\">Une s\u00e9rie de <a href=\"https:\/\/cutt.ly\/sorstucoulisses\"><strong>portraits, \u00ab\u00a0Au c\u0153ur de l\u2019Orchestre\u00a0\u00bb<\/strong><\/a><br \/>\nvous permettra de mieux conna\u00eetre 7 de nos artistes.<\/p>\n<p style=\"text-align: center;\">Nous vous offrirons des\u00a0moments croqu\u00e9s sur le vif<br \/>\nsous forme de <a href=\"https:\/\/cutt.ly\/sorstucoulisses\"><strong>photoreportages<\/strong><\/a> sur nos r\u00e9seaux sociaux.<\/p>\n<p style=\"text-align: center;\"><a href=\"https:\/\/cutt.ly\/sorstuchambristes\">3 mini-concerts Chambristes<\/a> gratuits<\/p>\n<p style=\"text-align: center;\">sur osl.ca et sur nos r\u00e9seaux sociaux.<\/p>\n<p>Chacune de ces s\u00e9ries sera accessible\u00a0gratuitement sur nos r\u00e9seaux sociaux. Une occasion de d\u00e9couvrir l\u2019OSL sous des facettes jusqu\u2019ici inconnues.<\/p>\n<p><em>La publication d&rsquo;articles et de communiqu\u00e9s en collaboration avec les organismes tels que celui-ci est r\u00e9serv\u00e9e aux membres de Ludwig van Montr\u00e9al. Pour savoir comment devenir membre, \u00e9crivez-nous \u00e0 caroline@ludwig-van.com\u00a0<\/em><\/p>\n<h2><em>Inscrivez-vous \u00e0 notre infolettre! La musique classique et l&rsquo;op\u00e9ra en 5 minutes, chaque jour<\/em> \u00a0<span style=\"color: #ff0000;\"><a style=\"color: #ff0000;\" href=\"https:\/\/ludwig-van.us9.list-manage.com\/subscribe?u=4f785cb3f9058f2393ccad035&amp;id=b9b160c032\" target=\"_blank\" rel=\"noopener noreferrer\">ICI\u00a0<\/a><\/span><\/h2>\n","protected":false},"excerpt":{"rendered":"<p>&nbsp; Un message de l&rsquo;Orchestre symphonique de Laval &nbsp; &nbsp; Deux Grands\u00a0Concerts, 15$\/unit\u00e9 et 25$\/duo,\u00a0disponibles sur osl.ca &nbsp; &nbsp; &nbsp; B\u00c9ATRICE PICARD : UNE C\u00c9L\u00c9BRATION SYMPHONIQUE C\u00e9l\u00e9brer les 35 ans de l\u2019Orchestre symphonique de Laval, c\u2019est aussi c\u00e9l\u00e9brer les Grand.e.s Lavallois.e.s qui composent sa communaut\u00e9. Cette ann\u00e9e, c\u2019est l\u2019actrice B\u00e9atrice Picard que nous applaudirons pour [&hellip;]<\/p>\n","protected":false},"author":1,"featured_media":66340,"comment_status":"open","ping_status":"open","sticky":false,"template":"","format":"standard","meta":{"om_disable_all_campaigns":false,"jetpack_post_was_ever_published":false},"categories":[41122,13504],"tags":[],"yst_prominent_words":[8651,10723,41287,23808,9966,41291,41290,9808,10716,10020,28160,41293,10717,41289,41288],"acf":[],"jetpack_featured_media_url":"https:\/\/www.ludwig-van.com\/montreal\/wp-content\/uploads\/sites\/3\/2021\/03\/Bannie\u0300re-osl-1200.png","jetpack_sharing_enabled":true,"jetpack_shortlink":"https:\/\/wp.me\/p9bdYt-hfZ","amp_enabled":true,"_links":{"self":[{"href":"https:\/\/www.ludwig-van.com\/montreal\/wp-json\/wp\/v2\/posts\/66339"}],"collection":[{"href":"https:\/\/www.ludwig-van.com\/montreal\/wp-json\/wp\/v2\/posts"}],"about":[{"href":"https:\/\/www.ludwig-van.com\/montreal\/wp-json\/wp\/v2\/types\/post"}],"author":[{"embeddable":true,"href":"https:\/\/www.ludwig-van.com\/montreal\/wp-json\/wp\/v2\/users\/1"}],"replies":[{"embeddable":true,"href":"https:\/\/www.ludwig-van.com\/montreal\/wp-json\/wp\/v2\/comments?post=66339"}],"version-history":[{"count":10,"href":"https:\/\/www.ludwig-van.com\/montreal\/wp-json\/wp\/v2\/posts\/66339\/revisions"}],"predecessor-version":[{"id":66355,"href":"https:\/\/www.ludwig-van.com\/montreal\/wp-json\/wp\/v2\/posts\/66339\/revisions\/66355"}],"wp:featuredmedia":[{"embeddable":true,"href":"https:\/\/www.ludwig-van.com\/montreal\/wp-json\/wp\/v2\/media\/66340"}],"wp:attachment":[{"href":"https:\/\/www.ludwig-van.com\/montreal\/wp-json\/wp\/v2\/media?parent=66339"}],"wp:term":[{"taxonomy":"category","embeddable":true,"href":"https:\/\/www.ludwig-van.com\/montreal\/wp-json\/wp\/v2\/categories?post=66339"},{"taxonomy":"post_tag","embeddable":true,"href":"https:\/\/www.ludwig-van.com\/montreal\/wp-json\/wp\/v2\/tags?post=66339"},{"taxonomy":"yst_prominent_words","embeddable":true,"href":"https:\/\/www.ludwig-van.com\/montreal\/wp-json\/wp\/v2\/yst_prominent_words?post=66339"}],"curies":[{"name":"wp","href":"https:\/\/api.w.org\/{rel}","templated":true}]}}