{"id":66295,"date":"2021-03-26T07:35:38","date_gmt":"2021-03-26T11:35:38","guid":{"rendered":"https:\/\/www.ludwig-van.com\/montreal\/?p=66295"},"modified":"2021-03-26T09:28:25","modified_gmt":"2021-03-26T13:28:25","slug":"actualites-sept-excellentes-nouvelles-en-musique-classique-pour-continuer-sur-cette-lancee-positive","status":"publish","type":"post","link":"https:\/\/www.ludwig-van.com\/montreal\/2021\/03\/26\/actualites-sept-excellentes-nouvelles-en-musique-classique-pour-continuer-sur-cette-lancee-positive\/","title":{"rendered":"ACTUALIT\u00c9S | Sept excellentes nouvelles en musique classique pour continuer sur une lanc\u00e9e positive"},"content":{"rendered":"<figure id=\"attachment_66304\" aria-describedby=\"caption-attachment-66304\" style=\"width: 1200px\" class=\"wp-caption aligncenter\"><img decoding=\"async\" loading=\"lazy\" class=\"size-full wp-image-66304\" src=\"https:\/\/www.ludwig-van.com\/montreal\/wp-content\/uploads\/sites\/3\/2021\/03\/actualites-26-mars.jpg\" alt=\"\" width=\"1200\" height=\"628\" \/><figcaption id=\"caption-attachment-66304\" class=\"wp-caption-text\">Bernard Labadie dirigera le concert de P\u00e2ques de l&rsquo;OSM, pr\u00e9sent\u00e9 gratuitement en webdiffusion du 1er au 6 avril 2021. (Photo: Antoine Saito).<\/figcaption><\/figure>\n<p>On ne peut certes pas encore parler d&rsquo;un mythique \u00ab\u00a0retour \u00e0 la normale\u00a0\u00bb, loin de l\u00e0, mais les bonnes nouvelles en musique classique se multiplient tout de m\u00eame cette semaine. Apr\u00e8s un an de fermetures et d&rsquo;annulations, on est heureux de ce printemps rempli de choses positives. Tour d&rsquo;horizon de l&rsquo;actualit\u00e9 de la derni\u00e8re semaine. Pour ne rien manquer, abonnez-vous \u00e0 notre infolettre quotidienne <a href=\"https:\/\/ludwig-van.us9.list-manage.com\/subscribe?u=4f785cb3f9058f2393ccad035&amp;id=b9b160c032\" target=\"_blank\" rel=\"noopener\">en vous inscrivant ici<\/a>.<\/p>\n<h2>Le gouvernement du Qu\u00e9bec injecte 147 millions en culture<\/h2>\n<p>Une nouvelle qui ne touchera pas que la musique classique, mais tous les arts: dans son budget Girard, annonc\u00e9 cette semaine, le gouvernement du Qu\u00e9bec a annonc\u00e9 le prolongement de son plan de relance post-COVID avec un ajout de 147 millions en culture, qui s&rsquo;ajoutent aux 483 millions annonc\u00e9s l&rsquo;automne dernier.<\/p>\n<p>&nbsp;<\/p>\n<figure id=\"attachment_62755\" aria-describedby=\"caption-attachment-62755\" style=\"width: 1200px\" class=\"wp-caption aligncenter\"><img decoding=\"async\" loading=\"lazy\" class=\"size-full wp-image-62755\" src=\"https:\/\/www.ludwig-van.com\/montreal\/wp-content\/uploads\/sites\/3\/2019\/11\/Thomas-Leduc-Moreau-web-4.jpg\" alt=\"Thomas Leduc-Moreau, chef assistant \u00e0 l'OSM, 2019. (Photo: courtoisie de l'OSM)\" width=\"1200\" height=\"800\" srcset=\"https:\/\/www.ludwig-van.com\/montreal\/wp-content\/uploads\/sites\/3\/2019\/11\/Thomas-Leduc-Moreau-web-4.jpg 1200w, https:\/\/www.ludwig-van.com\/montreal\/wp-content\/uploads\/sites\/3\/2019\/11\/Thomas-Leduc-Moreau-web-4-300x200.jpg 300w, https:\/\/www.ludwig-van.com\/montreal\/wp-content\/uploads\/sites\/3\/2019\/11\/Thomas-Leduc-Moreau-web-4-768x512.jpg 768w, https:\/\/www.ludwig-van.com\/montreal\/wp-content\/uploads\/sites\/3\/2019\/11\/Thomas-Leduc-Moreau-web-4-1024x683.jpg 1024w\" sizes=\"(max-width: 1200px) 100vw, 1200px\" \/><figcaption id=\"caption-attachment-62755\" class=\"wp-caption-text\">Thomas Leduc-Moreau, chef assistant \u00e0 l&rsquo;OSM, 2019. (Photo: courtoisie de l&rsquo;OSM)<\/figcaption><\/figure>\n<h2>L&rsquo;OSM annonce un concert de P\u00e2ques gratuit et cinq concerts devant public<\/h2>\n<p>L&rsquo;OSM vient d&rsquo;annoncer sa programmation printani\u00e8re, avec un concert en ligne gratuit pour P\u00e2ques sous la direction de <strong>Bernard Labadie<\/strong>, et cinq concerts (en deux programmes) devant public \u00e0 la Maison symphonique.<\/p>\n<h3>Sonorit\u00e9s am\u00e9ricaines (en salle et webdiffusion)<\/h3>\n<p>Samuel Barber et Grand Still sont les compositeurs au programme de ce concert dirig\u00e9 par <strong>Thomas Le Duc-Moreau<\/strong>, chef assistant de l&rsquo;OSM qui sera pr\u00e9sent\u00e9 deux fois devant public. De Barber, on entendra le c\u00e9l\u00e8bre Adagio pour cordes, et le Concerto pour violon, avec Kerson Leong comme soliste invit\u00e9. <strong>De Grant Still, ce sera la Symphonie no 2 \u00ab\u00a0Song of a New Race\u00a0\u00bb. En salle les 7 et 8 avril. Par la suite, aussi disponible en webdiffusion du 20 avril au 4 mai.<\/strong> <a href=\"https:\/\/www.osm.ca\/fr\/concerts\/barber-et-grant-still-sonorites-americaines\/\" target=\"_blank\" rel=\"noopener\">D\u00c9TAILS ET BILLETS<\/a><\/p>\n<h3>Andrew Wan et James Ehnes<\/h3>\n<p>Le violoniste canadien <strong>James Ehnes<\/strong> et le violon solo de l\u2019OSM <strong>Andrew Wan<\/strong> joueront et dirigeront tour \u00e0 tour l\u2019OSM dans un programme pr\u00e9sentant la <em>Symphonie de chambre<\/em> de Chostakovitch, et le Concerto pour violon, BWV 1052R, de Bach. <strong>En salle le 4 mai \u00e0 19 h, et le 5 mai \u00e0 10 h 30 et \u00e0 19 h. Par la suite, en webdiffusion du 25 mai au 8 juin.<\/strong> <a href=\"https:\/\/www.osm.ca\/fr\/concerts\/losm-et-james-ehnes-de-lombre-a-la-lumiere\/\" target=\"_blank\" rel=\"noopener\">D\u00c9TAILS ET BILLETS<\/a><\/p>\n<h3>Webdiffusion gratuite pour P\u00e2ques avec Bernard Labadie au podium<\/h3>\n<p>Chaque nouvelle s\u00e9rie de concerts en webdiffusion de l&rsquo;OSM comporte g\u00e9n\u00e9ralement un programme gratuit, et c&rsquo;est encore le cas avec ce concert de P\u00e2ques dirig\u00e9 par <strong>Bernard Labadie<\/strong>. Pour l&rsquo;occasion, on pr\u00e9sentera <em>Les sept derni\u00e8res paroles du Christ<\/em> de Haydn. Musique orchestrale en sept mouvements, entrecoup\u00e9e de passages de la Bible qui seront r\u00e9cit\u00e9s par\u00a0 l&rsquo;acteur qu\u00e9b\u00e9cois Yves Jacques. <strong>Du 1er au 6 avril.<\/strong> <a href=\"https:\/\/www.osm.ca\/fr\/concerts\/concert-de-paques-recueillement-et-devotion-avec-haydn\/\" target=\"_blank\" rel=\"noopener\">D\u00c9TAILS ET BILLETS<\/a><\/p>\n<h3>Aurores bor\u00e9ales (webdiffusion)<\/h3>\n<p>La cheffe finlando-ukrainienne <strong>Dalia Stasevska<\/strong> dirigera l\u2019OSM dans les Variations sur un th\u00e8me Rococo, de Tcha\u00efkovski, avec le violoncelliste et laur\u00e9at du Concours OSM 2019 Bryan Cheng. On entendra aussi la Symphonie no 3 de Sibelius. <strong>Du 27 avril au 11 mai.<\/strong> <a href=\"https:\/\/www.osm.ca\/fr\/concerts\/aurores-boreales-dalia-stasevska-dirige-tchaikovski-et-sibelius\/\" target=\"_blank\" rel=\"noopener\">D\u00c9TAILS ET BILLETS<\/a><\/p>\n<p>&nbsp;<\/p>\n<p>&nbsp;<\/p>\n<p style=\"text-align: center;\"><img decoding=\"async\" loading=\"lazy\" class=\"aligncenter size-full wp-image-66301\" src=\"https:\/\/www.ludwig-van.com\/montreal\/wp-content\/uploads\/sites\/3\/2021\/03\/The-conductor.jpg\" alt=\"\" width=\"1200\" height=\"830\" \/><\/p>\n<h2>Le film La chef d&rsquo;orchestre en cl\u00f4ture du FIFA<\/h2>\n<p>Le Festival international de film sur l&rsquo;art de Montr\u00e9al, qui touche \u00e0 sa fin, annonce que le film La Chef d&rsquo;orchestre (The Conductor) de la productrice, sc\u00e9nariste et r\u00e9alisatrice n\u00e9erlandaise Maria Peters, sera pr\u00e9sent\u00e9 en premi\u00e8re canadienne pour cl\u00f4re le festival, le 28 mars \u00e0 19 h.<\/p>\n<p>Synopsis:<\/p>\n<p><em>\u00ab\u00a0Ce film s\u2019inspire du destin r\u00e9el de la N\u00e9erlandaise Antonia Brico (interpr\u00e9t\u00e9e par Christanne de Bruijn), alors \u00e2g\u00e9e de 24 ans, en 1926, dans le film. Ayant immigr\u00e9 aux \u00c9tats-Unis avec ses parents (jou\u00e9s par Annet Malherbe et Raymond Thiry), alors qu&rsquo;elle \u00e9tait enfant, elle r\u00eave de devenir chef d&rsquo;orchestre. Or, personne ne prend son ambition au s\u00e9rieux et son professeur de piano lui d\u00e9conseille de passer le concours d&rsquo;entr\u00e9e au conservatoire. Loin de se r\u00e9signer, elle retourne dans son pays natal, o\u00f9 elle supplie le c\u00e9l\u00e8bre chef d&rsquo;orchestre Mengelberg (incarn\u00e9 par Gijs Scholten van Aschat) de lui donner des cours de direction d\u2019orchestre. Mengelberg n&rsquo;est pas \u00e0 l&rsquo;aise avec cette id\u00e9e et l&rsquo;envoie \u00e0 Berlin o\u00f9, contre toute attente, elle a plus de chances de r\u00e9ussir en tant que femme. La tension \u00e9motionnelle menace de la submerger, quand l&rsquo;amour de sa vie la met dans une position d\u00e9licate.\u00a0\u00bb<\/em><\/p>\n<p>&nbsp;<\/p>\n<figure id=\"attachment_65164\" aria-describedby=\"caption-attachment-65164\" style=\"width: 1024px\" class=\"wp-caption aligncenter\"><img decoding=\"async\" loading=\"lazy\" class=\"size-full wp-image-65164\" src=\"https:\/\/www.ludwig-van.com\/montreal\/wp-content\/uploads\/sites\/3\/2018\/10\/2-Charles-Richard-Hamelin-Photo-Elizabeth-Delage.jpeg\" alt=\"\" width=\"1024\" height=\"683\" srcset=\"https:\/\/www.ludwig-van.com\/montreal\/wp-content\/uploads\/sites\/3\/2018\/10\/2-Charles-Richard-Hamelin-Photo-Elizabeth-Delage.jpeg 1024w, https:\/\/www.ludwig-van.com\/montreal\/wp-content\/uploads\/sites\/3\/2018\/10\/2-Charles-Richard-Hamelin-Photo-Elizabeth-Delage-300x200.jpeg 300w, https:\/\/www.ludwig-van.com\/montreal\/wp-content\/uploads\/sites\/3\/2018\/10\/2-Charles-Richard-Hamelin-Photo-Elizabeth-Delage-768x512.jpeg 768w\" sizes=\"(max-width: 1024px) 100vw, 1024px\" \/><figcaption id=\"caption-attachment-65164\" class=\"wp-caption-text\">Charles Richard-Hamelin (Photo: Elizabeth Delage)<\/figcaption><\/figure>\n<h2>Charles Richard-Hamelin lance un nouvel album<\/h2>\n<p>On peut consid\u00e9rer cela comme un \u00e9v\u00e9nement: <strong>Charles Richard-Hamelin<\/strong> a enregistr\u00e9 les 24 Pr\u00e9ludes de Chopin. L&rsquo;album sortira sous \u00e9tiquette <a href=\"https:\/\/www.analekta.com\/albums\/chopin-24-preludes-andante-spianato-grande-polonaise-brillante\/\" target=\"_blank\" rel=\"noopener\">Analekta<\/a> le 9 avril prochain. Nous sommes impatients de d\u00e9couvrir sa version de corpus qui nous ouvre toujours une porte sur la vision artistique du pianiste qui l&rsquo;interpr\u00e8te.<\/p>\n<p>&nbsp;<\/p>\n<figure id=\"attachment_53133\" aria-describedby=\"caption-attachment-53133\" style=\"width: 1024px\" class=\"wp-caption aligncenter\"><img decoding=\"async\" loading=\"lazy\" class=\"size-full wp-image-53133\" src=\"https:\/\/www.ludwig-van.com\/montreal\/wp-content\/uploads\/sites\/3\/2018\/04\/Denis-Brott_2.jpg\" alt=\"Denis Brott, directeur artistique du Festival de musique de chambre de Montr\u00e9al. (Photo: courtoisie)\" width=\"1024\" height=\"679\" srcset=\"https:\/\/www.ludwig-van.com\/montreal\/wp-content\/uploads\/sites\/3\/2018\/04\/Denis-Brott_2.jpg 1024w, https:\/\/www.ludwig-van.com\/montreal\/wp-content\/uploads\/sites\/3\/2018\/04\/Denis-Brott_2-300x199.jpg 300w, https:\/\/www.ludwig-van.com\/montreal\/wp-content\/uploads\/sites\/3\/2018\/04\/Denis-Brott_2-768x509.jpg 768w\" sizes=\"(max-width: 1024px) 100vw, 1024px\" \/><figcaption id=\"caption-attachment-53133\" class=\"wp-caption-text\">Denis Brott, directeur artistique du Festival de musique de chambre de Montr\u00e9al. (Photo: courtoisie)<\/figcaption><\/figure>\n<h2>Le Festival de musique de chambre de Montr\u00e9al aura lieu \u00e0 l&rsquo;automne<\/h2>\n<p><strong>Denis Brott<\/strong> nous \u00e9crivait hier pour nous annoncer que le Festival de musique de chambre de Montr\u00e9al aura bel et bien lieu, mais \u00e0 l&rsquo;automne, dans une version \u00e9tal\u00e9e du 18 octobre au 7 d\u00e9cembre. Tous les concerts seront pr\u00e9sent\u00e9s cette ann\u00e9e \u00e0 la salle Bourgie. Pour le moment, cinq concerts sont pr\u00e9vus, avec notamment <strong>Karina Gauvin, Pinchas Zukerman<\/strong> et le <strong>Jerusalem Quartet<\/strong>. <a href=\"https:\/\/mailchi.mp\/festivalmontreal\/les-nouvelles-in-the-news\" target=\"_blank\" rel=\"noopener\">PLUS DE D\u00c9TAILS.<\/a><\/p>\n<h2><\/h2>\n<figure id=\"attachment_65148\" aria-describedby=\"caption-attachment-65148\" style=\"width: 1024px\" class=\"wp-caption aligncenter\"><img decoding=\"async\" loading=\"lazy\" class=\"size-full wp-image-65148\" src=\"https:\/\/www.ludwig-van.com\/montreal\/wp-content\/uploads\/sites\/3\/2017\/12\/Matt-Haimovitz\u00a9Steph-Mackinnon-redim.jpg\" alt=\"\" width=\"1024\" height=\"683\" srcset=\"https:\/\/www.ludwig-van.com\/montreal\/wp-content\/uploads\/sites\/3\/2017\/12\/Matt-Haimovitz\u00a9Steph-Mackinnon-redim.jpg 1024w, https:\/\/www.ludwig-van.com\/montreal\/wp-content\/uploads\/sites\/3\/2017\/12\/Matt-Haimovitz\u00a9Steph-Mackinnon-redim-300x200.jpg 300w, https:\/\/www.ludwig-van.com\/montreal\/wp-content\/uploads\/sites\/3\/2017\/12\/Matt-Haimovitz\u00a9Steph-Mackinnon-redim-768x512.jpg 768w\" sizes=\"(max-width: 1024px) 100vw, 1024px\" \/><figcaption id=\"caption-attachment-65148\" class=\"wp-caption-text\">Matt Haimovitz (Photo: Steph Mackinnon)<\/figcaption><\/figure>\n<h2>Les Concerts LMMC de retour en salle<\/h2>\n<p>Les Concerts du <strong>Ladies&rsquo; Morning Musical Club<\/strong> sont \u00e9galement de retour en salle ce printemps, avec toutefois des changements de programmes, \u00e9tant donn\u00e9 que les artistes internationaux ne peuvent pas voyager sans subir une longue quarantaine. Ils sont remplac\u00e9s par des artistes canadiens que tout le monde adore, et vous devez savoir que les billets sont d\u00e9j\u00e0 tous vendus! Le 11 avril, ce sera <strong>Matt Haimovitz<\/strong> avec la pianiste <strong>Meagan Milatz<\/strong>, et le 2 mai, le <strong>Nouveau Quatuor Orford<\/strong> jouera en compagnie de <strong>James Ehnes<\/strong> et de <strong>Charles Richard-Hamelin<\/strong>. Toujours le dimanche apr\u00e8s-midi, \u00e0 la salle Pollack. <a href=\"http:\/\/www.lmmc.ca\/fr\/index.php\" target=\"_blank\" rel=\"noopener\">D\u00c9TAILS<\/a><\/p>\n<p>&nbsp;<\/p>\n<figure id=\"attachment_64204\" aria-describedby=\"caption-attachment-64204\" style=\"width: 1024px\" class=\"wp-caption aligncenter\"><img decoding=\"async\" loading=\"lazy\" class=\"size-full wp-image-64204\" src=\"https:\/\/www.ludwig-van.com\/montreal\/wp-content\/uploads\/sites\/3\/2020\/03\/BOURGIE_JPG_BERNARD_FOUGERE-web-1024x828-1.jpg\" alt=\"\" width=\"1024\" height=\"828\" srcset=\"https:\/\/www.ludwig-van.com\/montreal\/wp-content\/uploads\/sites\/3\/2020\/03\/BOURGIE_JPG_BERNARD_FOUGERE-web-1024x828-1.jpg 1024w, https:\/\/www.ludwig-van.com\/montreal\/wp-content\/uploads\/sites\/3\/2020\/03\/BOURGIE_JPG_BERNARD_FOUGERE-web-1024x828-1-300x243.jpg 300w, https:\/\/www.ludwig-van.com\/montreal\/wp-content\/uploads\/sites\/3\/2020\/03\/BOURGIE_JPG_BERNARD_FOUGERE-web-1024x828-1-768x621.jpg 768w\" sizes=\"(max-width: 1024px) 100vw, 1024px\" \/><figcaption id=\"caption-attachment-64204\" class=\"wp-caption-text\">La salle Bourgie. (Photo: Bernard Foug\u00e8re)<\/figcaption><\/figure>\n<h2>La salle Bourgie rouvre dimanche! 14 concerts pr\u00e9vus ce printemps<\/h2>\n<p>Enfin, la salle Bourgie rouvrira ses portes ce dimanche, 14 h 30, avec, en rappel, le r\u00e9cital d&rsquo;<strong>Andrew Wan<\/strong> et <strong>Charles Richard-Hamelin<\/strong> dans les Sonates pour violon et piano de Beethoven, troisi\u00e8me volet. Ce r\u00e9cital est \u00e9galement pr\u00e9sent\u00e9 le 30 mars \u00e0 19 h.<\/p>\n<p>Au total, 14 concerts devant public seront pr\u00e9sent\u00e9s ce printemps, avec, entre autres, le concert de P\u00e2ques du <a href=\"https:\/\/www.ludwig-van.com\/montreal\/2021\/03\/25\/concert-le-smam-vous-invite-a-son-concert-de-paques-avec-de-sublimes-cantates\/\">Studio de musique ancienne de Montr\u00e9al<\/a>, les 31 mars et 1er avril; les <strong>Id\u00e9es heureuses<\/strong> et son traditionnel <a href=\"https:\/\/www.ludwig-van.com\/montreal\/event\/concert-de-passion-autour-de-marguerite-dyouville\/\" target=\"_blank\" rel=\"noopener\">Concert de la passion<\/a>, cette ann\u00e9e sur le th\u00e8me \u00ab\u00a0Autour de Marguerite d&rsquo;Youville\u00a0\u00bb, le 2 avril; les Musiciens de l&rsquo;OSM dans un programme Saint-Sa\u00ebns, (9 avril); le concert famille <em>Le<\/em> <em>Carnaval des animaux<\/em> (11 avril), et plusieurs autres, dont nous aurons l&rsquo;occasion de vous parler chaque lundi dans nos Choix de la r\u00e9daction. <a href=\"https:\/\/www.mbam.qc.ca\/fr\/salle-bourgie\/\" target=\"_blank\" rel=\"noopener\">D\u00c9TAILS ET BILLETS<\/a><\/p>\n<p>Je laisse le mot de la fin \u00e0 <strong>Isolde Lagac\u00e9<\/strong>, directrice de la salle Bourgie, qui nous sugg\u00e8re, avec justesse, d&rsquo;en profiter :<\/p>\n<blockquote><p>\u00ab\u00a0Enfin, ce moment que nous n\u2019avons jamais cess\u00e9 d\u2019esp\u00e9rer est aujourd\u2019hui \u00e0 nos portes! Ayant v\u00e9cu de tr\u00e8s pr\u00e8s tout ce que cette si longue p\u00e9riode de silence a signifi\u00e9, d\u2019abord pour les artistes et les artisans, puis pour le public, nous ne pouvons que nous r\u00e9jouir du fond du c\u0153ur de rouvrir les portes de notre magnifique salle Bourgie. Profitons maintenant pleinement de ce que la musique a \u00e0 nous offrir et savourons en chaque moment\u00a0\u00bb &#8211; Isolde Lagac\u00e9<\/p><\/blockquote>\n<p>&nbsp;<\/p>\n<h2><em>Inscrivez-vous \u00e0 notre infolettre! La musique classique et l&rsquo;op\u00e9ra en 5 minutes, chaque jour<\/em> \u00a0<span style=\"color: #ff0000;\"><a style=\"color: #ff0000;\" href=\"https:\/\/ludwig-van.us9.list-manage.com\/subscribe?u=4f785cb3f9058f2393ccad035&amp;id=b9b160c032\" target=\"_blank\" rel=\"noopener noreferrer\">ICI\u00a0<\/a><\/span><\/h2>\n<p>&nbsp;<\/p>\n","protected":false},"excerpt":{"rendered":"<p>On ne peut certes pas encore parler d&rsquo;un vrai \u00ab\u00a0retour \u00e0 la normale\u00a0\u00bb, les bonnes nouvelles se multiplient tout de m\u00eame cette semaine en musique classique, et apr\u00e8s un an de fermetures et d&rsquo;annulations, on est heureux de ce printemps rempli de choses positives. Tour d&rsquo;horizon de l&rsquo;actualit\u00e9 de la derni\u00e8re semaine.<\/p>\n","protected":false},"author":51,"featured_media":66304,"comment_status":"open","ping_status":"open","sticky":false,"template":"","format":"standard","meta":{"om_disable_all_campaigns":false,"jetpack_post_was_ever_published":false},"categories":[37357,10956,10992],"tags":[4678,5352,4485,11137],"yst_prominent_words":[9878,9952,8539,21188,9966,10330,26052,21187,21185,7664,17494,10167,12698,21186,9956],"acf":[],"jetpack_featured_media_url":"https:\/\/www.ludwig-van.com\/montreal\/wp-content\/uploads\/sites\/3\/2021\/03\/actualites-26-mars.jpg","jetpack_sharing_enabled":true,"jetpack_shortlink":"https:\/\/wp.me\/p9bdYt-hfh","amp_enabled":true,"_links":{"self":[{"href":"https:\/\/www.ludwig-van.com\/montreal\/wp-json\/wp\/v2\/posts\/66295"}],"collection":[{"href":"https:\/\/www.ludwig-van.com\/montreal\/wp-json\/wp\/v2\/posts"}],"about":[{"href":"https:\/\/www.ludwig-van.com\/montreal\/wp-json\/wp\/v2\/types\/post"}],"author":[{"embeddable":true,"href":"https:\/\/www.ludwig-van.com\/montreal\/wp-json\/wp\/v2\/users\/51"}],"replies":[{"embeddable":true,"href":"https:\/\/www.ludwig-van.com\/montreal\/wp-json\/wp\/v2\/comments?post=66295"}],"version-history":[{"count":11,"href":"https:\/\/www.ludwig-van.com\/montreal\/wp-json\/wp\/v2\/posts\/66295\/revisions"}],"predecessor-version":[{"id":66311,"href":"https:\/\/www.ludwig-van.com\/montreal\/wp-json\/wp\/v2\/posts\/66295\/revisions\/66311"}],"wp:featuredmedia":[{"embeddable":true,"href":"https:\/\/www.ludwig-van.com\/montreal\/wp-json\/wp\/v2\/media\/66304"}],"wp:attachment":[{"href":"https:\/\/www.ludwig-van.com\/montreal\/wp-json\/wp\/v2\/media?parent=66295"}],"wp:term":[{"taxonomy":"category","embeddable":true,"href":"https:\/\/www.ludwig-van.com\/montreal\/wp-json\/wp\/v2\/categories?post=66295"},{"taxonomy":"post_tag","embeddable":true,"href":"https:\/\/www.ludwig-van.com\/montreal\/wp-json\/wp\/v2\/tags?post=66295"},{"taxonomy":"yst_prominent_words","embeddable":true,"href":"https:\/\/www.ludwig-van.com\/montreal\/wp-json\/wp\/v2\/yst_prominent_words?post=66295"}],"curies":[{"name":"wp","href":"https:\/\/api.w.org\/{rel}","templated":true}]}}