{"id":66272,"date":"2021-03-24T19:22:33","date_gmt":"2021-03-24T23:22:33","guid":{"rendered":"https:\/\/www.ludwig-van.com\/montreal\/?p=66272"},"modified":"2021-03-24T19:22:33","modified_gmt":"2021-03-24T23:22:33","slug":"concert-un-concert-hommage-a-beatrice-picard-avec-lorchestre-symphonique-de-laval","status":"publish","type":"post","link":"https:\/\/www.ludwig-van.com\/montreal\/2021\/03\/24\/concert-un-concert-hommage-a-beatrice-picard-avec-lorchestre-symphonique-de-laval\/","title":{"rendered":"CONCERT | Un concert hommage \u00e0 B\u00e9atrice Picard avec l&rsquo;Orchestre symphonique de Laval"},"content":{"rendered":"<figure id=\"attachment_64967\" aria-describedby=\"caption-attachment-64967\" style=\"width: 1200px\" class=\"wp-caption aligncenter\"><img decoding=\"async\" loading=\"lazy\" class=\"size-full wp-image-64967\" src=\"https:\/\/www.ludwig-van.com\/montreal\/wp-content\/uploads\/sites\/3\/2020\/08\/Alain-Trudel-OSL-cover.jpg\" alt=\"Alain Trudel, chef et directeur artistique de l'Orchestre symphonique de Laval. (Photo: courtoisie de l'OSL)\" width=\"1200\" height=\"628\" srcset=\"https:\/\/www.ludwig-van.com\/montreal\/wp-content\/uploads\/sites\/3\/2020\/08\/Alain-Trudel-OSL-cover.jpg 1200w, https:\/\/www.ludwig-van.com\/montreal\/wp-content\/uploads\/sites\/3\/2020\/08\/Alain-Trudel-OSL-cover-300x157.jpg 300w, https:\/\/www.ludwig-van.com\/montreal\/wp-content\/uploads\/sites\/3\/2020\/08\/Alain-Trudel-OSL-cover-1024x536.jpg 1024w, https:\/\/www.ludwig-van.com\/montreal\/wp-content\/uploads\/sites\/3\/2020\/08\/Alain-Trudel-OSL-cover-768x402.jpg 768w\" sizes=\"(max-width: 1200px) 100vw, 1200px\" \/><figcaption id=\"caption-attachment-64967\" class=\"wp-caption-text\">Alain Trudel, chef et directeur artistique de l&rsquo;Orchestre symphonique de Laval. (Photo: courtoisie de l&rsquo;OSL)<\/figcaption><\/figure>\n<p><strong>L&rsquo;Orchestre symphonique de Laval<\/strong> a pr\u00e9par\u00e9 deux grands concerts avec des programmes passionnants pour le printemps. Le premier, disponible la semaine prochaine en webdiffusion, est un <strong>concert hommage \u00e0 B\u00e9atrice Picard<\/strong>, une grande actrice et une grande Lavalloise. Nous avons parl\u00e9 avec <strong>Alain Trudel<\/strong>, directeur artistique et chef de l&rsquo;OSL.<\/p>\n<p>Lorsque le gouvernement a annonc\u00e9 la r\u00e9ouverture des salles, le concert hommage \u00e0 <strong>B\u00e9atrice Picard<\/strong> de l&rsquo;<strong>Orchestre symphonique de Laval<\/strong> \u00e9tait d\u00e9j\u00e0 enregistr\u00e9.<\/p>\n<p>\u00ab\u00a0Nous avons rat\u00e9 l&rsquo;annonce de la r\u00e9ouverture d&rsquo;une semaine, dit <strong>Alain Trudel<\/strong>. Chaque ann\u00e9e, nous rendons hommage \u00e0 un grand Lavallois, et g\u00e9n\u00e9ralement, ils nous font part de pi\u00e8ces qu&rsquo;ils aimeraient bien entendre. Cette ann\u00e9e, nous avons d\u00fb \u00e9videmment nous adapter au contexte de la pand\u00e9mie, et B\u00e9atrice Picard m&rsquo;a toujours dit qu&rsquo;elle adorait Mozart et Chopin. On fait donc la Symphonie no 31, de Mozart, et le Concerto no 2 de Chopin.\u00a0\u00bb<\/p>\n<p>Pour l&rsquo;occasion, un grand soliste qui a jou\u00e9 ce concerto plus de 60 fois: <strong>Charles Richard-Hamelin<\/strong>.<\/p>\n<p>En g\u00e9n\u00e9ral, \u00e0 l&rsquo;occasion de la s\u00e9rie des concerts hommage aux Grands Lavallois, <strong>l&rsquo;Orchestre symphonique de Laval<\/strong> joue \u00e9galement une cr\u00e9ation. Cette ann\u00e9e, ce sera le second mouvement de la <em>Symphonie de la temp\u00eate de verglas<\/em>, de <strong>Maxime Goulet<\/strong>. Il s&rsquo;agit bien \u00e9videmment d&rsquo;une symphonie rem\u00e9morant cet \u00e9pisode \u00e9prouvant de l&rsquo;histoire du Qu\u00e9bec, et c&rsquo;est le fruit d&rsquo;une commande conjointe de cinq orchestres, initi\u00e9e par l&rsquo;<strong>Orchestre classique de Montr\u00e9al.\u00a0<\/strong><\/p>\n<p>Ce second mouvement, intitul\u00e9 \u00ab\u00a0Chaleur\u00a0\u00bb. Comme <a href=\"https:\/\/www.ludwig-van.com\/montreal\/2020\/12\/09\/nouvelle-maxime-goulet-recoit-commande-dune-symphonie-de-tempete-de-verglas-de-cinq-orchestres\/\" target=\"_blank\" rel=\"noopener\">Maxime Goulet nous l&rsquo;expliquait<\/a> il y a quelques mois, lorsqu&rsquo;il a annonc\u00e9 cette commande:<\/p>\n<p>&nbsp;<\/p>\n<blockquote><p>\u00ab\u00a0Je fais un lien avec les retrouvailles des familles qui se sont rassembl\u00e9es sous un m\u00eame toit, parce que certains manquaient d\u2019\u00e9lectricit\u00e9 et allaient chez leurs parents ou leurs cousins. Pour nous, les jeunes, c\u2019\u00e9tait un c\u00f4t\u00e9 agr\u00e9able de se retrouver de fa\u00e7on inattendue.\u00a0\u00bb &#8211; Maxime Goulet<\/p><\/blockquote>\n<p>&nbsp;<\/p>\n<p><a href=\"https:\/\/www.ludwig-van.com\/montreal\/2020\/12\/09\/nouvelle-maxime-goulet-recoit-commande-dune-symphonie-de-tempete-de-verglas-de-cinq-orchestres\/\" target=\"_blank\" rel=\"noopener\">LIRE NOTRE ENTREVUE COMPL\u00c8TE AVEC LE COMPOSITEUR MAXIME GOULET<\/a><\/p>\n<p>\u00ab\u00a0Ce que je trouve d&rsquo;int\u00e9ressant avec ce mouvement, dit <strong>Alain Trudel<\/strong>, c&rsquo;est que durant la crise du verglas, comme on gelait et qu&rsquo;il fallait se r\u00e9chauffer, tout le monde devait se r\u00e9unir dans des petits espaces et se rapprocher. C&rsquo;est exactement le contraire de ce que l&rsquo;on vit en ce moment, alors qu&rsquo;il faut rester loin les uns des autres. Je me suis dit \u00ab\u00a0quelle dichotomie, il faut absolument qu&rsquo;on fasse ce mouvement-l\u00e0\u00a0\u00bb<\/p>\n<p>Ce concert hommage \u00e0 <strong>B\u00e9atrice Picard<\/strong> inclura \u00e9videmment une entrevue avec l&rsquo;actrice, maintenant \u00e2g\u00e9e de 91 ans.<\/p>\n<p>\u00ab\u00a0Depuis que je suis chef \u00e0 Laval, <strong>B\u00e9atrice Picard<\/strong> vient presque toujours \u00e0 nos concerts. Elle va nous dire pourquoi elle aime son orchestre, et ce qu&rsquo;elle aime dans les pi\u00e8ces au programme, entre autres.\u00a0\u00bb<\/p>\n<p><strong>Le concert hommage \u00e0 B\u00e9atrice Picard: une c\u00e9l\u00e9bration symphonique, sera webdiffus\u00e9 du 1er au 13 avril.<\/strong> <a href=\"https:\/\/www.osl.ca\/hommage-osl\" target=\"_blank\" rel=\"noopener\">D\u00c9TAILS ET BILLETS.\u00a0<\/a><\/p>\n<p>&nbsp;<\/p>\n<figure id=\"attachment_56962\" aria-describedby=\"caption-attachment-56962\" style=\"width: 453px\" class=\"wp-caption aligncenter\"><img decoding=\"async\" loading=\"lazy\" class=\"size-full wp-image-56962\" src=\"https:\/\/www.ludwig-van.com\/montreal\/wp-content\/uploads\/sites\/3\/2018\/10\/Barbara-Croall-.jpg\" alt=\"Barbara Croall, compositrice odawa et auteur de la pi\u00e8ce de th\u00e9\u00e2tre orchestrale multim\u00e9dia Saia\u2019tatok\u00e9nhti: Honorant Sainte Kateri. (Photo: courtoisie du MCO)\" width=\"453\" height=\"340\" srcset=\"https:\/\/www.ludwig-van.com\/montreal\/wp-content\/uploads\/sites\/3\/2018\/10\/Barbara-Croall-.jpg 453w, https:\/\/www.ludwig-van.com\/montreal\/wp-content\/uploads\/sites\/3\/2018\/10\/Barbara-Croall--300x225.jpg 300w\" sizes=\"(max-width: 453px) 100vw, 453px\" \/><figcaption id=\"caption-attachment-56962\" class=\"wp-caption-text\">Barbara Croall, compositrice. (Photo: courtoisie du MCO)<\/figcaption><\/figure>\n<h2>Grand concert 2: Le sabot de la vierge<\/h2>\n<p>Le second propose de d\u00e9couvrir la musique de la compositrice <strong>Barbara Croall<\/strong>, de la Premi\u00e8re Nation Odawa qui sera, si possible, donn\u00e9 devant public \u00e0 la salle Andr\u00e9-Mathieu, <a href=\"https:\/\/www.osl.ca\/barbaracroall-osl\" target=\"_blank\" rel=\"noopener\">le 26 mai, 19h30.<\/a><\/p>\n<p>L&rsquo;<strong>OSL<\/strong> interpr\u00e9tera sa pi\u00e8ce \u00ab\u00a0Makisin Waawaaskonenh\u00a0\u00bb, ou \u00ab\u00a0Le sabot de la vierge\u00a0\u00bb, ainsi que la Suite Pulcinella, de Stravinsky.<\/p>\n<p>\u00ab\u00a0C&rsquo;est une compositrice que je trouve extraordinaire et qui est peu jou\u00e9e au Qu\u00e9bec, dit <strong>Alain Trudel.<\/strong> Elle fait une musique vraiment originale, qui raconte des histoires et qui ne sont pas une caricature de ce que l&rsquo;on pourrait imaginer de la musique des Premi\u00e8res Nations. C&rsquo;est vraiment un autre monde. Je voulais un concert qui raconte des histoires. On va partir de la commedia dell&rsquo;arte avec Pulcinella, et Barbara Croall raconte une histoire \u00e0 plusieurs niveaux, vraiment int\u00e9ressante. Elle a r\u00e9\u00e9crit cette \u0153uvre, pour nous, et c&rsquo;est une premi\u00e8re pour cette nouvelle version. \u00c0 chaque concert, je veux faire de nouvelles \u0153uvres, des choses que les gens ne connaissent pas. Je veux proposer quelque chose de diff\u00e9rent et leur faire vivre des exp\u00e9riences.\u00a0\u00bb<\/p>\n<p>\u00c0 moins de changements et d&rsquo;une nouvelle fermeture, le concert devrait \u00eatre pr\u00e9sent\u00e9 devant public. <strong>Le 26 mai, 19 h 30, et en webdiffusion du 27 mai au 8 juin.<\/strong> <a href=\"https:\/\/www.osl.ca\/barbaracroall-osl\" target=\"_blank\" rel=\"noopener\">D\u00c9TAILS ET BILLETS.\u00a0<\/a><\/p>\n<h2><em>Inscrivez-vous \u00e0 notre infolettre! La musique classique et l&rsquo;op\u00e9ra en 5 minutes, chaque jour<\/em> \u00a0<span style=\"color: #ff0000;\"><a style=\"color: #ff0000;\" href=\"https:\/\/ludwig-van.us9.list-manage.com\/subscribe?u=4f785cb3f9058f2393ccad035&amp;id=b9b160c032\" target=\"_blank\" rel=\"noopener noreferrer\">ICI\u00a0<\/a><\/span><\/h2>\n<p>&nbsp;<\/p>\n","protected":false},"excerpt":{"rendered":"<p>L&rsquo;Orchestre symphonique de Laval a pr\u00e9par\u00e9 deux grands concerts avec des programmes passionnants pour le printemps. Le premier, disponible la semaine prochaine en webdiffusion, est un concert hommage \u00e0 B\u00e9atrice Picard, une grande actrice et une grande Lavalloise. Nous avons parl\u00e9 avec Alain Trudel, directeur artistique et chef de l&rsquo;OSL.<\/p>\n","protected":false},"author":51,"featured_media":64967,"comment_status":"open","ping_status":"open","sticky":false,"template":"","format":"standard","meta":{"om_disable_all_campaigns":false,"jetpack_post_was_ever_published":false},"categories":[41122,10956,10992],"tags":[41124,7376,41957,41956,4678,13571],"yst_prominent_words":[22591,8651,23808,16385,7202,16490,26052,9851,12540,9808,10716,10020,14774,41293,10717],"acf":[],"jetpack_featured_media_url":"https:\/\/www.ludwig-van.com\/montreal\/wp-content\/uploads\/sites\/3\/2020\/08\/Alain-Trudel-OSL-cover.jpg","jetpack_sharing_enabled":true,"jetpack_shortlink":"https:\/\/wp.me\/p9bdYt-heU","amp_enabled":true,"_links":{"self":[{"href":"https:\/\/www.ludwig-van.com\/montreal\/wp-json\/wp\/v2\/posts\/66272"}],"collection":[{"href":"https:\/\/www.ludwig-van.com\/montreal\/wp-json\/wp\/v2\/posts"}],"about":[{"href":"https:\/\/www.ludwig-van.com\/montreal\/wp-json\/wp\/v2\/types\/post"}],"author":[{"embeddable":true,"href":"https:\/\/www.ludwig-van.com\/montreal\/wp-json\/wp\/v2\/users\/51"}],"replies":[{"embeddable":true,"href":"https:\/\/www.ludwig-van.com\/montreal\/wp-json\/wp\/v2\/comments?post=66272"}],"version-history":[{"count":4,"href":"https:\/\/www.ludwig-van.com\/montreal\/wp-json\/wp\/v2\/posts\/66272\/revisions"}],"predecessor-version":[{"id":66276,"href":"https:\/\/www.ludwig-van.com\/montreal\/wp-json\/wp\/v2\/posts\/66272\/revisions\/66276"}],"wp:featuredmedia":[{"embeddable":true,"href":"https:\/\/www.ludwig-van.com\/montreal\/wp-json\/wp\/v2\/media\/64967"}],"wp:attachment":[{"href":"https:\/\/www.ludwig-van.com\/montreal\/wp-json\/wp\/v2\/media?parent=66272"}],"wp:term":[{"taxonomy":"category","embeddable":true,"href":"https:\/\/www.ludwig-van.com\/montreal\/wp-json\/wp\/v2\/categories?post=66272"},{"taxonomy":"post_tag","embeddable":true,"href":"https:\/\/www.ludwig-van.com\/montreal\/wp-json\/wp\/v2\/tags?post=66272"},{"taxonomy":"yst_prominent_words","embeddable":true,"href":"https:\/\/www.ludwig-van.com\/montreal\/wp-json\/wp\/v2\/yst_prominent_words?post=66272"}],"curies":[{"name":"wp","href":"https:\/\/api.w.org\/{rel}","templated":true}]}}