{"id":66248,"date":"2021-03-21T18:51:01","date_gmt":"2021-03-21T22:51:01","guid":{"rendered":"https:\/\/www.ludwig-van.com\/montreal\/?p=66248"},"modified":"2021-03-22T11:07:58","modified_gmt":"2021-03-22T15:07:58","slug":"choix-de-la-redaction-huit-concerts-de-musique-classique-en-salle-ou-sur-ecran-cette-semaine","status":"publish","type":"post","link":"https:\/\/www.ludwig-van.com\/montreal\/2021\/03\/21\/choix-de-la-redaction-huit-concerts-de-musique-classique-en-salle-ou-sur-ecran-cette-semaine\/","title":{"rendered":"CHOIX DE LA R\u00c9DACTION |  Huit concerts de musique classique en salle ou sur \u00e9cran cette semaine"},"content":{"rendered":"<figure id=\"attachment_66258\" aria-describedby=\"caption-attachment-66258\" style=\"width: 1200px\" class=\"wp-caption aligncenter\"><img decoding=\"async\" loading=\"lazy\" class=\"size-full wp-image-66258\" src=\"https:\/\/www.ludwig-van.com\/montreal\/wp-content\/uploads\/sites\/3\/2021\/03\/Choix-22-mars-2021.jpg\" alt=\"\" width=\"1200\" height=\"628\" \/><figcaption id=\"caption-attachment-66258\" class=\"wp-caption-text\">De gauche \u00e0 droite de haut en bas: Quatuor Bozzini, Fran\u00e7ois Tousignant, Yannick N\u00e9zet-S\u00e9guin, Andrew Wan &amp; Charles Richard-Hamelin, Bruno Pelletier. (Cr\u00e9dits photos, dans le m\u00eame ordre: Michael Slobodian, Elizabeth Delage, Fran\u00e7ois Goupil, Antoine Saito<\/figcaption><\/figure>\n<p>Apr\u00e8s un an d&rsquo;arr\u00eat, les concerts de musique classique en salle reprennent enfin cette semaine, \u00e0 la Maison symphonique, \u00e0 la salle Bourgie et ailleurs, tandis que d&rsquo;autres demeurent, comme pr\u00e9vu, en webdiffusion. Une f\u00e9brilit\u00e9 s&#8217;empare du monde musical qui a mijot\u00e9, en attente, depuis des mois. Avec un grand bonheur, voici nos <strong>Choix de la r\u00e9daction du 22 au 28 mars 2021.\u00a0<\/strong><\/p>\n<p><strong>Pour plus de concerts de musique classique \u00e0 Montr\u00e9al et ailleurs au Qu\u00e9bec, consultez notre<\/strong> <a href=\"https:\/\/www.ludwig-van.com\/montreal\/events\/\" target=\"_blank\" rel=\"noopener\">CALENDRIER D&rsquo;\u00c9V\u00c9NEMENTS<\/a><\/p>\n<p>&nbsp;<\/p>\n<p>&nbsp;<\/p>\n<figure id=\"attachment_66262\" aria-describedby=\"caption-attachment-66262\" style=\"width: 1200px\" class=\"wp-caption aligncenter\"><img decoding=\"async\" loading=\"lazy\" class=\"size-full wp-image-66262\" src=\"https:\/\/www.ludwig-van.com\/montreal\/wp-content\/uploads\/sites\/3\/2021\/03\/Marie-Mai-Credit-Antoine-Saito.jpg\" alt=\"Marie-Mai\" width=\"1200\" height=\"800\" \/><figcaption id=\"caption-attachment-66262\" class=\"wp-caption-text\">La chanteuse Marie-Mai fait partie des invit\u00e9s du concert Grands Moments de l&rsquo;OSM pr\u00e9sent\u00e9 cette semaine en webdiffusion. (Photo: Antoine Saito)<\/figcaption><\/figure>\n<h2>OSM &#8211; Les Grands Moments<\/h2>\n<p>Le premier concert de la s\u00e9rie <strong>OSP Pop<\/strong> a lieu <strong>mardi soir, 23 mars, 19 h<\/strong>, et sera pr\u00e9sent\u00e9 <strong>en webdiffusion jusqu&rsquo;au 6 avril.<\/strong> Ce programme dirig\u00e9 par <strong>Simon Leclerc, <\/strong>qui signe \u00e9galement l&rsquo;adaptation symphonique, r\u00e9unit toute une brochette d&rsquo;artistes qu\u00e9b\u00e9cois: <strong>Marie-Pierre Arthur, Jean-Fran\u00e7ois Breau, Luc De Larochelli\u00e8re, Luce Dufault, Diane Dufresne, Pierre Flynn, Kathleen Fortin, Gardy Fury, Marc Hervieux, Florence K, Patrick Mallette, Bruno Pelletier, Kim Richardson, Roch Voisine, Marie-Mai<\/strong> et <strong>Pierre Parent<\/strong>. Cela risque d&rsquo;\u00eatre m\u00e9morable.\u00a0<a href=\"https:\/\/www.osm.ca\/fr\/concerts\/osm-pop-les-grands-moments\/\" target=\"_blank\" rel=\"noopener\">D\u00c9TAILS ET BILLETS<\/a><\/p>\n<p>&nbsp;<\/p>\n<p>&nbsp;<\/p>\n<figure id=\"attachment_63309\" aria-describedby=\"caption-attachment-63309\" style=\"width: 1200px\" class=\"wp-caption aligncenter\"><img decoding=\"async\" loading=\"lazy\" class=\"size-full wp-image-63309\" src=\"https:\/\/www.ludwig-van.com\/montreal\/wp-content\/uploads\/sites\/3\/2019\/11\/Kent-Nagano-OSM-Antoine-Saito-web.jpg\" alt=\"Kent Nagano, 27 novembre 2019. (Photo: Antoine Saito)\" width=\"1200\" height=\"800\" srcset=\"https:\/\/www.ludwig-van.com\/montreal\/wp-content\/uploads\/sites\/3\/2019\/11\/Kent-Nagano-OSM-Antoine-Saito-web.jpg 1200w, https:\/\/www.ludwig-van.com\/montreal\/wp-content\/uploads\/sites\/3\/2019\/11\/Kent-Nagano-OSM-Antoine-Saito-web-300x200.jpg 300w, https:\/\/www.ludwig-van.com\/montreal\/wp-content\/uploads\/sites\/3\/2019\/11\/Kent-Nagano-OSM-Antoine-Saito-web-768x512.jpg 768w, https:\/\/www.ludwig-van.com\/montreal\/wp-content\/uploads\/sites\/3\/2019\/11\/Kent-Nagano-OSM-Antoine-Saito-web-1024x683.jpg 1024w\" sizes=\"(max-width: 1200px) 100vw, 1200px\" \/><figcaption id=\"caption-attachment-63309\" class=\"wp-caption-text\">Kent Nagano, 27 novembre 2019. (Photo: Antoine Saito)<\/figcaption><\/figure>\n<h2>OSM &#8211; Kent Nagano dirige Haydn et Mozart<\/h2>\n<p>\u00c9galement \u00e0 l&rsquo;OSM cette semaine: le concert Surprise et triomphe: Kent Nagano dirige Haydn et Mozart. Au programme, la Symphonie no 45 de Haydn, dite \u00ab\u00a0Les adieux\u00a0\u00bb et la Symphonie no 41 \u00ab\u00a0Jupiter\u00a0\u00bb de Mozart. En webdiffusion du 23 mars au 13 avril. <a href=\"https:\/\/www.osm.ca\/fr\/concerts\/surprise-et-triomphe-kent-nagano-dirige-haydn-et-mozart\/\" target=\"_blank\" rel=\"noopener\">D\u00c9TAILS ET BILLETS<\/a><\/p>\n<p>&nbsp;<\/p>\n<p>&nbsp;<\/p>\n<figure id=\"attachment_58480\" aria-describedby=\"caption-attachment-58480\" style=\"width: 1024px\" class=\"wp-caption aligncenter\"><img decoding=\"async\" loading=\"lazy\" class=\"size-full wp-image-58480\" src=\"https:\/\/www.ludwig-van.com\/montreal\/wp-content\/uploads\/sites\/3\/2019\/01\/Orchestre-M\u00e9tropolitain_Francois_Goupil-WEB.jpg\" alt=\"Yannick N\u00e9zet-S\u00e9guin et l'Orchestre M\u00e9tropolitain partiront en tourn\u00e9e aux \u00c9tats-Unis en novembre prochain. (Photo: Fran\u00e7ois Goupil)\" width=\"1024\" height=\"625\" srcset=\"https:\/\/www.ludwig-van.com\/montreal\/wp-content\/uploads\/sites\/3\/2019\/01\/Orchestre-M\u00e9tropolitain_Francois_Goupil-WEB.jpg 1024w, https:\/\/www.ludwig-van.com\/montreal\/wp-content\/uploads\/sites\/3\/2019\/01\/Orchestre-M\u00e9tropolitain_Francois_Goupil-WEB-300x183.jpg 300w, https:\/\/www.ludwig-van.com\/montreal\/wp-content\/uploads\/sites\/3\/2019\/01\/Orchestre-M\u00e9tropolitain_Francois_Goupil-WEB-768x469.jpg 768w\" sizes=\"(max-width: 1024px) 100vw, 1024px\" \/><figcaption id=\"caption-attachment-58480\" class=\"wp-caption-text\">Yannick N\u00e9zet-S\u00e9guin et l&rsquo;Orchestre M\u00e9tropolitain. (Photo: Fran\u00e7ois Goupil)<\/figcaption><\/figure>\n<h2>L&rsquo;Orchestre M\u00e9tropolitain \u00e0 la Maison symphonique<\/h2>\n<p><strong>L&rsquo;Orchestre M\u00e9tropolitain<\/strong> sera la premi\u00e8re grande formation \u00e0 offrir un concert devant public (avec une limite de 250 personnes) \u00e0 la <strong>Maison symphonique, <\/strong>avec <strong>\u00ab<b>Clara Schumann selon Tony Siqi Yun\u00a0<\/b>\u00bb. Le 27 mars, 13 h, \u00e0 la Maison symphonique et en webdiffusion du 9 au 18 avril . <\/strong><\/p>\n<p><a href=\"https:\/\/orchestremetropolitain.com\/fr\/concert\/clara-schumann-selon-tony-siqi-yun\/\" target=\"_blank\" rel=\"noopener\">D\u00c9TAILS ET BILLETS<\/a><\/p>\n<p>Il s&rsquo;agit du premier de trois concerts en salle que l&rsquo;<strong>Orchestre M\u00e9tropolitain<\/strong> projette de pr\u00e9senter \u00e0 la Maison symphonique ce printemps. Pour plus de d\u00e9tails sur ceux-ci, <a href=\"https:\/\/www.ludwig-van.com\/montreal\/2021\/03\/19\/actualites-cinq-bonnes-nouvelles-en-musique-classique-pour-finir-cette-incroyable-semaine-en-beaute\/\" target=\"_blank\" rel=\"noopener\">lisez notre article ici.\u00a0<\/a><\/p>\n<p>&nbsp;<\/p>\n<p>&nbsp;<\/p>\n<p style=\"text-align: center;\"><img decoding=\"async\" loading=\"lazy\" class=\"aligncenter size-full wp-image-66033\" src=\"https:\/\/www.ludwig-van.com\/montreal\/wp-content\/uploads\/sites\/3\/2021\/02\/Lettres-damour-Vivier.jpg\" alt=\"\" width=\"801\" height=\"399\" srcset=\"https:\/\/www.ludwig-van.com\/montreal\/wp-content\/uploads\/sites\/3\/2021\/02\/Lettres-damour-Vivier.jpg 801w, https:\/\/www.ludwig-van.com\/montreal\/wp-content\/uploads\/sites\/3\/2021\/02\/Lettres-damour-Vivier-300x149.jpg 300w, https:\/\/www.ludwig-van.com\/montreal\/wp-content\/uploads\/sites\/3\/2021\/02\/Lettres-damour-Vivier-768x383.jpg 768w\" sizes=\"(max-width: 801px) 100vw, 801px\" \/><\/p>\n<h2>Lettres d&rsquo;amour au Vivier<\/h2>\n<p>L\u2019\u0153uvre principale du concert <strong>Lettres d&rsquo;amour<\/strong>, pr\u00e9sent\u00e9 par le Vivier en webdiffusion et capt\u00e9 \u00e0 l&rsquo;\u00e9glise St-Edouard, est une cr\u00e9ation du compositeur qu\u00e9b\u00e9cois Patrick Gigu\u00e8re de style oratorio pour deux voix masculines et ensemble pierrot bas\u00e9e sur des lettres d\u2019amour entre hommes tir\u00e9es d\u2019\u00e9crits de Lorca, Shakespeare, Michelangelo et Lully. Avec l&rsquo;ensemble Paramirabo et les chanteurs Vincent Ranallo et Jean-Fran\u00e7ois Daignault.<strong> En direct le 25 mars, 20 h,<\/strong> et disponible ensuite sur le site du Vivier. <a href=\"https:\/\/levivier.ca\/fr\/saison-2020-21\/concert\/lettres-damour-web-diffusion-en-direct\" target=\"_blank\" rel=\"noopener\">D\u00c9TAILS ET BILLETS<\/a><\/p>\n<p>&nbsp;<\/p>\n<p>&nbsp;<\/p>\n<figure id=\"attachment_66052\" aria-describedby=\"caption-attachment-66052\" style=\"width: 600px\" class=\"wp-caption aligncenter\"><img decoding=\"async\" loading=\"lazy\" class=\"wp-image-66052 size-full\" title=\"Fran\u00e7ois Tousignant\" src=\"https:\/\/www.ludwig-van.com\/montreal\/wp-content\/uploads\/sites\/3\/2021\/02\/Fran\u00e7ois-Tousignant.jpg\" alt=\"Fran\u00e7ois Tousignant\" width=\"600\" height=\"400\" srcset=\"https:\/\/www.ludwig-van.com\/montreal\/wp-content\/uploads\/sites\/3\/2021\/02\/Fran\u00e7ois-Tousignant.jpg 600w, https:\/\/www.ludwig-van.com\/montreal\/wp-content\/uploads\/sites\/3\/2021\/02\/Fran\u00e7ois-Tousignant-300x200.jpg 300w\" sizes=\"(max-width: 600px) 100vw, 600px\" \/><figcaption id=\"caption-attachment-66052\" class=\"wp-caption-text\">Fran\u00e7ois Tousignant, compositeur et chronique culturel, est d\u00e9c\u00e9d\u00e9 en 2019. (Photo: courtoisie)<\/figcaption><\/figure>\n<h2>Hommage \u00e0 Fran\u00e7ois Tousignant \u00e0 la Chapelle historique<\/h2>\n<p><strong>Fran\u00e7ois Tousignant<\/strong>, qui nous a quitt\u00e9s il y a deux ans, \u00e9tait surtout connu du public comme critique musical au Devoir et chroniqueur \u00e0 Radio-Canada. Mais il \u00e9tait aussi compositeur, ayant laiss\u00e9 une quarantaine d&rsquo;oeuvres.<\/p>\n<p>On lui rend hommage \u00e0 travers ce concert avec l&rsquo;ensemble <strong>Paramirabo<\/strong>, <strong>Myriam Leblanc<\/strong>, soprano <strong>Catherine Saint-Arnaud<\/strong>, soprano, et <strong>Vincent Ranallo<\/strong>, baryton. En collaboration avec le Centre de musique canadienne. Le 26 mars, 19 h 30. Diffus\u00e9 sur Facebook et Vimeo. Le concert est gratuit. <a href=\"https:\/\/www.facebook.com\/events\/158773575798979\" target=\"_blank\" rel=\"noopener\">D\u00c9TAILS<\/a><\/p>\n<p>&nbsp;<\/p>\n<p>&nbsp;<\/p>\n<figure id=\"attachment_66263\" aria-describedby=\"caption-attachment-66263\" style=\"width: 837px\" class=\"wp-caption aligncenter\"><img decoding=\"async\" loading=\"lazy\" class=\"size-full wp-image-66263\" src=\"https:\/\/www.ludwig-van.com\/montreal\/wp-content\/uploads\/sites\/3\/2021\/03\/Bruno-Gauthier-Bellerose.jpg\" alt=\"Bruno Gauthier-Bellerose, guitariste. (Photo: courtoisie de Pro Musica)\" width=\"837\" height=\"555\" \/><figcaption id=\"caption-attachment-66263\" class=\"wp-caption-text\">Bruno Gauthier-Bellerose, guitariste. (Photo: courtoisie de Pro Musica)<\/figcaption><\/figure>\n<h2>Pro Musica: Bruno Gauthier-Bellerose aux M\u00e9lod\u00eenes<\/h2>\n<p>Les M\u00e9lod\u00eenes de Pro Musica nous font conna\u00eetre des musiciens de la rel\u00e8ve. Cette semaine, le guitariste <strong>Bruno Gauthier-Bellerose<\/strong> interpr\u00e8te des pi\u00e8ces de Bach, Jacques H\u00e9tu et Ginastera, entre autres. Un r\u00e9cital disponible en webdiffusion <strong>du 28 mars au 11 avril.<\/strong> <a href=\"https:\/\/promusica.qc.ca\/bruno-gauthier-bellerose\/\" target=\"_blank\" rel=\"noopener\">D\u00c9TAILS ET BILLETS<\/a><\/p>\n<p>&nbsp;<\/p>\n<p>&nbsp;<\/p>\n<p>&nbsp;<\/p>\n<figure id=\"attachment_54524\" aria-describedby=\"caption-attachment-54524\" style=\"width: 1024px\" class=\"wp-caption aligncenter\"><img decoding=\"async\" loading=\"lazy\" class=\"size-full wp-image-54524\" src=\"https:\/\/www.ludwig-van.com\/montreal\/wp-content\/uploads\/sites\/3\/2018\/05\/Quatuor-Bozzini-2-Cre\u0301dit-Michael-Slobodian-1.jpg\" alt=\"Quatuor Bozzini\" width=\"1024\" height=\"683\" srcset=\"https:\/\/www.ludwig-van.com\/montreal\/wp-content\/uploads\/sites\/3\/2018\/05\/Quatuor-Bozzini-2-Cre\u0301dit-Michael-Slobodian-1.jpg 1024w, https:\/\/www.ludwig-van.com\/montreal\/wp-content\/uploads\/sites\/3\/2018\/05\/Quatuor-Bozzini-2-Cre\u0301dit-Michael-Slobodian-1-300x200.jpg 300w, https:\/\/www.ludwig-van.com\/montreal\/wp-content\/uploads\/sites\/3\/2018\/05\/Quatuor-Bozzini-2-Cre\u0301dit-Michael-Slobodian-1-768x512.jpg 768w\" sizes=\"(max-width: 1024px) 100vw, 1024px\" \/><figcaption id=\"caption-attachment-54524\" class=\"wp-caption-text\">Le Quatuor Bozzini sera en r\u00e9cital webdiffus\u00e9 cette semaine \u00e0 la salle Bourgie. (Photo: Michael Slobodian)<\/figcaption><\/figure>\n<h2>Quatuor Bozzini: Imaginaire Nord<\/h2>\n<p>Un programme tr\u00e8s int\u00e9ressant pour le <strong>Quatuor Bozzini<\/strong>, sur le th\u00e8me de l&rsquo;imaginaire du Nord, dont deux pi\u00e8ces (de Simon Martin et d&rsquo;Alissa Cheung, aussi violoniste de l&rsquo;ensemble) sont inspir\u00e9es de tableaux de Jean-Paul Riopelle. La pi\u00e8ce Du Nord, d&rsquo;Alicia Cheung (aussi violoniste au sein du quatuor), s&rsquo;inspire des migrations d&rsquo;oiseaux et de la repr\u00e9sentation des oies dans la peinture de Riopelle. Il s&rsquo;agit d&rsquo;une commande d&rsquo;Arte Musica.<\/p>\n<p>Une pi\u00e8ce de l&rsquo;artiste Tania Tagaq est aussi au programme, entre autres. Ce concert est pr\u00e9sent\u00e9 dans le cadre de la s\u00e9rie \u00ab\u00a0Tableaux en musique\u00a0\u00bb de la salle Bourgie, en lien avec l&rsquo;exposition du Mus\u00e9e des Beaux-Arts de Montr\u00e9al <em>Riopelle : \u00e0 la rencontre des territoires nordiques et des cultures autochtones<\/em>.<\/p>\n<p>Le concert est <strong>webdiffus\u00e9 en direct le 27 mars, 14 h 30, puis disponible en diff\u00e9r\u00e9 jusqu&rsquo;au 10 avril.<\/strong> <a href=\"https:\/\/www.mbam.qc.ca\/fr\/activites\/quatuor-bozzini-imaginaire-nord-2\/\" target=\"_blank\" rel=\"noopener\">D\u00c9TAILS ET BILLETS<\/a><\/p>\n<p>&nbsp;<\/p>\n<p>&nbsp;<\/p>\n<figure id=\"attachment_65802\" aria-describedby=\"caption-attachment-65802\" style=\"width: 823px\" class=\"wp-caption aligncenter\"><img decoding=\"async\" loading=\"lazy\" class=\"size-full wp-image-65802\" src=\"https:\/\/www.ludwig-van.com\/montreal\/wp-content\/uploads\/sites\/3\/2021\/02\/Wan-Richard-Hamelin.jpg\" alt=\"\" width=\"823\" height=\"763\" srcset=\"https:\/\/www.ludwig-van.com\/montreal\/wp-content\/uploads\/sites\/3\/2021\/02\/Wan-Richard-Hamelin.jpg 823w, https:\/\/www.ludwig-van.com\/montreal\/wp-content\/uploads\/sites\/3\/2021\/02\/Wan-Richard-Hamelin-300x278.jpg 300w, https:\/\/www.ludwig-van.com\/montreal\/wp-content\/uploads\/sites\/3\/2021\/02\/Wan-Richard-Hamelin-768x712.jpg 768w\" sizes=\"(max-width: 823px) 100vw, 823px\" \/><figcaption id=\"caption-attachment-65802\" class=\"wp-caption-text\">Charles Richard-Hamelin, pianiste, et Andrew Wan, violoniste. (Photo: courtoisie)<\/figcaption><\/figure>\n<h2>Andrew Wan et Charles Richard-Hamelin \u00e0 la salle Bourgie<\/h2>\n<p>La <strong>salle Bourgie<\/strong> rouvre elle aussi ses portes et plusieurs concerts seront pr\u00e9sent\u00e9s devant public au cours des prochaines semaines. <strong>Andrew Wan<\/strong> et Charles Richard-Hamelin, qui avaient donn\u00e9 le dernier volet de leur int\u00e9grale des Sonates pour violon et piano de Beethoven il y a quelques semaines, en mode virtuel, reviennent cette fois le faire devant public, et ce, deux fois plut\u00f4t qu&rsquo;une! <strong>Premier concert: 28 mars, 14 h 30. Deuxi\u00e8me concert: 30 mars, 19 h.<\/strong> <a href=\"https:\/\/www.mbam.qc.ca\/fr\/activites\/andrew-wan-violon-charles-richard-hamelin-piano---2-concerts\/\" target=\"_blank\" rel=\"noopener\">D\u00c9TAILS ET BILLETS<\/a><\/p>\n<p><em>Chaque semaine, les Choix de la r\u00e9daction regroupent les principaux concerts des organismes membres de la communaut\u00e9 musicale de Ludwig van Montr\u00e9al. Pour savoir comment devenir membre, \u00e9crivez-nous \u00e0 caroline@ludwig-van.com\u00a0<\/em><\/p>\n<h2><em>Inscrivez-vous \u00e0 notre infolettre! La musique classique et l&rsquo;op\u00e9ra en 5 minutes, chaque jour<\/em> \u00a0<span style=\"color: #ff0000;\"><a style=\"color: #ff0000;\" href=\"https:\/\/ludwig-van.us9.list-manage.com\/subscribe?u=4f785cb3f9058f2393ccad035&amp;id=b9b160c032\" target=\"_blank\" rel=\"noopener noreferrer\">ICI\u00a0<\/a><\/span><\/h2>\n","protected":false},"excerpt":{"rendered":"<p>Apr\u00e8s un an d&rsquo;arr\u00eat, les concerts de musique classique en salle reprennent enfin cette semaine, \u00e0 la Maison symphonique, \u00e0 la salle Bourgie et ailleurs, tandis que d&rsquo;autres demeurent, comme pr\u00e9vu, en webdiffusion. Une f\u00e9brilit\u00e9 s&#8217;empare du monde musical qui a mijot\u00e9, en attente, depuis des mois. Avec un grand bonheur, voici nos Choix de la r\u00e9daction du 22 au 28 mars 2021.\u00a0<\/p>\n","protected":false},"author":51,"featured_media":66258,"comment_status":"open","ping_status":"open","sticky":false,"template":"","format":"standard","meta":{"om_disable_all_campaigns":false,"jetpack_post_was_ever_published":false},"categories":[41122,10994],"tags":[41124,41955,6035,11137,3627],"yst_prominent_words":[16509,9952,24743,24742,9966,26052,41817,33591,9869,30722,30720,18274,11418,9956,24744],"acf":[],"jetpack_featured_media_url":"https:\/\/www.ludwig-van.com\/montreal\/wp-content\/uploads\/sites\/3\/2021\/03\/Choix-22-mars-2021.jpg","jetpack_sharing_enabled":true,"jetpack_shortlink":"https:\/\/wp.me\/p9bdYt-hew","amp_enabled":true,"_links":{"self":[{"href":"https:\/\/www.ludwig-van.com\/montreal\/wp-json\/wp\/v2\/posts\/66248"}],"collection":[{"href":"https:\/\/www.ludwig-van.com\/montreal\/wp-json\/wp\/v2\/posts"}],"about":[{"href":"https:\/\/www.ludwig-van.com\/montreal\/wp-json\/wp\/v2\/types\/post"}],"author":[{"embeddable":true,"href":"https:\/\/www.ludwig-van.com\/montreal\/wp-json\/wp\/v2\/users\/51"}],"replies":[{"embeddable":true,"href":"https:\/\/www.ludwig-van.com\/montreal\/wp-json\/wp\/v2\/comments?post=66248"}],"version-history":[{"count":19,"href":"https:\/\/www.ludwig-van.com\/montreal\/wp-json\/wp\/v2\/posts\/66248\/revisions"}],"predecessor-version":[{"id":66271,"href":"https:\/\/www.ludwig-van.com\/montreal\/wp-json\/wp\/v2\/posts\/66248\/revisions\/66271"}],"wp:featuredmedia":[{"embeddable":true,"href":"https:\/\/www.ludwig-van.com\/montreal\/wp-json\/wp\/v2\/media\/66258"}],"wp:attachment":[{"href":"https:\/\/www.ludwig-van.com\/montreal\/wp-json\/wp\/v2\/media?parent=66248"}],"wp:term":[{"taxonomy":"category","embeddable":true,"href":"https:\/\/www.ludwig-van.com\/montreal\/wp-json\/wp\/v2\/categories?post=66248"},{"taxonomy":"post_tag","embeddable":true,"href":"https:\/\/www.ludwig-van.com\/montreal\/wp-json\/wp\/v2\/tags?post=66248"},{"taxonomy":"yst_prominent_words","embeddable":true,"href":"https:\/\/www.ludwig-van.com\/montreal\/wp-json\/wp\/v2\/yst_prominent_words?post=66248"}],"curies":[{"name":"wp","href":"https:\/\/api.w.org\/{rel}","templated":true}]}}