{"id":66237,"date":"2021-03-19T08:29:08","date_gmt":"2021-03-19T12:29:08","guid":{"rendered":"https:\/\/www.ludwig-van.com\/montreal\/?p=66237"},"modified":"2021-03-19T11:31:55","modified_gmt":"2021-03-19T15:31:55","slug":"actualites-cinq-bonnes-nouvelles-en-musique-classique-pour-finir-cette-incroyable-semaine-en-beaute","status":"publish","type":"post","link":"https:\/\/www.ludwig-van.com\/montreal\/2021\/03\/19\/actualites-cinq-bonnes-nouvelles-en-musique-classique-pour-finir-cette-incroyable-semaine-en-beaute\/","title":{"rendered":"ACTUALIT\u00c9S | Cinq bonnes nouvelles en musique classique pour finir cette incroyable semaine en beaut\u00e9"},"content":{"rendered":"<figure id=\"attachment_66242\" aria-describedby=\"caption-attachment-66242\" style=\"width: 1200px\" class=\"wp-caption aligncenter\"><img decoding=\"async\" loading=\"lazy\" class=\"wp-image-66242 size-full\" src=\"https:\/\/www.ludwig-van.com\/montreal\/wp-content\/uploads\/sites\/3\/2021\/03\/Actualites-19-mars-cover.jpg\" alt=\"\" width=\"1200\" height=\"628\" \/><figcaption id=\"caption-attachment-66242\" class=\"wp-caption-text\">Les contrebassistes de l&rsquo;Orchestre M\u00e9tropolitain seront certainement heureux de retrouve le public \u00e0 la Maison symphonique, le 27 mars prochain. (Photo: Fran\u00e7ois Goupil)<\/figcaption><\/figure>\n<p>Apr\u00e8s une interminable ann\u00e9e que l&rsquo;on peut qualifier de d\u00e9sastreuse, les <strong>bonnes nouvelles en musique classique<\/strong> se multiplient! Semaine incroyable, avec l&rsquo;annonce de la <a href=\"https:\/\/www.ludwig-van.com\/montreal\/2021\/03\/16\/nouvelle-legault-annonce-reouverture-salles-de-concerts-a-compter-26-mars\/\" target=\"_blank\" rel=\"noopener\">r\u00e9ouverture des salles de concerts<\/a>, spectacles et th\u00e9\u00e2tres, qui a rendu heureux \u00e0 la fois le public et le monde culturel. Une date \u00e0 retenir: le <strong>26 mars.\u00a0<\/strong><\/p>\n<p>Les annonces de concerts en salles, qui ont d\u00e9j\u00e0 commenc\u00e9 en zone orange, s&rsquo;amorcent aussi en zone rouge. Pour compl\u00e9ter votre tour d&rsquo;horizon de l&rsquo;<strong>actualit\u00e9 en musique classique<\/strong>, voici des bonnes nouvelles qui auraient pu passer sous votre radar au cours de la derni\u00e8re semaine.<\/p>\n<p>&nbsp;<\/p>\n<figure id=\"attachment_59602\" aria-describedby=\"caption-attachment-59602\" style=\"width: 1024px\" class=\"wp-caption aligncenter\"><img decoding=\"async\" loading=\"lazy\" class=\"size-full wp-image-59602\" src=\"https:\/\/www.ludwig-van.com\/montreal\/wp-content\/uploads\/sites\/3\/2019\/05\/Krista-De-Silva-Carmen-\u00a9Yves-Renaud-WEB.jpg\" alt=\"Pr\u00e8s de 43 000 personnes ont assist\u00e9 \u00e0 des repr\u00e9sentations de l'Op\u00e9ra de Montr\u00e9al au cours de la saison 2018-2019, dont celles de Carmen avec Krista de Silva dans le r\u00f4le-titre. (Photo: Yves Renaud)\" width=\"1024\" height=\"683\" srcset=\"https:\/\/www.ludwig-van.com\/montreal\/wp-content\/uploads\/sites\/3\/2019\/05\/Krista-De-Silva-Carmen-\u00a9Yves-Renaud-WEB.jpg 1024w, https:\/\/www.ludwig-van.com\/montreal\/wp-content\/uploads\/sites\/3\/2019\/05\/Krista-De-Silva-Carmen-\u00a9Yves-Renaud-WEB-300x200.jpg 300w, https:\/\/www.ludwig-van.com\/montreal\/wp-content\/uploads\/sites\/3\/2019\/05\/Krista-De-Silva-Carmen-\u00a9Yves-Renaud-WEB-768x512.jpg 768w\" sizes=\"(max-width: 1024px) 100vw, 1024px\" \/><figcaption id=\"caption-attachment-59602\" class=\"wp-caption-text\">Krista de Silva dans Carmen, Op\u00e9ra de Montr\u00e9al, mai 2019. (Photo: Yves Renaud)<\/figcaption><\/figure>\n<h2>Carmen en webdiffusion<\/h2>\n<p><strong>L&rsquo;Op\u00e9ra de Montr\u00e9al<\/strong> a annonc\u00e9 jeudi qu&rsquo;il pr\u00e9senterait sa derni\u00e8re production de <em>Carmen<\/em> (2019) en webdiffusion. Cette production de la maison d&rsquo;op\u00e9ra, mise en sc\u00e8ne par <strong>Charles Binam\u00e9<\/strong>, sera disponible pour 20 $ et demeurera en ligne pendant un an. La distribution est enti\u00e8rement canadienne, avec la mezzo-soprano <strong>Krista de Silva<\/strong> (Carmen)\u00a0 le t\u00e9nor <strong>Antoine B\u00e9langer<\/strong> (Don Jos\u00e9), le baryton Christopher Dunham (Escamillo) et la soprano France Bellemare (Mica\u00ebla.) Avec la participation de l&rsquo;Orchestre M\u00e9tropolitain, du Choeur de l&rsquo;Op\u00e9ra de Montr\u00e9al et de choristes des Petits Chanteurs du Mont-Royal. <a href=\"https:\/\/www.operademontreal.com\/programmation\/carmen-chez-vous\" target=\"_blank\" rel=\"noopener\">D\u00c9TAILS ET BILLETS<\/a><\/p>\n<p><a href=\"https:\/\/www.ludwig-van.com\/montreal\/2019\/05\/05\/critique-carmen-a-lopera-de-montreal-carmen-talent-production-histoire\/#:~:text=Avec%20une%20musicalit%C3%A9%20que%20l,l%27aise%20dans%20son%20r%C3%B4le%2C\" target=\"_blank\" rel=\"noopener\">LIRE NOTRE CRITIQUE DE CARMEN EN 2019<\/a><\/p>\n<p>&nbsp;<\/p>\n<figure id=\"attachment_63266\" aria-describedby=\"caption-attachment-63266\" style=\"width: 1200px\" class=\"wp-caption aligncenter\"><img decoding=\"async\" loading=\"lazy\" class=\"size-full wp-image-63266\" src=\"https:\/\/www.ludwig-van.com\/montreal\/wp-content\/uploads\/sites\/3\/2019\/11\/Yannick-N\u00e9zet-S\u00e9guin-OM-Photo-by-Fran\u00e7ois-Goupil-web.jpg\" alt=\"Yannick N\u00e9zet-S\u00e9guin dirigeant l'Orchestre M\u00e9tropolitain au Verizon Hall, Philadelphie, 24 novembre 2019 (Photo : Fran\u00e7ois Goupil)\" width=\"1200\" height=\"705\" srcset=\"https:\/\/www.ludwig-van.com\/montreal\/wp-content\/uploads\/sites\/3\/2019\/11\/Yannick-N\u00e9zet-S\u00e9guin-OM-Photo-by-Fran\u00e7ois-Goupil-web.jpg 1200w, https:\/\/www.ludwig-van.com\/montreal\/wp-content\/uploads\/sites\/3\/2019\/11\/Yannick-N\u00e9zet-S\u00e9guin-OM-Photo-by-Fran\u00e7ois-Goupil-web-300x176.jpg 300w, https:\/\/www.ludwig-van.com\/montreal\/wp-content\/uploads\/sites\/3\/2019\/11\/Yannick-N\u00e9zet-S\u00e9guin-OM-Photo-by-Fran\u00e7ois-Goupil-web-768x451.jpg 768w, https:\/\/www.ludwig-van.com\/montreal\/wp-content\/uploads\/sites\/3\/2019\/11\/Yannick-N\u00e9zet-S\u00e9guin-OM-Photo-by-Fran\u00e7ois-Goupil-web-1024x602.jpg 1024w\" sizes=\"(max-width: 1200px) 100vw, 1200px\" \/><figcaption id=\"caption-attachment-63266\" class=\"wp-caption-text\">Yannick N\u00e9zet-S\u00e9guin dirigeant l&rsquo;Orchestre M\u00e9tropolitain au Verizon Hall, Philadelphie, 24 novembre 2019 (Photo : Fran\u00e7ois Goupil)<\/figcaption><\/figure>\n<h2>L&rsquo;Orchestre M\u00e9tropolitain annonce quatre concerts en salle<\/h2>\n<p>Profitant de la r\u00e9ouverture des salles permise par le gouvernement, l&rsquo;<strong>Orchestre M\u00e9tropolitain<\/strong> sera la premi\u00e8re grande formation \u00e0 offrir un concert devant public (avec une limite de 250 personnes) \u00e0 la <strong>Maison symphonique.<\/strong> Ou, comme le dit si bien le communiqu\u00e9 \u00ab\u00a0ils seront les premiers \u00e0 faire r\u00e9sonner la musique dans l&rsquo;enceinte de la Place des Arts. L&rsquo;OM annonce donc trois programmes en quatre concerts pour mars et avril, pr\u00e9sent\u00e9s en salle mais aussi disponibles en webdiffusion.<\/p>\n<p><strong>27 mars, 13 h :<\/strong> \u00ab<b>Clara Schumann selon Tony Siqi Yun\u00a0<\/b>\u00bb pr\u00e9sent\u00e9 le 27 mars prochain \u00e0 la Maison symphonique. Il s&rsquo;agit de la premi\u00e8re canadienne de ce jeune pianiste chinois que l&rsquo;on qualifie de prodige. Il jouera le Concerto pour piano de Clara Schumann (une raret\u00e9 en soi dans nos salles de concerts. L&rsquo;autre pi\u00e8ce au concert est la Symphonie no 2 de Brahms. Du bonbon. <a href=\"https:\/\/orchestremetropolitain.com\/fr\/concert\/clara-schumann-selon-tony-siqi-yun\/\" target=\"_blank\" rel=\"noopener\">D\u00c9TAILS ET BILLETS<\/a><\/p>\n<h3>11 avril : Yannick au piano!<\/h3>\n<p>Pour la premi\u00e8re fois de sa carri\u00e8re, Yannick N\u00e9zet-S\u00e9guin jouera du piano en dirigeant l&rsquo;orchestre. Rien ne pouvait s&rsquo;y pr\u00eater mieux qu&rsquo;un concerto de Mozart, et c&rsquo;est le no 12 en la majeur qui lui permettra de briser la glace, le 11 avril, \u00e0 13 h. Le m\u00eame programme, auquel figurent \u00e9galement la Symphonie no 3 de Brahms et la pi\u00e8ce Diversity, de Giancarlo Castro D&rsquo;Adonna, est pr\u00e9sent\u00e9 une deuxi\u00e8me fois le m\u00eame jour, \u00e0 16 h. <a href=\"https:\/\/orchestremetropolitain.com\/fr\/concert\/du-piano-au-podium\/\" target=\"_blank\" rel=\"noopener\">D\u00c9TAILS ET BILLETS<\/a><\/p>\n<h3>Brahms 4 pour couronner l&rsquo;int\u00e9grale<\/h3>\n<p>Finalement, le 17 avril, 16 h, l&rsquo;OM conclut son int\u00e9grale Brahms avec la quatri\u00e8me symphonie, pr\u00e9c\u00e9d\u00e9e de la S\u00e9r\u00e9nade pour vents en r\u00e9 mineur de Dvorak. <a href=\"https:\/\/orchestremetropolitain.com\/fr\/concert\/brahms-symphonique-finale-triomphante\/\" target=\"_blank\" rel=\"noopener\">D\u00c9TAILS ET BILLETS<\/a><\/p>\n<p>&nbsp;<\/p>\n<figure id=\"attachment_65166\" aria-describedby=\"caption-attachment-65166\" style=\"width: 1024px\" class=\"wp-caption aligncenter\"><img decoding=\"async\" loading=\"lazy\" class=\"size-full wp-image-65166\" src=\"https:\/\/www.ludwig-van.com\/montreal\/wp-content\/uploads\/sites\/3\/2018\/10\/Cheng-2-Duo\u00a9-Harald-Hoffmann-7.jpg\" alt=\"\" width=\"1024\" height=\"682\" srcset=\"https:\/\/www.ludwig-van.com\/montreal\/wp-content\/uploads\/sites\/3\/2018\/10\/Cheng-2-Duo\u00a9-Harald-Hoffmann-7.jpg 1024w, https:\/\/www.ludwig-van.com\/montreal\/wp-content\/uploads\/sites\/3\/2018\/10\/Cheng-2-Duo\u00a9-Harald-Hoffmann-7-300x200.jpg 300w, https:\/\/www.ludwig-van.com\/montreal\/wp-content\/uploads\/sites\/3\/2018\/10\/Cheng-2-Duo\u00a9-Harald-Hoffmann-7-768x512.jpg 768w\" sizes=\"(max-width: 1024px) 100vw, 1024px\" \/><figcaption id=\"caption-attachment-65166\" class=\"wp-caption-text\">Cheng 2 Duo (Photo: Harald Hoffmann)<\/figcaption><\/figure>\n<h2>Le duo <b>Cheng<sup>2<\/sup><\/b> au Club Musical<\/h2>\n<p>L&rsquo;excellent duo Cheng2, compos\u00e9 du violoncelliste Bryan Cheng, laur\u00e9at de nombreux prix, et de sa soeur Silvie, pianiste, sera pr\u00e9sent\u00e9 le\u00a0<b>dimanche 11 avril prochain \u00e0 15 h et \u00e0 19 h \u00e0 la salle Raoul-Jobin du Palais Montcalm, par le Club Musical de Qu\u00e9bec. <\/b>Ce concert, d&rsquo;abord pr\u00e9vu l&rsquo;automne dernier, avait \u00e9t\u00e9 report\u00e9 en raison de la pand\u00e9mie. <a href=\"https:\/\/www.clubmusicaldequebec.com\/cmq\/index.php\/programmation\/concerts-hors-serie\/cheng2-duo\" target=\"_blank\" rel=\"noopener\">D\u00c9TAILS ET BILLETS<\/a><\/p>\n<p>&nbsp;<\/p>\n<figure id=\"attachment_51388\" aria-describedby=\"caption-attachment-51388\" style=\"width: 800px\" class=\"wp-caption aligncenter\"><img decoding=\"async\" loading=\"lazy\" class=\"size-full wp-image-51388\" src=\"https:\/\/www.ludwig-van.com\/montreal\/wp-content\/uploads\/sites\/3\/2018\/02\/maison-musique-web.jpg\" alt=\"Maison de la musique de Sorel-Tracy. (Photo: site web de la Maison)\" width=\"800\" height=\"448\" srcset=\"https:\/\/www.ludwig-van.com\/montreal\/wp-content\/uploads\/sites\/3\/2018\/02\/maison-musique-web.jpg 800w, https:\/\/www.ludwig-van.com\/montreal\/wp-content\/uploads\/sites\/3\/2018\/02\/maison-musique-web-300x168.jpg 300w, https:\/\/www.ludwig-van.com\/montreal\/wp-content\/uploads\/sites\/3\/2018\/02\/maison-musique-web-768x430.jpg 768w\" sizes=\"(max-width: 800px) 100vw, 800px\" \/><figcaption id=\"caption-attachment-51388\" class=\"wp-caption-text\">Maison de la musique de Sorel-Tracy. (Photo: site web de la Maison)<\/figcaption><\/figure>\n<h2>Sorel-Tracy : le Festival-concours aura lieu en mode hybride<\/h2>\n<p>La prochaine \u00e9dition des comp\u00e9titions interprovinciales du<strong> Festival-concours de musique classique Pierre-De Saurel<\/strong> se tiendra du 1er au 30 mai prochain devant jury \u00e0 huis clos dans le Salon de musique Desjardins de la Maison de la musique. L\u2019\u00e9v\u00e9nement sera accessible gratuitement sur le <a href=\"https:\/\/www.maisondelamusique.org\/\" target=\"_blank\" rel=\"noopener\">site internet de la Maison de la musique de Sorel-Tracy.\u00a0<\/a><\/p>\n<p>&nbsp;<\/p>\n<figure id=\"attachment_50433\" aria-describedby=\"caption-attachment-50433\" style=\"width: 1024px\" class=\"wp-caption aligncenter\"><img decoding=\"async\" loading=\"lazy\" class=\"size-full wp-image-50433\" src=\"https:\/\/www.ludwig-van.com\/montreal\/wp-content\/uploads\/sites\/3\/2017\/12\/Giuseppe-Guarrera-Zoltan-Fejervari-Cr-BrentCalis.jpg\" alt=\"De gauche \u00e0 droite: Stefano Andreatta, Giuseppe Guarrera et Zoltan Fejervari, respectivement 3e, 2e et 1er prix au CMIM. (Cr\u00e9dit: Brent Calis)\" width=\"1024\" height=\"683\" srcset=\"https:\/\/www.ludwig-van.com\/montreal\/wp-content\/uploads\/sites\/3\/2017\/12\/Giuseppe-Guarrera-Zoltan-Fejervari-Cr-BrentCalis.jpg 1024w, https:\/\/www.ludwig-van.com\/montreal\/wp-content\/uploads\/sites\/3\/2017\/12\/Giuseppe-Guarrera-Zoltan-Fejervari-Cr-BrentCalis-300x200.jpg 300w, https:\/\/www.ludwig-van.com\/montreal\/wp-content\/uploads\/sites\/3\/2017\/12\/Giuseppe-Guarrera-Zoltan-Fejervari-Cr-BrentCalis-768x512.jpg 768w\" sizes=\"(max-width: 1024px) 100vw, 1024px\" \/><figcaption id=\"caption-attachment-50433\" class=\"wp-caption-text\">De gauche \u00e0 droite: Stefano Andreatta, Giuseppe Guarrera et Zoltan Fejervari, respectivement 3e, 2e et 1er prix au CMIM 2017. (Cr\u00e9dit: Brent Calis)<\/figcaption><\/figure>\n<h2>Le CMIM annonce l&rsquo; \u0153uvre canadienne impos\u00e9e<\/h2>\n<p>Pour chacune de ses \u00e9ditions, le <strong>Concours musical international de Montr\u00e9al<\/strong>, qui aura lieu cette ann\u00e9e du <strong>26 avril au 14 mai<\/strong>, impose toujours aux concurrents l&rsquo;interpr\u00e9tation d&rsquo;une \u0153uvre d&rsquo;un compositeur canadien. Cette ann\u00e9e, pour l&rsquo;\u00e9dition Piano 2021, les pianistes pourront choisir parmi les 24 pr\u00e9ludes du Canadien <a href=\"https:\/\/www.concoursmontreal.ca\/fr\/piano-2021\/oeuvre-imposee\/?ct=t(EMAIL_CAMPAIGN_04_2020_NEWSLETTER_COPY_01)&amp;mc_cid=5bbbbacb20&amp;mc_eid=UNIQID\" target=\"_blank\" rel=\"noopener\">John Burge<\/a>, et devront en jouer trois. Le prix Andr\u00e9-Bachand, de 2000$, sera offert pour la meilleure interpr\u00e9tation.<\/p>\n<h2><em>Inscrivez-vous \u00e0 notre infolettre! La musique classique et l&rsquo;op\u00e9ra en 5 minutes, chaque jour<\/em> \u00a0<span style=\"color: #ff0000;\"><a style=\"color: #ff0000;\" href=\"https:\/\/ludwig-van.us9.list-manage.com\/subscribe?u=4f785cb3f9058f2393ccad035&amp;id=b9b160c032\" target=\"_blank\" rel=\"noopener noreferrer\">ICI\u00a0<\/a><\/span><\/h2>\n","protected":false},"excerpt":{"rendered":"<p>Apr\u00e8s une ann\u00e9e d\u00e9sastreuse, les bonnes nouvelles en musique classique se multiplient! Semaine incroyable, avec l&rsquo;annonce de la r\u00e9ouverture des salles de concerts, spectacles et th\u00e9\u00e2tres, qui a rendu heureux \u00e0 la fois le public et le monde culturel.<\/p>\n","protected":false},"author":51,"featured_media":66242,"comment_status":"open","ping_status":"open","sticky":false,"template":"","format":"standard","meta":{"om_disable_all_campaigns":false,"jetpack_post_was_ever_published":false},"categories":[41122,10956,10992],"tags":[41124,9672,40275,18584,2498,2521,3627],"yst_prominent_words":[30853,11989,26052,15501,18920,10519,9836,15805,9869,9811,10167,18583,36781,21749,41695,40747,9848],"acf":[],"jetpack_featured_media_url":"https:\/\/www.ludwig-van.com\/montreal\/wp-content\/uploads\/sites\/3\/2021\/03\/Actualites-19-mars-cover.jpg","jetpack_sharing_enabled":true,"jetpack_shortlink":"https:\/\/wp.me\/p9bdYt-hel","amp_enabled":true,"_links":{"self":[{"href":"https:\/\/www.ludwig-van.com\/montreal\/wp-json\/wp\/v2\/posts\/66237"}],"collection":[{"href":"https:\/\/www.ludwig-van.com\/montreal\/wp-json\/wp\/v2\/posts"}],"about":[{"href":"https:\/\/www.ludwig-van.com\/montreal\/wp-json\/wp\/v2\/types\/post"}],"author":[{"embeddable":true,"href":"https:\/\/www.ludwig-van.com\/montreal\/wp-json\/wp\/v2\/users\/51"}],"replies":[{"embeddable":true,"href":"https:\/\/www.ludwig-van.com\/montreal\/wp-json\/wp\/v2\/comments?post=66237"}],"version-history":[{"count":7,"href":"https:\/\/www.ludwig-van.com\/montreal\/wp-json\/wp\/v2\/posts\/66237\/revisions"}],"predecessor-version":[{"id":66247,"href":"https:\/\/www.ludwig-van.com\/montreal\/wp-json\/wp\/v2\/posts\/66237\/revisions\/66247"}],"wp:featuredmedia":[{"embeddable":true,"href":"https:\/\/www.ludwig-van.com\/montreal\/wp-json\/wp\/v2\/media\/66242"}],"wp:attachment":[{"href":"https:\/\/www.ludwig-van.com\/montreal\/wp-json\/wp\/v2\/media?parent=66237"}],"wp:term":[{"taxonomy":"category","embeddable":true,"href":"https:\/\/www.ludwig-van.com\/montreal\/wp-json\/wp\/v2\/categories?post=66237"},{"taxonomy":"post_tag","embeddable":true,"href":"https:\/\/www.ludwig-van.com\/montreal\/wp-json\/wp\/v2\/tags?post=66237"},{"taxonomy":"yst_prominent_words","embeddable":true,"href":"https:\/\/www.ludwig-van.com\/montreal\/wp-json\/wp\/v2\/yst_prominent_words?post=66237"}],"curies":[{"name":"wp","href":"https:\/\/api.w.org\/{rel}","templated":true}]}}