{"id":66198,"date":"2021-03-16T18:12:54","date_gmt":"2021-03-16T22:12:54","guid":{"rendered":"https:\/\/www.ludwig-van.com\/montreal\/?p=66198"},"modified":"2021-03-16T19:08:58","modified_gmt":"2021-03-16T23:08:58","slug":"nouvelle-legault-annonce-reouverture-salles-de-concerts-a-compter-26-mars","status":"publish","type":"post","link":"https:\/\/www.ludwig-van.com\/montreal\/2021\/03\/16\/nouvelle-legault-annonce-reouverture-salles-de-concerts-a-compter-26-mars\/","title":{"rendered":"NOUVELLE | Legault annonce la r\u00e9ouverture des salles de concerts \u00e0 compter du 26 mars"},"content":{"rendered":"<figure id=\"attachment_64207\" aria-describedby=\"caption-attachment-64207\" style=\"width: 1200px\" class=\"wp-caption aligncenter\"><img decoding=\"async\" loading=\"lazy\" class=\"size-full wp-image-64207\" src=\"https:\/\/www.ludwig-van.com\/montreal\/wp-content\/uploads\/sites\/3\/2020\/03\/Bourgie-nouvelle-cover.jpg\" alt=\"salle Bourgie, Montr\u00e9al\" width=\"1200\" height=\"628\" \/><figcaption id=\"caption-attachment-64207\" class=\"wp-caption-text\">La salle Bourgie fait partie des salles qui pourront de nouveau accueillir des spectateurs, d\u00e8s le 24 mars. (Photo: Bernard Foug\u00e8re)<\/figcaption><\/figure>\n<p>Le premier ministre du Qu\u00e9bec, <strong>Fran\u00e7ois Legault<\/strong>, vient d&rsquo;annoncer en conf\u00e9rence de presse la r\u00e9ouverture des salles de concerts, salles de spectacles et th\u00e9\u00e2tres, en distanciation et respect de mesures sanitaires strictes, et ce, d\u00e8s le 26 mars prochain.<\/p>\n<p>C&rsquo;est une belle surprise, bien que des rumeurs allant en ce sens aient circul\u00e9 dans le milieu culturel depuis quelques jours. L&rsquo;effervescence est dans l&rsquo;air!<\/p>\n<p>Les diffuseurs bien organis\u00e9s sont d\u00e9j\u00e0 pr\u00eats \u00e0 cette \u00e9ventualit\u00e9, puisqu&rsquo;ils fonctionnent avec diff\u00e9rents sc\u00e9narios depuis des mois, toujours dans l&rsquo;espoir trop souvent report\u00e9 de pouvoir ouvrir prochainement.<\/p>\n<h2>R\u00e8gles et mesures sanitaires dans les salles de spectacles<\/h2>\n<p>Comme ce fut le cas lors de la r\u00e9ouverture de septembre dernier, les salles devront \u00e9videmment respecter des mesures sanitaires telles qu&rsquo;une limite de spectateurs, laisser des si\u00e8ges vides entre chaque personne, pr\u00e9voir des mesures d&rsquo;hygi\u00e8ne des mains \u00e0 l&rsquo;entr\u00e9e, et exiger le port du masque.<\/p>\n<p>On peut pr\u00e9dire que le public, qui se dit favorable \u00e0 un retour depuis des mois, ne rechignera pas trop \u00e0 ces pr\u00e9cautions, s&rsquo;il s&rsquo;agit de pouvoir enfin sortir afin de voir et d&rsquo;entendre leurs artistes pr\u00e9f\u00e9r\u00e9s. Pour une grande salle comme la Maison symphonique, la limite sera donc de 250 spectateurs. L&rsquo;<strong>Orchestre M\u00e9tropolitain<\/strong> a d&rsquo;ailleurs d\u00e9j\u00e0 annonc\u00e9 un concert le 27 mars devant public.<\/p>\n<p><strong>Yannick N\u00e9zet-S\u00e9guin<\/strong>, directeur artistique et chef de l&rsquo;<strong>Orchestre M\u00e9tropolitain<\/strong>, a r\u00e9agi \u00e0 la nouvelle:<\/p>\n<blockquote><p>\u00ab Nous accueillons cette nouvelle avec beaucoup d\u2019\u00e9motion. Le retour du public en salle redonnera un souffle \u00e0 la communaut\u00e9 montr\u00e9alaise, \u00e0 nos artistes et travailleurs culturels, aux citoyens qui trouveront dans les arts de la sc\u00e8ne un \u00e9cho aux \u00e9motions v\u00e9cues au cours des douze derniers mois. Il est temps de se retrouver, de s\u2019\u00e9mouvoir, de s\u2019\u00e9vader, de repenser le vivre-ensemble. Les arts nous montreront le chemin pour y arriver. \u00bb &#8211; Yannick N\u00e9zet-S\u00e9guin<\/p><\/blockquote>\n<p>\u00c0 l&rsquo;<strong>Orchestre symphonique de Montr\u00e9al<\/strong> on annonce qu&rsquo;une nouvelle programmation en salle sera annonc\u00e9e tr\u00e8s prochainement:<\/p>\n<blockquote><p>\u00ab L\u2019Orchestre symphonique de Montr\u00e9al se r\u00e9jouit de l\u2019annonce faite aujourd\u2019hui par le gouvernement du Qu\u00e9bec permettant au secteur des arts vivants de retrouver progressivement son public en salle. La s\u00e9curit\u00e9 et le bien-\u00eatre du public et de l\u2019ensemble du personnel demeurent notre priorit\u00e9 absolue. Nous anticipons le plaisir d\u2019accueillir notre fid\u00e8le public d\u00e8s que possible en avril \u00e0 la Maison symphonique lors d\u2019une nouvelle programmation qui sera annonc\u00e9e sous peu! \u00bb \u2014 Madeleine Careau, Chef de la direction de l\u2019OSM<\/p><\/blockquote>\n<h2><strong>Un couvre-feu plus tardif d\u00e8s demain<\/strong><\/h2>\n<p>De plus, le couvre-feu, qui \u00e9tait encore en vigueur jusqu&rsquo;\u00e0 20 h dans les zones rouges, est retard\u00e9 jusqu&rsquo;\u00e0 21 h 30, et ce, d\u00e8s demain. Avec des repr\u00e9sentations sans entractes de 60 ou 70 minutes qui commenceront probablement \u00e0 19 h ou 19 h 30, c&rsquo;est un sc\u00e9nario r\u00e9aliste pour permettre aux gens de retourner \u00e0 la maison \u00e0 temps.<\/p>\n<p>La vie culturelle en webdiffusion, c&rsquo;est bien beau, mais nous avons tous besoin de retrouver, enfin, les arts vivants. En esp\u00e9rant qu&rsquo;une nouvelle fermeture ne viendra pas tout bousiller trois semaines plus tard, comme cela avait \u00e9t\u00e9 le cas \u00e0 l&rsquo;automne 2020. Nous vous tiendrons au courant, au cours des prochains jours, des d\u00e9tails.<\/p>\n<p>Chez Ludwig van Montr\u00e9al, nous nous ferons un plaisir d&rsquo;assister \u00e0 des concerts et de reprendre nos critiques, avec ce timide mais tant attendu retour \u00e0 la normale.<\/p>\n<h2><em>Inscrivez-vous \u00e0 notre infolettre! La musique classique et l&rsquo;op\u00e9ra en 5 minutes, chaque jour<\/em> \u00a0<span style=\"color: #ff0000;\"><a style=\"color: #ff0000;\" href=\"https:\/\/ludwig-van.us9.list-manage.com\/subscribe?u=4f785cb3f9058f2393ccad035&amp;id=b9b160c032\" target=\"_blank\" rel=\"noopener noreferrer\">ICI\u00a0<\/a><\/span><\/h2>\n<p>&nbsp;<\/p>\n<p>&nbsp;<\/p>\n","protected":false},"excerpt":{"rendered":"<p>Le premier ministre du Qu\u00e9bec, Fran\u00e7ois Legault, vient d&rsquo;annoncer en conf\u00e9rence de presse la r\u00e9ouverture des salles de concerts, salles de spectacles et th\u00e9\u00e2tres, en distanciation et respect de mesures sanitaires strictes, et ce, d\u00e8s le 24 mars prochain.\u00a0<\/p>\n","protected":false},"author":51,"featured_media":0,"comment_status":"open","ping_status":"open","sticky":false,"template":"","format":"standard","meta":{"om_disable_all_campaigns":false,"jetpack_post_was_ever_published":false},"categories":[41122,10956,10992],"tags":[],"yst_prominent_words":[9878,10069,39110,9877,9869,16404,38432,39344,40241,11452,7595,10710,17391,39301,39345,21383,9839,9870,9848],"acf":[],"jetpack_featured_media_url":"","jetpack_sharing_enabled":true,"jetpack_shortlink":"https:\/\/wp.me\/p9bdYt-hdI","amp_enabled":true,"_links":{"self":[{"href":"https:\/\/www.ludwig-van.com\/montreal\/wp-json\/wp\/v2\/posts\/66198"}],"collection":[{"href":"https:\/\/www.ludwig-van.com\/montreal\/wp-json\/wp\/v2\/posts"}],"about":[{"href":"https:\/\/www.ludwig-van.com\/montreal\/wp-json\/wp\/v2\/types\/post"}],"author":[{"embeddable":true,"href":"https:\/\/www.ludwig-van.com\/montreal\/wp-json\/wp\/v2\/users\/51"}],"replies":[{"embeddable":true,"href":"https:\/\/www.ludwig-van.com\/montreal\/wp-json\/wp\/v2\/comments?post=66198"}],"version-history":[{"count":11,"href":"https:\/\/www.ludwig-van.com\/montreal\/wp-json\/wp\/v2\/posts\/66198\/revisions"}],"predecessor-version":[{"id":66209,"href":"https:\/\/www.ludwig-van.com\/montreal\/wp-json\/wp\/v2\/posts\/66198\/revisions\/66209"}],"wp:attachment":[{"href":"https:\/\/www.ludwig-van.com\/montreal\/wp-json\/wp\/v2\/media?parent=66198"}],"wp:term":[{"taxonomy":"category","embeddable":true,"href":"https:\/\/www.ludwig-van.com\/montreal\/wp-json\/wp\/v2\/categories?post=66198"},{"taxonomy":"post_tag","embeddable":true,"href":"https:\/\/www.ludwig-van.com\/montreal\/wp-json\/wp\/v2\/tags?post=66198"},{"taxonomy":"yst_prominent_words","embeddable":true,"href":"https:\/\/www.ludwig-van.com\/montreal\/wp-json\/wp\/v2\/yst_prominent_words?post=66198"}],"curies":[{"name":"wp","href":"https:\/\/api.w.org\/{rel}","templated":true}]}}