{"id":66178,"date":"2021-03-15T11:33:32","date_gmt":"2021-03-15T15:33:32","guid":{"rendered":"https:\/\/www.ludwig-van.com\/montreal\/?p=66178"},"modified":"2021-03-15T11:36:58","modified_gmt":"2021-03-15T15:36:58","slug":"choix-de-la-redaction-six-nouveaux-concerts-virtuels-a-decouvrir-cette-semaine","status":"publish","type":"post","link":"https:\/\/www.ludwig-van.com\/montreal\/2021\/03\/15\/choix-de-la-redaction-six-nouveaux-concerts-virtuels-a-decouvrir-cette-semaine\/","title":{"rendered":"CHOIX DE LA R\u00c9DACTION | Six nouveaux concerts virtuels \u00e0 d\u00e9couvrir cette semaine"},"content":{"rendered":"<figure id=\"attachment_66183\" aria-describedby=\"caption-attachment-66183\" style=\"width: 1200px\" class=\"wp-caption aligncenter\"><img decoding=\"async\" loading=\"lazy\" class=\"size-full wp-image-66183\" src=\"https:\/\/www.ludwig-van.com\/montreal\/wp-content\/uploads\/sites\/3\/2021\/03\/Choix-15-mars-cover.jpg\" alt=\"\" width=\"1200\" height=\"628\" \/><figcaption id=\"caption-attachment-66183\" class=\"wp-caption-text\">De gauche \u00e0 droite et de bas en haut: Studio de musique ancienne de Montr\u00e9al, Serhiy Salov, Marc-Andr\u00e9 Hamelin, Pallade Musica, Jonathan Goldman. (Cr\u00e9dits photos dans le m\u00eame ordre: Katya Konioukhova, Julie Beauchemin, Canetty-Clarke, Elizabeth Delage, Laurence Labat)<\/figcaption><\/figure>\n<p>En ce mois de mars concerts virtuels se multiplient comme les bourgeons sur le point d&rsquo;appara\u00eetre (on l&rsquo;esp\u00e8re, tr\u00e8s bient\u00f4t). En plus des <a href=\"https:\/\/www.ludwig-van.com\/montreal\/2021\/03\/08\/choix-de-la-redaction-cinq-nouveaux-concerts-virtuels-a-ajouter-a-votre-agenda-cette-semaine\/\" target=\"_blank\" rel=\"noopener\">concerts de la semaine derni\u00e8re<\/a>, dont plusieurs sont encore en ligne, voici sept nouveaux concerts \u00e0 visionner et \u00e9couter, pour embellir vos journ\u00e9es avant l&rsquo;arriv\u00e9e officielle du printemps. <strong>Les Choix de la r\u00e9daction de Ludwig van Montr\u00e9al, du 15 au 21 mars.<\/strong><\/p>\n<p>Pour plus de concerts, visitez notre <a href=\"https:\/\/www.ludwig-van.com\/montreal\/events\/\" target=\"_blank\" rel=\"noopener\">calendrier d&rsquo;\u00e9v\u00e9nements<\/a>.<\/p>\n<p>&nbsp;<\/p>\n<figure id=\"attachment_52503\" aria-describedby=\"caption-attachment-52503\" style=\"width: 1024px\" class=\"wp-caption aligncenter\"><img decoding=\"async\" loading=\"lazy\" class=\"size-full wp-image-52503\" src=\"https:\/\/www.ludwig-van.com\/montreal\/wp-content\/uploads\/sites\/3\/2018\/03\/MAHamelin_Canetty-Clarke.jpg\" alt=\"Marc-Andr\u00e9 Hamelin\" width=\"1024\" height=\"682\" srcset=\"https:\/\/www.ludwig-van.com\/montreal\/wp-content\/uploads\/sites\/3\/2018\/03\/MAHamelin_Canetty-Clarke.jpg 1024w, https:\/\/www.ludwig-van.com\/montreal\/wp-content\/uploads\/sites\/3\/2018\/03\/MAHamelin_Canetty-Clarke-300x200.jpg 300w, https:\/\/www.ludwig-van.com\/montreal\/wp-content\/uploads\/sites\/3\/2018\/03\/MAHamelin_Canetty-Clarke-768x512.jpg 768w\" sizes=\"(max-width: 1024px) 100vw, 1024px\" \/><figcaption id=\"caption-attachment-52503\" class=\"wp-caption-text\">Marc-Andr\u00e9 Hamelin. (Cr\u00e9dit: \u00a0Canetty-Clarke)<\/figcaption><\/figure>\n<h2>L&rsquo;OSM re\u00e7oit Marc-Andr\u00e9 Hamelin<\/h2>\n<p>Demain soir, 16 mars, le virtuose qu\u00e9b\u00e9cois <strong>Marc-Andr\u00e9 Hamelin<\/strong> s&#8217;empare du Concerto pour piano et instruments \u00e0 vent de Stavinsky, une \u0153uvre que l&rsquo;on n&rsquo;entend pas tr\u00e8s souvent. L&rsquo;autre partie du programme sera d\u00e9di\u00e9e au Quatuor \u00e0 cordes no 14 en r\u00e9 mineur, D. 810, \u00ab La jeune fille et la mort \u00bb, dans l&rsquo;arrangement pour orchestre \u00e0 cordes de Mahler. Un superbe programme dirig\u00e9 par <strong>Kent Nagano<\/strong>. <strong>En webdiffusion du 16 mars au 6 avril.\u00a0<\/strong><\/p>\n<p><a href=\"https:\/\/www.osm.ca\/fr\/concerts\/cordes-vents-piano-art-du-contraste-selon-kent-nagano\/\" target=\"_blank\" rel=\"noopener\">D\u00c9TAILS ET BILLETS<\/a><\/p>\n<p><a href=\"https:\/\/www.ludwig-van.com\/montreal\/2021\/02\/25\/nouvelle-kent-nagano-a-montreal-trois-concerts-losm-nomme-chef-emerite\/\" target=\"_blank\" rel=\"noopener\">LIRE NOTRE ENTREVUE AVEC KENT NAGANO<\/a><\/p>\n<h2><\/h2>\n<figure id=\"attachment_57272\" aria-describedby=\"caption-attachment-57272\" style=\"width: 1024px\" class=\"wp-caption aligncenter\"><img decoding=\"async\" loading=\"lazy\" class=\"size-full wp-image-57272\" src=\"https:\/\/www.ludwig-van.com\/montreal\/wp-content\/uploads\/sites\/3\/2018\/11\/SMAM_groupe_\u00a9Katya-Konioukhova-WEB.jpg\" alt=\"Studio de musique ancienne de Montr\u00e9al\" width=\"1024\" height=\"685\" srcset=\"https:\/\/www.ludwig-van.com\/montreal\/wp-content\/uploads\/sites\/3\/2018\/11\/SMAM_groupe_\u00a9Katya-Konioukhova-WEB.jpg 1024w, https:\/\/www.ludwig-van.com\/montreal\/wp-content\/uploads\/sites\/3\/2018\/11\/SMAM_groupe_\u00a9Katya-Konioukhova-WEB-300x201.jpg 300w, https:\/\/www.ludwig-van.com\/montreal\/wp-content\/uploads\/sites\/3\/2018\/11\/SMAM_groupe_\u00a9Katya-Konioukhova-WEB-768x514.jpg 768w\" sizes=\"(max-width: 1024px) 100vw, 1024px\" \/><figcaption id=\"caption-attachment-57272\" class=\"wp-caption-text\">Le Studio de musique ancienne de Montr\u00e9al. (Photo : Katya Konioukhova)<\/figcaption><\/figure>\n<h2>Perfection polyphonique avec le SMAM<\/h2>\n<p>Le Studio de musique ancienne de Montr\u00e9al pr\u00e9sente \u00ab\u00a0Perfection polyphonique\u00a0\u00bb, dont le programme comprend des pi\u00e8ces de Palestrina, Rolland de Lassus et Josquin des Pr\u00e9s, entre autres. Alors m\u00eame que j&rsquo;\u00e9cris ces lignes, c&rsquo;est d&rsquo;ailleurs ce que j&rsquo;\u00e9coute. Magnifique et \u00e9mouvant. Un \u00e9v\u00e9nement capt\u00e9 \u00e0 la Chapelle historique du Bon-Pasteur et <a href=\"https:\/\/vimeo.com\/510381241?fbclid=IwAR2SOLqqUbuD5j5d774Q757VRmsk-WrWcESJV1hBqw6Yr31jWVFi0fPDt2I\" target=\"_blank\" rel=\"noopener\">disponible gratuitement sur Vimeo.\u00a0<\/a><\/p>\n<p>&nbsp;<\/p>\n<figure id=\"attachment_53681\" aria-describedby=\"caption-attachment-53681\" style=\"width: 1024px\" class=\"wp-caption aligncenter\"><img decoding=\"async\" loading=\"lazy\" class=\"size-full wp-image-53681\" src=\"https:\/\/www.ludwig-van.com\/montreal\/wp-content\/uploads\/sites\/3\/2018\/04\/serhiy-salov-credit_julie_beauchemin.jpg\" alt=\"Serhiy Salov\" width=\"1024\" height=\"683\" srcset=\"https:\/\/www.ludwig-van.com\/montreal\/wp-content\/uploads\/sites\/3\/2018\/04\/serhiy-salov-credit_julie_beauchemin.jpg 1024w, https:\/\/www.ludwig-van.com\/montreal\/wp-content\/uploads\/sites\/3\/2018\/04\/serhiy-salov-credit_julie_beauchemin-300x200.jpg 300w, https:\/\/www.ludwig-van.com\/montreal\/wp-content\/uploads\/sites\/3\/2018\/04\/serhiy-salov-credit_julie_beauchemin-768x512.jpg 768w\" sizes=\"(max-width: 1024px) 100vw, 1024px\" \/><figcaption id=\"caption-attachment-53681\" class=\"wp-caption-text\">Le pianiste Serhiy Salov est l&rsquo;invit\u00e9 de Pro Musica cette semaine (Photo: Julie Beauchemin)<\/figcaption><\/figure>\n<h2>Serhiy Salov en r\u00e9cital \u00e0 Pro Musica<\/h2>\n<p>Pianiste aux mille nuances, Serhiy Salov est l&rsquo;invit\u00e9 cette semaine de Pro Musica dans un film-r\u00e9cital de sa s\u00e9rie \u00ab\u00a0Carte blanche\u00a0\u00bb qui nous le fait d\u00e9couvrir et qui propose d&rsquo;entendre des arrangements pour piano de pi\u00e8ces de Moussorgski, dont les Tableaux d&rsquo;une exposition. <strong>Disponible en webdiffusion jusqu&rsquo;au 28 mars.<\/strong> <a href=\"https:\/\/promusica.qc.ca\/cartes-blanches\/\" target=\"_blank\" rel=\"noopener\">D\u00c9TAILS ET BILLETS<\/a><\/p>\n<p>&nbsp;<\/p>\n<figure id=\"attachment_56340\" aria-describedby=\"caption-attachment-56340\" style=\"width: 1024px\" class=\"wp-caption aligncenter\"><img decoding=\"async\" loading=\"lazy\" class=\"size-full wp-image-56340\" src=\"https:\/\/www.ludwig-van.com\/montreal\/wp-content\/uploads\/sites\/3\/2018\/09\/2015Pallade41310-credit-Elizabeth-Delage.jpg\" alt=\"Pallade Musica\" width=\"1024\" height=\"683\" srcset=\"https:\/\/www.ludwig-van.com\/montreal\/wp-content\/uploads\/sites\/3\/2018\/09\/2015Pallade41310-credit-Elizabeth-Delage.jpg 1024w, https:\/\/www.ludwig-van.com\/montreal\/wp-content\/uploads\/sites\/3\/2018\/09\/2015Pallade41310-credit-Elizabeth-Delage-300x200.jpg 300w, https:\/\/www.ludwig-van.com\/montreal\/wp-content\/uploads\/sites\/3\/2018\/09\/2015Pallade41310-credit-Elizabeth-Delage-768x512.jpg 768w\" sizes=\"(max-width: 1024px) 100vw, 1024px\" \/><figcaption id=\"caption-attachment-56340\" class=\"wp-caption-text\">Pallade Musica. (Photo: Elizabeth Delage)<\/figcaption><\/figure>\n<h2>Pallade Musica: proportions extraordinaires<\/h2>\n<p>L&rsquo;ensemble <strong>Pallade Musica<\/strong> nous pr\u00e9sente un concert de musique de la Renaissance capt\u00e9 \u00e0 la salle Bourgie dont la description se lit comme suit: \u00ab\u00a0des \u0153uvres pleines d&rsquo;invention et d&rsquo;innovation qui ont contribu\u00e9 \u00e0 transformer la conception qu\u2019on se faisait de la musique \u00e0 la fin du XVe si\u00e8cle. Constitu\u00e9 de pi\u00e8ces anonymes du codex chypriote et d&rsquo;\u0153uvres provenant d&rsquo;une p\u00e9riode plus tardive, au tournant du XVIe si\u00e8cle.\u00a0\u00bb <strong>En webdiffusion du 18 mars au 1er avril.<\/strong> <a href=\"https:\/\/www.mbam.qc.ca\/fr\/activites\/en-ligne-pallade-musica-proportions-extraordinaires\/\" target=\"_blank\" rel=\"noopener\">D\u00c9TAILS ET BILLETS.\u00a0<\/a><\/p>\n<p>&nbsp;<\/p>\n<p style=\"text-align: center;\"><img decoding=\"async\" loading=\"lazy\" class=\"aligncenter size-full wp-image-65924\" src=\"https:\/\/www.ludwig-van.com\/montreal\/wp-content\/uploads\/sites\/3\/2021\/02\/I-Musici-Astor-Piazzolla.jpg\" alt=\"\" width=\"795\" height=\"498\" srcset=\"https:\/\/www.ludwig-van.com\/montreal\/wp-content\/uploads\/sites\/3\/2021\/02\/I-Musici-Astor-Piazzolla.jpg 795w, https:\/\/www.ludwig-van.com\/montreal\/wp-content\/uploads\/sites\/3\/2021\/02\/I-Musici-Astor-Piazzolla-300x188.jpg 300w, https:\/\/www.ludwig-van.com\/montreal\/wp-content\/uploads\/sites\/3\/2021\/02\/I-Musici-Astor-Piazzolla-768x481.jpg 768w\" sizes=\"(max-width: 795px) 100vw, 795px\" \/><\/p>\n<h2>Bonne f\u00eate, Astor Piazzolla!<\/h2>\n<p><strong>I Musici de Montr\u00e9al<\/strong>, qui re\u00e7oit le bandon\u00e9oniste <a href=\"https:\/\/www.ludwig-van.com\/montreal\/2021\/03\/11\/entretien-concert-100-ans-dastor-piazzolla\/\" target=\"_blank\" rel=\"noopener\">Jonathan Goldman<\/a>, vous invite \u00e0 un programme c\u00e9l\u00e9brant le centenaire du compositeur argentin <strong>Astor Piazzola<\/strong>, sous la direction de <strong>Nicolas Ellis.\u00a0<\/strong><\/p>\n<p><a href=\"https:\/\/imusici.com\/saison-2020-2021\/feliz-cumpleanos-astor-piazzolla\/\" target=\"_blank\" rel=\"noopener\">D\u00c9TAILS ET BILLETS<\/a><\/p>\n<p><a href=\"https:\/\/www.ludwig-van.com\/montreal\/2021\/03\/11\/entretien-concert-100-ans-dastor-piazzolla\/\" target=\"_blank\" rel=\"noopener\">LIRE NOTRE ENTREVUE AVEC JONATHAN GOLDMAN<\/a><\/p>\n<p>&nbsp;<\/p>\n<p style=\"text-align: center;\"><img decoding=\"async\" loading=\"lazy\" class=\"aligncenter size-full wp-image-65688\" src=\"https:\/\/www.ludwig-van.com\/montreal\/wp-content\/uploads\/sites\/3\/2017\/09\/2820_couverture_Tapeo.jpg\" alt=\"\" width=\"1200\" height=\"1200\" srcset=\"https:\/\/www.ludwig-van.com\/montreal\/wp-content\/uploads\/sites\/3\/2017\/09\/2820_couverture_Tapeo.jpg 1200w, https:\/\/www.ludwig-van.com\/montreal\/wp-content\/uploads\/sites\/3\/2017\/09\/2820_couverture_Tapeo-300x300.jpg 300w, https:\/\/www.ludwig-van.com\/montreal\/wp-content\/uploads\/sites\/3\/2017\/09\/2820_couverture_Tapeo-1024x1024.jpg 1024w, https:\/\/www.ludwig-van.com\/montreal\/wp-content\/uploads\/sites\/3\/2017\/09\/2820_couverture_Tapeo-150x150.jpg 150w, https:\/\/www.ludwig-van.com\/montreal\/wp-content\/uploads\/sites\/3\/2017\/09\/2820_couverture_Tapeo-768x768.jpg 768w\" sizes=\"(max-width: 1200px) 100vw, 1200px\" \/><\/p>\n<h2>Tapeo en concert<\/h2>\n<p>Nous avons beaucoup entendu parler de <a href=\"https:\/\/www.ludwig-van.com\/montreal\/2021\/02\/02\/disques-quatre-disques-classiques-pour-bien-rechauffer-le-mois-de-fevrier\/\" target=\"_blank\" rel=\"noopener\">Tapeo<\/a>, leur beau disque paru chez ATMA Classique. <strong>Cameron Crozman<\/strong> (violoncelle) et <strong>Philip Chiu<\/strong> (piano) seront en concert cette semaine \u00e0 la salle Bourgie, pour pr\u00e9senter leur r\u00e9pertoire aux couleurs de l&rsquo;Espagne. Webdiffusion disponible du 21 mars au 1er avril. <a href=\"https:\/\/www.mbam.qc.ca\/fr\/activites\/crozman-et-chiu\/\" target=\"_blank\" rel=\"noopener\">D\u00c9TAILS ET BILLETS<\/a><\/p>\n<p>Pour plus de concerts, d\u00e9couvrez notre <a href=\"https:\/\/www.ludwig-van.com\/montreal\/events\" target=\"_blank\" rel=\"noopener\">calendrier d&rsquo;\u00e9v\u00e9nements.\u00a0<\/a><\/p>\n<h2><em>Inscrivez-vous \u00e0 notre infolettre! La musique classique et l&rsquo;op\u00e9ra en 5 minutes, chaque jour<\/em> \u00a0<span style=\"color: #ff0000;\"><a style=\"color: #ff0000;\" href=\"https:\/\/ludwig-van.us9.list-manage.com\/subscribe?u=4f785cb3f9058f2393ccad035&amp;id=b9b160c032\" target=\"_blank\" rel=\"noopener noreferrer\">ICI\u00a0<\/a><\/span><\/h2>\n<p>&nbsp;<\/p>\n","protected":false},"excerpt":{"rendered":"<p>En ce mois de mars concerts virtuels se multiplient comme les bourgeons sur le point d&rsquo;appara\u00eetre (on l&rsquo;esp\u00e8re, tr\u00e8s bient\u00f4t). En plus des concerts de la semaine derni\u00e8re, dont plusieurs sont encore en ligne, voici sept nouveaux concerts \u00e0 visionner et \u00e9couter, pour embellir vos journ\u00e9es avant l&rsquo;arriv\u00e9e officielle du printemps.<\/p>\n","protected":false},"author":51,"featured_media":66183,"comment_status":"open","ping_status":"open","sticky":false,"template":"","format":"standard","meta":{"om_disable_all_campaigns":false,"jetpack_post_was_ever_published":false},"categories":[1],"tags":[401,20645,2061,2542,16744,41949,6295,28803],"yst_prominent_words":[16403,37955,23196,26052,21676,35483,28051,15896,10652,11108,16734,11705,9909,23189,11079],"acf":[],"jetpack_featured_media_url":"https:\/\/www.ludwig-van.com\/montreal\/wp-content\/uploads\/sites\/3\/2021\/03\/Choix-15-mars-cover.jpg","jetpack_sharing_enabled":true,"jetpack_shortlink":"https:\/\/wp.me\/p9bdYt-hdo","amp_enabled":true,"_links":{"self":[{"href":"https:\/\/www.ludwig-van.com\/montreal\/wp-json\/wp\/v2\/posts\/66178"}],"collection":[{"href":"https:\/\/www.ludwig-van.com\/montreal\/wp-json\/wp\/v2\/posts"}],"about":[{"href":"https:\/\/www.ludwig-van.com\/montreal\/wp-json\/wp\/v2\/types\/post"}],"author":[{"embeddable":true,"href":"https:\/\/www.ludwig-van.com\/montreal\/wp-json\/wp\/v2\/users\/51"}],"replies":[{"embeddable":true,"href":"https:\/\/www.ludwig-van.com\/montreal\/wp-json\/wp\/v2\/comments?post=66178"}],"version-history":[{"count":4,"href":"https:\/\/www.ludwig-van.com\/montreal\/wp-json\/wp\/v2\/posts\/66178\/revisions"}],"predecessor-version":[{"id":66186,"href":"https:\/\/www.ludwig-van.com\/montreal\/wp-json\/wp\/v2\/posts\/66178\/revisions\/66186"}],"wp:featuredmedia":[{"embeddable":true,"href":"https:\/\/www.ludwig-van.com\/montreal\/wp-json\/wp\/v2\/media\/66183"}],"wp:attachment":[{"href":"https:\/\/www.ludwig-van.com\/montreal\/wp-json\/wp\/v2\/media?parent=66178"}],"wp:term":[{"taxonomy":"category","embeddable":true,"href":"https:\/\/www.ludwig-van.com\/montreal\/wp-json\/wp\/v2\/categories?post=66178"},{"taxonomy":"post_tag","embeddable":true,"href":"https:\/\/www.ludwig-van.com\/montreal\/wp-json\/wp\/v2\/tags?post=66178"},{"taxonomy":"yst_prominent_words","embeddable":true,"href":"https:\/\/www.ludwig-van.com\/montreal\/wp-json\/wp\/v2\/yst_prominent_words?post=66178"}],"curies":[{"name":"wp","href":"https:\/\/api.w.org\/{rel}","templated":true}]}}