{"id":65868,"date":"2021-02-16T11:32:12","date_gmt":"2021-02-16T16:32:12","guid":{"rendered":"https:\/\/www.ludwig-van.com\/montreal\/?p=65868"},"modified":"2021-02-17T14:15:39","modified_gmt":"2021-02-17T19:15:39","slug":"choix-de-redaction-musique-classique-avalanche-de-concerts-webdiffusion-cette-semaine","status":"publish","type":"post","link":"https:\/\/www.ludwig-van.com\/montreal\/2021\/02\/16\/choix-de-redaction-musique-classique-avalanche-de-concerts-webdiffusion-cette-semaine\/","title":{"rendered":"CHOIX DE LA R\u00c9DACTION | Musique classique: une avalanche de concerts en webdiffusion cette semaine"},"content":{"rendered":"<p style=\"text-align: center;\"><img decoding=\"async\" loading=\"lazy\" class=\"aligncenter size-full wp-image-65871\" src=\"https:\/\/www.ludwig-van.com\/montreal\/wp-content\/uploads\/sites\/3\/2021\/02\/Concerts-semaine-16-fev.jpg\" alt=\"\" width=\"1200\" height=\"628\" srcset=\"https:\/\/www.ludwig-van.com\/montreal\/wp-content\/uploads\/sites\/3\/2021\/02\/Concerts-semaine-16-fev.jpg 1200w, https:\/\/www.ludwig-van.com\/montreal\/wp-content\/uploads\/sites\/3\/2021\/02\/Concerts-semaine-16-fev-300x157.jpg 300w, https:\/\/www.ludwig-van.com\/montreal\/wp-content\/uploads\/sites\/3\/2021\/02\/Concerts-semaine-16-fev-1024x536.jpg 1024w, https:\/\/www.ludwig-van.com\/montreal\/wp-content\/uploads\/sites\/3\/2021\/02\/Concerts-semaine-16-fev-768x402.jpg 768w\" sizes=\"(max-width: 1200px) 100vw, 1200px\" \/><\/p>\n<p>Nos salles de concerts sont peut-\u00eatre toujours ferm\u00e9es au public, mais nos musiciens ne demeurent pas les bras crois\u00e9s pour autant! Les concerts de musique classique virtuels foisonnent en ce mois de f\u00e9vrier. Voici un aper\u00e7u de ce que l&rsquo;on peut voir et entendre cette semaine.<\/p>\n<p>&nbsp;<\/p>\n<p style=\"text-align: center;\"><img decoding=\"async\" loading=\"lazy\" class=\"aligncenter size-full wp-image-65823\" src=\"https:\/\/www.ludwig-van.com\/montreal\/wp-content\/uploads\/sites\/3\/2017\/09\/MNM.png\" alt=\"\" width=\"820\" height=\"360\" srcset=\"https:\/\/www.ludwig-van.com\/montreal\/wp-content\/uploads\/sites\/3\/2017\/09\/MNM.png 820w, https:\/\/www.ludwig-van.com\/montreal\/wp-content\/uploads\/sites\/3\/2017\/09\/MNM-300x132.png 300w, https:\/\/www.ludwig-van.com\/montreal\/wp-content\/uploads\/sites\/3\/2017\/09\/MNM-768x337.png 768w\" sizes=\"(max-width: 820px) 100vw, 820px\" \/><\/p>\n<h2>Musique contemporaine: le Festival Montr\u00e9al\/Nouvelles Musiques<\/h2>\n<p>La <a href=\"https:\/\/www.ludwig-van.com\/montreal\/directory\/smcq\/\" target=\"_blank\" rel=\"noopener noreferrer\">Soci\u00e9t\u00e9 de musique contemporaine du Qu\u00e9bec<\/a> a concoct\u00e9 une riche programmation pour son Festival Montr\u00e9al\/Nouvelles Musiques, qui se d\u00e9roulera <strong>du 18 au 28 f\u00e9vrier<\/strong> avec 11 concerts r\u00e9unissant plusieurs ensembles et qui permettront d&rsquo;entendre la musique des compositeurs d&rsquo;ici et d&rsquo;aujourd&rsquo;hui, incluant de nombreuses cr\u00e9ations. Et tout est gratuit! On vous en reparlera plus en d\u00e9tails cette semaine.<\/p>\n<p>Le coup d&rsquo;envoi sera donn\u00e9 mercredi par le Vancouver Inter-Cultural Orchestra, un ensemble qui r\u00e9unit des musiciens de nombreuses nationalit\u00e9s, pour le concert <a href=\"http:\/\/smcq.qc.ca\/smcq\/fr\/evenement\/43250\/Musique_sans_fronti%C3%A8res\" target=\"_blank\" rel=\"noopener noreferrer\">Musique sans fronti\u00e8res<\/a>. <strong>Mercredi 18 f\u00e9vrier, 19 h 30.<\/strong> \u00c9galement cette semaine: <a href=\"http:\/\/smcq.qc.ca\/smcq\/fr\/evenement\/43251\/Molinari_%C3%A0_la_carte\" target=\"_blank\" rel=\"noopener noreferrer\">Molinari \u00e0 la carte<\/a>, <strong>vendredi 19 f\u00e9vrier, 19 h 30, <\/strong><a href=\"http:\/\/smcq.qc.ca\/smcq\/fr\/evenement\/43252\/Ode_%C3%A0_L_Infonie\" target=\"_blank\" rel=\"noopener noreferrer\">Ode \u00e0 l&rsquo;Infonie<\/a><strong>, samedi 20 f\u00e9vrier, 19 h 30, <\/strong>et <a href=\"http:\/\/smcq.qc.ca\/smcq\/fr\/evenement\/43253\/Lachrim%C3%A6\" target=\"_blank\" rel=\"noopener noreferrer\">Lachrimae<\/a>, avec les Bor\u00e9ades et leurs invit\u00e9s,<strong> dimanche, 21 f\u00e9vrier, 19 h 30.\u00a0<\/strong><\/p>\n<p>&nbsp;<\/p>\n<p style=\"text-align: center;\"><img decoding=\"async\" loading=\"lazy\" class=\"aligncenter size-full wp-image-65486\" src=\"https:\/\/www.ludwig-van.com\/montreal\/wp-content\/uploads\/sites\/3\/2017\/09\/Fuego-Latino.png\" alt=\"\" width=\"1146\" height=\"1146\" srcset=\"https:\/\/www.ludwig-van.com\/montreal\/wp-content\/uploads\/sites\/3\/2017\/09\/Fuego-Latino.png 1146w, https:\/\/www.ludwig-van.com\/montreal\/wp-content\/uploads\/sites\/3\/2017\/09\/Fuego-Latino-300x300.png 300w, https:\/\/www.ludwig-van.com\/montreal\/wp-content\/uploads\/sites\/3\/2017\/09\/Fuego-Latino-1024x1024.png 1024w, https:\/\/www.ludwig-van.com\/montreal\/wp-content\/uploads\/sites\/3\/2017\/09\/Fuego-Latino-150x150.png 150w, https:\/\/www.ludwig-van.com\/montreal\/wp-content\/uploads\/sites\/3\/2017\/09\/Fuego-Latino-768x768.png 768w\" sizes=\"(max-width: 1146px) 100vw, 1146px\" \/><\/p>\n<h2>Guitare classique \u00e0 l&rsquo;OCM<\/h2>\n<p>L&rsquo;<a href=\"https:\/\/www.ludwig-van.com\/montreal\/directory\/orchestre-classique-de-montreal\/\" target=\"_blank\" rel=\"noopener noreferrer\">Orchestre classique de Montr\u00e9al<\/a> pr\u00e9sente le concert <em><strong>Fuego Latino<\/strong><\/em>, avec le guitariste Daniel Bolshoy, dans le c\u00e9l\u00e8bre <em>Concierto de Aranjuez<\/em>, de Rodrigo, entre autres. Le tout est capt\u00e9 de la salle Pierre-Mercure, sous la direction de Boris Brott. Un programme de 75 minutes qu&rsquo;on l&rsquo;on pourra savourer \u00e0 compter de ce soir, 16 f\u00e9vrier, et disponible en webdiffusion jusqu&rsquo;au 2 mars. <a href=\"https:\/\/orchestre.ca\/event\/fuego-latino\/?lang=fr\" target=\"_blank\" rel=\"noopener noreferrer\">PLUS DE D\u00c9TAILS SUR CE CONCERT.\u00a0<\/a><\/p>\n<p>&nbsp;<\/p>\n<figure id=\"attachment_64204\" aria-describedby=\"caption-attachment-64204\" style=\"width: 1024px\" class=\"wp-caption aligncenter\"><img decoding=\"async\" loading=\"lazy\" class=\"size-full wp-image-64204\" src=\"https:\/\/www.ludwig-van.com\/montreal\/wp-content\/uploads\/sites\/3\/2020\/03\/BOURGIE_JPG_BERNARD_FOUGERE-web-1024x828-1.jpg\" alt=\"\" width=\"1024\" height=\"828\" srcset=\"https:\/\/www.ludwig-van.com\/montreal\/wp-content\/uploads\/sites\/3\/2020\/03\/BOURGIE_JPG_BERNARD_FOUGERE-web-1024x828-1.jpg 1024w, https:\/\/www.ludwig-van.com\/montreal\/wp-content\/uploads\/sites\/3\/2020\/03\/BOURGIE_JPG_BERNARD_FOUGERE-web-1024x828-1-300x243.jpg 300w, https:\/\/www.ludwig-van.com\/montreal\/wp-content\/uploads\/sites\/3\/2020\/03\/BOURGIE_JPG_BERNARD_FOUGERE-web-1024x828-1-768x621.jpg 768w\" sizes=\"(max-width: 1024px) 100vw, 1024px\" \/><figcaption id=\"caption-attachment-64204\" class=\"wp-caption-text\">La salle Bourgie. (Photo: Bernard Foug\u00e8re)<\/figcaption><\/figure>\n<h2>Salle Bourgie: chant, musique turque et ondes Martenot<\/h2>\n<p>La programmation de la salle Bourgie est on ne peut plus diversifi\u00e9e cette semaine, avec plusieurs r\u00e9citals. On peut encore entendre celui de <a href=\"https:\/\/www.mbam.qc.ca\/fr\/activites\/karina-gauvin-et-clavecin-en-concert-1\/\" target=\"_blank\" rel=\"noopener noreferrer\">Karina Gauvin avec Clavecin en concert<\/a> jusqu&rsquo;\u00e0 demain soir, tandis que le concert <a href=\"https:\/\/www.mbam.qc.ca\/fr\/activites\/levantine-rhapsody-1\/\" target=\"_blank\" rel=\"noopener noreferrer\">Levantine Rhapsody<\/a>, avec la musicienne montr\u00e9alaise d&rsquo;origine turque Didem Basar demeure en ligne jusqu&rsquo;au 19.<\/p>\n<p>\u00c0 compter du 18, les solistes de l&rsquo;Orchestre M\u00e9tropolitain avec Blake Pouliot et St\u00e9phane T\u00e9treault pr\u00e9senteront <a href=\"https:\/\/www.mbam.qc.ca\/fr\/activites\/stephane-tetreault-musiciens-1\/\" target=\"_blank\" rel=\"noopener noreferrer\">Schubert et Borodine en t\u00eate \u00e0 t\u00eate<\/a>, une webdiffusion qui demeurera disponible pour deux semaines.<\/p>\n<p>Samedi, l&rsquo;ondiste Estelle Lemire racontera <a href=\"https:\/\/www.mbam.qc.ca\/fr\/activites\/ondes-martenot-la-petite-histoire-dune-1\/\" target=\"_blank\" rel=\"noopener noreferrer\">l&rsquo;histoire des ondes Martenot<\/a>, avec d\u00e9monstration \u00e0 l&rsquo;appui, bien s\u00fbr. Un concert conf\u00e9rence disponible pour deux semaines \u00e9galement, \u00e0 compter du 20 f\u00e9vrier.<\/p>\n<p>&nbsp;<\/p>\n<figure id=\"attachment_62360\" aria-describedby=\"caption-attachment-62360\" style=\"width: 1200px\" class=\"wp-caption aligncenter\"><img decoding=\"async\" loading=\"lazy\" class=\"size-full wp-image-62360\" src=\"https:\/\/www.ludwig-van.com\/montreal\/wp-content\/uploads\/sites\/3\/2017\/09\/redim_Alain_trudel_credits_Andr\u00e9_Chevrier.jpg\" alt=\"Alain Trudel (Photo : Alain Chevrier)\" width=\"1200\" height=\"900\" srcset=\"https:\/\/www.ludwig-van.com\/montreal\/wp-content\/uploads\/sites\/3\/2017\/09\/redim_Alain_trudel_credits_Andr\u00e9_Chevrier.jpg 1200w, https:\/\/www.ludwig-van.com\/montreal\/wp-content\/uploads\/sites\/3\/2017\/09\/redim_Alain_trudel_credits_Andr\u00e9_Chevrier-300x225.jpg 300w, https:\/\/www.ludwig-van.com\/montreal\/wp-content\/uploads\/sites\/3\/2017\/09\/redim_Alain_trudel_credits_Andr\u00e9_Chevrier-768x576.jpg 768w, https:\/\/www.ludwig-van.com\/montreal\/wp-content\/uploads\/sites\/3\/2017\/09\/redim_Alain_trudel_credits_Andr\u00e9_Chevrier-1024x768.jpg 1024w\" sizes=\"(max-width: 1200px) 100vw, 1200px\" \/><figcaption id=\"caption-attachment-62360\" class=\"wp-caption-text\">Alain Trudel (Photo : Alain Chevrier)<\/figcaption><\/figure>\n<h2>Deux films symphoniques pour l&rsquo;OSL<\/h2>\n<p>Cette semaine, on peut visionner non pas un, mais bien deux films symphoniques de l&rsquo;<a href=\"https:\/\/www.ludwig-van.com\/montreal\/directory\/orchestre-symphonique-de-laval\/\" target=\"_blank\" rel=\"noopener noreferrer\">Orchestre symphonique de Laval<\/a>, soit <a href=\"https:\/\/www.osl.ca\/classiques-osl\" target=\"_blank\" rel=\"noopener noreferrer\">Classiques \u00e0 la demande<\/a> (disponible jusqu&rsquo;au 23 f\u00e9vrier) et <a href=\"https:\/\/www.osl.ca\/baroque-osl\" target=\"_blank\" rel=\"noopener noreferrer\">Grands classiques<\/a>, disponible du 17 f\u00e9vrier au 2 mars. L&#8217;embarras du choix, dites-vous?<\/p>\n<p>&nbsp;<\/p>\n<p style=\"text-align: center;\"><img decoding=\"async\" loading=\"lazy\" class=\"aligncenter size-full wp-image-65711\" src=\"https:\/\/www.ludwig-van.com\/montreal\/wp-content\/uploads\/sites\/3\/2021\/02\/David-Jacques-I-Musici.jpg\" alt=\"\" width=\"724\" height=\"452\" srcset=\"https:\/\/www.ludwig-van.com\/montreal\/wp-content\/uploads\/sites\/3\/2021\/02\/David-Jacques-I-Musici.jpg 724w, https:\/\/www.ludwig-van.com\/montreal\/wp-content\/uploads\/sites\/3\/2021\/02\/David-Jacques-I-Musici-300x187.jpg 300w\" sizes=\"(max-width: 724px) 100vw, 724px\" \/><\/p>\n<h2>I Musici: Histoires de guitares<\/h2>\n<p>Les concerts de guitare avec orchestre sont plut\u00f4t rare \u00e0 Montr\u00e9al, et pourtant, le hasard a voulu que deux de nos ensembles pr\u00e9sentent, la m\u00eame semaine, un guitariste! Chez <a href=\"https:\/\/www.ludwig-van.com\/montreal\/directory\/i-musici-de-montreal\/\" target=\"_blank\" rel=\"noopener noreferrer\">I Musici<\/a>, on re\u00e7oit David Jacques, qui propose un tour d&rsquo;horizon de sa collection d&rsquo;instruments, avec un r\u00e9pertoire choisi pour chacun d&rsquo;entre eux. <a href=\"https:\/\/imusici.com\/saison-2020-2021\/histoires-de-guitares\/\" target=\"_blank\" rel=\"noopener noreferrer\">Histoires de guitares<\/a>, un concert qui sera en ligne du 18 au 20 f\u00e9vrier seulement!<\/p>\n<p>&nbsp;<\/p>\n<figure id=\"attachment_47161\" aria-describedby=\"caption-attachment-47161\" style=\"width: 1024px\" class=\"wp-caption aligncenter\"><img decoding=\"async\" loading=\"lazy\" class=\"size-full wp-image-47161\" src=\"https:\/\/www.ludwig-van.com\/montreal\/wp-content\/uploads\/sites\/3\/2017\/09\/ChapelleHistoriqueduBP.jpg\" alt=\"La Chapelle historique du Bon-Pasteur, salle incontournable pour la musique de chambre \u00e0 Montr\u00e9al. (Photo: courtoisie de la Chapelle)\" width=\"1024\" height=\"768\" srcset=\"https:\/\/www.ludwig-van.com\/montreal\/wp-content\/uploads\/sites\/3\/2017\/09\/ChapelleHistoriqueduBP.jpg 1024w, https:\/\/www.ludwig-van.com\/montreal\/wp-content\/uploads\/sites\/3\/2017\/09\/ChapelleHistoriqueduBP-300x225.jpg 300w, https:\/\/www.ludwig-van.com\/montreal\/wp-content\/uploads\/sites\/3\/2017\/09\/ChapelleHistoriqueduBP-768x576.jpg 768w\" sizes=\"(max-width: 1024px) 100vw, 1024px\" \/><figcaption id=\"caption-attachment-47161\" class=\"wp-caption-text\">La Chapelle historique du Bon-Pasteur, salle incontournable pour la musique de chambre \u00e0 Montr\u00e9al. (Photo: courtoisie de la Chapelle)<\/figcaption><\/figure>\n<h2>Chapelle historique: r\u00e9citals en direct sur Facebook<\/h2>\n<p>La Chapelle historique du Bon-Pasteur pr\u00e9sente ses r\u00e9citals en direct sur Facebook cet hiver, mais ils sont aussi disponibles en diff\u00e9r\u00e9 par la suite, <a href=\"https:\/\/vimeo.com\/chapellebonpasteur?utm_campaign=2470763&amp;utm_source=affiliate&amp;utm_channel=affiliate&amp;cjevent=4328298a706f11eb820e03690a240611&amp;clickid=4328298a706f11eb820e03690a240611\" target=\"_blank\" rel=\"noopener noreferrer\">sur Vimeo<\/a>. On peut donc encore visionner et \u00e9couter les 6 premiers concerts de la saison hivernale sur cette plateforme, en tout temps, et gratuitement. Nous vous <a href=\"https:\/\/www.ludwig-van.com\/montreal\/2021\/02\/03\/nouvelle-chapelle-historique-du-bon-pasteur-27-concerts-virtuels-gratuits-jusquen-mai\/\" target=\"_blank\" rel=\"noopener noreferrer\">en avons parl\u00e9 plus en d\u00e9tails<\/a> il y a quelques semaine. Cette semaine, on pourra entendre en direct:<\/p>\n<p><a href=\"https:\/\/www.facebook.com\/events\/163798232113319\" target=\"_blank\" rel=\"noopener noreferrer\">Le Silence du temps<\/a> (Trio \u00c9m\u00e9rillon avec St\u00e9phane T\u00e9trault): jeudi 18 f\u00e9vrier, 19 h 30.<\/p>\n<p><a href=\"https:\/\/www.facebook.com\/events\/899372367475003\" target=\"_blank\" rel=\"noopener noreferrer\">Chant des trois cours<\/a> : vendredi 19 f\u00e9vrier, 19 h 30<\/p>\n<p>&nbsp;<\/p>\n<figure id=\"attachment_47117\" aria-describedby=\"caption-attachment-47117\" style=\"width: 1024px\" class=\"wp-caption aligncenter\"><img decoding=\"async\" loading=\"lazy\" class=\"size-full wp-image-47117\" src=\"https:\/\/www.ludwig-van.com\/montreal\/wp-content\/uploads\/sites\/3\/2017\/09\/Orgue.jpg\" alt=\"Le Grand orgue Pierre-B\u00e9ique de la Maison symphonique. (Photo\" width=\"1024\" height=\"576\" srcset=\"https:\/\/www.ludwig-van.com\/montreal\/wp-content\/uploads\/sites\/3\/2017\/09\/Orgue.jpg 1024w, https:\/\/www.ludwig-van.com\/montreal\/wp-content\/uploads\/sites\/3\/2017\/09\/Orgue-300x169.jpg 300w, https:\/\/www.ludwig-van.com\/montreal\/wp-content\/uploads\/sites\/3\/2017\/09\/Orgue-768x432.jpg 768w\" sizes=\"(max-width: 1024px) 100vw, 1024px\" \/><figcaption id=\"caption-attachment-47117\" class=\"wp-caption-text\">Le Grand orgue Pierre-B\u00e9ique de la Maison symphonique. (Photo: courtoisie de l&rsquo;OSM)<\/figcaption><\/figure>\n<h2>OSM: deux chefs, deux concerts<\/h2>\n<p>Si vous n&rsquo;avez pas encore vu et entendu la <a href=\"https:\/\/www.osm.ca\/fr\/concerts\/la-magistrale-symphonie-no-7-de-dvorak-dirigee-par-rafael-payare\/\" target=\"_blank\" rel=\"noopener noreferrer\">Symphonie no 7 de Dvorak sous la direction de Rafa\u00ebl Payare<\/a>, c&rsquo;est votre derni\u00e8re chance aujourd&rsquo;hui! D&rsquo;autre part, le concert <a href=\"https:\/\/www.osm.ca\/fr\/concerts\/amours-symphoniques-de-tchaikovski-a-bernstein\/\" target=\"_blank\" rel=\"noopener noreferrer\">Amours symphoniques<\/a>, sous la direction d&rsquo;Alexander Shelley, est disponible jusqu&rsquo;au 23 avec un programme Tcha\u00efkovski-Bernstein-Wagner.<\/p>\n<p>&nbsp;<\/p>\n<figure id=\"attachment_48759\" aria-describedby=\"caption-attachment-48759\" style=\"width: 1024px\" class=\"wp-caption aligncenter\"><img decoding=\"async\" loading=\"lazy\" class=\"size-full wp-image-48759\" src=\"https:\/\/www.ludwig-van.com\/montreal\/wp-content\/uploads\/sites\/3\/2017\/10\/Stephane_Tetreault_credit_Luc_Robitaille_web.jpg\" alt=\"St\u00e9phane T\u00e9treault, violoncelliste. (Cr\u00e9dit: Luc Robitaille)\" width=\"1024\" height=\"769\" srcset=\"https:\/\/www.ludwig-van.com\/montreal\/wp-content\/uploads\/sites\/3\/2017\/10\/Stephane_Tetreault_credit_Luc_Robitaille_web.jpg 1024w, https:\/\/www.ludwig-van.com\/montreal\/wp-content\/uploads\/sites\/3\/2017\/10\/Stephane_Tetreault_credit_Luc_Robitaille_web-300x225.jpg 300w, https:\/\/www.ludwig-van.com\/montreal\/wp-content\/uploads\/sites\/3\/2017\/10\/Stephane_Tetreault_credit_Luc_Robitaille_web-768x577.jpg 768w\" sizes=\"(max-width: 1024px) 100vw, 1024px\" \/><figcaption id=\"caption-attachment-48759\" class=\"wp-caption-text\">St\u00e9phane T\u00e9treault, violoncelliste. (Cr\u00e9dit: Luc Robitaille)<\/figcaption><\/figure>\n<h2>St\u00e9phane T\u00e9treault chez Pro Musica<\/h2>\n<p>Un r\u00e9cital de notre prolifique violoncelliste (qui se retrouve dans pas moins de trois concerts, cette semaine) en compagnie de la pianiste Lysandre M\u00e9nard. Au programme: de Robert Schumann, la <em>Fantasiest\u00fccke <\/em>pour violoncelle et piano, op. 73, et de Fr\u00e9d\u00e9ric Chopin, la Sonate pour violoncelle et piano en sol mineur, op. 65.<a href=\"https:\/\/promusica.qc.ca\/cartes-blanches\/\" target=\"_blank\" rel=\"noopener noreferrer\"> PLUS DE D\u00c9TAILS SUR CE CONCERT.\u00a0<\/a><\/p>\n<p>&nbsp;<\/p>\n<p style=\"text-align: center;\"><img decoding=\"async\" loading=\"lazy\" class=\"aligncenter size-full wp-image-65714\" src=\"https:\/\/www.ludwig-van.com\/montreal\/wp-content\/uploads\/sites\/3\/2021\/02\/Julien-B\u00e9langer.jpg\" alt=\"\" width=\"2048\" height=\"943\" srcset=\"https:\/\/www.ludwig-van.com\/montreal\/wp-content\/uploads\/sites\/3\/2021\/02\/Julien-B\u00e9langer.jpg 2048w, https:\/\/www.ludwig-van.com\/montreal\/wp-content\/uploads\/sites\/3\/2021\/02\/Julien-B\u00e9langer-300x138.jpg 300w, https:\/\/www.ludwig-van.com\/montreal\/wp-content\/uploads\/sites\/3\/2021\/02\/Julien-B\u00e9langer-1024x472.jpg 1024w, https:\/\/www.ludwig-van.com\/montreal\/wp-content\/uploads\/sites\/3\/2021\/02\/Julien-B\u00e9langer-768x354.jpg 768w, https:\/\/www.ludwig-van.com\/montreal\/wp-content\/uploads\/sites\/3\/2021\/02\/Julien-B\u00e9langer-1536x707.jpg 1536w\" sizes=\"(max-width: 2048px) 100vw, 2048px\" \/><\/p>\n<h2>Les Petits Violons: Julien B\u00e9langer \u00e0 l&rsquo;honneur<\/h2>\n<p>Les <strong>Petits Violons<\/strong> re\u00e7oivent Julien B\u00e9langer, timbales solos de l&rsquo;Orchestre M\u00e9tropolitain, pour un concert diffus\u00e9 <a href=\"https:\/\/www.facebook.com\/events\/972131579982235\/\" target=\"_blank\" rel=\"noopener noreferrer\">en direct sur Facebook<\/a> ce dimanche, 16 h. Ils interpr\u00e9teront, entre autres,un extrait du Concerto pour Marimba et orchestre \u00e0 cordes du compositeur et percussionniste Fran\u00e7ais, Emmanuel S\u00e9journ\u00e9.<\/p>\n<p>Cette liste n&rsquo;est certainement pas exhaustive, mais nous esp\u00e9rons qu&rsquo;elle saura vous occuper!<\/p>\n<p>Bonne semaine \u00e0 tous nos lecteurs m\u00e9lomanes.<\/p>\n<p>&nbsp;<\/p>\n<h2><em>Inscrivez-vous \u00e0 notre infolettre! La musique classique et l&rsquo;op\u00e9ra en 5 minutes, chaque jour<\/em> \u00a0<span style=\"color: #ff0000;\"><a style=\"color: #ff0000;\" href=\"https:\/\/ludwig-van.us9.list-manage.com\/subscribe?u=4f785cb3f9058f2393ccad035&amp;id=b9b160c032\" target=\"_blank\" rel=\"noopener noreferrer\">ICI\u00a0<\/a><\/span><\/h2>\n<p>&nbsp;<\/p>\n","protected":false},"excerpt":{"rendered":"<p>Nos salles de concerts sont peut-\u00eatre toujours ferm\u00e9es au public, mais nos musiciens ne demeurent pas les bras crois\u00e9s pour autant! Les concerts en webdiffusion foisonnent en ce mois de f\u00e9vrier. Voici un aper\u00e7u de ce que l&rsquo;on peut voir et entendre cette semaine.<\/p>\n","protected":false},"author":51,"featured_media":65871,"comment_status":"open","ping_status":"open","sticky":false,"template":"","format":"standard","meta":{"om_disable_all_campaigns":false,"jetpack_post_was_ever_published":false},"categories":[41122,10994,19],"tags":[],"yst_prominent_words":[41581,41580,41582,41588,41586,41584,9878,9863,9792,23794,41579,11031,16849,16844,16842,9877,41578,41587,41585,41583],"acf":[],"jetpack_featured_media_url":"https:\/\/www.ludwig-van.com\/montreal\/wp-content\/uploads\/sites\/3\/2021\/02\/Concerts-semaine-16-fev.jpg","jetpack_sharing_enabled":true,"jetpack_shortlink":"https:\/\/wp.me\/p9bdYt-h8o","amp_enabled":true,"_links":{"self":[{"href":"https:\/\/www.ludwig-van.com\/montreal\/wp-json\/wp\/v2\/posts\/65868"}],"collection":[{"href":"https:\/\/www.ludwig-van.com\/montreal\/wp-json\/wp\/v2\/posts"}],"about":[{"href":"https:\/\/www.ludwig-van.com\/montreal\/wp-json\/wp\/v2\/types\/post"}],"author":[{"embeddable":true,"href":"https:\/\/www.ludwig-van.com\/montreal\/wp-json\/wp\/v2\/users\/51"}],"replies":[{"embeddable":true,"href":"https:\/\/www.ludwig-van.com\/montreal\/wp-json\/wp\/v2\/comments?post=65868"}],"version-history":[{"count":7,"href":"https:\/\/www.ludwig-van.com\/montreal\/wp-json\/wp\/v2\/posts\/65868\/revisions"}],"predecessor-version":[{"id":65876,"href":"https:\/\/www.ludwig-van.com\/montreal\/wp-json\/wp\/v2\/posts\/65868\/revisions\/65876"}],"wp:featuredmedia":[{"embeddable":true,"href":"https:\/\/www.ludwig-van.com\/montreal\/wp-json\/wp\/v2\/media\/65871"}],"wp:attachment":[{"href":"https:\/\/www.ludwig-van.com\/montreal\/wp-json\/wp\/v2\/media?parent=65868"}],"wp:term":[{"taxonomy":"category","embeddable":true,"href":"https:\/\/www.ludwig-van.com\/montreal\/wp-json\/wp\/v2\/categories?post=65868"},{"taxonomy":"post_tag","embeddable":true,"href":"https:\/\/www.ludwig-van.com\/montreal\/wp-json\/wp\/v2\/tags?post=65868"},{"taxonomy":"yst_prominent_words","embeddable":true,"href":"https:\/\/www.ludwig-van.com\/montreal\/wp-json\/wp\/v2\/yst_prominent_words?post=65868"}],"curies":[{"name":"wp","href":"https:\/\/api.w.org\/{rel}","templated":true}]}}