{"id":65725,"date":"2021-02-03T14:56:47","date_gmt":"2021-02-03T19:56:47","guid":{"rendered":"https:\/\/www.ludwig-van.com\/montreal\/?p=65725"},"modified":"2021-02-25T07:48:52","modified_gmt":"2021-02-25T12:48:52","slug":"nouvelle-chapelle-historique-du-bon-pasteur-27-concerts-virtuels-gratuits-jusquen-mai","status":"publish","type":"post","link":"https:\/\/www.ludwig-van.com\/montreal\/2021\/02\/03\/nouvelle-chapelle-historique-du-bon-pasteur-27-concerts-virtuels-gratuits-jusquen-mai\/","title":{"rendered":"NOUVELLE | Chapelle historique du Bon-Pasteur: 27 concerts virtuels gratuits jusqu&rsquo;en mai!"},"content":{"rendered":"<p style=\"text-align: center;\"><img decoding=\"async\" loading=\"lazy\" class=\"aligncenter size-full wp-image-65727\" src=\"https:\/\/www.ludwig-van.com\/montreal\/wp-content\/uploads\/sites\/3\/2021\/02\/Chapelle-historique.jpg\" alt=\"\" width=\"1200\" height=\"628\" srcset=\"https:\/\/www.ludwig-van.com\/montreal\/wp-content\/uploads\/sites\/3\/2021\/02\/Chapelle-historique.jpg 1200w, https:\/\/www.ludwig-van.com\/montreal\/wp-content\/uploads\/sites\/3\/2021\/02\/Chapelle-historique-300x157.jpg 300w, https:\/\/www.ludwig-van.com\/montreal\/wp-content\/uploads\/sites\/3\/2021\/02\/Chapelle-historique-1024x536.jpg 1024w, https:\/\/www.ludwig-van.com\/montreal\/wp-content\/uploads\/sites\/3\/2021\/02\/Chapelle-historique-768x402.jpg 768w\" sizes=\"(max-width: 1200px) 100vw, 1200px\" \/><\/p>\n<p>&nbsp;<\/p>\n<p>C&rsquo;est une nouvelle qu&rsquo;il fait plaisir de propager: depuis le d\u00e9but de la pand\u00e9mie, la Chapelle historique du Bon-Pasteur diffuse ses concerts en mode virtuel gratuitement. D&rsquo;ici la fin du mois de mai, 27 d&rsquo;entre eux seront pr\u00e9sent\u00e9s au public, non seulement en direct<a href=\"https:\/\/www.facebook.com\/Concertsbonpasteur\" target=\"_blank\" rel=\"noopener noreferrer\"> via Facebook<\/a>, mais aussi en diff\u00e9r\u00e9 <a href=\"https:\/\/vimeo.com\/chapellebonpasteur\" target=\"_blank\" rel=\"noopener noreferrer\">sur Vimeo<\/a>.<\/p>\n<p>\u00ab\u00a0D\u00e8s le d\u00e9but de la pand\u00e9mie, je me suis dit qu\u2019il \u00e9tait important que la chapelle reste ouverte et disponible pour le milieu musical, dit Simon Blanchet, agent culturel et directeur de la programmation de la Chapelle. J&rsquo;ai envoy\u00e9 un message aux musiciens pour leur dire que la Chapelle \u00e9tait disponible pour r\u00e9pondre \u00e0 leurs besoins. Nous avons \u00e9t\u00e9 tr\u00e8s occup\u00e9s depuis, car plusieurs d&rsquo;entre eux sont venus enregistrer des projets, ou r\u00e9p\u00e9ter. Nous avons mis nos \u00e9quipements \u00e0 leur disposition.\u00a0\u00bb<\/p>\n<p>L&rsquo;automne dernier, alors que les salles ont pu rouvrir bri\u00e8vement, la Chapelle se pr\u00e9parait \u00e0 accueillir de nouveau des spectateurs en mode distanci\u00e9. Mais ce retour \u00e0 un semblant de normale fut de courte dur\u00e9e. \u00c0 peine les m\u00e9lomanes avaient-ils eu le temps d&rsquo;assister \u00e0 deux ou trois concerts dans les diverses salles montr\u00e9alaise, que d\u00e9j\u00e0, la COVID-19 reprenait le dessus sur notre vie sociale, portant de nouveau un coup dur au spectacle vivant. &lt;<\/p>\n<p>\u00ab\u00a0Nous avons donc d\u00e9cid\u00e9 de diffuser nos concerts sur le web, via Facebook, ajoute Simon Blanchet. On le fait tr\u00e8s simplement, avec les \u00e9quipements que l&rsquo;on avait d\u00e9j\u00e0. Ce n&rsquo;est pas parfait, je suis conscient que l&rsquo;on voit de magnifiques diffusions qui se font ailleurs, par exemple \u00e0 l&rsquo;OSM, et nous n&rsquo;avons pas cette perfection technique, mais la sonorit\u00e9 est excellente, car la qualit\u00e9 sonore de la Chapelle est superbe. Notre motivation premi\u00e8re a \u00e9t\u00e9 de soutenir les musiciens, qui vivent des moments difficiles. C&rsquo;est aussi une responsabilit\u00e9 envers les citoyens, car c&rsquo;est un service qui leur est offert. On s&rsquo;est dit qu&rsquo;il ne fallait pas annuler les concerts, que notre responsabilit\u00e9 \u00e9tait encore plus grande qu&rsquo;auparavant. En temps normal, nos concerts sont pr\u00e9sent\u00e9s gratuitement, et c&rsquo;est aussi le cas sur le web. Nous avons aussi continu\u00e9 \u00e0 verser les cachets aux musiciens, la Ville de Montr\u00e9al a \u00e9t\u00e9 exemplaire sur ce plan.\u00a0\u00bb<\/p>\n<p>Comme nous tous, Simon Blanchet a tr\u00e8s h\u00e2te \u00e0 un retour \u00e0 la normale.<\/p>\n<p>\u00ab\u00a0Je suis un ardent d\u00e9fenseur des arts vivants et je vais continuer \u00e0 l&rsquo;\u00eatre, mais nous restons au rendez-vous et c&rsquo;est appr\u00e9ci\u00e9 de notre public. Les gens \u00e9crivent des commentaires et le fait d&rsquo;\u00eatre en direct ajoute un peu d&rsquo;adr\u00e9naline pour les artistes.\u00a0\u00bb<\/p>\n<p>Avant No\u00ebl, les diffusions se faisaient seulement <a href=\"https:\/\/www.facebook.com\/Concertsbonpasteur\" target=\"_blank\" rel=\"noopener noreferrer\">en direct sur Facebook<\/a>. La nouveaut\u00e9 de cet hiver est qu&rsquo;il est maintenant possible de revoir les concerts d\u00e9j\u00e0 enregistr\u00e9s, en diff\u00e9r\u00e9, <a href=\"https:\/\/vimeo.com\/chapellebonpasteur\" target=\"_blank\" rel=\"noopener noreferrer\">sur Vimeo<\/a>.<\/p>\n<p>&nbsp;<\/p>\n<figure id=\"attachment_47161\" aria-describedby=\"caption-attachment-47161\" style=\"width: 1024px\" class=\"wp-caption aligncenter\"><img decoding=\"async\" loading=\"lazy\" class=\"size-full wp-image-47161\" src=\"https:\/\/www.ludwig-van.com\/montreal\/wp-content\/uploads\/sites\/3\/2017\/09\/ChapelleHistoriqueduBP.jpg\" alt=\"La Chapelle historique du Bon-Pasteur, salle incontournable pour la musique de chambre \u00e0 Montr\u00e9al. (Photo: courtoisie de la Chapelle)\" width=\"1024\" height=\"768\" srcset=\"https:\/\/www.ludwig-van.com\/montreal\/wp-content\/uploads\/sites\/3\/2017\/09\/ChapelleHistoriqueduBP.jpg 1024w, https:\/\/www.ludwig-van.com\/montreal\/wp-content\/uploads\/sites\/3\/2017\/09\/ChapelleHistoriqueduBP-300x225.jpg 300w, https:\/\/www.ludwig-van.com\/montreal\/wp-content\/uploads\/sites\/3\/2017\/09\/ChapelleHistoriqueduBP-768x576.jpg 768w\" sizes=\"(max-width: 1024px) 100vw, 1024px\" \/><figcaption id=\"caption-attachment-47161\" class=\"wp-caption-text\">La Chapelle historique du Bon-Pasteur, salle incontournable pour la musique de chambre \u00e0 Montr\u00e9al. (Photo: courtoisie de la Chapelle)<\/figcaption><\/figure>\n<h2><\/h2>\n<h2>Programmation de la Chapelle historique du Bon-Pasteur, hiver et printemps 2021<\/h2>\n<p><strong>Dimanche 31 janvier \u00e0 15 h<\/strong><br \/>\nISOMETRIK<br \/>\nElvira Misbakhova, alto<br \/>\nAndr\u00e9 Moisan, clarinette<br \/>\nJean Saulnier, piano<br \/>\n\u0152uvres d\u2019Airat Ichmouratov, Maurizio Kagel, Alfred Uhl et Mozart.<\/p>\n<p><strong>Jeudi 4 f\u00e9vrier \u00e0 19 h 30<\/strong><br \/>\nJonathan Crow, violon<br \/>\nPhilip Chiu, piano<br \/>\nSonates pour violon et piano nos 2, 3 et 10 de Ludwig van Beethoven.<\/p>\n<p><strong>Jeudi 11 f\u00e9vrier \u00e0 19 h 30<\/strong><br \/>\nTRIO VIOLON, COR ET PIANO<br \/>\nAxel Strauss, violon<br \/>\nLouis-Philippe Marsolais, cor<br \/>\nBrigitte Poulin, piano<br \/>\n\u0152uvres Ligeti en hommage \u00e0 Brahms.<\/p>\n<p><strong>Dimanche 14 f\u00e9vrier \u00e0 15 h<\/strong><br \/>\nL\u2019AMOUR DANS TOUS SES \u00c9TATS<br \/>\nElizabeth Polese, soprano<br \/>\nAriane Girard, mezzo-soprano<br \/>\nJulien LeBlanc, piano<br \/>\n\u0152uvres de Schumann, Chausson, Reger et \u00c9mile Paladilhe.<\/p>\n<p><strong>Jeudi 18 f\u00e9vrier \u00e0 19 h 30<\/strong><br \/>\nLE SILENCE DU TEMPS<br \/>\nTrio \u00c9merillon et invit\u00e9 St\u00e9phane T\u00e9treault<br \/>\nCharlotte Layec, clarinette<br \/>\nElizabeth Skinner, violon<br \/>\nOlivier H\u00e9bert-Bouchard, piano<br \/>\nSt\u00e9phane T\u00e9treault, violoncelle<br \/>\nOlivier Messiaen : Quatuor pour la fin du Temps<br \/>\nQuentin Lauvray : Cr\u00e9ation<\/p>\n<p><strong>Vendredi 19 f\u00e9vrier \u00e0 19 h 30<\/strong><br \/>\nCHANT DES TROIS COURS<br \/>\nLamia Yared ,Chant et direction artistique<br \/>\nReza Abaee, Ghaychak<br \/>\nDidem Ba\u015far, Kanun et co-direction artistique<br \/>\nNo\u00e9my Braun, Violoncelle<br \/>\nAbboud Kayyali, Oud<br \/>\nJoel Kerr, Contrebasse<br \/>\nJoseph Khoury, Riqq et bendir<\/p>\n<p><strong>Dimanche 21 f\u00e9vrier \u00e0 15 h<\/strong><br \/>\nF\u00e9lix Marquis, piano<br \/>\n\u0152uvres de Berg, Brahms, Chopin, Rachmaninov et Scriabine.<\/p>\n<p><strong>Jeudi 25 f\u00e9vrier \u00e0 19 h 30<\/strong><br \/>\nSamuel Blanchette-Gagnon, piano<br \/>\n\u0152uvres de J. S. Bach, Schumann, Debussy et Chopin.<\/p>\n<p><strong>Dimanche 28 f\u00e9vrier \u00e0 15 h<\/strong><br \/>\nMOZART : LES QUATUORS POUR FL\u00dbTES ET CORDES<br \/>\nAriane Brisson, fl\u00fbte<br \/>\nPascale Gigu\u00e8re, violon<br \/>\nIsaac Chalk, alto<br \/>\nRapha\u00ebl Dub\u00e9, violoncelle<\/p>\n<p><strong>Jeudi 4 mars \u00e0 19 h 30<\/strong><br \/>\nQUATUOR COBALT<br \/>\nGuillaume Villeneuve, violon<br \/>\nDiane Bayard, violon<br \/>\nBenjamin Rota, alto<br \/>\nFran\u00e7ois Leclerc, violoncelle<br \/>\n\u0152uvres de F\u00e9lix et Fanny Mendelssohn, Puccini et Francis Saint-Germain.<\/p>\n<p><strong>Dimanche 7 mars \u00e0 15 h<\/strong><br \/>\nTRIOS DE SCHUBERT<br \/>\nAntoine Bareil, violon<br \/>\nSt\u00e9phane T\u00e9treault, violoncelle<br \/>\nMathieu Gaudet, piano<br \/>\nFranz Schubert, Trios no 1 et 2.<\/p>\n<p><strong>Dimanche 14 mars \u00e0 15 h<\/strong><br \/>\nPERFECTION POLYPHONIQUE<br \/>\nStudio de musique ancienne de Montr\u00e9al<br \/>\nCh\u0153ur a cappella sous la direction d\u2019Andrew McAnerney<br \/>\nMarie Magistry, Stephanie Manias, Jos\u00e9e Lalonde, William Duffy, Nils Brown, Michiel Shrey, Clayton Kennedy,Normand Richard<br \/>\n\u0152uvres de la Renaissance de Josquin des Pr\u00e9s, Pierre de Manchicourt, Palestrina, Antonio Lotti et Jacobus Handl-Gallus.<\/p>\n<p><strong>Jeudi 25 mars \u00e0 19 h 30<\/strong><br \/>\nPhilip Chiu, piano<br \/>\n\u0152uvres de Ravel, John Burge et Debussy.<\/p>\n<p><strong>Dimanche 28 mars \u00e0 15 h<\/strong><br \/>\nPhilippe Prud\u2019homme, piano<br \/>\n\u0152uvres de Schumann et Scriabine.<\/p>\n<p><strong>Jeudi 1er avril \u00e0 15 h<\/strong><br \/>\nTRIO \u00c0 CORDES AVEC PIANO<br \/>\nLaurence Kayaleh, violon<br \/>\nElizabeth Dolin, violoncelle<br \/>\nMeagan Milatz, piano<br \/>\n\u0152uvres de Schumann et Brahms.<\/p>\n<p><strong>Dimanche 11 avril \u00e0 15 h<\/strong><br \/>\nDUO THOUIN-ZEITOUNI<br \/>\nOlivier Thouin, violon<br \/>\nFran\u00e7ois Zeitouni, piano,<br \/>\nLes trois sonates pour piano et violon de Johannes Brahms.<\/p>\n<p><strong>Jeudi 15 avril \u00e0 19 h 30<\/strong><br \/>\nHEALING<br \/>\nRose Naggar-Tremblay, mezzo-soprano<br \/>\nJulien Leblanc, piano<br \/>\n\u00c9ric Champagne, composition<br \/>\nHealing est le fruit d\u2019une collaboration entre Rose Naggar-Tremblay et le compositeur \u00c9ric Champagne.<\/p>\n<p><strong>Vendredi 16 avril \u00e0 19 h 30<\/strong><br \/>\nBOA<br \/>\nDominique Beausejour Ostiguy, violoncelle, piano, voix, percussions<br \/>\nMarie-Pier Allard, piano, voix, synth\u00e9tiseur<br \/>\nMusique originale de BOA.<\/p>\n<p><strong>Dimanche 25 avril \u00e0 15 h<\/strong><br \/>\nAntoine Laporte, piano<br \/>\n\u0152uvres de Gabriel Piern\u00e9.<\/p>\n<p><strong>Jeudi 29 avril \u00e0 19 h 30<\/strong><br \/>\nJ. S. BACH : 6 SONATES POUR VIOLON ET CLAVECIN<br \/>\nViolaine Melan\u00e7on, violon<br \/>\nIlya Poletaev, piano<\/p>\n<p><strong>Dimanche 2 mai \u00e0 15 h<\/strong><br \/>\nSIMONS ET LES LOUVES<br \/>\nQuintette \u00e0 vents de l\u2019Orchestre M\u00e9tropolitain<br \/>\nJocelyne Roy, fl\u00fbte<br \/>\nM\u00e9lanie Harel, hautbois<br \/>\nSimon Aldrich, clarinette<br \/>\nGabri\u00e8le Dostie-Poirier, basson<br \/>\nSimon Bourget, cor<br \/>\nOeuvres de Saint-Sa\u00ebns, Berio, Prokofiev et Jim Parker<br \/>\n\u00c0 l\u2019occasion du 40e anniversaire de l\u2019Orchestre M\u00e9tropolitain.<\/p>\n<p><strong>Jeudi 6 mai \u00e0 19 h 30<\/strong><br \/>\nMaxim Bernard, piano<br \/>\nOeuvres de Gluck-Friedman, Hummel, Mozart, Beethoven, Schumann et Chopin.<\/p>\n<p><strong>Vendredi 7 mai \u00e0 19 h 30<\/strong><br \/>\nSUPER NOVA 4<br \/>\nJean Derome, saxophone et fl\u00fbte<br \/>\nF\u00e9lix St\u00fcssi, piano et composition<br \/>\nNormand Guilbeault, contrebasse<br \/>\nPierre Tanguay, batterie<\/p>\n<p><strong>Dimanche 9 mai \u00e0 15 h<\/strong><br \/>\nF\u00e9lix Hong, piano<br \/>\n\u0152uvres Mozart, Scriabine, Schubert et Stravinsky<\/p>\n<p><strong>Mercredi 13 mai \u00e0 19 h 30<\/strong><br \/>\nNOTAS DE VIAJE (Carnets de voyage)<br \/>\nJuan Sebastian Delgado, violoncelle<br \/>\nJonathan Goldman, bandon\u00e9on et composition<br \/>\nFrancis Lecavalier, dispositif \u00e9lectronique en direct<br \/>\n\u0152uvre musicale et sc\u00e9nique qui explore et \u00e9voque le journal intime d\u2019Ernesto \u00ab Che \u00bb Guevara.<\/p>\n<p><strong>Dimanche 16 mai \u00e0 15 h<\/strong><br \/>\nMATHIEU GAUDET INVITE<br \/>\nMary Elizabeth Brown, violon<br \/>\nFr\u00e9d\u00e9ric Lambert, alto<br \/>\nKaren Kaderavek, violoncelle<br \/>\nAli Yazdanfar, contrebasse<br \/>\nMathieu Gaudet, piano<br \/>\nFantaisie en do majeur pour violon et piano, op. posth. 159 et Quintette en la majeur D.667 de Franz Schubert<\/p>\n<h2><em>Inscrivez-vous \u00e0 notre infolettre! La musique classique et l&rsquo;op\u00e9ra en 5 minutes, chaque jour<\/em> <a href=\"https:\/\/ludwig-van.us9.list-manage.com\/subscribe?u=4f785cb3f9058f2393ccad035&amp;id=b9b160c032\" target=\"_blank\" rel=\"noopener noreferrer\"><span style=\"color: #ff0000;\">ICI\u00a0<\/span><\/a><\/h2>\n<p>&nbsp;<\/p>\n<p>&nbsp;<\/p>\n<p>&nbsp;<\/p>\n<p>&nbsp;<\/p>\n","protected":false},"excerpt":{"rendered":"<p>C&rsquo;est un secret qu&rsquo;il ne faut pas garder: depuis le d\u00e9but de la pand\u00e9mie, la Chapelle historique du Bon-Pasteur diffuse ses concerts en mode virtuel gratuitement. D&rsquo;ici la fin du mois de mai, 27 d&rsquo;entre eux seront pr\u00e9sent\u00e9s au public, non seulement en direct via Facebook, mais aussi en diff\u00e9r\u00e9 sur Vimeo.<\/p>\n","protected":false},"author":51,"featured_media":65727,"comment_status":"open","ping_status":"open","sticky":false,"template":"","format":"standard","meta":{"om_disable_all_campaigns":false,"jetpack_post_was_ever_published":false},"categories":[41122,10956],"tags":[10985,38551,38647],"yst_prominent_words":[15751,9878,9863,41370,29088,29078,9792,29081,17491,17489,17487,9877,9799,41371,30621,29079,17495,17494,17493,7141],"acf":[],"jetpack_featured_media_url":"https:\/\/www.ludwig-van.com\/montreal\/wp-content\/uploads\/sites\/3\/2021\/02\/Chapelle-historique.jpg","jetpack_sharing_enabled":true,"jetpack_shortlink":"https:\/\/wp.me\/p9bdYt-h65","amp_enabled":true,"_links":{"self":[{"href":"https:\/\/www.ludwig-van.com\/montreal\/wp-json\/wp\/v2\/posts\/65725"}],"collection":[{"href":"https:\/\/www.ludwig-van.com\/montreal\/wp-json\/wp\/v2\/posts"}],"about":[{"href":"https:\/\/www.ludwig-van.com\/montreal\/wp-json\/wp\/v2\/types\/post"}],"author":[{"embeddable":true,"href":"https:\/\/www.ludwig-van.com\/montreal\/wp-json\/wp\/v2\/users\/51"}],"replies":[{"embeddable":true,"href":"https:\/\/www.ludwig-van.com\/montreal\/wp-json\/wp\/v2\/comments?post=65725"}],"version-history":[{"count":4,"href":"https:\/\/www.ludwig-van.com\/montreal\/wp-json\/wp\/v2\/posts\/65725\/revisions"}],"predecessor-version":[{"id":65983,"href":"https:\/\/www.ludwig-van.com\/montreal\/wp-json\/wp\/v2\/posts\/65725\/revisions\/65983"}],"wp:featuredmedia":[{"embeddable":true,"href":"https:\/\/www.ludwig-van.com\/montreal\/wp-json\/wp\/v2\/media\/65727"}],"wp:attachment":[{"href":"https:\/\/www.ludwig-van.com\/montreal\/wp-json\/wp\/v2\/media?parent=65725"}],"wp:term":[{"taxonomy":"category","embeddable":true,"href":"https:\/\/www.ludwig-van.com\/montreal\/wp-json\/wp\/v2\/categories?post=65725"},{"taxonomy":"post_tag","embeddable":true,"href":"https:\/\/www.ludwig-van.com\/montreal\/wp-json\/wp\/v2\/tags?post=65725"},{"taxonomy":"yst_prominent_words","embeddable":true,"href":"https:\/\/www.ludwig-van.com\/montreal\/wp-json\/wp\/v2\/yst_prominent_words?post=65725"}],"curies":[{"name":"wp","href":"https:\/\/api.w.org\/{rel}","templated":true}]}}