{"id":65556,"date":"2020-12-18T11:40:02","date_gmt":"2020-12-18T16:40:02","guid":{"rendered":"https:\/\/www.ludwig-van.com\/montreal\/?p=65556"},"modified":"2020-12-18T11:40:02","modified_gmt":"2020-12-18T16:40:02","slug":"nouvelle-pro-musica-annonce-une-saison-virtuelle-avec-deux-series-de-concerts","status":"publish","type":"post","link":"https:\/\/www.ludwig-van.com\/montreal\/2020\/12\/18\/nouvelle-pro-musica-annonce-une-saison-virtuelle-avec-deux-series-de-concerts\/","title":{"rendered":"NOUVELLE | Pro Musica annonce une saison virtuelle avec deux s\u00e9ries de concerts et des artistes d&rsquo;ici"},"content":{"rendered":"<figure id=\"attachment_65560\" aria-describedby=\"caption-attachment-65560\" style=\"width: 1200px\" class=\"wp-caption aligncenter\"><img decoding=\"async\" loading=\"lazy\" class=\"size-full wp-image-65560\" src=\"https:\/\/www.ludwig-van.com\/montreal\/wp-content\/uploads\/sites\/3\/2020\/12\/Pro-Musica-cover.jpg\" alt=\"\" width=\"1200\" height=\"628\" srcset=\"https:\/\/www.ludwig-van.com\/montreal\/wp-content\/uploads\/sites\/3\/2020\/12\/Pro-Musica-cover.jpg 1200w, https:\/\/www.ludwig-van.com\/montreal\/wp-content\/uploads\/sites\/3\/2020\/12\/Pro-Musica-cover-300x157.jpg 300w, https:\/\/www.ludwig-van.com\/montreal\/wp-content\/uploads\/sites\/3\/2020\/12\/Pro-Musica-cover-1024x536.jpg 1024w, https:\/\/www.ludwig-van.com\/montreal\/wp-content\/uploads\/sites\/3\/2020\/12\/Pro-Musica-cover-768x402.jpg 768w\" sizes=\"(max-width: 1200px) 100vw, 1200px\" \/><figcaption id=\"caption-attachment-65560\" class=\"wp-caption-text\">Serhiy Salov, M\u00e9lissa Tremblay, St\u00e9phane T\u00e9treault, Victor Lazarov et Kerson Leong font partie des musiciens invit\u00e9s de la saison 2020-2021 de Pro Musica.<\/figcaption><\/figure>\n<p>&nbsp;<\/p>\n<p><strong>Pro Musica<\/strong> annon\u00e7ait cette semaine sa saison de concerts qui commencera en janvier. Au programme, deux s\u00e9ries de concerts: les \u00ab\u00a0Cartes blanches\u00a0\u00bb et les \u00ab\u00a0M\u00e9lod\u00eenes\u00a0\u00bb, avec des artistes d&rsquo;ici dont les prestations sont capt\u00e9es \u00e0 l&rsquo;avance et int\u00e9gr\u00e9es dans le cadre de vid\u00e9os sign\u00e9s par deux cin\u00e9astes qu\u00e9b\u00e9cois, pour une signature artistique qui se distingue et faire plus ample connaissance avec ces artistes.<\/p>\n<p>Compte tenu des circonstances actuelles, l&rsquo;organisme a repens\u00e9 sa mission: de diffuseur de r\u00e9citals ax\u00e9s sur les artistes internationaux, il devient producteur.<\/p>\n<p>\u00ab\u00a0Selon notre plan strat\u00e9gique, nous allions d\u00e9j\u00e0 vers la production, mais ce virage n&rsquo;\u00e9tait pr\u00e9vu que dans trois ans, explique la directrice g\u00e9n\u00e9rale de <strong>Pro Musica<\/strong>, <strong>Suzanne Matte<\/strong>. Cela prend des ressources et de l&rsquo;expertise. Puis la pand\u00e9mie est arriv\u00e9e, et nous avons d\u00e9cid\u00e9 de plonger. Vous pouvez vous imaginer que pour un petit organisme comme le n\u00f4tre, cela repr\u00e9sente des d\u00e9fis incroyables de devenir producteurs en l&rsquo;espace de quelques mois. Il y a une foule de possibilit\u00e9s, sur le plan des \u00ab\u00a0produits\u00a0\u00bb culturels. Nous avons d\u00e9cid\u00e9 de travailler avec des r\u00e9alisateurs car nous souhaitons que la qualit\u00e9 de nos productions soit \u00e0 la hauteur de la qualit\u00e9 des artistes que l&rsquo;on pr\u00e9sente. C&rsquo;est une aventure pour Pro Musica et pour tous les artistes qui nous accompagnent dans cette aventure. Il a fallu huit mois pour que l&rsquo;on se r\u00e9organise, mais nous sommes pr\u00eats. On ne reviendra plus en arri\u00e8re, Pro Musica sera toujours un producteur de contenu et un diffuseur. Quand les salles vont ouvrir, on sera l\u00e0, mais la production web sera toujours pr\u00e9sente. Nous sommes tr\u00e8s fiers de ce que nous allons pr\u00e9senter, car c&rsquo;est d&rsquo;une grande qualit\u00e9, avec une signature Pro Musica, ce qui \u00e9tait vraiment important pour nous.\u00a0\u00bb<\/p>\n<p>Les deux cin\u00e9astes auxquels ils ont fait appel sont Louis Godbout et Denis Lortie.<\/p>\n<p>Les concerts seront diffus\u00e9s via la plateforme Livetoune et resteront en ligne pendant deux semaines. Diff\u00e9rents forfaits seront offerts, dont certains forfaits VIP en nombre limit\u00e9 \u00e0 10 qui incluront la possibilit\u00e9 de rencontrer certains des artistes invit\u00e9s de fa\u00e7on virtuelle.<\/p>\n<p>&nbsp;<\/p>\n<figure id=\"attachment_52247\" aria-describedby=\"caption-attachment-52247\" style=\"width: 960px\" class=\"wp-caption aligncenter\"><img decoding=\"async\" loading=\"lazy\" class=\"size-full wp-image-52247\" src=\"https:\/\/www.ludwig-van.com\/montreal\/wp-content\/uploads\/sites\/3\/2018\/03\/Kerson-Leong.jpg\" alt=\"Kerson Leong. (Photo : page Facebook de l'artiste)\" width=\"960\" height=\"611\" srcset=\"https:\/\/www.ludwig-van.com\/montreal\/wp-content\/uploads\/sites\/3\/2018\/03\/Kerson-Leong.jpg 960w, https:\/\/www.ludwig-van.com\/montreal\/wp-content\/uploads\/sites\/3\/2018\/03\/Kerson-Leong-300x191.jpg 300w, https:\/\/www.ludwig-van.com\/montreal\/wp-content\/uploads\/sites\/3\/2018\/03\/Kerson-Leong-768x489.jpg 768w\" sizes=\"(max-width: 960px) 100vw, 960px\" \/><figcaption id=\"caption-attachment-52247\" class=\"wp-caption-text\">Kerson Leong. (Photo : page Facebook de l&rsquo;artiste)<\/figcaption><\/figure>\n<h2>Lancement de la s\u00e9rie <em>Cartes blanches<\/em> avec Kerson Leong<\/h2>\n<p>C&rsquo;est au talentueux <strong>Kerson Leong<\/strong> que reviendra l&rsquo;honneur de lancer cette saison, le 10 janvier prochain, dans le premier programme de la s\u00e9rie Cartes blanches, s\u00e9rie qui a \u00e9t\u00e9 con\u00e7ue par la nouvelle directrice artistique de Pro Musica, <strong>Irina Krasnanskaya. <\/strong>La webdiffusion sera disponible du 10 au 23 janvier.<\/p>\n<p>Toute la saison sera domin\u00e9e par les compositeurs de la p\u00e9riode romantique, et ce r\u00e9cital de violon proposera donc la Sonate no 3 pour violon et piano en do mineur, op. 45 de Grief, et la Sonate no 3 pour violon et piano en r\u00e9 mineur, op. 108, de Brahms. Kerson Leong sera accompagn\u00e9 de la pianiste Pamela Reimer. <a href=\"https:\/\/livetoune.tuxedobillet.com\/main\/kerson-leong-en-duo-avec-pamela-reimer\" target=\"_blank\" rel=\"noopener noreferrer\">KERSON LEONG: D\u00c9TAILS ET BILLETS<\/a><\/p>\n<p>\u00ab\u00a0Cette nouvelle s\u00e9rie, <em>Cartes blanches<\/em>, donne plus de temps et d&rsquo;espaces \u00e0 nos musiciens, ce qui nous permettra de les voir dans des r\u00f4les diff\u00e9rents pour donner un vrai portrait sonore de ces artistes, explique Irina Krasnanskaya. On va aller plus en profondeur avec eux et explorer les talents qu\u00e9b\u00e9cois et canadiens, soutenir nos artistes locaux. L&rsquo;an dernier, une partie importante de nos concerts a \u00e9t\u00e9 annul\u00e9e, et c&rsquo;est pourquoi nous avons d\u00e9cid\u00e9 de r\u00e9inviter St\u00e9phane T\u00e9treault, Serhiy Salov et Kerson Leong, qui se connaissent, mais vont jouer ensemble pour la premi\u00e8re fois.\u00a0\u00bb<\/p>\n<h3>Artistes et programmes de la s\u00e9rie Cartes blanches :<\/h3>\n<p><strong>St\u00e9phane T\u00e9treault et Lysandre M\u00e9nard, webdiffusion du 14 au 27 f\u00e9vrier 2021<br \/>\n<\/strong><\/p>\n<p>Robert Schumann, Fantasiest\u00fccke pour violoncelle et piano, op. 73<\/p>\n<p>Fr\u00e9d\u00e9ric Chopin, Sonate pour violoncelle et piano en sol mineur, op. 65<\/p>\n<p><a href=\"https:\/\/livetoune.tuxedobillet.com\/main\/stephane-tetreault-en-duo-avec-lysandre-menard\" target=\"_blank\" rel=\"noopener noreferrer\">D\u00c9TAILS ET BILLETS<\/a><\/p>\n<p>&nbsp;<\/p>\n<p><strong>Serhiy Salov, piano, Webdiffusion du 15 au 27 mars 2021<br \/>\n<\/strong><\/p>\n<p>Modest Moussorgski, \u00ab Pr\u00e9lude \u00bb, tir\u00e9 de l\u2019op\u00e9ra La Khovanchtchina<br \/>\nModest Moussorgski, Une nuit sur le mont Chauve<br \/>\nModest Moussorgski, Tableaux d\u2019une exposition<\/p>\n<p><a href=\"https:\/\/livetoune.tuxedobillet.com\/main\/serhiy-salov\" target=\"_blank\" rel=\"noopener noreferrer\">D\u00c9TAILS ET BILLETS<\/a><\/p>\n<p>&nbsp;<\/p>\n<p><strong>Leong &#8211; T\u00e9treault &#8211; Salov, Webdiffusion du 11 au 24 avril 2021<br \/>\n<\/strong><\/p>\n<p>Anton\u00edn Dvo\u0159\u00e1k, Trio pour piano et cordes no 4 en mi mineur, op. 90, B. 166, \u00ab Dumky \u00bb<br \/>\nSergue\u00ef Rachmaninov, Trio \u00e9l\u00e9giaque no 1 en sol mineur<\/p>\n<p><a href=\"https:\/\/livetoune.tuxedobillet.com\/main\/leong-tetreault-salov\" target=\"_blank\" rel=\"noopener noreferrer\">D\u00c9TAILS ET BILLETS<\/a><\/p>\n<p>&nbsp;<\/p>\n<h2>S\u00c9RIE M\u00c9LOD\u00ceNES<\/h2>\n<p>La s\u00e9rie M\u00e9lod\u00eenes, parrain\u00e9e par Fran\u00e7oise Davoine, est une tradition depuis plusieurs ann\u00e9es chez Pro Musica, et fait place aux musiciens de la rel\u00e8ve. Cette ann\u00e9e, elle comprendra six concerts.<\/p>\n<p><strong>M\u00e9lissa Tremblay, hautbois &#8211; avec Olivier H\u00e9bert-Bouchard, piano &#8211; Webdiffusion du dimanche 31 janvier au 13 f\u00e9vrier 2021<br \/>\n<\/strong>Vive la France!<\/p>\n<p>Camille Saint-Sa\u00ebns, Sonate pour hautbois et piano, op. 166<br \/>\nMaurice Ravel, Sonatine<br \/>\nOlivier Messiaen, Vocalise-\u00c9tude<br \/>\nGilles Silvestrini, Alo\u00eb : pour hautbois et piano<br \/>\nEug\u00e8ne Bozza, Fantaisie pastorale pour hautbois et piano, op. 37<br \/>\nEnnio Morricone, \u00ab Gabriel\u2019s Oboe \u00bb, tir\u00e9 de la bande originale du film The Mission<\/p>\n<p><a href=\"https:\/\/livetoune.tuxedobillet.com\/main\/melissa-tremblay-avec-olivier-hebert-bouchard\" target=\"_blank\" rel=\"noopener noreferrer\">D\u00c9TAILS ET BILLETS<\/a><\/p>\n<p><strong>Krystina Marcoux, marimba<\/strong><br \/>\n<strong>Avec Juan Sebasti\u00e1n Delgado, violoncelle Webdiffusion u dimanche 28 f\u00e9vrier au 13 mars 2021<\/strong><\/p>\n<p>L\u2019Espagne enflamme le marimba<\/p>\n<p>Enrique Granados, Danza Espa\u00f1ola no 5, \u00ab Andaluza \u00bb<br \/>\nIsaac Alb\u00e9niz, Asturias<br \/>\nManuel de Falla, R\u00e9cit du p\u00eacheur<br \/>\nManuel de Falla, Danse rituelle du feu<br \/>\nJ.S. Bach, Partita pour violon seul no 2 en r\u00e9 mineur, BWV 1004 : V. Chaconne<br \/>\nPaco de Lucia, Entre arrayanes<br \/>\nLuigi Boccherini, Quintette pour guitare en r\u00e9 majeur, G. 448 : IV. Fandango<\/p>\n<p><a href=\"https:\/\/livetoune.tuxedobillet.com\/main\/krystina-marcoux-avec-juan-sebastian-delgado\" target=\"_blank\" rel=\"noopener noreferrer\">D\u00c9TAILS ET BILLETS<\/a><\/p>\n<p><strong>Bruno Gauthier-Bellerose, guitare &#8211; Webdiffusion du dimanche 28 mars au 10 avril 2021<\/strong><\/p>\n<p>Europe-Am\u00e9riques: guitare sans fronti\u00e8res<\/p>\n<p>J.S. Bach, Suite pour luth en do mineur, BWV 997 : II. Fugue<br \/>\nJohann Kaspar Mertz, Fantaisie hongroise, op. 65, no 1<br \/>\nJacques H\u00e9tu, Suite pour guitare, op. 41 : I. Pr\u00e9lude, III. Ballade, V. Final<br \/>\nRoberto Sierra, Sonata para guitarra : IV. Salseado<br \/>\nAlberto Ginastera, Sonate pour guitare, op. 47 : III. Canto, IV. Finale<\/p>\n<p><a href=\"https:\/\/livetoune.tuxedobillet.com\/main\/bruno-gauthier-bellerose\/20210410223000\" target=\"_blank\" rel=\"noopener noreferrer\">D\u00c9TAILS ET BILLETS<\/a><\/p>\n<p><strong>Viktor Lazarov, piano &#8211; Webdiffusion du dimanche 25 avril au 8 mai 2021<\/strong><\/p>\n<p>Vent d\u2019Est : le myst\u00e8re des musiques slaves<\/p>\n<p>Miodrag Lazarov Pashu, Variations Sakura (premi\u00e8re mondiale)<br \/>\nSergue\u00ef Rachmaninov, \u00c9tude-tableau en mi b\u00e9mol mineur, op. 33, no 3<br \/>\nSergue\u00ef Rachmaninov, \u00c9tude-tableau en mi b\u00e9mol mineur, op. 39, no 5<br \/>\nAna Sokolovi\u0107, Danses et interludes<br \/>\nMarko Taj\u010devi\u0107, Sept danses des Balkans<\/p>\n<p><a href=\"https:\/\/livetoune.tuxedobillet.com\/main\/viktor-lazarov\" target=\"_blank\" rel=\"noopener noreferrer\">D\u00c9TAILS ET BILLETS<\/a><\/p>\n<p>&nbsp;<\/p>\n<p><strong>Duo Cavatine, violoncelle et piano &#8211; Webdiffusion du dimanche 9 mai au 22 mai 2021<\/strong><\/p>\n<p>Parfums de Paris<\/p>\n<p>Fran\u00e7ois Couperin, Pi\u00e8ces en concert pour violoncelle et piano<br \/>\nFr\u00e9d\u00e9ric Chopin, Sonate pour violoncelle et piano en sol mineur, op. 65<\/p>\n<p><a href=\"https:\/\/livetoune.tuxedobillet.com\/main\/duo-cavatine\" target=\"_blank\" rel=\"noopener noreferrer\">D\u00c9TAILS ET BILLETS<\/a><\/p>\n<p>&nbsp;<\/p>\n<h2>LIRE AUSSI:<\/h2>\n<p>&nbsp;<\/p>\n<blockquote class=\"wp-embedded-content\" data-secret=\"NrWKls8pgp\"><p><a href=\"https:\/\/www.ludwig-van.com\/montreal\/2018\/11\/30\/playlist-de-noel-classique-reconfortante-relaxer\/\">PLAYLIST |  La liste d&rsquo;\u00e9coute classique r\u00e9confortante pour l&rsquo;hiver et le temps des f\u00eates<\/a><\/p><\/blockquote>\n<p><iframe class=\"wp-embedded-content\" sandbox=\"allow-scripts\" security=\"restricted\" style=\"position: absolute; clip: rect(1px, 1px, 1px, 1px);\" title=\"\u00ab\u00a0PLAYLIST |  La liste d&rsquo;\u00e9coute classique r\u00e9confortante pour l&rsquo;hiver et le temps des f\u00eates\u00a0\u00bb &#8212; Ludwig Van Montreal\" src=\"https:\/\/www.ludwig-van.com\/montreal\/2018\/11\/30\/playlist-de-noel-classique-reconfortante-relaxer\/embed\/#?secret=NrWKls8pgp\" data-secret=\"NrWKls8pgp\" width=\"600\" height=\"338\" frameborder=\"0\" marginwidth=\"0\" marginheight=\"0\" scrolling=\"no\"><\/iframe><\/p>\n<p>&nbsp;<\/p>\n<p>&nbsp;<\/p>\n<p>&nbsp;<\/p>\n<p>&nbsp;<\/p>\n","protected":false},"excerpt":{"rendered":"<p>Pro Musica annon\u00e7ait cette semaine sa saison de concerts qui commencera en janvier. Au programme, deux s\u00e9ries de concerts: les \u00ab\u00a0Cartes blanches\u00a0\u00bb et les \u00ab\u00a0M\u00e9lod\u00eenes\u00a0\u00bb, avec des artistes d&rsquo;ici dont les prestations sont capt\u00e9es \u00e0 l&rsquo;avance et int\u00e9gr\u00e9es dans le cadre de vid\u00e9os sign\u00e9s par deux cin\u00e9astes qu\u00e9b\u00e9cois, pour une signature artistique qui se distingue et faire plus ample connaissance avec ces artistes.<\/p>\n","protected":false},"author":51,"featured_media":65560,"comment_status":"open","ping_status":"open","sticky":false,"template":"","format":"standard","meta":{"om_disable_all_campaigns":false,"jetpack_post_was_ever_published":false},"categories":[37357,10956,19,10992],"tags":[],"yst_prominent_words":[41088,41119,26052,41109,41116,7855,41110,12881,41089,41117,41115,11705,41108,41107,41086,41087,12682,12689,41118,41106],"acf":[],"jetpack_featured_media_url":"https:\/\/www.ludwig-van.com\/montreal\/wp-content\/uploads\/sites\/3\/2020\/12\/Pro-Musica-cover.jpg","jetpack_sharing_enabled":true,"jetpack_shortlink":"https:\/\/wp.me\/p9bdYt-h3m","amp_enabled":true,"_links":{"self":[{"href":"https:\/\/www.ludwig-van.com\/montreal\/wp-json\/wp\/v2\/posts\/65556"}],"collection":[{"href":"https:\/\/www.ludwig-van.com\/montreal\/wp-json\/wp\/v2\/posts"}],"about":[{"href":"https:\/\/www.ludwig-van.com\/montreal\/wp-json\/wp\/v2\/types\/post"}],"author":[{"embeddable":true,"href":"https:\/\/www.ludwig-van.com\/montreal\/wp-json\/wp\/v2\/users\/51"}],"replies":[{"embeddable":true,"href":"https:\/\/www.ludwig-van.com\/montreal\/wp-json\/wp\/v2\/comments?post=65556"}],"version-history":[{"count":4,"href":"https:\/\/www.ludwig-van.com\/montreal\/wp-json\/wp\/v2\/posts\/65556\/revisions"}],"predecessor-version":[{"id":65561,"href":"https:\/\/www.ludwig-van.com\/montreal\/wp-json\/wp\/v2\/posts\/65556\/revisions\/65561"}],"wp:featuredmedia":[{"embeddable":true,"href":"https:\/\/www.ludwig-van.com\/montreal\/wp-json\/wp\/v2\/media\/65560"}],"wp:attachment":[{"href":"https:\/\/www.ludwig-van.com\/montreal\/wp-json\/wp\/v2\/media?parent=65556"}],"wp:term":[{"taxonomy":"category","embeddable":true,"href":"https:\/\/www.ludwig-van.com\/montreal\/wp-json\/wp\/v2\/categories?post=65556"},{"taxonomy":"post_tag","embeddable":true,"href":"https:\/\/www.ludwig-van.com\/montreal\/wp-json\/wp\/v2\/tags?post=65556"},{"taxonomy":"yst_prominent_words","embeddable":true,"href":"https:\/\/www.ludwig-van.com\/montreal\/wp-json\/wp\/v2\/yst_prominent_words?post=65556"}],"curies":[{"name":"wp","href":"https:\/\/api.w.org\/{rel}","templated":true}]}}