{"id":65552,"date":"2020-12-17T09:59:13","date_gmt":"2020-12-17T14:59:13","guid":{"rendered":"https:\/\/www.ludwig-van.com\/montreal\/?p=65552"},"modified":"2020-12-17T10:02:13","modified_gmt":"2020-12-17T15:02:13","slug":"nouvelle-opera-de-montreal-offre-hansel-gretel-gratuitement-temps-fetes","status":"publish","type":"post","link":"https:\/\/www.ludwig-van.com\/montreal\/2020\/12\/17\/nouvelle-opera-de-montreal-offre-hansel-gretel-gratuitement-temps-fetes\/","title":{"rendered":"NOUVELLE | L&rsquo;Op\u00e9ra de Montr\u00e9al vous offre H\u00e4nsel et Gretel gratuitement pour le temps des f\u00eates"},"content":{"rendered":"<figure id=\"attachment_65553\" aria-describedby=\"caption-attachment-65553\" style=\"width: 1200px\" class=\"wp-caption aligncenter\"><img decoding=\"async\" loading=\"lazy\" class=\"size-full wp-image-65553\" src=\"https:\/\/www.ludwig-van.com\/montreal\/wp-content\/uploads\/sites\/3\/2020\/12\/Hansel-cover.jpg\" alt=\"\" width=\"1200\" height=\"628\" srcset=\"https:\/\/www.ludwig-van.com\/montreal\/wp-content\/uploads\/sites\/3\/2020\/12\/Hansel-cover.jpg 1200w, https:\/\/www.ludwig-van.com\/montreal\/wp-content\/uploads\/sites\/3\/2020\/12\/Hansel-cover-300x157.jpg 300w, https:\/\/www.ludwig-van.com\/montreal\/wp-content\/uploads\/sites\/3\/2020\/12\/Hansel-cover-1024x536.jpg 1024w, https:\/\/www.ludwig-van.com\/montreal\/wp-content\/uploads\/sites\/3\/2020\/12\/Hansel-cover-768x402.jpg 768w\" sizes=\"(max-width: 1200px) 100vw, 1200px\" \/><figcaption id=\"caption-attachment-65553\" class=\"wp-caption-text\">Emma Char, France Bellemarre et Fr\u00e9d\u00e9rique Drolet dans H\u00e4nsel et Gretel \u00e0 l&rsquo;Op\u00e9ra de Montr\u00e9al, en 2014. (Photo: Yves Nadeau).<\/figcaption><\/figure>\n<p>&nbsp;<\/p>\n<p><strong>L&rsquo;Op\u00e9ra de Montr\u00e9al<\/strong> offrira gratuitement au public le classique d&rsquo;Engelbert Humperdinck, <strong><em>H\u00e4nsel et Gretel<\/em><\/strong>, en webdiffusion, dans la production qui avait \u00e9t\u00e9 pr\u00e9sent\u00e9e par l&rsquo;Atelier lyrique en collaboration avec l&rsquo;\u00c9cole nationale de cirque \u00e0 la salle Wilfrid-Pelletier en 2014. Un spectacle plein de vie aux d\u00e9cors f\u00e9\u00e9riques.<\/p>\n<p>L&rsquo;op\u00e9ra sera disponible en ligne, d\u00e8s aujourd&rsquo;hui, et jusqu\u2019au 17 janvier 2021, <a href=\"https:\/\/www.operademontreal.com\/programmation\/hansel-et-gretel-chez-vous\" target=\"_blank\" rel=\"noopener noreferrer\">sur le site de l&rsquo;Op\u00e9ra de Montr\u00e9al<\/a>.<\/p>\n<p>\u00ab Il nous tenait \u00e0 c\u0153ur de pouvoir offrir un moment de magie aux familles, sachant que le temps des F\u00eates sera diff\u00e9rent cette ann\u00e9e. \u00bb, a dit Patrick Corrigan, directeur g\u00e9n\u00e9ral de l<strong>\u2019Op\u00e9ra de Montr\u00e9al.<\/strong><\/p>\n<p>Ce conte des fr\u00e8res Grimm, dans sa version op\u00e9ratique, a \u00e9t\u00e9 mis en sc\u00e8ne par Hugo B\u00e9langer. Les interpr\u00e8tes principales sont Emma Char, mezzo-soprano (H\u00e4nsel) et Fr\u00e9d\u00e9rique Drolet, soprano. (Gretel). L&rsquo;Orchestre M\u00e9tropolitain est dirig\u00e9 par Alain Trudel.<\/p>\n<p>En 2014, j&rsquo;avais assist\u00e9 \u00e0 cette production et j&rsquo;en ai gard\u00e9 un bon souvenir. Dans <a href=\"https:\/\/www.lapresse.ca\/arts\/spectacles-et-theatre\/critiques-de-spectacles\/201403\/23\/01-4750522-hansel-et-gretel-une-production-magique.php\" target=\"_blank\" rel=\"noopener noreferrer\">une critique publi\u00e9e dans La Presse<\/a>, j&rsquo;avais alors soulign\u00e9 les qualit\u00e9s visuelles du spectacle, l&rsquo;excellence du jeu sc\u00e9nique des chanteurs, la beaut\u00e9 de la musique et l&rsquo;int\u00e9gration intelligente des artistes de cirque, qui donnent lieu \u00e0 des sc\u00e8nes m\u00e9morables. Il s&rsquo;agit certainement d&rsquo;une webdiffusion \u00e0 ne pas manquer.<\/p>\n<p>Rappelons qu&rsquo;en raison de la pand\u00e9mie, l&rsquo;Op\u00e9ra de Montr\u00e9al annon\u00e7ait r\u00e9cemment le report au printemps 2022 de la cr\u00e9ation de <em>La beaut\u00e9 du monde<\/em>, op\u00e9ra de Julien Bilodeau sur un livret de Michel-Marc Bouchard. La \u00ab\u00a0surprise\u00a0\u00bb <em>H\u00e4nsel et Gretel<\/em> se veut une forme de consolation pour cette mauvaise nouvelle et sans nul doute, une autre possibilit\u00e9 d&#8217;embellir notre cong\u00e9 des f\u00eates, lequel risque de se passer en grande partie \u00e0 l&rsquo;int\u00e9rieur, sans voir nos familles \u00e9largies.<\/p>\n<p>Toute initiative pour offrir les arts gratuitement en cette p\u00e9riode est certainement la bienvenue.<\/p>\n<p>&nbsp;<\/p>\n<h2>LIRE AUSSI:<\/h2>\n<p>&nbsp;<\/p>\n<blockquote class=\"wp-embedded-content\" data-secret=\"9ZCSq3o6Ru\"><p><a href=\"https:\/\/www.ludwig-van.com\/montreal\/2020\/12\/14\/nouvelle-salle-bourgie-presentera-noel-de-charlie-brown-webdiffusion-gratuite-durant-temps-fetes\/\">NOUVELLE | La salle Bourgie pr\u00e9sentera Le No\u00ebl de Charlie Brown en webdiffusion gratuite durant tout le temps des f\u00eates!<\/a><\/p><\/blockquote>\n<p><iframe class=\"wp-embedded-content\" sandbox=\"allow-scripts\" security=\"restricted\" style=\"position: absolute; clip: rect(1px, 1px, 1px, 1px);\" title=\"\u00ab\u00a0NOUVELLE | La salle Bourgie pr\u00e9sentera Le No\u00ebl de Charlie Brown en webdiffusion gratuite durant tout le temps des f\u00eates!\u00a0\u00bb &#8212; Ludwig Van Montreal\" src=\"https:\/\/www.ludwig-van.com\/montreal\/2020\/12\/14\/nouvelle-salle-bourgie-presentera-noel-de-charlie-brown-webdiffusion-gratuite-durant-temps-fetes\/embed\/#?secret=9ZCSq3o6Ru\" data-secret=\"9ZCSq3o6Ru\" width=\"600\" height=\"338\" frameborder=\"0\" marginwidth=\"0\" marginheight=\"0\" scrolling=\"no\"><\/iframe><\/p>\n<p>&nbsp;<\/p>\n<p>&nbsp;<\/p>\n<p>&nbsp;<\/p>\n<p>&nbsp;<\/p>\n<p>&nbsp;<\/p>\n<p>&nbsp;<\/p>\n","protected":false},"excerpt":{"rendered":"<p>L&rsquo;Op\u00e9ra de Montr\u00e9al offrira gratuitement au public le classique d&rsquo;Engelbert Humperdinck, H\u00e4nsel et Gretel, en webdiffusion, dans la production qui avait \u00e9t\u00e9 pr\u00e9sent\u00e9e par l&rsquo;Atelier lyrique en collaboration avec l&rsquo;\u00c9cole nationale de cirque \u00e0 la salle Wilfrid-Pelletier en 2014. Un spectacle plein de vie aux d\u00e9cors f\u00e9\u00e9riques.<\/p>\n","protected":false},"author":51,"featured_media":65553,"comment_status":"open","ping_status":"open","sticky":false,"template":"","format":"standard","meta":{"om_disable_all_campaigns":false,"jetpack_post_was_ever_published":false},"categories":[37357,10956,10992],"tags":[38551,41075,6467,2498],"yst_prominent_words":[31374,41067,21119,41069,41074,41073,36641,37239,41068,34674,9919,9918,9905,10538,10519,7694,38630,8214,11689,40107],"acf":[],"jetpack_featured_media_url":"https:\/\/www.ludwig-van.com\/montreal\/wp-content\/uploads\/sites\/3\/2020\/12\/Hansel-cover.jpg","jetpack_sharing_enabled":true,"jetpack_shortlink":"https:\/\/wp.me\/p9bdYt-h3i","amp_enabled":true,"_links":{"self":[{"href":"https:\/\/www.ludwig-van.com\/montreal\/wp-json\/wp\/v2\/posts\/65552"}],"collection":[{"href":"https:\/\/www.ludwig-van.com\/montreal\/wp-json\/wp\/v2\/posts"}],"about":[{"href":"https:\/\/www.ludwig-van.com\/montreal\/wp-json\/wp\/v2\/types\/post"}],"author":[{"embeddable":true,"href":"https:\/\/www.ludwig-van.com\/montreal\/wp-json\/wp\/v2\/users\/51"}],"replies":[{"embeddable":true,"href":"https:\/\/www.ludwig-van.com\/montreal\/wp-json\/wp\/v2\/comments?post=65552"}],"version-history":[{"count":2,"href":"https:\/\/www.ludwig-van.com\/montreal\/wp-json\/wp\/v2\/posts\/65552\/revisions"}],"predecessor-version":[{"id":65555,"href":"https:\/\/www.ludwig-van.com\/montreal\/wp-json\/wp\/v2\/posts\/65552\/revisions\/65555"}],"wp:featuredmedia":[{"embeddable":true,"href":"https:\/\/www.ludwig-van.com\/montreal\/wp-json\/wp\/v2\/media\/65553"}],"wp:attachment":[{"href":"https:\/\/www.ludwig-van.com\/montreal\/wp-json\/wp\/v2\/media?parent=65552"}],"wp:term":[{"taxonomy":"category","embeddable":true,"href":"https:\/\/www.ludwig-van.com\/montreal\/wp-json\/wp\/v2\/categories?post=65552"},{"taxonomy":"post_tag","embeddable":true,"href":"https:\/\/www.ludwig-van.com\/montreal\/wp-json\/wp\/v2\/tags?post=65552"},{"taxonomy":"yst_prominent_words","embeddable":true,"href":"https:\/\/www.ludwig-van.com\/montreal\/wp-json\/wp\/v2\/yst_prominent_words?post=65552"}],"curies":[{"name":"wp","href":"https:\/\/api.w.org\/{rel}","templated":true}]}}