{"id":65495,"date":"2020-12-09T09:28:28","date_gmt":"2020-12-09T14:28:28","guid":{"rendered":"https:\/\/www.ludwig-van.com\/montreal\/?p=65495"},"modified":"2020-12-09T09:28:28","modified_gmt":"2020-12-09T14:28:28","slug":"nouvelle-maxime-goulet-recoit-commande-dune-symphonie-de-tempete-de-verglas-de-cinq-orchestres","status":"publish","type":"post","link":"https:\/\/www.ludwig-van.com\/montreal\/2020\/12\/09\/nouvelle-maxime-goulet-recoit-commande-dune-symphonie-de-tempete-de-verglas-de-cinq-orchestres\/","title":{"rendered":"NOUVELLE | Maxime Goulet re\u00e7oit la commande d&rsquo;une symphonie \u00ab\u00a0de la temp\u00eate de verglas\u00a0\u00bb de cinq orchestres"},"content":{"rendered":"<p style=\"text-align: center;\"><img decoding=\"async\" loading=\"lazy\" class=\"aligncenter size-full wp-image-65496\" src=\"https:\/\/www.ludwig-van.com\/montreal\/wp-content\/uploads\/sites\/3\/2020\/12\/Maxime-Goulet-cr-Nadia-Zheng-2.jpg\" alt=\"\" width=\"1200\" height=\"628\" srcset=\"https:\/\/www.ludwig-van.com\/montreal\/wp-content\/uploads\/sites\/3\/2020\/12\/Maxime-Goulet-cr-Nadia-Zheng-2.jpg 1200w, https:\/\/www.ludwig-van.com\/montreal\/wp-content\/uploads\/sites\/3\/2020\/12\/Maxime-Goulet-cr-Nadia-Zheng-2-300x157.jpg 300w, https:\/\/www.ludwig-van.com\/montreal\/wp-content\/uploads\/sites\/3\/2020\/12\/Maxime-Goulet-cr-Nadia-Zheng-2-1024x536.jpg 1024w, https:\/\/www.ludwig-van.com\/montreal\/wp-content\/uploads\/sites\/3\/2020\/12\/Maxime-Goulet-cr-Nadia-Zheng-2-768x402.jpg 768w\" sizes=\"(max-width: 1200px) 100vw, 1200px\" \/><\/p>\n<p>&nbsp;<\/p>\n<p>Pour ses quarante ans qui approchent, <strong>Maxime Goulet<\/strong> va frapper un grand coup: il composera enfin sa premi\u00e8re symphonie, et pas n&rsquo;importe laquelle. Ce sera une \u00ab\u00a0Symphonie de la temp\u00eate de verglas\u00a0\u00bb, command\u00e9e par l&rsquo;<strong>Orchestre classique de Montr\u00e9al<\/strong> et quatre autres orchestres formant un consortium qui permettra \u00e0 la pi\u00e8ce d&rsquo;\u00eatre entendue aux quatre coins du Qu\u00e9bec et m\u00eame aux \u00c9tats-Unis au cours des prochaines ann\u00e9es.<\/p>\n<p>Ces autres ensembles sont l&rsquo;<strong>Orchestre symphonique de Laval<\/strong>, l&rsquo;<strong>Orchestre symphonique de Sherbrooke<\/strong>, l&rsquo;<strong>Orchestre symphonique de Trois-Rivi\u00e8res<\/strong> et l&rsquo;orchestre ROCO, de Houston, qui joueront la symphonie en partie ou en entier \u00e0 divers moments, d&rsquo;ici 2023.<\/p>\n<p>En 1998, la catastrophique crise du verglas frappait le Qu\u00e9bec. Ce sera donc son 25e anniversaire en 2023. <strong>Maxime Goulet<\/strong>, un habitu\u00e9 de la musique dite \u00e0 programme, aura de quoi s&rsquo;inspirer en puisant dans toutes les facettes de cet \u00e9v\u00e9nement historique, qu&rsquo;elles soient m\u00e9t\u00e9orologiques, sociales ou humaines.<\/p>\n<p>\u00ab\u00a0J&rsquo;ai initi\u00e9 ce projet avec l&rsquo;<strong>Orchestre classique de Montr\u00e9al<\/strong> et <strong>Boris Brott<\/strong>, avec qui j&rsquo;ai d\u00e9j\u00e0 fait plusieurs projets. Ils m&rsquo;ont demand\u00e9 de composer une \u0153uvre majeure pour un concert qu&rsquo;ils pr\u00e9voient en 2023 \u00e0 la Maison symphonique. Cela fait longtemps que je veux composer une symphonie, et comme je vais bient\u00f4t avoir quarante ans, je me suis dit que ce serait un beau projet pour ma \u00ab\u00a0crise de la quarantaine\u00a0\u00bb. Certains ach\u00e8tent une voiture sport, moi je vais composer une symphonie. Il y a un an, ils m&rsquo;ont demand\u00e9 de composer quelque chose en lien avec l&rsquo;environnement. Je venais de terminer <a href=\"https:\/\/www.ludwig-van.com\/montreal\/2020\/03\/03\/nouvelle-the-flight-of-the-hummingbird-lopera-jeunesse-quebecois-maxime-goulet-presente-plus-de-100\/\" target=\"_blank\" rel=\"noopener noreferrer\">mon op\u00e9ra, <em>The Flight of the Hummingbird<\/em><\/a>, qui traite aussi d&rsquo;environnement, et je voulais faire quelque chose de diff\u00e9rent. J&rsquo;ai eu l&rsquo;id\u00e9e de m&rsquo;inspirer de la temp\u00eate de verglas, car c&rsquo;est un \u00e9v\u00e9nement qui nous a d\u00e9montr\u00e9 \u00e0 quel point nous sommes d\u00e9pendants de notre environnement et de l&rsquo;\u00e9lectricit\u00e9, maintenant plus que jamais, et que si notre environnement chavire, on risque de chavirer avec. C&rsquo;est une m\u00e9taphore int\u00e9ressante \u00e0 exploiter en musique. Comme le concert de l&rsquo;OCM \u00e0 la Maison symphonique tombera la m\u00eame ann\u00e9e que les 25 ans de la crise du verglas, c&rsquo;est l&rsquo;occasion parfaite de se rem\u00e9morer cet \u00e9v\u00e9nement.\u00a0\u00bb<\/p>\n<h2>La Symphonie de la temp\u00eate de verglas<\/h2>\n<p>\u00c0 l&rsquo;\u00e9poque de la crise du verglas, <strong>Maxime Goulet<\/strong> avait 17 ans.<\/p>\n<p>\u00ab\u00a0Un aspect int\u00e9ressant de cette crise, c&rsquo;est qu&rsquo;on s&rsquo;en est sorti, dit-il. Il y a eu \u00e9norm\u00e9ment de gestes d&#8217;empathie et d&rsquo;entraide entre les gens, qui montrent que quand on fait face \u00e0 l&rsquo;adversit\u00e9, on est capables de travailler ensemble, de s&rsquo;unir pour vaincre la noirceur. Je trouve qu&rsquo;il y a un lien avec ce qui se passe en ce moment avec la pand\u00e9mie, une autre aventure collective, on est tous ensemble et l&rsquo;entraide est vraiment importante. Pour une symphonie, il me fallait un th\u00e8me qui se pr\u00eate bien au d\u00e9veloppement. J&rsquo;ai donc pens\u00e9 un th\u00e8me pour chaque mouvement: le premier mouvement racontera l&rsquo;arriv\u00e9e de la temp\u00eate comme telle, qui repr\u00e9sente les tourments m\u00e9t\u00e9orologiques mais aussi les tourments \u00e9motifs des personnes qui ne savent pas ce qui s&rsquo;en vient. Le deuxi\u00e8me mouvement va s&rsquo;appeler <em>Chaleur<\/em>, car je fais un lien avec les retrouvailles des familles qui se sont rassembl\u00e9es sous un m\u00eame toit, parce que certains manquaient d&rsquo;\u00e9lectricit\u00e9 et allaient chez leurs parents ou leurs cousins. Pour nous, les jeunes, c&rsquo;\u00e9tait un c\u00f4t\u00e9 agr\u00e9able de se retrouver de fa\u00e7on inattendue. Le troisi\u00e8me mouvement sera intitul\u00e9 <em>Noirceur<\/em>, en r\u00e9f\u00e9rence a l&rsquo;obscurit\u00e9 des nuits sans \u00e9lectricit\u00e9, ainsi qu&rsquo;en hommage aux personnes qui sont d\u00e9c\u00e9d\u00e9es durant la temp\u00eate, dont la m\u00e8re de Boris Brott, Lotte, qui \u00e9tait violoncelliste. Le quatri\u00e8me mouvement, <em>Lumi\u00e8re<\/em>, repr\u00e9sentera l&rsquo;espoir, le retour du positif, le r\u00e9tablissement des lignes \u00e9lectriques et la fin de la crise.\u00a0\u00bb<\/p>\n<p><span class=\"m_411481684007970429Aucun\">L\u2019\u0153uvre (partielle ou int\u00e9grale) sera interpr\u00e9t\u00e9e par les cinq orchestres dans la s\u00e9quence suivante : l\u2019<b>Orchestre symphonique de Laval <\/b>cr\u00e9era le 2<sup>e<\/sup> mouvement \u00e0 l\u2019hiver 2021, l\u2019orchestre <b>ROCO<\/b> (\u00e0 Houston) cr\u00e9era le 1<sup>er<\/sup> mouvement \u00e0 l\u2019automne 2021, l\u2019<b>Orchestre classique de Montr\u00e9al <\/b>pr\u00e9sentera l\u2019\u0153uvre dans son int\u00e9gralit\u00e9 \u00e0 l\u2019\u00e9t\u00e9 2023 (cr\u00e9ation officielle) et, enfin, l\u2019<b>Orchestre symphonique de Sherbrooke <\/b>et l\u2019<b>Orchestre symphonique de Trois-Rivi\u00e8res <\/b>interpr\u00e9teront l\u2019\u0153uvre au courant de leurs saisons 2023-2024.<\/span><\/p>\n<p>\u00ab\u00a0J&rsquo;ai de la chance d&rsquo;avoir plusieurs orchestres qui soutiennent ma musique depuis des ann\u00e9es, et je les ai approch\u00e9s pour participer \u00e0 ce consortium, ce qui facilite le financement d&rsquo;un tel projet, et permettra \u00e0 l\u2019\u0153uvre d&rsquo;\u00eatre jou\u00e9e plusieurs fois, ce qui est vraiment important, et ce qui va me permettre de faire des petits ajustements apr\u00e8s chaque audition. Je pourrai avoir les commentaires des diff\u00e9rents chefs et cela rend le processus encore plus int\u00e9ressant. D\u00e8s cet hiver, l&rsquo;<strong>Orchestre symphonique de Laval<\/strong> jouera le deuxi\u00e8me mouvement, que je viens tout juste de terminer. Je travaille maintenant au premier mouvement. Finalement, la cr\u00e9ation officielle, par l&rsquo;<strong>Orchestre classique de Montr\u00e9al<\/strong>, sera faite en 2023.\u00a0\u00bb<\/p>\n<p>Apr\u00e8s l&rsquo;annulation de la moiti\u00e9 de la tourn\u00e9e de son op\u00e9ra, <em>The Flight of the Hummingbird<\/em>, en raison de la pand\u00e9mie, voil\u00e0 une nouvelle r\u00e9confortante pour <strong>Maxime Goulet<\/strong>, alors que des commandes de cette envergure sont rares pour les compositeurs qu\u00e9b\u00e9cois.<\/p>\n<p>&nbsp;<\/p>\n<h2>LIRE AUSSI:<\/h2>\n<p>&nbsp;<\/p>\n<blockquote class=\"wp-embedded-content\" data-secret=\"zQyI2QFeci\"><p><a href=\"https:\/\/www.ludwig-van.com\/montreal\/2020\/12\/02\/nouvelle-tim-brady\/\">NOUVELLE | Deux op\u00e9ras en gestation pour Tim Brady, l&rsquo;homme aux cent guitares et aux mille projets<\/a><\/p><\/blockquote>\n<p><iframe class=\"wp-embedded-content\" sandbox=\"allow-scripts\" security=\"restricted\" style=\"position: absolute; clip: rect(1px, 1px, 1px, 1px);\" title=\"\u00ab\u00a0NOUVELLE | Deux op\u00e9ras en gestation pour Tim Brady, l&rsquo;homme aux cent guitares et aux mille projets\u00a0\u00bb &#8212; Ludwig Van Montreal\" src=\"https:\/\/www.ludwig-van.com\/montreal\/2020\/12\/02\/nouvelle-tim-brady\/embed\/#?secret=zQyI2QFeci\" data-secret=\"zQyI2QFeci\" width=\"600\" height=\"338\" frameborder=\"0\" marginwidth=\"0\" marginheight=\"0\" scrolling=\"no\"><\/iframe><\/p>\n<p>&nbsp;<\/p>\n<p>&nbsp;<\/p>\n<p>&nbsp;<\/p>\n<p>&nbsp;<\/p>\n<p>&nbsp;<\/p>\n<p>&nbsp;<\/p>\n<p>&nbsp;<\/p>\n<p>&nbsp;<\/p>\n<p>&nbsp;<\/p>\n<p>&nbsp;<\/p>\n<p>&nbsp;<\/p>\n<p>&nbsp;<\/p>\n<p>&nbsp;<\/p>\n","protected":false},"excerpt":{"rendered":"<p>Pour ses quarante ans qui approchent, Maxime Goulet va frapper un grand coup: il composera enfin sa premi\u00e8re symphonie, et pas n&rsquo;importe laquelle. Ce sera une \u00ab\u00a0Symphonie de la temp\u00eate de verglas\u00a0\u00bb, command\u00e9e par l&rsquo;Orchestre classique de Montr\u00e9al et quatre autres orchestres formant un consortium qui permettra \u00e0 la pi\u00e8ce d&rsquo;\u00eatre entendue aux quatre coins du Qu\u00e9bec et m\u00eame aux \u00c9tats-Unis au cours des prochaines ann\u00e9es.<\/p>\n","protected":false},"author":51,"featured_media":65496,"comment_status":"open","ping_status":"open","sticky":false,"template":"","format":"standard","meta":{"om_disable_all_campaigns":false,"jetpack_post_was_ever_published":false},"categories":[37357,10956,10992],"tags":[4135,27842,38749],"yst_prominent_words":[16932,40957,27838,27837,10020,27839,40964,40963,40962,39896,33583,11111,28160,40958,35277,10717,40955,38275,38274,38273],"acf":[],"jetpack_featured_media_url":"https:\/\/www.ludwig-van.com\/montreal\/wp-content\/uploads\/sites\/3\/2020\/12\/Maxime-Goulet-cr-Nadia-Zheng-2.jpg","jetpack_sharing_enabled":true,"jetpack_shortlink":"https:\/\/wp.me\/p9bdYt-h2n","amp_enabled":true,"_links":{"self":[{"href":"https:\/\/www.ludwig-van.com\/montreal\/wp-json\/wp\/v2\/posts\/65495"}],"collection":[{"href":"https:\/\/www.ludwig-van.com\/montreal\/wp-json\/wp\/v2\/posts"}],"about":[{"href":"https:\/\/www.ludwig-van.com\/montreal\/wp-json\/wp\/v2\/types\/post"}],"author":[{"embeddable":true,"href":"https:\/\/www.ludwig-van.com\/montreal\/wp-json\/wp\/v2\/users\/51"}],"replies":[{"embeddable":true,"href":"https:\/\/www.ludwig-van.com\/montreal\/wp-json\/wp\/v2\/comments?post=65495"}],"version-history":[{"count":4,"href":"https:\/\/www.ludwig-van.com\/montreal\/wp-json\/wp\/v2\/posts\/65495\/revisions"}],"predecessor-version":[{"id":65500,"href":"https:\/\/www.ludwig-van.com\/montreal\/wp-json\/wp\/v2\/posts\/65495\/revisions\/65500"}],"wp:featuredmedia":[{"embeddable":true,"href":"https:\/\/www.ludwig-van.com\/montreal\/wp-json\/wp\/v2\/media\/65496"}],"wp:attachment":[{"href":"https:\/\/www.ludwig-van.com\/montreal\/wp-json\/wp\/v2\/media?parent=65495"}],"wp:term":[{"taxonomy":"category","embeddable":true,"href":"https:\/\/www.ludwig-van.com\/montreal\/wp-json\/wp\/v2\/categories?post=65495"},{"taxonomy":"post_tag","embeddable":true,"href":"https:\/\/www.ludwig-van.com\/montreal\/wp-json\/wp\/v2\/tags?post=65495"},{"taxonomy":"yst_prominent_words","embeddable":true,"href":"https:\/\/www.ludwig-van.com\/montreal\/wp-json\/wp\/v2\/yst_prominent_words?post=65495"}],"curies":[{"name":"wp","href":"https:\/\/api.w.org\/{rel}","templated":true}]}}