{"id":65461,"date":"2020-12-02T10:37:50","date_gmt":"2020-12-02T15:37:50","guid":{"rendered":"https:\/\/www.ludwig-van.com\/montreal\/?p=65461"},"modified":"2020-12-02T10:37:50","modified_gmt":"2020-12-02T15:37:50","slug":"nouvelle-tim-brady","status":"publish","type":"post","link":"https:\/\/www.ludwig-van.com\/montreal\/2020\/12\/02\/nouvelle-tim-brady\/","title":{"rendered":"NOUVELLE | Deux op\u00e9ras en gestation pour Tim Brady, l&rsquo;homme aux cent guitares et aux mille projets"},"content":{"rendered":"<figure id=\"attachment_56622\" aria-describedby=\"caption-attachment-56622\" style=\"width: 1024px\" class=\"wp-caption aligncenter\"><img decoding=\"async\" loading=\"lazy\" class=\"size-full wp-image-56622\" src=\"https:\/\/www.ludwig-van.com\/montreal\/wp-content\/uploads\/sites\/3\/2018\/10\/BWM_Tim_BradyGtr_CREDIT_Laurence_Labat.jpg\" alt=\"Tim Brady\" width=\"1024\" height=\"680\" srcset=\"https:\/\/www.ludwig-van.com\/montreal\/wp-content\/uploads\/sites\/3\/2018\/10\/BWM_Tim_BradyGtr_CREDIT_Laurence_Labat.jpg 1024w, https:\/\/www.ludwig-van.com\/montreal\/wp-content\/uploads\/sites\/3\/2018\/10\/BWM_Tim_BradyGtr_CREDIT_Laurence_Labat-300x199.jpg 300w, https:\/\/www.ludwig-van.com\/montreal\/wp-content\/uploads\/sites\/3\/2018\/10\/BWM_Tim_BradyGtr_CREDIT_Laurence_Labat-768x510.jpg 768w\" sizes=\"(max-width: 1024px) 100vw, 1024px\" \/><figcaption id=\"caption-attachment-56622\" class=\"wp-caption-text\">Tim Brady. (Photo: Laurence Labat)<\/figcaption><\/figure>\n<p>Ce n&rsquo;est pas une pand\u00e9mie qui va arr\u00eater <strong>Tim Brady<\/strong>, infatigable id\u00e9ateur de projets ambitieux. Tel un cam\u00e9l\u00e9on, il s&rsquo;adapte aux circonstances en transformant ses projets, et s&rsquo;inspire m\u00eame de la pand\u00e9mie pour ses cr\u00e9ations. Dans la t\u00eate du compositeur, deux op\u00e9ras sont actuellement en gestation, tandis que son rendez-vous annuel des \u00ab\u00a0100 guitares\u00a0\u00bb aura lieu sous une forme virtuelle adapt\u00e9e aux circonstances. Entretien.<\/p>\n<p>Le titres du premier op\u00e9ra qu&rsquo;il compose est<em><strong> Backstage at Carnegie Hall<\/strong>.\u00a0<\/em>Personne ne sera \u00e9tonn\u00e9 d&rsquo;apprendre qu&rsquo;on y trouve&#8230;une guitare \u00e9lectrique.<\/p>\n<p>\u00ab\u00a0C&rsquo;est un op\u00e9ra de chambre de 90 minutes en deux actes, sur <a href=\"https:\/\/fr.wikipedia.org\/wiki\/Charlie_Christian\" target=\"_blank\" rel=\"noopener noreferrer\">Charlie Christian<\/a>, un guitariste noir tr\u00e8s important, qui jouait avec un groupe blanc, dans les ann\u00e9es trente. Nous avons compl\u00e8tement invent\u00e9 une histoire, mais inspir\u00e9e de ce personnage. L&rsquo;op\u00e9ra parle \u00e0 la fois de la guitare \u00e9lectrique, et du racisme. La majorit\u00e9 de la distribution est noire, ce qui extr\u00eamement rare dans l&rsquo;op\u00e9ra en g\u00e9n\u00e9ral, mais au Canada, c&rsquo;est presque du jamais vu. Nous aurons cinq chanteurs et quatre musiciens. On travaille sur le projet depuis quatre ans. Nous avons re\u00e7u des subventions du Conseil des arts du Canada et je travaille avec une librettiste noire, <strong>Audrey Dwyer<\/strong>, qui est bas\u00e9e \u00e0 Winnipeg. Je fais cela en collaboration avec le <strong>Black Theatre Worskshop<\/strong> de Montr\u00e9al. Le lancement aura lieu en 2022, mais il y a deux semaines, nous avons re\u00e7u un investissement de 150 000 $ dans le projet du Fonds de cr\u00e9ation du Centre national des Arts. La premi\u00e8re aura toutefois lieu \u00e0 Montr\u00e9al. Ce n&rsquo;est pas tous les jours qu&rsquo;un op\u00e9ra contemporain re\u00e7oit un tel investissement.\u00a0\u00bb<\/p>\n<h2>Un op\u00e9ra dans un ordinateur<\/h2>\n<p>Comme <strong>Tim Brady<\/strong> travaille toujours sur plusieurs projets en m\u00eame temps, il planche \u00e9galement sur la composition d&rsquo;un op\u00e9ra virtuel bas\u00e9 sur une id\u00e9e originale de <strong>John Sobol.<\/strong><\/p>\n<p>\u00ab\u00a0D&rsquo;abord, l&rsquo;op\u00e9ra se passe dans un ordinateur. Quelqu&rsquo;un clique et navigue sur internet, et l&rsquo;ordinateur et son \u00ab\u00a0desktop\u00a0\u00bb sont litt\u00e9ralement un personnage. Les deux autres personnages sont deux infirmi\u00e8res. L&rsquo;une travaille dans un CHSLD. L&rsquo;autre infirmi\u00e8re est dans le pass\u00e9, en 1939. Elle raconte ses exp\u00e9riences comme infirmi\u00e8re pendant la pand\u00e9mie de 1918-1919. On fait le lien entre le travail des deux infirmi\u00e8res. C&rsquo;est un op\u00e9ra plus court, d&rsquo;une vingtaine de minutes. Le gros d\u00e9fi, c&rsquo;est de savoir, o\u00f9 on va avoir l&rsquo;autorisation de faire la captation, compte tenu des r\u00e8gles sanitaires actuelles. Ce qui est aussi int\u00e9ressant, pour moi, c&rsquo;est le contraste entre les deux op\u00e9ras et les d\u00e9fis diff\u00e9rents qu&rsquo;il pose: un op\u00e9ra traditionnel et un autre, virtuel.\u00a0\u00bb<\/p>\n<h2>Les 100 guitares<\/h2>\n<p>Son projet annuel de concert r\u00e9unissant guitaristes \u00e9lectriques est en cours de r\u00e9alisation, avec, cette ann\u00e9e, le d\u00e9fi additionnel de mettre sur pied cette cr\u00e9ation collective de fa\u00e7on virtuelle. Les participants ont d\u00e9j\u00e0 commenc\u00e9 \u00e0 travailler depuis quelques semaines.<\/p>\n<p>\u00ab\u00a0Il m&rsquo;a fallu quelques semaines de r\u00e9flexion pour comprendre les enjeux pratiques de cette \u00e9dition-l\u00e0 des 100 guitares, trouver une formule o\u00f9 tout le monde va jouer, une musique assez simple et claire pour qu&rsquo;ils puissent la faire chez eux, sans le soutien d&rsquo;un chef traditionnel, mais qui va donner un r\u00e9sultat int\u00e9ressant \u00e0 \u00e9couter. C&rsquo;est une pi\u00e8ce de 14 minutes, il faut qu&rsquo;il y ait une coh\u00e9rence, du dynamisme, de l&rsquo;\u00e9lan. J&rsquo;ai travaill\u00e9 avec mon quatuor pour monter le projet d&rsquo;un c\u00f4t\u00e9 et avec les 100 guitares, on va monter un autre type de sonorit\u00e9, pour finalement mettre les deux ensemble. Cela va n\u00e9cessiter l&rsquo;aide de trois monteurs num\u00e9riques, car c&rsquo;est assez complexe. En plus, nous allons ajouter des photographies pour donner une dimension visuelle, car maintenant, juste de voir tout le monde jouer dans des petits carr\u00e9s sur Zoom, je trouve que \u00e7a va pour quelques minutes, mais pour une pi\u00e8ce de 14 minutes, ce serait un peu ennuyeux. Ce ne sera pas juste une captation sur Zoom, mais un objet esth\u00e9tique \u00e0 part enti\u00e8re. Ce ne sera pas une recr\u00e9ation d&rsquo;une version \u00ab\u00a0live\u00a0\u00bb de ce qu&rsquo;on faisait habituellement. C&rsquo;est une cr\u00e9ation compl\u00e8tement diff\u00e9rente.\u00a0\u00bb<\/p>\n<p>La pr\u00e9sentation de cette cr\u00e9ation aura lieu en f\u00e9vrier.<\/p>\n<h2>Mais comment fait-il?<\/h2>\n<p>Chaque fois que je discute avec <strong>Tim Brady<\/strong> (et autres artistes hyperactifs), la question qui me vient \u00e0 l&rsquo;esprit est toujours la m\u00eame: mais comment faites-vous pour mener autant de projets de front? Sa r\u00e9ponse:<\/p>\n<p>\u00ab\u00a0Honn\u00eatement, je ne sais pas si je suis naturellement dou\u00e9 pour faire du multit\u00e2ches, ou si c&rsquo;est parce que je le fais depuis quarante ans que j&rsquo;ai appris, mais il ne faut pas oublier que tous ces projets \u00e9voluent lentement, et on ne se concentre par sur tous en m\u00eame temps. Par exemple, l&rsquo;op\u00e9ra <em>Backstage \u00e0 Carnegie Hall<\/em> aura pris six ans \u00e0 venir au monde. On ne peut donc pas travailler sur tous nos projets, \u00e0 temps plein. Une chose importante \u00e0 savoir, c&rsquo;est que je ne commence jamais un projet avant d&rsquo;avoir en t\u00eate une image tr\u00e8s claire de ce que ce sera. J&rsquo;ai une vision claire de la r\u00e9alit\u00e9 de la production, et je prends des bonnes notes que je garde dans mon ordinateur. J&rsquo;\u00e9cris un document o\u00f9 je m&rsquo;explique clairement \u00e0 moi-m\u00eame en quoi consiste le projet. De cette fa\u00e7on, si je reste quatre mois sans y travailler, lorsque j&rsquo;y reviens, je peux reprendre les choses exactement l\u00e0 o\u00f9 elles \u00e9taient.\u00a0\u00bb<\/p>\n<h2>LIRE AUSSI:<\/h2>\n<p>&nbsp;<\/p>\n<blockquote class=\"wp-embedded-content\" data-secret=\"bLLOZNiCq1\"><p><a href=\"https:\/\/www.ludwig-van.com\/montreal\/2018\/11\/30\/playlist-de-noel-classique-reconfortante-relaxer\/\">PLAYLIST |  La liste d&rsquo;\u00e9coute classique r\u00e9confortante pour l&rsquo;hiver et le temps des f\u00eates<\/a><\/p><\/blockquote>\n<p><iframe class=\"wp-embedded-content\" sandbox=\"allow-scripts\" security=\"restricted\" style=\"position: absolute; clip: rect(1px, 1px, 1px, 1px);\" title=\"\u00ab\u00a0PLAYLIST |  La liste d&rsquo;\u00e9coute classique r\u00e9confortante pour l&rsquo;hiver et le temps des f\u00eates\u00a0\u00bb &#8212; Ludwig Van Montreal\" src=\"https:\/\/www.ludwig-van.com\/montreal\/2018\/11\/30\/playlist-de-noel-classique-reconfortante-relaxer\/embed\/#?secret=bLLOZNiCq1\" data-secret=\"bLLOZNiCq1\" width=\"600\" height=\"338\" frameborder=\"0\" marginwidth=\"0\" marginheight=\"0\" scrolling=\"no\"><\/iframe><\/p>\n<p>&nbsp;<\/p>\n<p>&nbsp;<\/p>\n<p>&nbsp;<\/p>\n<p>&nbsp;<\/p>\n<p>&nbsp;<\/p>\n<p>&nbsp;<\/p>\n<p>&nbsp;<\/p>\n<p>&nbsp;<\/p>\n","protected":false},"excerpt":{"rendered":"<p>Ce n&rsquo;est pas une pand\u00e9mie qui va arr\u00eater Tim Brady, infatigable id\u00e9ateur de projets ambitieux. Tel un cam\u00e9l\u00e9on, il s&rsquo;adapte aux circonstances en transformant ses projets, et s&rsquo;inspire m\u00eame de la pand\u00e9mie pour ses cr\u00e9ations. Dans la t\u00eate du compositeur, deux op\u00e9ras sont actuellement en gestation, tandis que son rendez-vous annuel des \u00ab\u00a0100 guitares\u00a0\u00bb aura lieu sous une forme virtuelle adapt\u00e9e aux circonstances. Entretien.<\/p>\n","protected":false},"author":51,"featured_media":65177,"comment_status":"open","ping_status":"open","sticky":false,"template":"","format":"standard","meta":{"om_disable_all_campaigns":false,"jetpack_post_was_ever_published":false},"categories":[37357,10956,10992],"tags":[4135,4479],"yst_prominent_words":[34247,40484,10426,18079,9842,40922,7616,10592,17825,22097,10538,10645,6886,38645,11543,10423,9841,10060,16851,14109],"acf":[],"jetpack_featured_media_url":"https:\/\/www.ludwig-van.com\/montreal\/wp-content\/uploads\/sites\/3\/2020\/10\/Tim-Brady-cr-M.Morrisette.jpg","jetpack_sharing_enabled":true,"jetpack_shortlink":"https:\/\/wp.me\/p9bdYt-h1P","amp_enabled":true,"_links":{"self":[{"href":"https:\/\/www.ludwig-van.com\/montreal\/wp-json\/wp\/v2\/posts\/65461"}],"collection":[{"href":"https:\/\/www.ludwig-van.com\/montreal\/wp-json\/wp\/v2\/posts"}],"about":[{"href":"https:\/\/www.ludwig-van.com\/montreal\/wp-json\/wp\/v2\/types\/post"}],"author":[{"embeddable":true,"href":"https:\/\/www.ludwig-van.com\/montreal\/wp-json\/wp\/v2\/users\/51"}],"replies":[{"embeddable":true,"href":"https:\/\/www.ludwig-van.com\/montreal\/wp-json\/wp\/v2\/comments?post=65461"}],"version-history":[{"count":2,"href":"https:\/\/www.ludwig-van.com\/montreal\/wp-json\/wp\/v2\/posts\/65461\/revisions"}],"predecessor-version":[{"id":65463,"href":"https:\/\/www.ludwig-van.com\/montreal\/wp-json\/wp\/v2\/posts\/65461\/revisions\/65463"}],"wp:featuredmedia":[{"embeddable":true,"href":"https:\/\/www.ludwig-van.com\/montreal\/wp-json\/wp\/v2\/media\/65177"}],"wp:attachment":[{"href":"https:\/\/www.ludwig-van.com\/montreal\/wp-json\/wp\/v2\/media?parent=65461"}],"wp:term":[{"taxonomy":"category","embeddable":true,"href":"https:\/\/www.ludwig-van.com\/montreal\/wp-json\/wp\/v2\/categories?post=65461"},{"taxonomy":"post_tag","embeddable":true,"href":"https:\/\/www.ludwig-van.com\/montreal\/wp-json\/wp\/v2\/tags?post=65461"},{"taxonomy":"yst_prominent_words","embeddable":true,"href":"https:\/\/www.ludwig-van.com\/montreal\/wp-json\/wp\/v2\/yst_prominent_words?post=65461"}],"curies":[{"name":"wp","href":"https:\/\/api.w.org\/{rel}","templated":true}]}}