{"id":65458,"date":"2020-12-01T15:22:44","date_gmt":"2020-12-01T20:22:44","guid":{"rendered":"https:\/\/www.ludwig-van.com\/montreal\/?p=65458"},"modified":"2020-12-01T15:22:44","modified_gmt":"2020-12-01T20:22:44","slug":"nouvelle-yannick-nezet-seguin-remporte-prix-betty-webster-dorchestres-canada","status":"publish","type":"post","link":"https:\/\/www.ludwig-van.com\/montreal\/2020\/12\/01\/nouvelle-yannick-nezet-seguin-remporte-prix-betty-webster-dorchestres-canada\/","title":{"rendered":"NOUVELLE | Yannick N\u00e9zet-S\u00e9guin remporte le prix Betty Webster d&rsquo;Orchestres Canada"},"content":{"rendered":"<figure id=\"attachment_64944\" aria-describedby=\"caption-attachment-64944\" style=\"width: 1200px\" class=\"wp-caption aligncenter\"><img decoding=\"async\" loading=\"lazy\" class=\"size-full wp-image-64944\" src=\"https:\/\/www.ludwig-van.com\/montreal\/wp-content\/uploads\/sites\/3\/2020\/08\/Yannick-N\u00e9zet-S\u00e9guin-OM-cover.jpg\" alt=\"\" width=\"1200\" height=\"628\" srcset=\"https:\/\/www.ludwig-van.com\/montreal\/wp-content\/uploads\/sites\/3\/2020\/08\/Yannick-N\u00e9zet-S\u00e9guin-OM-cover.jpg 1200w, https:\/\/www.ludwig-van.com\/montreal\/wp-content\/uploads\/sites\/3\/2020\/08\/Yannick-N\u00e9zet-S\u00e9guin-OM-cover-300x157.jpg 300w, https:\/\/www.ludwig-van.com\/montreal\/wp-content\/uploads\/sites\/3\/2020\/08\/Yannick-N\u00e9zet-S\u00e9guin-OM-cover-1024x536.jpg 1024w, https:\/\/www.ludwig-van.com\/montreal\/wp-content\/uploads\/sites\/3\/2020\/08\/Yannick-N\u00e9zet-S\u00e9guin-OM-cover-768x402.jpg 768w\" sizes=\"(max-width: 1200px) 100vw, 1200px\" \/><figcaption id=\"caption-attachment-64944\" class=\"wp-caption-text\">Yannick N\u00e9zet-S\u00e9guin (Photo: Fran\u00e7ois Goupil)<\/figcaption><\/figure>\n<p>&nbsp;<\/p>\n<p><strong>Yannick N\u00e9zet-S\u00e9guin<\/strong> a remport\u00e9 le prix Betty-Webster d&rsquo;Orchestre Canada, un prix qui r\u00e9compense une personne ou \u00e0 une organisation qui a apport\u00e9 une contribution soutenue et significative pendant plusieurs ann\u00e9es \u00e0 la communaut\u00e9 orchestrale canadienne, en mettant l&rsquo;accent sur le leadership, l&rsquo;\u00e9ducation et le b\u00e9n\u00e9volat. Il a \u00e9t\u00e9 cr\u00e9\u00e9 en 2002 pour honorer la directrice g\u00e9n\u00e9rale fondatrice d&rsquo;Orchestres Canada.<\/p>\n<p>En 2019, c&rsquo;est <a href=\"https:\/\/www.ludwig-van.com\/montreal\/2019\/10\/04\/nouvelle-claire-guimond-recoit-prix-betty-webster-dorchestres-canada\/\" target=\"_blank\" rel=\"noopener noreferrer\">Claire Guimond, d&rsquo;Arion Orchestre baroque<\/a>, qui avait remport\u00e9 ce prix.<\/p>\n<p>Le chef d&rsquo;orchestre a r\u00e9agi par voix de communiqu\u00e9:<\/p>\n<p>\u00ab Je suis profond\u00e9ment touch\u00e9 de recevoir ce prix Betty Webster remis par Orchestres Canada. Notre milieu orchestral canadien foisonne de talents et bien que les temps actuels ne soient pas faciles, je suis de ceux qui ont espoir et qui croient en la solidarit\u00e9 pour les prochains mois. \u00c0 tout le milieu orchestral, les musiciens de partout au pays, bravo et merci pour toutes vos initiatives. Cette reconnaissance me fait vraiment chaud au c\u0153ur. \u00bb<\/p>\n<p>Le prix comprend une plaque ainsi qu\u2019un don \u00e0 l&rsquo;orchestre choisi par le laur\u00e9at. M. N\u00e9zet-S\u00e9guin a demand\u00e9 que le don de cette ann\u00e9e soit dirig\u00e9 vers l\u2019Orchestre symphonique de l\u2019\u00c9cole Joseph-Fran\u00e7ois Perrault.<\/p>\n<p>Le jury national \u00e9tait pr\u00e9sid\u00e9 par Jennifer MacDonald, membre du conseil d&rsquo;administration d&rsquo;OC et directrice des op\u00e9rations artistiques du Calgary Philharmonic Orchestra, et comprenait la laur\u00e9ate de l&rsquo;ann\u00e9e derni\u00e8re, Claire Guimond (fl\u00fbtiste et fondatrice\/directrice artistique d&rsquo;Arion Orchestre Baroque, Montr\u00e9al QC) ; Chris Lee (tuba, Orchestre du Centre national des Arts) ; Eric Mathis (directeur de l&rsquo;administration artistique et tromboniste, Symphony Nova Scotia, Halifax NS) ; Leanne Miners (responsable artistique, North Bay ON) ; et Jeffrey Ryan (compositeur, Vancouver BC).<\/p>\n<p>On pourra voir <strong>Yannick N\u00e9zet-S\u00e9guin<\/strong> diriger l&rsquo;Orchestre M\u00e9tropolitain et un choeur professionnel le 6 d\u00e9cembre prochain, dans le cadre du Festival Bach. Au programme: la Messe en si mineur, de Jean-S\u00e9bastien Bach, qui sera capt\u00e9e et diffus\u00e9e en direct de la Maison symphonique, et disponible seulement pour cette occasion (aucune rediffusion pr\u00e9vue). <a href=\"https:\/\/quebecbaroque.com\/produits\/concerts\/yannick-nezet-seguin-dir\/\" target=\"_blank\" rel=\"noopener noreferrer\">D\u00c9TAILS<\/a><\/p>\n<p>Toutes nos f\u00e9licitations \u00e0 Yannick N\u00e9zet-S\u00e9guin pour cet honneur bien m\u00e9rit\u00e9.<\/p>\n<p>&nbsp;<\/p>\n<h2>LIRE AUSSI:<\/h2>\n<p>&nbsp;<\/p>\n<blockquote class=\"wp-embedded-content\" data-secret=\"aPY9YeoXX2\"><p><a href=\"https:\/\/www.ludwig-van.com\/montreal\/2020\/11\/25\/nouvelle-decouvrez-finalistes-prochains-prix-opus\/\">NOUVELLE | D\u00e9couvrez qui sont tous les finalistes des prochains Prix Opus!<\/a><\/p><\/blockquote>\n<p><iframe class=\"wp-embedded-content\" sandbox=\"allow-scripts\" security=\"restricted\" style=\"position: absolute; clip: rect(1px, 1px, 1px, 1px);\" title=\"\u00ab\u00a0NOUVELLE | D\u00e9couvrez qui sont tous les finalistes des prochains Prix Opus!\u00a0\u00bb &#8212; Ludwig Van Montreal\" src=\"https:\/\/www.ludwig-van.com\/montreal\/2020\/11\/25\/nouvelle-decouvrez-finalistes-prochains-prix-opus\/embed\/#?secret=aPY9YeoXX2\" data-secret=\"aPY9YeoXX2\" width=\"600\" height=\"338\" frameborder=\"0\" marginwidth=\"0\" marginheight=\"0\" scrolling=\"no\"><\/iframe><\/p>\n<p>&nbsp;<\/p>\n<p>&nbsp;<\/p>\n<p>&nbsp;<\/p>\n<p>&nbsp;<\/p>\n","protected":false},"excerpt":{"rendered":"<p>Yannick N\u00e9zet-S\u00e9guin a remport\u00e9 le prix Betty-Webster d&rsquo;Orchestre Canada, un prix qui r\u00e9compense une personne ou \u00e0 une organisation qui a apport\u00e9 une contribution soutenue et significative pendant plusieurs ann\u00e9es \u00e0 la communaut\u00e9 orchestrale canadienne, en mettant l&rsquo;accent sur le leadership, l&rsquo;\u00e9ducation et le b\u00e9n\u00e9volat. Il a \u00e9t\u00e9 cr\u00e9\u00e9 en 2002 pour honorer la directrice g\u00e9n\u00e9rale fondatrice d&rsquo;Orchestres Canada.<\/p>\n","protected":false},"author":51,"featured_media":64944,"comment_status":"open","ping_status":"open","sticky":false,"template":"","format":"standard","meta":{"om_disable_all_campaigns":false,"jetpack_post_was_ever_published":false},"categories":[37357,10956,10992],"tags":[4135,2521,3627],"yst_prominent_words":[9840,8684,7070,15461,15454,31738,34879,34880,10444,10201,15462,9813,40917,9900,10001,11327,9857,14845,9899,9848],"acf":[],"jetpack_featured_media_url":"https:\/\/www.ludwig-van.com\/montreal\/wp-content\/uploads\/sites\/3\/2020\/08\/Yannick-N\u00e9zet-S\u00e9guin-OM-cover.jpg","jetpack_sharing_enabled":true,"jetpack_shortlink":"https:\/\/wp.me\/p9bdYt-h1M","amp_enabled":true,"_links":{"self":[{"href":"https:\/\/www.ludwig-van.com\/montreal\/wp-json\/wp\/v2\/posts\/65458"}],"collection":[{"href":"https:\/\/www.ludwig-van.com\/montreal\/wp-json\/wp\/v2\/posts"}],"about":[{"href":"https:\/\/www.ludwig-van.com\/montreal\/wp-json\/wp\/v2\/types\/post"}],"author":[{"embeddable":true,"href":"https:\/\/www.ludwig-van.com\/montreal\/wp-json\/wp\/v2\/users\/51"}],"replies":[{"embeddable":true,"href":"https:\/\/www.ludwig-van.com\/montreal\/wp-json\/wp\/v2\/comments?post=65458"}],"version-history":[{"count":1,"href":"https:\/\/www.ludwig-van.com\/montreal\/wp-json\/wp\/v2\/posts\/65458\/revisions"}],"predecessor-version":[{"id":65459,"href":"https:\/\/www.ludwig-van.com\/montreal\/wp-json\/wp\/v2\/posts\/65458\/revisions\/65459"}],"wp:featuredmedia":[{"embeddable":true,"href":"https:\/\/www.ludwig-van.com\/montreal\/wp-json\/wp\/v2\/media\/64944"}],"wp:attachment":[{"href":"https:\/\/www.ludwig-van.com\/montreal\/wp-json\/wp\/v2\/media?parent=65458"}],"wp:term":[{"taxonomy":"category","embeddable":true,"href":"https:\/\/www.ludwig-van.com\/montreal\/wp-json\/wp\/v2\/categories?post=65458"},{"taxonomy":"post_tag","embeddable":true,"href":"https:\/\/www.ludwig-van.com\/montreal\/wp-json\/wp\/v2\/tags?post=65458"},{"taxonomy":"yst_prominent_words","embeddable":true,"href":"https:\/\/www.ludwig-van.com\/montreal\/wp-json\/wp\/v2\/yst_prominent_words?post=65458"}],"curies":[{"name":"wp","href":"https:\/\/api.w.org\/{rel}","templated":true}]}}