{"id":65390,"date":"2020-11-16T09:56:56","date_gmt":"2020-11-16T14:56:56","guid":{"rendered":"https:\/\/www.ludwig-van.com\/montreal\/?p=65390"},"modified":"2020-11-16T10:07:46","modified_gmt":"2020-11-16T15:07:46","slug":"entretien-arion-orchestre-baroque-lart-de-sadapter-2020","status":"publish","type":"post","link":"https:\/\/www.ludwig-van.com\/montreal\/2020\/11\/16\/entretien-arion-orchestre-baroque-lart-de-sadapter-2020\/","title":{"rendered":"ENTRETIEN  | Arion Orchestre Baroque: l&rsquo;art de s&rsquo;adapter en 2020"},"content":{"rendered":"<figure id=\"attachment_65391\" aria-describedby=\"caption-attachment-65391\" style=\"width: 1200px\" class=\"wp-caption aligncenter\"><img decoding=\"async\" loading=\"lazy\" class=\"size-full wp-image-65391\" src=\"https:\/\/www.ludwig-van.com\/montreal\/wp-content\/uploads\/sites\/3\/2020\/11\/Arion-entretien.jpg\" alt=\"\" width=\"1200\" height=\"628\" srcset=\"https:\/\/www.ludwig-van.com\/montreal\/wp-content\/uploads\/sites\/3\/2020\/11\/Arion-entretien.jpg 1200w, https:\/\/www.ludwig-van.com\/montreal\/wp-content\/uploads\/sites\/3\/2020\/11\/Arion-entretien-300x157.jpg 300w, https:\/\/www.ludwig-van.com\/montreal\/wp-content\/uploads\/sites\/3\/2020\/11\/Arion-entretien-1024x536.jpg 1024w, https:\/\/www.ludwig-van.com\/montreal\/wp-content\/uploads\/sites\/3\/2020\/11\/Arion-entretien-768x402.jpg 768w\" sizes=\"(max-width: 1200px) 100vw, 1200px\" \/><figcaption id=\"caption-attachment-65391\" class=\"wp-caption-text\">Arion Orchestre Baroque. (Photo: Mari Photographe)<\/figcaption><\/figure>\n<p>&nbsp;<\/p>\n<p>Pendant que la pand\u00e9mie de COVID-19 continue de bouleverser l\u2019\u00e9conomie, la vie sociale, les milieux de travail et la culture, nos organismes musicaux s\u2019adaptent et doivent changer leurs approches en jonglant avec l\u2019\u00e9volution des mesures sanitaires et des d\u00e9cisions gouvernementales parfois difficiles \u00e0 suivre. Chez <strong>Arion Orchestre Baroque<\/strong>, on souhaite avant tout rester en contact avec le public et garder les musiciens actifs autant que possible. <strong>Mathieu Lussier<\/strong>, directeur artistique, raconte qu\u2019il a fallu faire preuve de souplesse et d\u2019inventivit\u00e9.<\/p>\n<p>Alors que les programmations sont normalement pens\u00e9es tr\u00e8s longtemps \u00e0 l\u2019avance, avec l\u2019\u00e9volution des mesures et des interdictions, il faut constamment revisiter les programmes de concerts et s\u2019adapter.<\/p>\n<p>\u00ab Cela fait travailler la souplesse des organisations et des structures, dit <strong>Mathieu Lussier.<\/strong> On y va un programme \u00e0 la fois, car il ne sert \u00e0 rien de s\u2019\u00e9nerver. Il y a des prises de conscience qui sont positives et qui vont aussi changer des choses une fois que le public sera revenu en salles. \u00bb<\/p>\n<p>Pour le moment, <strong>Arion Orchestre Baroque, qui f\u00eate ses 40 ans,<\/strong> a compl\u00e8tement chang\u00e9 par rapport \u00e0 <a href=\"https:\/\/www.ludwig-van.com\/montreal\/2020\/03\/02\/nouvelle-premiere-a-maison-symphonique-40e-saison-darion\/\" target=\"_blank\" rel=\"noopener noreferrer\">ce qui \u00e9tait pr\u00e9vu au printemps<\/a>.<\/p>\n<p>\u00ab\u00a0La seule chose qui est rest\u00e9e intacte de notre saison 2020-2021, c\u2019est notre concert Bach de mars prochain, qui ne fait appel qu\u2019aux cordes. \u00c9videmment, les artistes \u00e9trangers ne peuvent pas venir et nous ne pouvons pas faire entrer tous nos musiciens selon les normes de la salle Bourgie, qui ne permet que onze musiciens sur sc\u00e8ne, alors que nous sommes habituellement quinze.\u00a0\u00bb<\/p>\n<p>Avec les deux concerts que l\u2019on peut pr\u00e9sentement d\u00e9couvrir en webdiffusion, Les Nations et Conversation intime, on se retrouve avec onze et sept musiciens.<\/p>\n<p>\u00ab\u00a0Mon but \u00e9tait de faire travailler les musiciens. Nous avons donc s\u00e9par\u00e9 le concert en deux programmes. J\u2019ai m\u00eame d\u00e9cid\u00e9 de ne pas diriger afin de c\u00e9der ma place sur sc\u00e8ne \u00e0 un musicien de plus.\u00a0\u00bb<\/p>\n<p>Point positif de cette configuration en petits groupes et sans chef\u00a0: les musiciens doivent s\u2019\u00e9couter et communiquer encore plus qu\u2019\u00e0 l\u2019habitude.<\/p>\n<p>\u00ab\u00a0Ce que j\u2019ai trouv\u00e9 int\u00e9ressant avec ces deux concerts, c\u2019est que c\u2019est une occasion de travailler la communication interne. Chez Arion, nos musiciens ne sont pas habitu\u00e9s de jouer sans chef, alors c\u2019\u00e9tait nouveau. C\u2019est un exercice de conversation en musique, et cela a \u00e9t\u00e9 une belle exp\u00e9rience pour nos musiciens.\u00a0Cela dit, nous avons h\u00e2te de jouer devant notre public et de sentir qu\u2019il est avec nous. \u00bb<\/p>\n<p>Les deux concerts L<a href=\"https:\/\/arionbaroque.com\/fr\/francois-couperin-les-nations\" target=\"_blank\" rel=\"noopener noreferrer\">es Nations<\/a> et <a href=\"https:\/\/arionbaroque.com\/fr\/corelli-muffat-et-handel-conversations-intimes\" target=\"_blank\" rel=\"noopener noreferrer\">Conversations intimes<\/a> sont disponibles en webdiffusion jusqu\u2019au 3 d\u00e9cembre, minuit.<\/p>\n<p>&nbsp;<\/p>\n<figure id=\"attachment_47027\" aria-describedby=\"caption-attachment-47027\" style=\"width: 1024px\" class=\"wp-caption aligncenter\"><img decoding=\"async\" loading=\"lazy\" class=\"size-full wp-image-47027\" src=\"https:\/\/www.ludwig-van.com\/montreal\/wp-content\/uploads\/sites\/3\/2017\/09\/MathieuLussier_3PhotoGenevieveLesieur.jpg\" alt=\"Mathieu Lussier (Photo: Genevieve Lesieur)\" width=\"1024\" height=\"682\" srcset=\"https:\/\/www.ludwig-van.com\/montreal\/wp-content\/uploads\/sites\/3\/2017\/09\/MathieuLussier_3PhotoGenevieveLesieur.jpg 1024w, https:\/\/www.ludwig-van.com\/montreal\/wp-content\/uploads\/sites\/3\/2017\/09\/MathieuLussier_3PhotoGenevieveLesieur-300x200.jpg 300w, https:\/\/www.ludwig-van.com\/montreal\/wp-content\/uploads\/sites\/3\/2017\/09\/MathieuLussier_3PhotoGenevieveLesieur-768x512.jpg 768w\" sizes=\"(max-width: 1024px) 100vw, 1024px\" \/><figcaption id=\"caption-attachment-47027\" class=\"wp-caption-text\">Mathieu Lussier (Photo: Genevieve Lesieur)<\/figcaption><\/figure>\n<p>&nbsp;<\/p>\n<h2>Programmes<\/h2>\n<h3>Concert Les Nations<\/h3>\n<p><a href=\"https:\/\/arionbaroque.com\/fr\/francois-couperin-les-nations\" target=\"_blank\" rel=\"noopener noreferrer\">BILLETS<\/a><\/p>\n<p><strong>Arion Orchestre Baroque<\/strong> en formation de 8 musiciens men\u00e9s par <strong>Tanya LaPerri\u00e8re<\/strong> se plonge dans ce tour de l\u2019Europe musicale baroque avec des arr\u00eats en France, Espagne, Italie et Allemagne.<\/p>\n<p>Fran\u00e7ois Couperin : Les Nations<\/p>\n<p>Fran\u00e7ois Couperin (1668-1733)<\/p>\n<p>Les Nations (extraits)<\/p>\n<p><em>La Fran\u00e7aise<\/em><\/p>\n<p>Sonade<\/p>\n<p>Sarabande<\/p>\n<p>Chaconne<\/p>\n<p>Gavotte<\/p>\n<p>&nbsp;<\/p>\n<p><em>L\u2019Espagnole<\/em><\/p>\n<p>Sonade<\/p>\n<p>Bourr\u00e9e et double<\/p>\n<p>&nbsp;<\/p>\n<p><em>L\u2019Imp\u00e9riale<\/em><\/p>\n<p>Gigue<\/p>\n<p>Chaconne<\/p>\n<p>&nbsp;<\/p>\n<p><em>La Pi\u00e9montaise<\/em><\/p>\n<p>Sonade<\/p>\n<p>Seconde courante<\/p>\n<p>Rondeau<\/p>\n<p>&nbsp;<\/p>\n<h3>Concert Conversations intimes<\/h3>\n<p><a href=\"https:\/\/arionbaroque.com\/fr\/corelli-muffat-et-handel-conversations-intimes\" target=\"_blank\" rel=\"noopener noreferrer\">BILLETS<\/a><\/p>\n<p><strong>Arion Orchestre Baroque<\/strong> en formation de 11 musiciens men\u00e9s par <strong>No\u00e9my Gagnon-Lafrenais<\/strong> pr\u00e9sente une incursion dans l\u2019univers riche et passionnant du concerto grosso, sorte de conversation en musique, dont les ma\u00eetres du genre ont \u00e9t\u00e9 Corelli, Handel et l\u2019allemand Muffat.<\/p>\n<p>Francesco Geminiani (1687-1762)<\/p>\n<p>Concerto grosso en do mineur, op. 2, no 1 (version 1732)<\/p>\n<p>Andante \u2013 Allegro \u2013 Adagio \u2013 Allegro<\/p>\n<p>&nbsp;<\/p>\n<p>Georg Muffat (1653-1704)<\/p>\n<p>Sonate pour cordes en sol mineur, no 2 du recueil \u00ab Armonico tributo \u00bb<\/p>\n<p>Sonata : Grave, Allegro, Grave, Forte et allegro, Grave \u2013 Aria \u2013 Grave \u2013 Sarabanda \u2013 Grave \u2013 Borea<\/p>\n<p>&nbsp;<\/p>\n<p>Arcangelo Corelli (1653-1713)<\/p>\n<p>Concerto grosso en si b\u00e9mol majeur, op.6, no 5<\/p>\n<p>Adagio, Allegro \u2013 Adagio \u2013 Allegro \u2013 Largo \u2013 Allegro<\/p>\n<p>&nbsp;<\/p>\n<p>Georg Muffat<\/p>\n<p>Sonate pour cordes en mi mineur, no 4 du recueil \u00ab Armonico tributo \u00bb<\/p>\n<p>Sonata : Grave \u2013 Balletto \u2013 Adagio, Presto \u00ad\u00ad\u00ad\u2013 Menuet \u2013 Adagio \u2013 Aria presto<\/p>\n<p>&nbsp;<\/p>\n<p>George Frideric Handel (1685-1759)<\/p>\n<p>Concerto grosso en la majeur, op. 6, no 11<\/p>\n<p>Andante larghetto e staccato \u2013 Allegro \u2013 Largo \u2013 Andante \u2013 Allegro<\/p>\n<p>&nbsp;<\/p>\n<h2>LIRE AUSSI:<\/h2>\n<p>&nbsp;<\/p>\n<blockquote class=\"wp-embedded-content\" data-secret=\"RHIU7oiY9X\"><p><a href=\"https:\/\/www.ludwig-van.com\/montreal\/2020\/09\/24\/disques-quatre-suggestions-decoute-automne-bien-rempli-de-musique-classique\/\">DISQUES | Quatre suggestions d&rsquo;\u00e9coute pour un automne bien rempli de musique classique<\/a><\/p><\/blockquote>\n<p><iframe class=\"wp-embedded-content\" sandbox=\"allow-scripts\" security=\"restricted\" style=\"position: absolute; clip: rect(1px, 1px, 1px, 1px);\" title=\"\u00ab\u00a0DISQUES | Quatre suggestions d&rsquo;\u00e9coute pour un automne bien rempli de musique classique\u00a0\u00bb &#8212; Ludwig Van Montreal\" src=\"https:\/\/www.ludwig-van.com\/montreal\/2020\/09\/24\/disques-quatre-suggestions-decoute-automne-bien-rempli-de-musique-classique\/embed\/#?secret=RHIU7oiY9X\" data-secret=\"RHIU7oiY9X\" width=\"600\" height=\"338\" frameborder=\"0\" marginwidth=\"0\" marginheight=\"0\" scrolling=\"no\"><\/iframe><\/p>\n<p>&nbsp;<\/p>\n<p>&nbsp;<\/p>\n<p>&nbsp;<\/p>\n<p>&nbsp;<\/p>\n<p>&nbsp;<\/p>\n","protected":false},"excerpt":{"rendered":"<p>Pendant que la pand\u00e9mie de COVID-19 continue de bouleverser l\u2019\u00e9conomie, la vie sociale, les milieux de travail et la culture, nos organismes musicaux s\u2019adaptent et doivent changer leurs approches en jonglant avec l\u2019\u00e9volution des mesures sanitaires et des d\u00e9cisions gouvernementales parfois difficiles \u00e0 suivre. Chez Arion Orchestre Baroque, on souhaite avant tout rester en contact avec le public et garder les musiciens actifs autant que possible. Mathieu Lussier, directeur artistique, raconte qu\u2019il a fallu faire preuve de souplesse et d\u2019inventivit\u00e9.<\/p>\n","protected":false},"author":51,"featured_media":65391,"comment_status":"open","ping_status":"open","sticky":false,"template":"","format":"standard","meta":{"om_disable_all_campaigns":false,"jetpack_post_was_ever_published":false},"categories":[37357,10956,10998],"tags":[15468,38551,5959,16743],"yst_prominent_words":[40842,17661,40840,40847,11337,10359,40607,40609,16007,40844,40846,12072,40843,10304,10707,40610,11327,40608,40841,40845],"acf":[],"jetpack_featured_media_url":"https:\/\/www.ludwig-van.com\/montreal\/wp-content\/uploads\/sites\/3\/2020\/11\/Arion-entretien.jpg","jetpack_sharing_enabled":true,"jetpack_shortlink":"https:\/\/wp.me\/p9bdYt-h0G","amp_enabled":true,"_links":{"self":[{"href":"https:\/\/www.ludwig-van.com\/montreal\/wp-json\/wp\/v2\/posts\/65390"}],"collection":[{"href":"https:\/\/www.ludwig-van.com\/montreal\/wp-json\/wp\/v2\/posts"}],"about":[{"href":"https:\/\/www.ludwig-van.com\/montreal\/wp-json\/wp\/v2\/types\/post"}],"author":[{"embeddable":true,"href":"https:\/\/www.ludwig-van.com\/montreal\/wp-json\/wp\/v2\/users\/51"}],"replies":[{"embeddable":true,"href":"https:\/\/www.ludwig-van.com\/montreal\/wp-json\/wp\/v2\/comments?post=65390"}],"version-history":[{"count":5,"href":"https:\/\/www.ludwig-van.com\/montreal\/wp-json\/wp\/v2\/posts\/65390\/revisions"}],"predecessor-version":[{"id":65397,"href":"https:\/\/www.ludwig-van.com\/montreal\/wp-json\/wp\/v2\/posts\/65390\/revisions\/65397"}],"wp:featuredmedia":[{"embeddable":true,"href":"https:\/\/www.ludwig-van.com\/montreal\/wp-json\/wp\/v2\/media\/65391"}],"wp:attachment":[{"href":"https:\/\/www.ludwig-van.com\/montreal\/wp-json\/wp\/v2\/media?parent=65390"}],"wp:term":[{"taxonomy":"category","embeddable":true,"href":"https:\/\/www.ludwig-van.com\/montreal\/wp-json\/wp\/v2\/categories?post=65390"},{"taxonomy":"post_tag","embeddable":true,"href":"https:\/\/www.ludwig-van.com\/montreal\/wp-json\/wp\/v2\/tags?post=65390"},{"taxonomy":"yst_prominent_words","embeddable":true,"href":"https:\/\/www.ludwig-van.com\/montreal\/wp-json\/wp\/v2\/yst_prominent_words?post=65390"}],"curies":[{"name":"wp","href":"https:\/\/api.w.org\/{rel}","templated":true}]}}