{"id":65360,"date":"2020-11-10T10:35:15","date_gmt":"2020-11-10T15:35:15","guid":{"rendered":"https:\/\/www.ludwig-van.com\/montreal\/?p=65360"},"modified":"2020-11-10T10:35:15","modified_gmt":"2020-11-10T15:35:15","slug":"nouvelle-festival-classica-edition-decembre","status":"publish","type":"post","link":"https:\/\/www.ludwig-van.com\/montreal\/2020\/11\/10\/nouvelle-festival-classica-edition-decembre\/","title":{"rendered":"NOUVELLE  | Le Festival Classica annonce une \u00e9dition avec 15 concerts en salle pour le mois de d\u00e9cembre"},"content":{"rendered":"<p style=\"text-align: center;\"><img decoding=\"async\" loading=\"lazy\" class=\"aligncenter size-full wp-image-64406\" src=\"https:\/\/www.ludwig-van.com\/montreal\/wp-content\/uploads\/sites\/3\/2020\/04\/Mathieu-Gaudet-cover3.jpg\" alt=\"\" width=\"1200\" height=\"628\" srcset=\"https:\/\/www.ludwig-van.com\/montreal\/wp-content\/uploads\/sites\/3\/2020\/04\/Mathieu-Gaudet-cover3.jpg 1200w, https:\/\/www.ludwig-van.com\/montreal\/wp-content\/uploads\/sites\/3\/2020\/04\/Mathieu-Gaudet-cover3-300x157.jpg 300w, https:\/\/www.ludwig-van.com\/montreal\/wp-content\/uploads\/sites\/3\/2020\/04\/Mathieu-Gaudet-cover3-1024x536.jpg 1024w, https:\/\/www.ludwig-van.com\/montreal\/wp-content\/uploads\/sites\/3\/2020\/04\/Mathieu-Gaudet-cover3-768x402.jpg 768w\" sizes=\"(max-width: 1200px) 100vw, 1200px\" \/><\/p>\n<p>&nbsp;<\/p>\n<p>Qui ne risque rien n&rsquo;a rien! Au <strong>Festival Classica<\/strong>, on mise sur l&rsquo;optimisme avec un rappel adapt\u00e9 de l&rsquo;\u00e9dition 2020 \u00ab\u00a0<a href=\"https:\/\/www.festivalclassica.com\/programme#DeBeethovenaBowie\" target=\"_blank\" rel=\"noopener noreferrer\">De Beethoven \u00e0 Bowie<\/a>\u00a0\u00bb qui avait d\u00fb <a href=\"https:\/\/www.ludwig-van.com\/montreal\/2020\/04\/09\/nouvelle-festival-classica-annule-edition-2020\/\" target=\"_blank\" rel=\"noopener noreferrer\">\u00eatre annul\u00e9e <\/a>au printemps \u00e0 cause de la COVID-19 et du confinement. On pr\u00e9voit quinze concerts, du 12 au 20 d\u00e9cembre, dans des \u00e9glises de St-Lambert, Mirabel et Boucherville.<\/p>\n<p>\u00c9videmment, si jamais le gouvernement d\u00e9cidait un prolongement des fermetures actuelles, une solution de rechange est d\u00e9j\u00e0 pr\u00eate pour une version virtuelle de ce <em>Beethoven \u00e0 Bowie<\/em>, soit la diffusion sur la nouvelle plateforme leconcertbleu.com, <a href=\"https:\/\/www.ludwig-van.com\/montreal\/2020\/07\/09\/nouvelle-le-concert-bleu-une-plateforme-numerique-pour-la-musique-classique-voit-le-jour\/\" target=\"_blank\" rel=\"noopener noreferrer\">initiative du Festival Classica annonc\u00e9e cet \u00e9t\u00e9<\/a>. Tous les concerts de l&rsquo;\u00e9dition y seront diffus\u00e9s, qu&rsquo;il y ait un public en salle ou non.<\/p>\n<p>Comme son nom l&rsquo;indique, cette \u00e9dition 2020 se veut un hommage \u00e0 Beethoven, dont on souligne cette ann\u00e9e le 250e anniversaire. Elle comprendra donc, entre autres, une int\u00e9grale de ses 32 sonates pour piano, en six r\u00e9citals par quatre pianistes, doit <strong>Serhiy Salov<\/strong>, <strong>Marika Bournaki<\/strong>, <strong>Jean-Philippe Sylvestre<\/strong> et <strong>Elisabeth Pion<\/strong>. Ces r\u00e9citals auront lieu les 19 et 20 d\u00e9cembre \u00e0 l&rsquo;\u00e9glise presbyt\u00e9rienne St.Andrew&rsquo;s de Saint-Lambert.<\/p>\n<p>Une autre int\u00e9grale est au programme: les 5 sonates pour violoncelle et piano, mais avec pianoforte, par <strong>St\u00e9phane T\u00e9treault<\/strong> et <strong>Lysandre M\u00e9nard<\/strong>, en deux r\u00e9citals \u00e0 l&rsquo;\u00e9glise Sainte-Famille de Boucherville, les 15 et 16 d\u00e9cembre, \u00e0 19 h. <a href=\"https:\/\/www.festivalclassica.com\/les-5-sonates-de-beethoven-1\" target=\"_blank\" rel=\"noopener noreferrer\">D\u00c9TAILS<\/a><\/p>\n<p>Les autres concerts pr\u00e9vus proposent des programmations assez originales par des artistes d&rsquo;ici, par exemple, un \u00ab\u00a0<a href=\"https:\/\/www.festivalclassica.com\/beauty-and-the-beast\" target=\"_blank\" rel=\"noopener noreferrer\">David Bowie de chambre<\/a>\u00a0\u00bb par cinq musiciennes, soit <strong>Nadia Labrie<\/strong> (fl\u00fbte), <strong>\u00c9lise Poulin<\/strong> (hautbois), <strong>Corine Chartr\u00e9-Lefebvre<\/strong> (cor), <strong>Laurence Neill-Poirier<\/strong> (clarinette) et <strong>Gabri\u00e8le Dostie-Poirier<\/strong> (basson), qui interpr\u00e9teront des chansons du c\u00e9l\u00e8bre artiste dans des arrangement sign\u00e9s <strong>Vincent Boyer<\/strong>. Le 13 d\u00e9cembre, 15 h, Saint Andrew\u2019s Presbyterian Church.<\/p>\n<p>De plus, deux concerts hors s\u00e9rie seront pr\u00e9sent\u00e9s avant le Festival comme tel: <a href=\"https:\/\/www.festivalclassica.com\/jardin-musical\" target=\"_blank\" rel=\"noopener noreferrer\">Jardin Musical<\/a>, avec l&rsquo;Ensemble Caprice, Julie Triquet et Jean-Philippe Sylvestre, le 28 novembre, et <a href=\"https:\/\/www.festivalclassica.com\/a-la-conquete-d-andre-mathieu\" target=\"_blank\" rel=\"noopener noreferrer\">\u00c0 la conqu\u00eate d&rsquo;Andr\u00e9 Mathieu<\/a>, avec Caroline Ch\u00e9had\u00e9 (violon), Chlo\u00e9 Dominguez (violoncelle), Elvira Misbakhova (alto), Jean-Philippe Sylvestre (piano) et Marc Djokic (violon), le 29 novembre.<\/p>\n<p>Il va sans dire que toutes les mesures de distanciation physique et les normes sanitaires seront strictement observ\u00e9es, nous indique-t-on au Festival. Le nombre de spectateurs pour chaque concert variera donc en fonction de l&rsquo;espace, certains concerts ne pouvant accueillir que 50 spectateurs.<\/p>\n<p>Sans avoir de boule de cristal et de talents divinatoires, cette bonne nouvelle me semble annonciatrice de temps meilleurs pour la musique en 2021, et pour la soci\u00e9t\u00e9 en g\u00e9n\u00e9ral. Peut-\u00eatre que nous entrons enfin dans une nouvelle phase, plus heureuse et porteuse de changements positifs. Souhaitons-le de tout c\u0153ur.<\/p>\n<p><a href=\"https:\/\/www.festivalclassica.com\/programme#DeBeethovenaBowie\" target=\"_blank\" rel=\"noopener noreferrer\">VOIR LA PROGRAMMATION COMPL\u00c8TE<\/a><\/p>\n<p>&nbsp;<\/p>\n<h2>LIRE AUSSI:<\/h2>\n<p>&nbsp;<\/p>\n<blockquote class=\"wp-embedded-content\" data-secret=\"aNXP93mVrN\"><p><a href=\"https:\/\/www.ludwig-van.com\/montreal\/2020\/10\/21\/nouvelle-i-musici-de-montreal-annonce-une-belle-saison-et-quelques-surprises-pour-2020-2021\/\">NOUVELLE  | I Musici de Montr\u00e9al annonce une belle saison et quelques surprises pour 2020-2021<\/a><\/p><\/blockquote>\n<p><iframe class=\"wp-embedded-content\" sandbox=\"allow-scripts\" security=\"restricted\" style=\"position: absolute; clip: rect(1px, 1px, 1px, 1px);\" title=\"\u00ab\u00a0NOUVELLE  | I Musici de Montr\u00e9al annonce une belle saison et quelques surprises pour 2020-2021\u00a0\u00bb &#8212; Ludwig Van Montreal\" src=\"https:\/\/www.ludwig-van.com\/montreal\/2020\/10\/21\/nouvelle-i-musici-de-montreal-annonce-une-belle-saison-et-quelques-surprises-pour-2020-2021\/embed\/#?secret=aNXP93mVrN\" data-secret=\"aNXP93mVrN\" width=\"600\" height=\"338\" frameborder=\"0\" marginwidth=\"0\" marginheight=\"0\" scrolling=\"no\"><\/iframe><\/p>\n<p>&nbsp;<\/p>\n<p>&nbsp;<\/p>\n<p>&nbsp;<\/p>\n<p>&nbsp;<\/p>\n<p>&nbsp;<\/p>\n<p>&nbsp;<\/p>\n<p>&nbsp;<\/p>\n<p>&nbsp;<\/p>\n<p>&nbsp;<\/p>\n<p>&nbsp;<\/p>\n","protected":false},"excerpt":{"rendered":"<p>Qui ne risque rien n&rsquo;a rien! Au Festival Classica, on mise sur l&rsquo;optimisme avec un rappel adapt\u00e9 de l&rsquo;\u00e9dition 2020 \u00ab\u00a0De Beethoven \u00e0 Bowie\u00a0\u00bb qui avait d\u00fb \u00eatre annul\u00e9e au printemps \u00e0 cause de la COVID-19 et du confinement. On pr\u00e9voit quinze concerts, du 12 au 20 d\u00e9cembre, dans des \u00e9glises de St-Lambert, Mirabel et Boucherville.<\/p>\n","protected":false},"author":51,"featured_media":64406,"comment_status":"open","ping_status":"open","sticky":false,"template":"","format":"standard","meta":{"om_disable_all_campaigns":false,"jetpack_post_was_ever_published":false},"categories":[37357,10956,10992],"tags":[4135,485,38551,19920],"yst_prominent_words":[11223,11151,10190,27436,28636,9964,40808,40810,40809,10172,8858,14590,7412,12354,12359,12351,12349,7141,12319,12360],"acf":[],"jetpack_featured_media_url":"https:\/\/www.ludwig-van.com\/montreal\/wp-content\/uploads\/sites\/3\/2020\/04\/Mathieu-Gaudet-cover3.jpg","jetpack_sharing_enabled":true,"jetpack_shortlink":"https:\/\/wp.me\/p9bdYt-h0c","amp_enabled":true,"_links":{"self":[{"href":"https:\/\/www.ludwig-van.com\/montreal\/wp-json\/wp\/v2\/posts\/65360"}],"collection":[{"href":"https:\/\/www.ludwig-van.com\/montreal\/wp-json\/wp\/v2\/posts"}],"about":[{"href":"https:\/\/www.ludwig-van.com\/montreal\/wp-json\/wp\/v2\/types\/post"}],"author":[{"embeddable":true,"href":"https:\/\/www.ludwig-van.com\/montreal\/wp-json\/wp\/v2\/users\/51"}],"replies":[{"embeddable":true,"href":"https:\/\/www.ludwig-van.com\/montreal\/wp-json\/wp\/v2\/comments?post=65360"}],"version-history":[{"count":2,"href":"https:\/\/www.ludwig-van.com\/montreal\/wp-json\/wp\/v2\/posts\/65360\/revisions"}],"predecessor-version":[{"id":65362,"href":"https:\/\/www.ludwig-van.com\/montreal\/wp-json\/wp\/v2\/posts\/65360\/revisions\/65362"}],"wp:featuredmedia":[{"embeddable":true,"href":"https:\/\/www.ludwig-van.com\/montreal\/wp-json\/wp\/v2\/media\/64406"}],"wp:attachment":[{"href":"https:\/\/www.ludwig-van.com\/montreal\/wp-json\/wp\/v2\/media?parent=65360"}],"wp:term":[{"taxonomy":"category","embeddable":true,"href":"https:\/\/www.ludwig-van.com\/montreal\/wp-json\/wp\/v2\/categories?post=65360"},{"taxonomy":"post_tag","embeddable":true,"href":"https:\/\/www.ludwig-van.com\/montreal\/wp-json\/wp\/v2\/tags?post=65360"},{"taxonomy":"yst_prominent_words","embeddable":true,"href":"https:\/\/www.ludwig-van.com\/montreal\/wp-json\/wp\/v2\/yst_prominent_words?post=65360"}],"curies":[{"name":"wp","href":"https:\/\/api.w.org\/{rel}","templated":true}]}}