{"id":65337,"date":"2020-11-06T14:10:36","date_gmt":"2020-11-06T19:10:36","guid":{"rendered":"https:\/\/www.ludwig-van.com\/montreal\/?p=65337"},"modified":"2020-11-06T21:04:44","modified_gmt":"2020-11-07T02:04:44","slug":"choix-de-redaction-cinq-prestations-musicales-webdiffusion-a-decouvrir-fin-de-semaine","status":"publish","type":"post","link":"https:\/\/www.ludwig-van.com\/montreal\/2020\/11\/06\/choix-de-redaction-cinq-prestations-musicales-webdiffusion-a-decouvrir-fin-de-semaine\/","title":{"rendered":"CHOIX DE LA R\u00c9DACTION | Cinq prestations musicales en webdiffusion \u00e0 d\u00e9couvrir en fin de semaine"},"content":{"rendered":"<p style=\"text-align: center;\"><img decoding=\"async\" loading=\"lazy\" class=\"aligncenter size-full wp-image-65343\" src=\"https:\/\/www.ludwig-van.com\/montreal\/wp-content\/uploads\/sites\/3\/2020\/11\/Choix-du-4-novembre-Copy1.jpg\" alt=\"\" width=\"1200\" height=\"628\" srcset=\"https:\/\/www.ludwig-van.com\/montreal\/wp-content\/uploads\/sites\/3\/2020\/11\/Choix-du-4-novembre-Copy1.jpg 1200w, https:\/\/www.ludwig-van.com\/montreal\/wp-content\/uploads\/sites\/3\/2020\/11\/Choix-du-4-novembre-Copy1-300x157.jpg 300w, https:\/\/www.ludwig-van.com\/montreal\/wp-content\/uploads\/sites\/3\/2020\/11\/Choix-du-4-novembre-Copy1-1024x536.jpg 1024w, https:\/\/www.ludwig-van.com\/montreal\/wp-content\/uploads\/sites\/3\/2020\/11\/Choix-du-4-novembre-Copy1-768x402.jpg 768w\" sizes=\"(max-width: 1200px) 100vw, 1200px\" \/><\/p>\n<p>&nbsp;<\/p>\n<h4>La fin de semaine est \u00e0 nos portes et les salles de concerts sont toujours ferm\u00e9es. Cela ne nous emp\u00eache pas d&rsquo;avoir envie de musique, et les m\u00e9lomanes sauront trouver leur compte avec ces productions pr\u00e9sent\u00e9es en mode virtuel. Voici nos quelques suggestions pour ce week-end.<\/h4>\n<h4>Bonne \u00e9coute!<\/h4>\n<p>&nbsp;<\/p>\n<figure id=\"attachment_58480\" aria-describedby=\"caption-attachment-58480\" style=\"width: 1024px\" class=\"wp-caption aligncenter\"><img decoding=\"async\" loading=\"lazy\" class=\"size-full wp-image-58480\" src=\"https:\/\/www.ludwig-van.com\/montreal\/wp-content\/uploads\/sites\/3\/2019\/01\/Orchestre-M\u00e9tropolitain_Francois_Goupil-WEB.jpg\" alt=\"Yannick N\u00e9zet-S\u00e9guin et l'Orchestre M\u00e9tropolitain partiront en tourn\u00e9e aux \u00c9tats-Unis en novembre prochain. (Photo: Fran\u00e7ois Goupil)\" width=\"1024\" height=\"625\" srcset=\"https:\/\/www.ludwig-van.com\/montreal\/wp-content\/uploads\/sites\/3\/2019\/01\/Orchestre-M\u00e9tropolitain_Francois_Goupil-WEB.jpg 1024w, https:\/\/www.ludwig-van.com\/montreal\/wp-content\/uploads\/sites\/3\/2019\/01\/Orchestre-M\u00e9tropolitain_Francois_Goupil-WEB-300x183.jpg 300w, https:\/\/www.ludwig-van.com\/montreal\/wp-content\/uploads\/sites\/3\/2019\/01\/Orchestre-M\u00e9tropolitain_Francois_Goupil-WEB-768x469.jpg 768w\" sizes=\"(max-width: 1024px) 100vw, 1024px\" \/><figcaption id=\"caption-attachment-58480\" class=\"wp-caption-text\">Yannick N\u00e9zet-S\u00e9guin et l&rsquo;Orchestre M\u00e9tropolitain. (Photo: Fran\u00e7ois Goupil)<\/figcaption><\/figure>\n<h2>Le <em>Requiem<\/em> de Faur\u00e9 avec l&rsquo;Orchestre M\u00e9tropolitain<\/h2>\n<p>Apr\u00e8s une rentr\u00e9e \u00e0 la Maison symphonique qui ne lui a laiss\u00e9 le temps que d&rsquo;un seul concert, l&rsquo;<strong>Orchestre M\u00e9tropolitain<\/strong> pr\u00e9sente \u00e0 compter de ce soir le chef-d&rsquo;oeuvre de Faur\u00e9, son Requiem, sous la direction de Yannick N\u00e9zet-S\u00e9guin, avec deux excellents chanteurs: la soprano Suzanne Taffor et le baryton-basse Philippe Sly. \u00c9galement au programme: The Chariot Jubilee, de Nathaniel Dett.<\/p>\n<p><strong>Disponible \u00e0 compte de 14 h aujourd&rsquo;hui, \u00e0 partir du site de l&rsquo;OM, jusqu&rsquo;au 13 novembre, minuit, pour 17 $.<\/strong> <a href=\"https:\/\/orchestremetropolitain.com\/fr\/concert\/le-requiem-de-faure\/\" target=\"_blank\" rel=\"noopener noreferrer\">D\u00c9TAILS ET BILLETS<\/a><\/p>\n<p>&nbsp;<\/p>\n<p>&nbsp;<\/p>\n<p>&nbsp;<\/p>\n<figure id=\"attachment_65340\" aria-describedby=\"caption-attachment-65340\" style=\"width: 1200px\" class=\"wp-caption aligncenter\"><img decoding=\"async\" loading=\"lazy\" class=\"size-full wp-image-65340\" src=\"https:\/\/www.ludwig-van.com\/montreal\/wp-content\/uploads\/sites\/3\/2020\/11\/Vanessa-Croome-Florence-Bourget-\u00a9Yves-Renaud-redim.jpg\" alt=\"\" width=\"1200\" height=\"801\" srcset=\"https:\/\/www.ludwig-van.com\/montreal\/wp-content\/uploads\/sites\/3\/2020\/11\/Vanessa-Croome-Florence-Bourget-\u00a9Yves-Renaud-redim.jpg 1200w, https:\/\/www.ludwig-van.com\/montreal\/wp-content\/uploads\/sites\/3\/2020\/11\/Vanessa-Croome-Florence-Bourget-\u00a9Yves-Renaud-redim-300x200.jpg 300w, https:\/\/www.ludwig-van.com\/montreal\/wp-content\/uploads\/sites\/3\/2020\/11\/Vanessa-Croome-Florence-Bourget-\u00a9Yves-Renaud-redim-1024x684.jpg 1024w, https:\/\/www.ludwig-van.com\/montreal\/wp-content\/uploads\/sites\/3\/2020\/11\/Vanessa-Croome-Florence-Bourget-\u00a9Yves-Renaud-redim-768x513.jpg 768w\" sizes=\"(max-width: 1200px) 100vw, 1200px\" \/><figcaption id=\"caption-attachment-65340\" class=\"wp-caption-text\">Vanessa Croome et Florence Bourget dans L&rsquo;Hiver attend beaucoup de moi. (Photo: Yves Renaud.)<\/figcaption><\/figure>\n<h2>Op\u00e9ra de Montr\u00e9al: programme double<\/h2>\n<p>En programme double avec La Voix Humaine, de Francis Poulenc, l&rsquo;Op\u00e9ra de Montr\u00e9al pr\u00e9sente une cr\u00e9ation de la compositrice qu\u00e9b\u00e9coise Laurence Jobidon, sur un livret de Pascale St-Onge. Le spectacle a \u00e9t\u00e9 capt\u00e9 le 29 octobre au Th\u00e9\u00e2tre Maisonneuve. France Bellemarre y livre une belle prestation dans La Voix Humaine. La nouvelle oeuvre, L&rsquo;Hiver attend beaucoup de moi, raconte l&rsquo;histoire de deux femmes qui marchent vers un refuge. Une tr\u00e8s belle partition qu&rsquo;il vaut la peine de d\u00e9couvrir. Bien que les d\u00e9cors et les costumes soient simples, ils sont beaux et appropri\u00e9s. Une production sans pr\u00e9tention mais riche en \u00e9motions.<\/p>\n<p><strong>Disponible jusqu&rsquo;au 19 novembre, minuit, pour 20 $.<\/strong> <a href=\"https:\/\/www.operademontreal.com\/programmation\/la-voix-humaine-et-lhiver-attend-beaucoup-de-moi\" target=\"_blank\" rel=\"noopener noreferrer\">D\u00c9TAILS ET BILLETS<\/a><\/p>\n<p>&nbsp;<\/p>\n<p>&nbsp;<\/p>\n<p>&nbsp;<\/p>\n<figure id=\"attachment_65341\" aria-describedby=\"caption-attachment-65341\" style=\"width: 1200px\" class=\"wp-caption aligncenter\"><img decoding=\"async\" loading=\"lazy\" class=\"size-full wp-image-65341\" src=\"https:\/\/www.ludwig-van.com\/montreal\/wp-content\/uploads\/sites\/3\/2020\/11\/Petit-Prince.jpg\" alt=\"\" width=\"1200\" height=\"598\" srcset=\"https:\/\/www.ludwig-van.com\/montreal\/wp-content\/uploads\/sites\/3\/2020\/11\/Petit-Prince.jpg 1200w, https:\/\/www.ludwig-van.com\/montreal\/wp-content\/uploads\/sites\/3\/2020\/11\/Petit-Prince-300x150.jpg 300w, https:\/\/www.ludwig-van.com\/montreal\/wp-content\/uploads\/sites\/3\/2020\/11\/Petit-Prince-1024x510.jpg 1024w, https:\/\/www.ludwig-van.com\/montreal\/wp-content\/uploads\/sites\/3\/2020\/11\/Petit-Prince-768x383.jpg 768w\" sizes=\"(max-width: 1200px) 100vw, 1200px\" \/><figcaption id=\"caption-attachment-65341\" class=\"wp-caption-text\">Une sc\u00e8ne du Petit Prince pr\u00e9sent\u00e9 au TNM. (Photo: page Facebook du TNM)<\/figcaption><\/figure>\n<h2>Le Petit Prince&#8230;d&rsquo;\u00c9ric Champagne<\/h2>\n<p>C&rsquo;est \u00e9videmment du <em>Petit Prince<\/em> de St-Exup\u00e9ry dont on parle ici, mais sous forme de th\u00e9\u00e2tre musical, avec une trame sonore du compositeur <strong>\u00c9ric Champagne<\/strong>. Une production du TNM dont on nous dit beaucoup de bien, en collaboration avec l&rsquo;Orchestre M\u00e9tropolitain, dont cinq musiciens assurent la partie musicale sous la direction de Yannick N\u00e9zet-S\u00e9guin. Ce sera la derni\u00e8re chance d&rsquo;y assister virtuellement en fin de semaine. Avec Benoit Bri\u00e8re, Jean-Fran\u00e7ois Casabonne, Sophie Desmarais, Fayolle Jean, Renaud Lacelle-Bourdon et Victor Andres Trelles Turgeon.<\/p>\n<p>Jusqu&rsquo;au 8 novembre, pour 17 $. <a href=\"https:\/\/tnm.qc.ca\/?spectacle=le-petit-prince\" target=\"_blank\" rel=\"noopener noreferrer\">D\u00c9TAILS ET BILLETS.<\/a><\/p>\n<p>&nbsp;<\/p>\n<p>&nbsp;<\/p>\n<p>&nbsp;<\/p>\n<div class=\"jetpack-video-wrapper\"><span class=\"embed-youtube\" style=\"text-align:center; display: block;\"><iframe loading=\"lazy\" class=\"youtube-player\" width=\"640\" height=\"360\" src=\"https:\/\/www.youtube.com\/embed\/85t-yPvtNPM?version=3&#038;rel=1&#038;showsearch=0&#038;showinfo=1&#038;iv_load_policy=1&#038;fs=1&#038;hl=fr-FR&#038;autohide=2&#038;wmode=transparent\" allowfullscreen=\"true\" style=\"border:0;\" sandbox=\"allow-scripts allow-same-origin allow-popups allow-presentation\"><\/iframe><\/span><\/div>\n<h2>St\u00e9phane T\u00e9treault et Kerson Leong \u00e0 l&rsquo;OSQ<\/h2>\n<p><strong>L&rsquo;Orchestre symphonique de Qu\u00e9bec<\/strong>, pour sa part, diffuse ses concerts sur sa page Facebook et sur YouTube. Vous pouvez visionner et \u00e9couter l&rsquo;un des derniers, pr\u00e9sent\u00e9 le 28 octobre dernier, sous la direction d&rsquo;Alexander Shelley, qui pr\u00e9sente chaque pi\u00e8ce avec moultes explications pertinentes.<\/p>\n<p><strong>Au programme:<\/strong><\/p>\n<p>Morlock : <em>My name is Amanda Todd<\/em><br \/>\nBrahms : Concerto pour violon et violoncelle, op. 102<br \/>\nSchumann : Symphonie no 1, op. 38, \u00ab Le Printemps \u00bb<\/p>\n<p>&nbsp;<\/p>\n<p>&nbsp;<\/p>\n<figure id=\"attachment_64967\" aria-describedby=\"caption-attachment-64967\" style=\"width: 1200px\" class=\"wp-caption aligncenter\"><img decoding=\"async\" loading=\"lazy\" class=\"size-full wp-image-64967\" src=\"https:\/\/www.ludwig-van.com\/montreal\/wp-content\/uploads\/sites\/3\/2020\/08\/Alain-Trudel-OSL-cover.jpg\" alt=\"Alain Trudel, chef et directeur artistique de l'Orchestre symphonique de Laval. (Photo: courtoisie de l'OSL)\" width=\"1200\" height=\"628\" srcset=\"https:\/\/www.ludwig-van.com\/montreal\/wp-content\/uploads\/sites\/3\/2020\/08\/Alain-Trudel-OSL-cover.jpg 1200w, https:\/\/www.ludwig-van.com\/montreal\/wp-content\/uploads\/sites\/3\/2020\/08\/Alain-Trudel-OSL-cover-300x157.jpg 300w, https:\/\/www.ludwig-van.com\/montreal\/wp-content\/uploads\/sites\/3\/2020\/08\/Alain-Trudel-OSL-cover-1024x536.jpg 1024w, https:\/\/www.ludwig-van.com\/montreal\/wp-content\/uploads\/sites\/3\/2020\/08\/Alain-Trudel-OSL-cover-768x402.jpg 768w\" sizes=\"(max-width: 1200px) 100vw, 1200px\" \/><figcaption id=\"caption-attachment-64967\" class=\"wp-caption-text\">Alain Trudel, chef et directeur artistique de l&rsquo;Orchestre symphonique de Laval. (Photo: courtoisie de l&rsquo;OSL)<\/figcaption><\/figure>\n<h2>Orchestre symphonique de Laval: concert d&rsquo;Halloween et yoga<\/h2>\n<p><strong>L&rsquo;Orchestre symphonique de Laval<\/strong>, qui avait pr\u00e9vu de pr\u00e9senter <a href=\"https:\/\/www.ludwig-van.com\/montreal\/2020\/08\/26\/nouvelle-lorchestre-symphonique-de-laval-sera-la-vedette-de-quatre-films-presentes-dans-les-cinemas-cet-automne\/\" target=\"_blank\" rel=\"noopener noreferrer\">sa saison automnale dans les cin\u00e9mas<\/a>, s&rsquo;est malheureusement fait doublement couper l&rsquo;herbe sous le pied lorsque les salles de cin\u00e9ma ont \u00e9t\u00e9 ferm\u00e9es en m\u00eame temps que les salles de concerts. Ils sont a donc d\u00e9cid\u00e9 d&rsquo;offrir certains de ces concerts <a href=\"https:\/\/www.osl.ca\/halloween?fbclid=IwAR0tlNpc0ToHYt5OdNtLJvXCrm92AFZW0KVw-XR348JrlcO8DmvjpkNV_4A\" target=\"_blank\" rel=\"noopener noreferrer\">sur leur site web<\/a>. Au programme: D\u00e9fil\u00e9 de marionnettes et <em>Par un soir d&rsquo;Halloween<\/em>, de <a href=\"https:\/\/www.ludwig-van.com\/montreal\/2018\/11\/19\/lartiste-de-la-semaine-maxime-goulet-limagination-debordante-dun-compositeur-jeux-video\/\" target=\"_blank\" rel=\"noopener noreferrer\">Maxime Goulet<\/a>. Concert disponible jusqu&rsquo;au 31 d\u00e9cembre.<\/p>\n<p>C&rsquo;est gratuit, mais en ces temps difficiles, les dons \u00e0 tous nos organismes musicaux sont les bienvenus! Besoin de vous d\u00e9tendre? L&rsquo;OSL propose \u00e9galement des s\u00e9ances de<a href=\"https:\/\/www.osl.ca\/yoga-musical?fbclid=IwAR1DziJrXe0AxHi2hXofdtPWkJEHaYmTGUutuFb7QHPi4PRthvugv5oxF3M\" target=\"_blank\" rel=\"noopener noreferrer\"> yoga musical.<\/a><\/p>\n<p>&nbsp;<\/p>\n<h2>LIRE AUSSI:<\/h2>\n<p>&nbsp;<\/p>\n<blockquote class=\"wp-embedded-content\" data-secret=\"SKYQRRcSij\"><p><a href=\"https:\/\/www.ludwig-van.com\/montreal\/2020\/10\/28\/nouvelle-losm-annonce-six-nouveaux-concerts-en-webdiffusion-dont-un-concert-dhalloween-gratuit\/\">NOUVELLE | L&rsquo;OSM annonce six nouveaux concerts en webdiffusion, dont un concert d&rsquo;Halloween gratuit<\/a><\/p><\/blockquote>\n<p><iframe class=\"wp-embedded-content\" sandbox=\"allow-scripts\" security=\"restricted\" style=\"position: absolute; clip: rect(1px, 1px, 1px, 1px);\" title=\"\u00ab\u00a0NOUVELLE | L&rsquo;OSM annonce six nouveaux concerts en webdiffusion, dont un concert d&rsquo;Halloween gratuit\u00a0\u00bb &#8212; Ludwig Van Montreal\" src=\"https:\/\/www.ludwig-van.com\/montreal\/2020\/10\/28\/nouvelle-losm-annonce-six-nouveaux-concerts-en-webdiffusion-dont-un-concert-dhalloween-gratuit\/embed\/#?secret=SKYQRRcSij\" data-secret=\"SKYQRRcSij\" width=\"600\" height=\"338\" frameborder=\"0\" marginwidth=\"0\" marginheight=\"0\" scrolling=\"no\"><\/iframe><\/p>\n<p>&nbsp;<\/p>\n<p>&nbsp;<\/p>\n<p>&nbsp;<\/p>\n<p>&nbsp;<\/p>\n<p>&nbsp;<\/p>\n<p>&nbsp;<\/p>\n<p>&nbsp;<\/p>\n<p>&nbsp;<\/p>\n<p>&nbsp;<\/p>\n<p>&nbsp;<\/p>\n<p>&nbsp;<\/p>\n<p>&nbsp;<\/p>\n<p>&nbsp;<\/p>\n","protected":false},"excerpt":{"rendered":"<p>La fin de semaine est \u00e0 nos portes et les salles de concerts sont toujours ferm\u00e9es. Cela ne nous emp\u00eache pas d&rsquo;avoir envie de musique, et les m\u00e9lomanes sauront trouver leur compte avec ces productions pr\u00e9sent\u00e9es en mode virtuel. Voici nos quelques suggestions pour ce week-end.<br \/>\nBonne \u00e9coute!<\/p>\n","protected":false},"author":51,"featured_media":65343,"comment_status":"open","ping_status":"open","sticky":false,"template":"","format":"standard","meta":{"om_disable_all_campaigns":false,"jetpack_post_was_ever_published":false},"categories":[37357,10956,10994],"tags":[],"yst_prominent_words":[8858,26052,19379,19380,40748,9813,9836,9808,10716,9837,40744,17053,40100,8313,29989,40747,9839,10717,20900,9848],"acf":[],"jetpack_featured_media_url":"https:\/\/www.ludwig-van.com\/montreal\/wp-content\/uploads\/sites\/3\/2020\/11\/Choix-du-4-novembre-Copy1.jpg","jetpack_sharing_enabled":true,"jetpack_shortlink":"https:\/\/wp.me\/p9bdYt-gZP","amp_enabled":true,"_links":{"self":[{"href":"https:\/\/www.ludwig-van.com\/montreal\/wp-json\/wp\/v2\/posts\/65337"}],"collection":[{"href":"https:\/\/www.ludwig-van.com\/montreal\/wp-json\/wp\/v2\/posts"}],"about":[{"href":"https:\/\/www.ludwig-van.com\/montreal\/wp-json\/wp\/v2\/types\/post"}],"author":[{"embeddable":true,"href":"https:\/\/www.ludwig-van.com\/montreal\/wp-json\/wp\/v2\/users\/51"}],"replies":[{"embeddable":true,"href":"https:\/\/www.ludwig-van.com\/montreal\/wp-json\/wp\/v2\/comments?post=65337"}],"version-history":[{"count":7,"href":"https:\/\/www.ludwig-van.com\/montreal\/wp-json\/wp\/v2\/posts\/65337\/revisions"}],"predecessor-version":[{"id":65347,"href":"https:\/\/www.ludwig-van.com\/montreal\/wp-json\/wp\/v2\/posts\/65337\/revisions\/65347"}],"wp:featuredmedia":[{"embeddable":true,"href":"https:\/\/www.ludwig-van.com\/montreal\/wp-json\/wp\/v2\/media\/65343"}],"wp:attachment":[{"href":"https:\/\/www.ludwig-van.com\/montreal\/wp-json\/wp\/v2\/media?parent=65337"}],"wp:term":[{"taxonomy":"category","embeddable":true,"href":"https:\/\/www.ludwig-van.com\/montreal\/wp-json\/wp\/v2\/categories?post=65337"},{"taxonomy":"post_tag","embeddable":true,"href":"https:\/\/www.ludwig-van.com\/montreal\/wp-json\/wp\/v2\/tags?post=65337"},{"taxonomy":"yst_prominent_words","embeddable":true,"href":"https:\/\/www.ludwig-van.com\/montreal\/wp-json\/wp\/v2\/yst_prominent_words?post=65337"}],"curies":[{"name":"wp","href":"https:\/\/api.w.org\/{rel}","templated":true}]}}