{"id":65262,"date":"2020-10-29T16:34:46","date_gmt":"2020-10-29T20:34:46","guid":{"rendered":"https:\/\/www.ludwig-van.com\/montreal\/?p=65262"},"modified":"2020-11-12T09:19:56","modified_gmt":"2020-11-12T14:19:56","slug":"nouvelle-orchestre-metropolitain-devoile-compositeurs-gagnants-de-grand-concours-heritage-de-beethoven","status":"publish","type":"post","link":"https:\/\/www.ludwig-van.com\/montreal\/2020\/10\/29\/nouvelle-orchestre-metropolitain-devoile-compositeurs-gagnants-de-grand-concours-heritage-de-beethoven\/","title":{"rendered":"NOUVELLE | L&rsquo;Orchestre M\u00e9tropolitain d\u00e9voile les compositeurs gagnants de son grand concours L&rsquo;h\u00e9ritage de Beethoven"},"content":{"rendered":"<p style=\"text-align: center;\"><img decoding=\"async\" loading=\"lazy\" class=\"aligncenter size-full wp-image-65266\" src=\"https:\/\/www.ludwig-van.com\/montreal\/wp-content\/uploads\/sites\/3\/2020\/10\/gagnants-concours-OM.jpg\" alt=\"\" width=\"1200\" height=\"628\" srcset=\"https:\/\/www.ludwig-van.com\/montreal\/wp-content\/uploads\/sites\/3\/2020\/10\/gagnants-concours-OM.jpg 1200w, https:\/\/www.ludwig-van.com\/montreal\/wp-content\/uploads\/sites\/3\/2020\/10\/gagnants-concours-OM-300x157.jpg 300w, https:\/\/www.ludwig-van.com\/montreal\/wp-content\/uploads\/sites\/3\/2020\/10\/gagnants-concours-OM-1024x536.jpg 1024w, https:\/\/www.ludwig-van.com\/montreal\/wp-content\/uploads\/sites\/3\/2020\/10\/gagnants-concours-OM-768x402.jpg 768w\" sizes=\"(max-width: 1200px) 100vw, 1200px\" \/><\/p>\n<p>&nbsp;<\/p>\n<p>Ils sont quatre, et ils auront droit \u00e0 une bourse de 5000 $ chacun, en plus d&rsquo;assister \u00e0 la cr\u00e9ation de leur oeuvre prim\u00e9e par l&rsquo;Orchestre M\u00e9tropolitain. Francis Battah, Nicholas Ryan, Cristina Garcia Islas et Marie-Pierre Brasset sont les gagnants du concours L&rsquo;h\u00e9ritage de Beethoven, <a href=\"https:\/\/www.ludwig-van.com\/montreal\/2020\/06\/04\/nouvelle-lorchestre-metropolitain-lance-un-grand-concours-de-composition\/\" target=\"_blank\" rel=\"noopener noreferrer\">lanc\u00e9 par l&rsquo;OM en juin dernier.<\/a><\/p>\n<p>Au total, <span lang=\"FR\">84 compositeurs et compositrices \u00e2g\u00e9\u00b7e\u00b7s de moins de 40 ans ont pos\u00e9 leur candidature dans le cadre du concours, en soumettant un \u00e9chantillon d&rsquo;une minute de la pi\u00e8ce qu&rsquo;ils comptaient pr\u00e9senter. Celle-ci devait \u00eatre repr\u00e9sentative de leur rapport avec Beethoven. Ces candidatures ont \u00e9t\u00e9 analys\u00e9es par un jury compos\u00e9 de Lyne Allard, Valerie Coleman, Barbara Croall, <a href=\"https:\/\/www.ludwig-van.com\/montreal\/2017\/12\/19\/entretien-visite-eric-champagne-rijksmuseum-rencontre-playmobil\/\" target=\"_blank\" rel=\"noopener noreferrer\">\u00c9ric Champagne<\/a> et <a href=\"https:\/\/www.ludwig-van.com\/montreal\/2020\/09\/22\/causerie-les-prix-azrieli-de-musique-a-la-rencontre-des-trois-compositeurs-laureats\/\" target=\"_blank\" rel=\"noopener noreferrer\">Keiko Devaux<\/a>. En plus de la bourse initiale de 5000 $, le prix sp\u00e9cial des musiciens de l\u2019OM, accompagn\u00e9 d\u2019une bourse de 5 000 $, sera attribu\u00e9 \u00e0 l\u2019un des quatre laur\u00e9ats \u00e0 la suite des prestations. De plus, le prix du public, d\u00e9voil\u00e9 dans les trois semaines suivant les prestations, d\u00e9terminera l\u2019\u0153uvre qui sera interpr\u00e9t\u00e9e \u00e0 nouveau par l\u2019OM \u00e0 l\u2019occasion de son prochain concert estival \u00ab L\u2019OM au pied du mont Royal \u00bb.\u00a0<\/span><\/p>\n<p>En plus des quatre laur\u00e9ats, cinq autres compositeurs ont re\u00e7u des mentions honorables du jury. Il s&rsquo;agit de <span lang=\"FR\"><b>Maggie Ayotte<\/b>, <b>Alexander Blank<\/b>, <b>Patrick Gigu\u00e8re<\/b>, <b>Dominique Lafortune<\/b> et <b>Denis Nassar-Baptista<\/b><\/span>.<\/p>\n<p>Toutes nos f\u00e9licitations aux laur\u00e9ats!<\/p>\n<h2><\/h2>\n<h2>Biographies des laur\u00e9ats<\/h2>\n<h3>Francis Battah<\/h3>\n<p>Francis Battah est un compositeur montr\u00e9alais. Apr\u00e8s des \u00e9tudes coll\u00e9giales en piano classique et en piano jazz, il obtient un baccalaur\u00e9at de composition instrumentale en 2017 \u00e0 l\u2019Universit\u00e9 de Montr\u00e9al, sous la tutelle d\u2019Alan Belkin, d\u2019Ana Sokolovi\u0107 et de Denis Gougeon. Ses \u0153uvres pour instruments solos, ensembles de chambre et orchestre ont \u00e9t\u00e9 jou\u00e9es \u00e0 de multiples occasions, notamment lors du Bozzini Vancouver Lab, des r\u00e9sidences de composition de l\u2019Orchestre de la Francophonie, du Festival Soir, des soir\u00e9es cr\u00e9ation de la Soci\u00e9t\u00e9 de Concerts de Montr\u00e9al et du Laboratoire de musique contemporaine de Montr\u00e9al. En 2019, il remporte un troisi\u00e8me prix au Concours international Anton\u00edn Dvo\u0159\u00e1k \u00e0 Prague, ainsi qu\u2019un prix sp\u00e9cial pour la meilleure fugue. Il \u00e9tudie pr\u00e9sentement \u00e0 McGill, \u00e0 la ma\u00eetrise, aupr\u00e8s de Denys Bouliane.<\/p>\n<p>Mentionnons que Francis Battah cumule les prix depuis l&rsquo;an dernier. Nous avions eu l&rsquo;occasion de lui parler, l&rsquo;an dernier, alors qu&rsquo;il avait remport\u00e9 deux prix au Concours international de composition Anton\u00edn Dvo\u0159\u00e1k. <a href=\"https:\/\/www.ludwig-van.com\/montreal\/2019\/07\/30\/nouvelle-francis-battah-remporte-deux-prix-au-concours-international-de-composition-antonin-dvorak\/\" target=\"_blank\" rel=\"noopener noreferrer\">LIRE L&rsquo;ENTREVUE AVEC FRANCIS BATTAH.<\/a><\/p>\n<p>De plus, il remportait r\u00e9cemment le Troisi\u00e8me prix de la SOCAN, avec <em>Six Pr\u00e9ludes<\/em>, cycle qui sortira le 6 novembre prochain sur toutes les plateformes num\u00e9riques, interpr\u00e9t\u00e9 par le pianiste <a href=\"https:\/\/www.ludwig-van.com\/montreal\/2019\/09\/28\/rencontre-philippe-prudhomme-scrupule\/\" target=\"_blank\" rel=\"noopener noreferrer\">Philippe Prud&rsquo;homme.<\/a><\/p>\n<p><a href=\"https:\/\/www.youtube.com\/watch?v=ZQMRhUteC7I&amp;list=OLAK5uy_kqSEGHGX6AvcJBrXmW8VWDwHgJHZvaTew\" target=\"_blank\" rel=\"noopener noreferrer\">\u00c9COUTER LES SIX PR\u00c9LUDES DE FRANCIS BATTAH<\/a><\/p>\n<h3>Marie-Pierre Brasset<\/h3>\n<p>N\u00e9e au Qu\u00e9bec en 1981, Marie-Pierre Brasset est une compositrice qui \u0153uvre dans le milieu de la musique classique contemporaine depuis une quinzaine d\u2019ann\u00e9es. Ses \u0153uvres ont \u00e9t\u00e9 interpr\u00e9t\u00e9es un peu partout au Qu\u00e9bec et au Canada par des ensembles tels que le Nouvel Ensemble Moderne, l\u2019ECM+, le Trio Fibonacci et le Quatuor Bozzini. L&rsquo;\u00e9coute contemplative de la nature marque profond\u00e9ment son travail de cr\u00e9ation. Elle d\u00e9tient un doctorat en recherche-cr\u00e9ation portant sur l\u2019op\u00e9ra contemporain et enseigne \u00e9galement comme charg\u00e9e de cours \u00e0 l\u2019Universit\u00e9 de Montr\u00e9al. <a href=\"http:\/\/mpbrasset.ca\/\" target=\"_blank\" rel=\"noopener noreferrer\">VISITER LE SITE DE MARIE-PIERRE BRASSET<\/a><\/p>\n<h3>Cristina Garc\u00eda Islas<\/h3>\n<p>Compositrice et conf\u00e9renci\u00e8re mexicaine et canadienne, Cristina Garc\u00eda Islas a particip\u00e9 \u00e0 de nombreux festivals et symposiums internationaux dont le Contemporary Encounters Meitar Ensemble International New Music Festival, en Isra\u00ebl, le s\u00e9minaire d\u2019\u00e9t\u00e9 international Synthetis pour les compositeurs, en Pologne, et le Festival Nuit Blanche, au Canada. \u00c0 titre de conf\u00e9renci\u00e8re, elle a \u00e9t\u00e9 l\u2019invit\u00e9e de l\u2019IRCAM, \u00e0 Paris, de l\u2019Universit\u00e9 Laval et du Consulat G\u00e9n\u00e9ral du Mexique \u00e0 Montr\u00e9al. Garc\u00eda Islas a obtenu un doctorat en composition de l\u2019Universit\u00e9 de Montr\u00e9al apr\u00e8s avoir termin\u00e9 des \u00e9tudes de 1er et 2e cycles au Conservatoire de musique et d\u2019art dramatique du Qu\u00e9bec, \u00e0 Montr\u00e9al. Garcia Islas enseigne actuellement \u00e0 l\u2019Universit\u00e9 nationale autonome du Mexique et \u00e0 l\u2019Universit\u00e9 An\u00e1huac M\u00e9xico. <a href=\"https:\/\/www.cristina-garcia-islas.com\/\" target=\"_blank\" rel=\"noopener noreferrer\">VISITER LE SITE DE CRISTINA GARCIA ISLAS<\/a><\/p>\n<h3>Nicholas Ryan<\/h3>\n<p>N.M. Ryan est un artiste du son, compositeur et conf\u00e9rencier \u00e9tabli \u00e0 Montr\u00e9al. On a pu entendre ses \u0153uvres aux festivals Art Matters, Tenor Notation et Suoni per il Popolo de m\u00eame qu\u2019\u00e0 la Galerie Espace, au Vivier Interuniveristaire et \u00e0 La Sotterenea. Ses compositions ont \u00e9t\u00e9 jou\u00e9es par des ensembles tels que le Quatuor Bozzini et le collectif de guitares \u00e9lectriques Instruments of Happiness. Il d\u00e9tient un baccalaur\u00e9at de l\u2019Universit\u00e9 Concordia o\u00f9 il a \u00e9tudi\u00e9 la composition avec Sandeep Bhagwati et Georges Dimitrov.<\/p>\n<p>&nbsp;<\/p>\n<h2>LIRE AUSSI:<\/h2>\n<p>&nbsp;<\/p>\n<blockquote class=\"wp-embedded-content\" data-secret=\"uPCtEmGtH6\"><p><a href=\"https:\/\/www.ludwig-van.com\/montreal\/2020\/10\/22\/nouvelle-airat-ichmouratov-recoit-prix-charles-biddle-2020\/\">NOUVELLE  | Airat Ichmouratov re\u00e7oit le prix Charles-Biddle 2020<\/a><\/p><\/blockquote>\n<p><iframe class=\"wp-embedded-content\" sandbox=\"allow-scripts\" security=\"restricted\" style=\"position: absolute; clip: rect(1px, 1px, 1px, 1px);\" title=\"\u00ab\u00a0NOUVELLE  | Airat Ichmouratov re\u00e7oit le prix Charles-Biddle 2020\u00a0\u00bb &#8212; Ludwig Van Montreal\" src=\"https:\/\/www.ludwig-van.com\/montreal\/2020\/10\/22\/nouvelle-airat-ichmouratov-recoit-prix-charles-biddle-2020\/embed\/#?secret=uPCtEmGtH6\" data-secret=\"uPCtEmGtH6\" width=\"600\" height=\"338\" frameborder=\"0\" marginwidth=\"0\" marginheight=\"0\" scrolling=\"no\"><\/iframe><\/p>\n<p>&nbsp;<\/p>\n<p>&nbsp;<\/p>\n<p>&nbsp;<\/p>\n<p>&nbsp;<\/p>\n<p>&nbsp;<\/p>\n<p>&nbsp;<\/p>\n<p>&nbsp;<\/p>\n","protected":false},"excerpt":{"rendered":"<p>Ils sont quatre, et ils auront droit \u00e0 une bourse de 5000 $ chacun, en plus d&rsquo;assister \u00e0 la cr\u00e9ation de leur oeuvre prim\u00e9e par l&rsquo;Orchestre M\u00e9tropolitain. Francis Battah, Nicholas Ryan, Cristina Garcia Islas et Marie-Pierre Brasset sont les gagnants du concours L&rsquo;h\u00e9ritage de Beethoven, lanc\u00e9 par l&rsquo;OM en juin dernier.<\/p>\n","protected":false},"author":51,"featured_media":65266,"comment_status":"open","ping_status":"open","sticky":false,"template":"","format":"standard","meta":{"om_disable_all_campaigns":false,"jetpack_post_was_ever_published":false},"categories":[37357,10956,10992],"tags":[4135,485,16677,2521],"yst_prominent_words":[8234,12254,40669,40664,17613,40667,10581,10207,40666,7694,40668,9857,21852,39618,32838,11418,40673],"acf":[],"jetpack_featured_media_url":"https:\/\/www.ludwig-van.com\/montreal\/wp-content\/uploads\/sites\/3\/2020\/10\/gagnants-concours-OM.jpg","jetpack_sharing_enabled":true,"jetpack_shortlink":"https:\/\/wp.me\/p9bdYt-gYC","amp_enabled":true,"_links":{"self":[{"href":"https:\/\/www.ludwig-van.com\/montreal\/wp-json\/wp\/v2\/posts\/65262"}],"collection":[{"href":"https:\/\/www.ludwig-van.com\/montreal\/wp-json\/wp\/v2\/posts"}],"about":[{"href":"https:\/\/www.ludwig-van.com\/montreal\/wp-json\/wp\/v2\/types\/post"}],"author":[{"embeddable":true,"href":"https:\/\/www.ludwig-van.com\/montreal\/wp-json\/wp\/v2\/users\/51"}],"replies":[{"embeddable":true,"href":"https:\/\/www.ludwig-van.com\/montreal\/wp-json\/wp\/v2\/comments?post=65262"}],"version-history":[{"count":4,"href":"https:\/\/www.ludwig-van.com\/montreal\/wp-json\/wp\/v2\/posts\/65262\/revisions"}],"predecessor-version":[{"id":65377,"href":"https:\/\/www.ludwig-van.com\/montreal\/wp-json\/wp\/v2\/posts\/65262\/revisions\/65377"}],"wp:featuredmedia":[{"embeddable":true,"href":"https:\/\/www.ludwig-van.com\/montreal\/wp-json\/wp\/v2\/media\/65266"}],"wp:attachment":[{"href":"https:\/\/www.ludwig-van.com\/montreal\/wp-json\/wp\/v2\/media?parent=65262"}],"wp:term":[{"taxonomy":"category","embeddable":true,"href":"https:\/\/www.ludwig-van.com\/montreal\/wp-json\/wp\/v2\/categories?post=65262"},{"taxonomy":"post_tag","embeddable":true,"href":"https:\/\/www.ludwig-van.com\/montreal\/wp-json\/wp\/v2\/tags?post=65262"},{"taxonomy":"yst_prominent_words","embeddable":true,"href":"https:\/\/www.ludwig-van.com\/montreal\/wp-json\/wp\/v2\/yst_prominent_words?post=65262"}],"curies":[{"name":"wp","href":"https:\/\/api.w.org\/{rel}","templated":true}]}}