{"id":65217,"date":"2020-10-19T13:01:21","date_gmt":"2020-10-19T17:01:21","guid":{"rendered":"https:\/\/www.ludwig-van.com\/montreal\/?p=65217"},"modified":"2020-10-19T16:46:32","modified_gmt":"2020-10-19T20:46:32","slug":"actualites-10-nouvelles-en-musique-classique-pour-nous-aider-a-garder-le-moral","status":"publish","type":"post","link":"https:\/\/www.ludwig-van.com\/montreal\/2020\/10\/19\/actualites-10-nouvelles-en-musique-classique-pour-nous-aider-a-garder-le-moral\/","title":{"rendered":"ACTUALIT\u00c9S\u00a0| 10 nouvelles en musique classique pour nous aider \u00e0 garder le moral"},"content":{"rendered":"<p style=\"text-align: center;\"><img decoding=\"async\" loading=\"lazy\" class=\"aligncenter size-full wp-image-65230\" src=\"https:\/\/www.ludwig-van.com\/montreal\/wp-content\/uploads\/sites\/3\/2020\/10\/Actualit\u00e9s-19-octobre.jpg\" alt=\"\" width=\"1200\" height=\"628\" srcset=\"https:\/\/www.ludwig-van.com\/montreal\/wp-content\/uploads\/sites\/3\/2020\/10\/Actualit\u00e9s-19-octobre.jpg 1200w, https:\/\/www.ludwig-van.com\/montreal\/wp-content\/uploads\/sites\/3\/2020\/10\/Actualit\u00e9s-19-octobre-300x157.jpg 300w, https:\/\/www.ludwig-van.com\/montreal\/wp-content\/uploads\/sites\/3\/2020\/10\/Actualit\u00e9s-19-octobre-1024x536.jpg 1024w, https:\/\/www.ludwig-van.com\/montreal\/wp-content\/uploads\/sites\/3\/2020\/10\/Actualit\u00e9s-19-octobre-768x402.jpg 768w\" sizes=\"(max-width: 1200px) 100vw, 1200px\" \/><\/p>\n<p>Elle est longue cette pand\u00e9mie, vous ne trouvez pas? Alors que cette deuxi\u00e8me fermeture des salles de concerts, pour l&rsquo;instant pr\u00e9vue jusqu&rsquo;\u00e0 la fin octobre, en a d\u00e9moralis\u00e9 plus d&rsquo;un, il reste tout de m\u00eame de nombreuses bonnes nouvelles en musique classique, preuve que nos musiciens et organismes musicaux ne baissent toujours pas les bras.<\/p>\n<p>&nbsp;<\/p>\n<figure id=\"attachment_65218\" aria-describedby=\"caption-attachment-65218\" style=\"width: 1053px\" class=\"wp-caption aligncenter\"><img decoding=\"async\" loading=\"lazy\" class=\"size-full wp-image-65218\" src=\"https:\/\/www.ludwig-van.com\/montreal\/wp-content\/uploads\/sites\/3\/2020\/10\/La-musique-aux-enfants.jpg\" alt=\"Mis en \u0153uvre en 2016 dans l\u2019arrondissement de Montr\u00e9al-Nord, La musique aux enfants vise \u00e0 initier les enfants d\u2019\u00e2ge pr\u00e9scolaire \u00e0 l\u2019apprentissage intensif de la musique afin de soutenir leur d\u00e9veloppement global et de contribuer ainsi \u00e0 leur r\u00e9ussite scolaire \u00e0 long terme.\" width=\"1053\" height=\"542\" srcset=\"https:\/\/www.ludwig-van.com\/montreal\/wp-content\/uploads\/sites\/3\/2020\/10\/La-musique-aux-enfants.jpg 1053w, https:\/\/www.ludwig-van.com\/montreal\/wp-content\/uploads\/sites\/3\/2020\/10\/La-musique-aux-enfants-300x154.jpg 300w, https:\/\/www.ludwig-van.com\/montreal\/wp-content\/uploads\/sites\/3\/2020\/10\/La-musique-aux-enfants-1024x527.jpg 1024w, https:\/\/www.ludwig-van.com\/montreal\/wp-content\/uploads\/sites\/3\/2020\/10\/La-musique-aux-enfants-768x395.jpg 768w\" sizes=\"(max-width: 1053px) 100vw, 1053px\" \/><figcaption id=\"caption-attachment-65218\" class=\"wp-caption-text\">Mis en \u0153uvre en 2016 dans l\u2019arrondissement de Montr\u00e9al-Nord, La musique aux enfants vise \u00e0 initier les enfants d\u2019\u00e2ge pr\u00e9scolaire \u00e0 l\u2019apprentissage intensif de la musique afin de soutenir leur d\u00e9veloppement global et de contribuer ainsi \u00e0 leur r\u00e9ussite scolaire \u00e0 long terme. (Photo: courtoisie de l&rsquo;OSM)<\/figcaption><\/figure>\n<h3>Cinqui\u00e8me rentr\u00e9e scolaire pour La Musique aux enfants<\/h3>\n<p>Le programme La Musique aux enfants, une initiative de Kent Nagano et de l&rsquo;Orchestre symphonique de Montr\u00e9al, a amorc\u00e9 sa cinqui\u00e8me rentr\u00e9e la semaine derni\u00e8re \u00e0 l&rsquo;\u00e9cole Saint-R\u00e9mi Annexe, situ\u00e9e \u00e0 Montr\u00e9al-Nord. La Musique aux enfants est int\u00e9gr\u00e9 \u00e0 m\u00eame le programme scolaire de l\u2019\u00e9cole Saint-R\u00e9mi et permet \u00e0 deux cents enfants de b\u00e9n\u00e9ficier quotidiennement de 30 minutes d\u2019apprentissage musical : piano, violon, percussions, rythmique et chant choral sont au programme. Cette ann\u00e9e, des mesures sanitaires sont \u00e9videmment d\u00e9ploy\u00e9es pour permettre \u00e0 cet apprentissage de se faire en toute s\u00e9curit\u00e9.<\/p>\n<h3><\/h3>\n<p style=\"text-align: center;\"><img decoding=\"async\" loading=\"lazy\" class=\"aligncenter size-full wp-image-65220\" src=\"https:\/\/www.ludwig-van.com\/montreal\/wp-content\/uploads\/sites\/3\/2020\/10\/Misteur-Valaire.jpg\" alt=\"\" width=\"1200\" height=\"1802\" srcset=\"https:\/\/www.ludwig-van.com\/montreal\/wp-content\/uploads\/sites\/3\/2020\/10\/Misteur-Valaire.jpg 1200w, https:\/\/www.ludwig-van.com\/montreal\/wp-content\/uploads\/sites\/3\/2020\/10\/Misteur-Valaire-200x300.jpg 200w, https:\/\/www.ludwig-van.com\/montreal\/wp-content\/uploads\/sites\/3\/2020\/10\/Misteur-Valaire-682x1024.jpg 682w, https:\/\/www.ludwig-van.com\/montreal\/wp-content\/uploads\/sites\/3\/2020\/10\/Misteur-Valaire-768x1153.jpg 768w, https:\/\/www.ludwig-van.com\/montreal\/wp-content\/uploads\/sites\/3\/2020\/10\/Misteur-Valaire-1023x1536.jpg 1023w\" sizes=\"(max-width: 1200px) 100vw, 1200px\" \/><\/p>\n<h3>Misteur Valaire symphonique: l&rsquo;album maintenant disponible<\/h3>\n<p>Il y a d\u00e9j\u00e0 six ans (mon dieu!!!), l&rsquo;<strong>Orchestre M\u00e9tropolitain<\/strong> donnait un concert m\u00e9morable \u00e0 l&rsquo;\u00e9glise Saint-Jean-Baptiste en compagnie de <strong>Misteur Valaire<\/strong>, avec le choeur de l&rsquo;\u00e9cole Joseph-Fran\u00e7ois Perreault. Les membres du fameux groupe \u00e9taient d&rsquo;ailleurs entr\u00e9s dans l&rsquo;\u00e9glise bond\u00e9e en roulant sur des Segway. C&rsquo;\u00e9tait le 2 octobre 2014, et je m&rsquo;en souviens comme si c&rsquo;\u00e9tait hier. J&rsquo;avais d&rsquo;ailleurs publi\u00e9 <a href=\"https:\/\/www.lapresse.ca\/arts\/musique\/musique-classique\/201410\/03\/01-4806021-misteur-valaire-symphonique-lhistoire-dun-grand-amour.php\" target=\"_blank\" rel=\"noopener noreferrer\">une critique dans La Presse<\/a>. Le nouvel album, qui souligne les 15 ans de Misteur Valaire, a fait son entr\u00e9e il y a quelques jours sur toutes les <a href=\"https:\/\/smarturl.it\/ValaireOM\" target=\"_blank\" rel=\"noopener noreferrer\">plateformes de t\u00e9l\u00e9chargement.<\/a><\/p>\n<p><a href=\"http:\/\/smartsplit.org\/misteur-valaire-symphonique\/campagne\" target=\"_blank\" rel=\"noopener noreferrer\">EN SAVOIR PLUS<\/a><\/p>\n<p>&nbsp;<\/p>\n<p style=\"text-align: center;\"><img decoding=\"async\" loading=\"lazy\" class=\"aligncenter size-full wp-image-64187\" src=\"https:\/\/www.ludwig-van.com\/montreal\/wp-content\/uploads\/sites\/3\/2017\/09\/Marin-Marais-ATMA-1200.jpg\" alt=\"\" width=\"1200\" height=\"1200\" srcset=\"https:\/\/www.ludwig-van.com\/montreal\/wp-content\/uploads\/sites\/3\/2017\/09\/Marin-Marais-ATMA-1200.jpg 1200w, https:\/\/www.ludwig-van.com\/montreal\/wp-content\/uploads\/sites\/3\/2017\/09\/Marin-Marais-ATMA-1200-300x300.jpg 300w, https:\/\/www.ludwig-van.com\/montreal\/wp-content\/uploads\/sites\/3\/2017\/09\/Marin-Marais-ATMA-1200-1024x1024.jpg 1024w, https:\/\/www.ludwig-van.com\/montreal\/wp-content\/uploads\/sites\/3\/2017\/09\/Marin-Marais-ATMA-1200-150x150.jpg 150w, https:\/\/www.ludwig-van.com\/montreal\/wp-content\/uploads\/sites\/3\/2017\/09\/Marin-Marais-ATMA-1200-768x768.jpg 768w\" sizes=\"(max-width: 1200px) 100vw, 1200px\" \/><\/p>\n<h3>Un million d&rsquo;\u00e9coutes pour l&rsquo;album <em>Badinages<\/em><\/h3>\n<p>L&rsquo;album Badinages, de M\u00e9lisande Corriveau et Eric Milnes d\u00e9di\u00e9 \u00e0 la musique de Marin Marais, compte plus d&rsquo;un million d&rsquo;\u00e9coutes sur les plateformes num\u00e9riques depuis sa sortie, en avril. Le duo de musiciens donnera d&rsquo;ailleurs un r\u00e9cital \u00e0 la salle Bourgie qui sera capt\u00e9 et disponible en version num\u00e9rique, en direct et en diff\u00e9r\u00e9. <a href=\"https:\/\/livetoune.tuxedobillet.com\/main\/marin-marais-badinages\" target=\"_blank\" rel=\"noopener noreferrer\">BILLETS<\/a><\/p>\n<p>&nbsp;<\/p>\n<p>&nbsp;<\/p>\n<figure id=\"attachment_65219\" aria-describedby=\"caption-attachment-65219\" style=\"width: 1000px\" class=\"wp-caption aligncenter\"><img decoding=\"async\" loading=\"lazy\" class=\"size-full wp-image-65219\" src=\"https:\/\/www.ludwig-van.com\/montreal\/wp-content\/uploads\/sites\/3\/2020\/10\/Blogue-Bozzini.jpg\" alt=\"Arnold, mascotte du Quatuor Bozzini, aimerait bien pouvoir lire leur nouveau blogue. (Photo: courtoisie du Quatuor Bozzini)\" width=\"1000\" height=\"750\" srcset=\"https:\/\/www.ludwig-van.com\/montreal\/wp-content\/uploads\/sites\/3\/2020\/10\/Blogue-Bozzini.jpg 1000w, https:\/\/www.ludwig-van.com\/montreal\/wp-content\/uploads\/sites\/3\/2020\/10\/Blogue-Bozzini-300x225.jpg 300w, https:\/\/www.ludwig-van.com\/montreal\/wp-content\/uploads\/sites\/3\/2020\/10\/Blogue-Bozzini-768x576.jpg 768w\" sizes=\"(max-width: 1000px) 100vw, 1000px\" \/><figcaption id=\"caption-attachment-65219\" class=\"wp-caption-text\">Arnold, mascotte du Quatuor Bozzini, aimerait bien pouvoir lire leur nouveau blogue. (Photo: courtoisie du Quatuor Bozzini)<\/figcaption><\/figure>\n<h3>Le Quatuor Bozzini lance un blogue<\/h3>\n<p>Profitant de cette p\u00e9riode moins occup\u00e9e sur le plan des concerts et des tourn\u00e9es, le Quatuor Bozzini a lanc\u00e9 r\u00e9cemment son nouveau blogue pour demeurer en contact avec son public. On y trouve des r\u00e9flexions personnelles int\u00e9ressantes et m\u00eame des <a href=\"https:\/\/quatuorbozzini.ca\/blogue\/2020\/10\/09\/livres-en-temps-de-pandemie-nicole-brossard-marie-claire-blais-luis-sepulveda-eduardo-kohn\/\" target=\"_blank\" rel=\"noopener noreferrer\">suggestions de lecture<\/a>. On leur souhaite bonne chance dans cette nouvelle aventure \u00e0 l&rsquo;\u00e9crit. <a href=\"https:\/\/quatuorbozzini.ca\/blogue\/\" target=\"_blank\" rel=\"noopener noreferrer\">POUR LIRE LE BLOGUE DU QUATUOR BOZZINI.\u00a0<\/a><\/p>\n<p>&nbsp;<\/p>\n<figure id=\"attachment_65227\" aria-describedby=\"caption-attachment-65227\" style=\"width: 887px\" class=\"wp-caption aligncenter\"><img decoding=\"async\" loading=\"lazy\" class=\"size-full wp-image-65227\" src=\"https:\/\/www.ludwig-van.com\/montreal\/wp-content\/uploads\/sites\/3\/2020\/10\/Laurence-Manning-cr-Philippe-Manning.png\" alt=\"Laurence Manning. (Photo: Philippe Manning)\" width=\"887\" height=\"592\" srcset=\"https:\/\/www.ludwig-van.com\/montreal\/wp-content\/uploads\/sites\/3\/2020\/10\/Laurence-Manning-cr-Philippe-Manning.png 887w, https:\/\/www.ludwig-van.com\/montreal\/wp-content\/uploads\/sites\/3\/2020\/10\/Laurence-Manning-cr-Philippe-Manning-300x200.png 300w, https:\/\/www.ludwig-van.com\/montreal\/wp-content\/uploads\/sites\/3\/2020\/10\/Laurence-Manning-cr-Philippe-Manning-768x513.png 768w\" sizes=\"(max-width: 887px) 100vw, 887px\" \/><figcaption id=\"caption-attachment-65227\" class=\"wp-caption-text\">Laurence Manning. (Photo: Philippe Manning)<\/figcaption><\/figure>\n<h3>Un nouveau Kickstarter \u00e0 succ\u00e8s pour Laurence Manning<\/h3>\n<p>La pianiste et compositrice Laurence Manning a lanc\u00e9 r\u00e9cemment un nouveau projet de sociofinancement sur Kickstarter pour <span lang=\"FR-FR\">financer son<\/span><span lang=\"FR-FR\">\u00a0<\/span><span lang=\"FR-FR\">album\u00a0<\/span><span lang=\"FR-FR\">\u00ab\u00a0<\/span><span lang=\"FR-FR\">Piano Mirror<\/span><span lang=\"FR-FR\"> \u00bb.<\/span><\/p>\n<div>\n<p><span lang=\"FR-FR\">Sp\u00e9cialis\u00e9e dans l\u2019arrangement de musique de jeux vid\u00e9o, elle\u00a0<\/span><span lang=\"FR-FR\">a\u00a0<\/span><span lang=\"FR-FR\">lanc<\/span><span lang=\"FR-FR\">\u00e9<\/span><span lang=\"FR-FR\">\u00a0son premier album<\/span><span lang=\"FR-FR\">\u00a0<\/span><span lang=\"FR-FR\">en 20<\/span><span lang=\"FR-FR\">19\u00a0<\/span><span lang=\"FR-FR\">intitul\u00e9\u00a0<\/span><span lang=\"FR-FR\">\u00ab Game Music Piano Album \u00bb<\/span><span lang=\"FR-FR\">, enti\u00e8rement financ\u00e9 par une campagne de sociofinancement<\/span><span lang=\"FR-FR\">\u00a0<\/span><span lang=\"FR-FR\">Kickstarter<\/span><span lang=\"FR-FR\">.<\/span> \u00a0<span lang=\"FR-FR\">L<\/span><span lang=\"FR-FR\">a pianiste montr\u00e9alaise renouvelle l\u2019exp\u00e9rience afin de financer son deuxi\u00e8me album \u00ab\u202f<\/span><span lang=\"FR-FR\">Piano\u00a0<\/span><span lang=\"FR-FR\">Mirror\u202f\u00bb<\/span><span lang=\"FR-FR\">\u00a0pr\u00e9vu pour d\u00e9cembre 2020<\/span><span lang=\"FR-FR\">. C\u2019est\u00a0<\/span><span lang=\"FR-FR\">une grande \u00e9tape<\/span><span lang=\"FR-FR\">\u00a0puisque<\/span><span lang=\"FR-FR\">\u00a0cette fois-ci,\u00a0<\/span><span lang=\"FR-FR\">elle pr\u00e9sent<\/span><span lang=\"FR-FR\">e<\/span><span lang=\"FR-FR\">\u00a0ses<\/span><span lang=\"FR-FR\">\u00a0<\/span><span lang=\"FR-FR\">compositions originales, inspir\u00e9es de son amour pour la musique de jeux vid\u00e9o et de l\u2019univers m\u00e9di\u00e9val et fantastique.<\/span><span lang=\"FR-FR\"> Au moment d&rsquo;\u00e9crire ces lignes, elle avait d\u00e9j\u00e0 recueilli plus de 9000 $, soit le double de son objectif. Avec l&rsquo;argent suppl\u00e9mentaire, elle pourra organiser un concert, entre autres. <a href=\"https:\/\/www.kickstarter.com\/projects\/laurencemanning\/laurence-manning-piano-mirror?ref=7j877d&amp;token=b871c09f\" target=\"_blank\" rel=\"noopener noreferrer\">PARTICIPER \u00c0 LA CAMPAGNE.\u00a0<\/a><\/span><\/p>\n<p>&nbsp;<\/p>\n<\/div>\n<div>\n<h3>M\u00e9c\u00e9nat Musica: 1,5 millions \u00e0 35 organismes<\/h3>\n<\/div>\n<p>Pendant la pand\u00e9mie, le programme M\u00e9c\u00e9nat Musica a distribu\u00e9 \u00e0 35\u00a0organismes culturels du Qu\u00e9bec 1,5\u00a0million de dollars, administr\u00e9s par l\u2019entremise de trois fondations communautaires partenaires\u00a0: la Fondation du Grand Montr\u00e9al, la Fondation Qu\u00e9bec Philanthrope et la Fondation de la communaut\u00e9 juive de Montr\u00e9al. Ces distributions proviennent des revenus g\u00e9n\u00e9r\u00e9s par le programme culturel M\u00e9c\u00e9nat Musica, qui a cr\u00e9\u00e9 50\u00a0000\u00a0000\u00a0$ en capital \u00e0 perp\u00e9tuit\u00e9, gr\u00e2ce \u00e0 des dons de plus de 400\u00a0individus et familles M\u00e9c\u00e9nat Musica.<\/p>\n<p>De plus, pendant la pand\u00e9mie, M\u00e9c\u00e9nat Musica a lanc\u00e9 plusieurs initiatives en mati\u00e8re de sant\u00e9, musique et vie communautaire depuis le d\u00e9but de la pand\u00e9mie pour r\u00e9duire l\u2019impact de cette crise sans pr\u00e9c\u00e9dent sur la sant\u00e9 psychologique, sociale et mentale des membres de nos communaut\u00e9s, incluant\u00a0<i>Mini-Galas Sant\u00e9, Musique d\u2019espoir<\/i>\u00a0et\u00a0<i>Mini-Concerts Sant\u00e9<\/i>, soit 4\u00a0000\u00a0mini-concerts sant\u00e9 pour 30\u00a0000\u00a0r\u00e9sidents des quartiers d\u00e9favoris\u00e9s.<\/p>\n<p>&nbsp;<\/p>\n<p style=\"text-align: center;\"><img decoding=\"async\" loading=\"lazy\" class=\"aligncenter size-full wp-image-65226\" src=\"https:\/\/www.ludwig-van.com\/montreal\/wp-content\/uploads\/sites\/3\/2020\/10\/livre-garand.jpeg\" alt=\"\" width=\"1200\" height=\"1800\" srcset=\"https:\/\/www.ludwig-van.com\/montreal\/wp-content\/uploads\/sites\/3\/2020\/10\/livre-garand.jpeg 1200w, https:\/\/www.ludwig-van.com\/montreal\/wp-content\/uploads\/sites\/3\/2020\/10\/livre-garand-200x300.jpeg 200w, https:\/\/www.ludwig-van.com\/montreal\/wp-content\/uploads\/sites\/3\/2020\/10\/livre-garand-683x1024.jpeg 683w, https:\/\/www.ludwig-van.com\/montreal\/wp-content\/uploads\/sites\/3\/2020\/10\/livre-garand-768x1152.jpeg 768w, https:\/\/www.ludwig-van.com\/montreal\/wp-content\/uploads\/sites\/3\/2020\/10\/livre-garand-1024x1536.jpeg 1024w\" sizes=\"(max-width: 1200px) 100vw, 1200px\" \/><\/p>\n<h3>Un nouveau livre sur Serge Garant<\/h3>\n<p>Le livre <em>Serge Garant, mystique<\/em> vient de para\u00eetre aux \u00e9ditions Varia. L&rsquo;auteur de cet essai, Robert Richard, a exerc\u00e9 tour \u00e0 tour les m\u00e9tiers de musicien, de journaliste, d\u2019administrateur et de professeur de litt\u00e9rature. Il a fait partie de la revue <i>Libert\u00e9<\/i>\u00a0de 2006 \u00e0 2014. Il est l\u2019auteur d\u2019<i>\u00c9blouissement. Gilles Tremblay et la musique contemporaine. <\/i><a href=\"http:\/\/groupenotabene.com\/publication\/serge-garant-mystique\" target=\"_blank\" rel=\"noopener noreferrer\">EN SAVOIR PLUS.<\/a><\/p>\n<p>&nbsp;<\/p>\n<h3>Orford Musique re\u00e7oit 101 725 $<\/h3>\n<p>Le minist\u00e8re de la Culture et des Communications du Qu\u00e9bec offre une aide financi\u00e8re de 101 725 $ \u00e0 Orford Musique afin de soutenir l\u2019organisme estrien \u00e0 travers les r\u00e9percussions de la pand\u00e9mie de COVID-19. Ce montant a \u00e9t\u00e9 accord\u00e9 \u00e0 Orford Musique en coh\u00e9rence avec le Plan de relance<br \/>\n\u00e9conomique du milieu culturel, annonc\u00e9 le 1er juin 2020 par la ministre de la Culture, Nathalie Roy.<\/p>\n<p>&nbsp;<\/p>\n<figure id=\"attachment_54024\" aria-describedby=\"caption-attachment-54024\" style=\"width: 1024px\" class=\"wp-caption aligncenter\"><img decoding=\"async\" loading=\"lazy\" class=\"size-full wp-image-54024\" src=\"https:\/\/www.ludwig-van.com\/montreal\/wp-content\/uploads\/sites\/3\/2018\/05\/2018_Molinari5474_web.jpg\" alt=\"Quatuor Molinari\" width=\"1024\" height=\"683\" srcset=\"https:\/\/www.ludwig-van.com\/montreal\/wp-content\/uploads\/sites\/3\/2018\/05\/2018_Molinari5474_web.jpg 1024w, https:\/\/www.ludwig-van.com\/montreal\/wp-content\/uploads\/sites\/3\/2018\/05\/2018_Molinari5474_web-300x200.jpg 300w, https:\/\/www.ludwig-van.com\/montreal\/wp-content\/uploads\/sites\/3\/2018\/05\/2018_Molinari5474_web-768x512.jpg 768w\" sizes=\"(max-width: 1024px) 100vw, 1024px\" \/><figcaption id=\"caption-attachment-54024\" class=\"wp-caption-text\">Le Quatuor Molinari. (Photo : courtoisie du Quatuor Molinari)<\/figcaption><\/figure>\n<h3>Le Quatuor Molinari lance son Huiti\u00e8me Concours international de composition<\/h3>\n<p>Les compositeurs de 40 ans ou moins sont invit\u00e9s \u00e0 soumettre une \u0153uvre in\u00e9dite pour quatuor \u00e0 cordes d&rsquo;ici le 1er avril 2021. Les \u0153uvres prim\u00e9es seront cr\u00e9\u00e9es en concert dans la s\u00e9rie Vingti\u00e8me et plus du Quatuor Molinari \u00e0 Montr\u00e9al (Qu\u00e9bec, Canada) lors de la saison 2021-2022.<\/p>\n<p><span lang=\"FR\">Un jury, form\u00e9 de la directrice artistique du Quatuor Molinari\u00a0<\/span><span lang=\"FR\">ainsi que des musiciens du Quatuor et des r\u00e9put\u00e9s compositeurs canadiens Denis Gougeon et Jimmie LeBlanc d\u00e9terminera quatre laur\u00e9ats. Le gagnant du Premier Prix recevra une bourse de 3000 $ CA ainsi qu\u2019une s\u00e9rigraphie de l\u2019artiste canadien Guido Molinari.\u00a0<\/span><\/p>\n<p>&nbsp;<\/p>\n<p style=\"text-align: center;\"><img decoding=\"async\" loading=\"lazy\" class=\"aligncenter size-full wp-image-65228\" src=\"https:\/\/www.ludwig-van.com\/montreal\/wp-content\/uploads\/sites\/3\/2020\/10\/Remote.png\" alt=\"\" width=\"399\" height=\"396\" srcset=\"https:\/\/www.ludwig-van.com\/montreal\/wp-content\/uploads\/sites\/3\/2020\/10\/Remote.png 399w, https:\/\/www.ludwig-van.com\/montreal\/wp-content\/uploads\/sites\/3\/2020\/10\/Remote-300x298.png 300w, https:\/\/www.ludwig-van.com\/montreal\/wp-content\/uploads\/sites\/3\/2020\/10\/Remote-150x150.png 150w\" sizes=\"(max-width: 399px) 100vw, 399px\" \/><\/p>\n<h3>Ludwig van Toronto a un nouveau podcast<\/h3>\n<p>Ludwig van Toronto produit maintenant le podcast (ou balado) REMOTE, anim\u00e9 par Michael Zaratus-Cook. Il propos des entrevues de fond avec des musiciens. Jusqu&rsquo;\u00e0 maintenant, 4 \u00e9pisodes ont \u00e9t\u00e9 diffus\u00e9s.<\/p>\n<p><a href=\"https:\/\/open.spotify.com\/show\/1w1Th2BllFnRDsyCP9iQcK\" target=\"_blank\" rel=\"noopener noreferrer\">\u00c9COUTER LES \u00c9PISODES<\/a><\/p>\n<p>&nbsp;<\/p>\n<h2>LIRE AUSSI:<\/h2>\n<p>&nbsp;<\/p>\n<blockquote class=\"wp-embedded-content\" data-secret=\"FvArGa23Hy\"><p><a href=\"https:\/\/www.ludwig-van.com\/montreal\/2020\/09\/22\/causerie-les-prix-azrieli-de-musique-a-la-rencontre-des-trois-compositeurs-laureats\/\">CAUSERIE | Les Prix Azrieli de musique: \u00e0 la rencontre des trois compositeurs laur\u00e9ats<\/a><\/p><\/blockquote>\n<p><iframe class=\"wp-embedded-content\" sandbox=\"allow-scripts\" security=\"restricted\" style=\"position: absolute; clip: rect(1px, 1px, 1px, 1px);\" title=\"\u00ab\u00a0CAUSERIE | Les Prix Azrieli de musique: \u00e0 la rencontre des trois compositeurs laur\u00e9ats\u00a0\u00bb &#8212; Ludwig Van Montreal\" src=\"https:\/\/www.ludwig-van.com\/montreal\/2020\/09\/22\/causerie-les-prix-azrieli-de-musique-a-la-rencontre-des-trois-compositeurs-laureats\/embed\/#?secret=FvArGa23Hy\" data-secret=\"FvArGa23Hy\" width=\"600\" height=\"338\" frameborder=\"0\" marginwidth=\"0\" marginheight=\"0\" scrolling=\"no\"><\/iframe><\/p>\n<p>&nbsp;<\/p>\n<p>&nbsp;<\/p>\n<p>&nbsp;<\/p>\n<p>&nbsp;<\/p>\n","protected":false},"excerpt":{"rendered":"<p>Elle est longue cette pand\u00e9mie, vous ne trouvez pas? Alors que cette deuxi\u00e8me fermeture des salles de concerts, pour l&rsquo;instant pr\u00e9vue jusqu&rsquo;\u00e0 la fin octobre, en a d\u00e9moralis\u00e9 plus d&rsquo;un, il reste tout de m\u00eame de nombreuses bonnes nouvelles, preuve que nos musiciens et organismes musicaux ne baissent toujours pas les bras.<\/p>\n","protected":false},"author":51,"featured_media":65230,"comment_status":"open","ping_status":"open","sticky":false,"template":"","format":"standard","meta":{"om_disable_all_campaigns":false,"jetpack_post_was_ever_published":false},"categories":[37357,10956],"tags":[16196,40559,2521,2542],"yst_prominent_words":[40551,40550,40558,40542,40537,24207,26116,23815,40543,9811,13708,24190,24189,21689,14774,40557,40552,9999,11418,12445],"acf":[],"jetpack_featured_media_url":"https:\/\/www.ludwig-van.com\/montreal\/wp-content\/uploads\/sites\/3\/2020\/10\/Actualit\u00e9s-19-octobre.jpg","jetpack_sharing_enabled":true,"jetpack_shortlink":"https:\/\/wp.me\/p9bdYt-gXT","amp_enabled":true,"_links":{"self":[{"href":"https:\/\/www.ludwig-van.com\/montreal\/wp-json\/wp\/v2\/posts\/65217"}],"collection":[{"href":"https:\/\/www.ludwig-van.com\/montreal\/wp-json\/wp\/v2\/posts"}],"about":[{"href":"https:\/\/www.ludwig-van.com\/montreal\/wp-json\/wp\/v2\/types\/post"}],"author":[{"embeddable":true,"href":"https:\/\/www.ludwig-van.com\/montreal\/wp-json\/wp\/v2\/users\/51"}],"replies":[{"embeddable":true,"href":"https:\/\/www.ludwig-van.com\/montreal\/wp-json\/wp\/v2\/comments?post=65217"}],"version-history":[{"count":9,"href":"https:\/\/www.ludwig-van.com\/montreal\/wp-json\/wp\/v2\/posts\/65217\/revisions"}],"predecessor-version":[{"id":65234,"href":"https:\/\/www.ludwig-van.com\/montreal\/wp-json\/wp\/v2\/posts\/65217\/revisions\/65234"}],"wp:featuredmedia":[{"embeddable":true,"href":"https:\/\/www.ludwig-van.com\/montreal\/wp-json\/wp\/v2\/media\/65230"}],"wp:attachment":[{"href":"https:\/\/www.ludwig-van.com\/montreal\/wp-json\/wp\/v2\/media?parent=65217"}],"wp:term":[{"taxonomy":"category","embeddable":true,"href":"https:\/\/www.ludwig-van.com\/montreal\/wp-json\/wp\/v2\/categories?post=65217"},{"taxonomy":"post_tag","embeddable":true,"href":"https:\/\/www.ludwig-van.com\/montreal\/wp-json\/wp\/v2\/tags?post=65217"},{"taxonomy":"yst_prominent_words","embeddable":true,"href":"https:\/\/www.ludwig-van.com\/montreal\/wp-json\/wp\/v2\/yst_prominent_words?post=65217"}],"curies":[{"name":"wp","href":"https:\/\/api.w.org\/{rel}","templated":true}]}}