{"id":65180,"date":"2020-10-08T10:04:54","date_gmt":"2020-10-08T14:04:54","guid":{"rendered":"https:\/\/www.ludwig-van.com\/montreal\/?p=65180"},"modified":"2020-10-08T10:32:26","modified_gmt":"2020-10-08T14:32:26","slug":"nouvelle-incubateur-numerique-de-700-000-lopera-de-montreal-lart-lyrique-quebecois","status":"publish","type":"post","link":"https:\/\/www.ludwig-van.com\/montreal\/2020\/10\/08\/nouvelle-incubateur-numerique-de-700-000-lopera-de-montreal-lart-lyrique-quebecois\/","title":{"rendered":"NOUVELLE | Un incubateur num\u00e9rique de 700 000 $ pour l&rsquo;Op\u00e9ra de Montr\u00e9al et l&rsquo;art lyrique qu\u00e9b\u00e9cois"},"content":{"rendered":"<figure id=\"attachment_65181\" aria-describedby=\"caption-attachment-65181\" style=\"width: 1200px\" class=\"wp-caption aligncenter\"><img decoding=\"async\" loading=\"lazy\" class=\"size-full wp-image-65181\" src=\"https:\/\/www.ludwig-van.com\/montreal\/wp-content\/uploads\/sites\/3\/2020\/10\/Op\u00e9ra-de-Montr\u00e9al.jpg\" alt=\"\" width=\"1200\" height=\"628\" srcset=\"https:\/\/www.ludwig-van.com\/montreal\/wp-content\/uploads\/sites\/3\/2020\/10\/Op\u00e9ra-de-Montr\u00e9al.jpg 1200w, https:\/\/www.ludwig-van.com\/montreal\/wp-content\/uploads\/sites\/3\/2020\/10\/Op\u00e9ra-de-Montr\u00e9al-300x157.jpg 300w, https:\/\/www.ludwig-van.com\/montreal\/wp-content\/uploads\/sites\/3\/2020\/10\/Op\u00e9ra-de-Montr\u00e9al-1024x536.jpg 1024w, https:\/\/www.ludwig-van.com\/montreal\/wp-content\/uploads\/sites\/3\/2020\/10\/Op\u00e9ra-de-Montr\u00e9al-768x402.jpg 768w\" sizes=\"(max-width: 1200px) 100vw, 1200px\" \/><figcaption id=\"caption-attachment-65181\" class=\"wp-caption-text\">La Boh\u00e8me, de Puccini, sera disponible en webdiffusion d\u00e8s le 22 octobre. (Photo: courtoisie)<\/figcaption><\/figure>\n<p>&nbsp;<\/p>\n<p><strong>L&rsquo;Op\u00e9ra de Montr\u00e9al<\/strong> annonce qu&rsquo;il recevra une subvention de 700 000$ du Gouvernement du Qu\u00e9bec re\u00e7ue dans le cadre de l\u2019initiative <em>Ambition num\u00e9rique<\/em> du Minist\u00e8re de la culture et des communications pour la cr\u00e9ation d&rsquo;un incubateur num\u00e9rique d\u00e9di\u00e9 \u00e0 l&rsquo;art lyrique qu\u00e9b\u00e9cois.<\/p>\n<p>Concr\u00e8tement, cette aide pourra se traduire en pas moins de 7 projets de captation et de webdiffusion ainsi que plus de 900 cachets vers\u00e9s aux artistes et artisans, d\u2019ici trois ans. En plus de ces sept projets, des compagnies partenaires feront passer, elles aussi, des projets de webdiffusion par cet incubateur. Il s&rsquo;agit de l\u2019Op\u00e9ra de Qu\u00e9bec, de la Soci\u00e9t\u00e9 d\u2019art lyrique du Royaume, de Chants libres, de Musique 3 femmes et de Ballet Op\u00e9ra Pantomime.<\/p>\n<p>\u00ab\u00a0La diffusion num\u00e9rique \u00e9tait d\u00e9j\u00e0 entam\u00e9e dans notre plan strat\u00e9gique, et je f\u00e9licite le gouvernement d&rsquo;avoir cr\u00e9\u00e9 un programme pour encourager nos capacit\u00e9s de diffusion en cette p\u00e9riode o\u00f9 nous en avons vraiment besoin pour que les compagnies restent en contact avec leur auditoire, alors que les artistes, aussi, ont vraiment besoin de cachets, et o\u00f9 nous avons tous tu temps pour se pencher sur la question, dit <strong>Patrick Corrigan<\/strong>, directeur g\u00e9n\u00e9ral de l&rsquo;<strong>Op\u00e9ra de Montr\u00e9al<\/strong>. La diffusion num\u00e9rique demande un grand d\u00e9veloppement de comp\u00e9tences, et avec cette subvention, nous aurons la chance de le faire avec nos partenaires, \u00e0 travers cet incubateur. Nous pourrons offrir des diffusions d&rsquo;op\u00e9ra sign\u00e9s Montr\u00e9al.\u00a0\u00bb<\/p>\n<p>Ce projet d&rsquo;incubateur permettra la contribution de trois consultants qui pourront accompagner les compagnies d&rsquo;op\u00e9ra \u00e0 travers leurs projets de d\u00e9veloppement num\u00e9rique. Chacun des partenaires pourra donc mettre sur pied un nouveau projet au cours des prochaines ann\u00e9es.<\/p>\n<p>\u00ab\u00a0C&rsquo;est un projet de d\u00e9veloppement des capacit\u00e9s pour les organismes lyriques au Qu\u00e9bec, dit Patrick Corrigan. Tous les organismes auront besoin d&rsquo;une pr\u00e9sence importante sur le web, \u00e0 l&rsquo;avenir. Avec cet incubateur, nous allons d\u00e9velopper l&rsquo;expertise pour le faire. Notre but est de bien comprendre et de partager ces connaissances pour mieux incorporer la diffusion num\u00e9rique dans notre mission. Ce sera une plateforme importante et je suis content que le gouvernement ait compris l&rsquo;importance de se pencher l\u00e0-dessus.\u00a0\u00bb<\/p>\n<p>&nbsp;<\/p>\n<figure id=\"attachment_52922\" aria-describedby=\"caption-attachment-52922\" style=\"width: 1024px\" class=\"wp-caption aligncenter\"><img decoding=\"async\" loading=\"lazy\" class=\"size-full wp-image-52922\" src=\"https:\/\/www.ludwig-van.com\/montreal\/wp-content\/uploads\/sites\/3\/2018\/03\/Bellemare_credit_BrentCalis.jpg\" alt=\"France Bellemare. (Cr\u00e9dit: Brent Callis)\" width=\"1024\" height=\"683\" srcset=\"https:\/\/www.ludwig-van.com\/montreal\/wp-content\/uploads\/sites\/3\/2018\/03\/Bellemare_credit_BrentCalis.jpg 1024w, https:\/\/www.ludwig-van.com\/montreal\/wp-content\/uploads\/sites\/3\/2018\/03\/Bellemare_credit_BrentCalis-300x200.jpg 300w, https:\/\/www.ludwig-van.com\/montreal\/wp-content\/uploads\/sites\/3\/2018\/03\/Bellemare_credit_BrentCalis-768x512.jpg 768w\" sizes=\"(max-width: 1024px) 100vw, 1024px\" \/><figcaption id=\"caption-attachment-52922\" class=\"wp-caption-text\">France Bellemare. (Cr\u00e9dit: Brent Callis)<\/figcaption><\/figure>\n<h2>Deux webdiffusions \u00e0 l&rsquo;Op\u00e9ra de Montr\u00e9al cet automne<\/h2>\n<p>Deux premi\u00e8res webdiffusions sont d\u00e9j\u00e0 pr\u00e9vues cet automne, soit <a href=\"https:\/\/www.operademontreal.com\/programmation\/la-boheme-chez-vous\" target=\"_blank\" rel=\"noopener noreferrer\"><em>La Boh\u00e8me<\/em><\/a>, dans la production qui avait d\u00e9j\u00e0 \u00e9t\u00e9 capt\u00e9e et pr\u00e9sent\u00e9e sur \u00e9crans ext\u00e9rieurs en 2017 \u00e0 l\u2019occasion du 375<sup>e<\/sup> anniversaire de Montr\u00e9al. Elle sera de nouveau rendue disponible en webdiffusion d\u00e8s le 22 octobre \u00e0 19 h 30, gratuitement et sur inscription.<\/p>\n<p>L&rsquo;autre production est un programme double: <em>La voix humaine<\/em>, de Francis Poulenc (avec<strong> France Bellemare<\/strong>) ainsi que la cr\u00e9ation de <em>L&rsquo;hiver attend beaucoup de moi<\/em>, de <strong>Laurence Jobidon<\/strong> et <strong>Pascale St-Onge<\/strong>, d&rsquo;abord pr\u00e9vue au printemps, puis report\u00e9e du 29 octobre au 3 novembre \u00e0 l&rsquo;Espace Go. Compte tenu de la nouvelle fermeture des th\u00e9\u00e2tres et salles de spectacles. On a opt\u00e9 pour une diffusion en ligne en premi\u00e8re mondiale d\u00e8s le 5 novembre \u00e0 19 h 30. Les r\u00e9servations pourront se faire au co\u00fbt de 20 $. Les liens de visionnement seront disponibles via le site de l&rsquo;Op\u00e9ra de Montr\u00e9al.<\/p>\n<p>\u00ab\u00a0Gr\u00e2ce \u00e0 cette subvention nous pourrons enfin partager cette production qui fait place \u00e0 une cr\u00e9ation de deux artistes qu\u00e9b\u00e9coises. \u00c0 ma connaissance, nous serons la seule compagnie d&rsquo;op\u00e9ra au Canada \u00e0 avoir des spectacles diffus\u00e9s en haute d\u00e9finition sur le web\u00a0\u00bb, dit Patrick Corrigan.<\/p>\n<p>Par la suite, on pourra s&rsquo;attendre \u00e0 d&rsquo;autres productions capt\u00e9es pour la webdiffusion, notamment <em>La beaut\u00e9 du monde<\/em>, de Julien Bilodeau.<\/p>\n<p>\u00ab\u00a0Nous allons beaucoup miser sur les cr\u00e9ations qu\u00e9b\u00e9coises, dit Patrick Corrigan. Nous sommes d\u00e9di\u00e9s \u00e0 cr\u00e9er un canon d\u2019\u0153uvres qu\u00e9b\u00e9coises et notre but est de les partager avec tous.\u00a0\u00bb<\/p>\n<p>Cette excellente nouvelle saura certainement insuffler de l&rsquo;espoir dans le monde lyrique qu\u00e9b\u00e9cois, alors que de nombreux chanteurs et artistes sont sans travail depuis le d\u00e9but de la pand\u00e9mie.<\/p>\n<p>&nbsp;<\/p>\n<h2>LIRE AUSSI:<\/h2>\n<p>&nbsp;<\/p>\n<blockquote class=\"wp-embedded-content\" data-secret=\"ERanryeTYc\"><p><a href=\"https:\/\/www.ludwig-van.com\/montreal\/2020\/10\/05\/nouvelle-concert-de-lorchestre-metropolitain-diffuse-a-television-dimanche\/\">NOUVELLE | Un concert de l&rsquo;Orchestre M\u00e9tropolitain diffus\u00e9 \u00e0 la t\u00e9l\u00e9vision ce dimanche!<\/a><\/p><\/blockquote>\n<p><iframe class=\"wp-embedded-content\" sandbox=\"allow-scripts\" security=\"restricted\" style=\"position: absolute; clip: rect(1px, 1px, 1px, 1px);\" title=\"\u00ab\u00a0NOUVELLE | Un concert de l&rsquo;Orchestre M\u00e9tropolitain diffus\u00e9 \u00e0 la t\u00e9l\u00e9vision ce dimanche!\u00a0\u00bb &#8212; Ludwig Van Montreal\" src=\"https:\/\/www.ludwig-van.com\/montreal\/2020\/10\/05\/nouvelle-concert-de-lorchestre-metropolitain-diffuse-a-television-dimanche\/embed\/#?secret=ERanryeTYc\" data-secret=\"ERanryeTYc\" width=\"600\" height=\"338\" frameborder=\"0\" marginwidth=\"0\" marginheight=\"0\" scrolling=\"no\"><\/iframe><\/p>\n<p>&nbsp;<\/p>\n<p>&nbsp;<\/p>\n<p>&nbsp;<\/p>\n<p>&nbsp;<\/p>\n<p>&nbsp;<\/p>\n","protected":false},"excerpt":{"rendered":"<p>L&rsquo;Op\u00e9ra de Montr\u00e9al annonce qu&rsquo;il recevra une subvention de 700 000$ du Gouvernement du Qu\u00e9bec re\u00e7ue dans le cadre de l\u2019initiative Ambition num\u00e9rique du Minist\u00e8re de la culture et des communications pour la cr\u00e9ation d&rsquo;un incubateur num\u00e9rique d\u00e9di\u00e9 \u00e0 l&rsquo;art lyrique qu\u00e9b\u00e9cois.<\/p>\n","protected":false},"author":51,"featured_media":65181,"comment_status":"open","ping_status":"open","sticky":false,"template":"","format":"standard","meta":{"om_disable_all_campaigns":false,"jetpack_post_was_ever_published":false},"categories":[37357,10956,10992],"tags":[],"yst_prominent_words":[9878,9863,40503,25417,40498,40502,20653,9877,40490,10538,10519,40492,7694,39723,10532,10423,40496,40107,40501,40500],"acf":[],"jetpack_featured_media_url":"https:\/\/www.ludwig-van.com\/montreal\/wp-content\/uploads\/sites\/3\/2020\/10\/Op\u00e9ra-de-Montr\u00e9al.jpg","jetpack_sharing_enabled":true,"jetpack_shortlink":"https:\/\/wp.me\/p9bdYt-gXi","amp_enabled":true,"_links":{"self":[{"href":"https:\/\/www.ludwig-van.com\/montreal\/wp-json\/wp\/v2\/posts\/65180"}],"collection":[{"href":"https:\/\/www.ludwig-van.com\/montreal\/wp-json\/wp\/v2\/posts"}],"about":[{"href":"https:\/\/www.ludwig-van.com\/montreal\/wp-json\/wp\/v2\/types\/post"}],"author":[{"embeddable":true,"href":"https:\/\/www.ludwig-van.com\/montreal\/wp-json\/wp\/v2\/users\/51"}],"replies":[{"embeddable":true,"href":"https:\/\/www.ludwig-van.com\/montreal\/wp-json\/wp\/v2\/comments?post=65180"}],"version-history":[{"count":2,"href":"https:\/\/www.ludwig-van.com\/montreal\/wp-json\/wp\/v2\/posts\/65180\/revisions"}],"predecessor-version":[{"id":65184,"href":"https:\/\/www.ludwig-van.com\/montreal\/wp-json\/wp\/v2\/posts\/65180\/revisions\/65184"}],"wp:featuredmedia":[{"embeddable":true,"href":"https:\/\/www.ludwig-van.com\/montreal\/wp-json\/wp\/v2\/media\/65181"}],"wp:attachment":[{"href":"https:\/\/www.ludwig-van.com\/montreal\/wp-json\/wp\/v2\/media?parent=65180"}],"wp:term":[{"taxonomy":"category","embeddable":true,"href":"https:\/\/www.ludwig-van.com\/montreal\/wp-json\/wp\/v2\/categories?post=65180"},{"taxonomy":"post_tag","embeddable":true,"href":"https:\/\/www.ludwig-van.com\/montreal\/wp-json\/wp\/v2\/tags?post=65180"},{"taxonomy":"yst_prominent_words","embeddable":true,"href":"https:\/\/www.ludwig-van.com\/montreal\/wp-json\/wp\/v2\/yst_prominent_words?post=65180"}],"curies":[{"name":"wp","href":"https:\/\/api.w.org\/{rel}","templated":true}]}}