{"id":64999,"date":"2020-09-08T13:44:06","date_gmt":"2020-09-08T17:44:06","guid":{"rendered":"https:\/\/www.ludwig-van.com\/montreal\/?p=64999"},"modified":"2020-09-08T13:44:06","modified_gmt":"2020-09-08T17:44:06","slug":"rentree-musique-classique-a-quoi-ressemblera-ce-prudent-automne-de-post-confinement-dans-les-salles-de-concerts","status":"publish","type":"post","link":"https:\/\/www.ludwig-van.com\/montreal\/2020\/09\/08\/rentree-musique-classique-a-quoi-ressemblera-ce-prudent-automne-de-post-confinement-dans-les-salles-de-concerts\/","title":{"rendered":"RENTR\u00c9E EN MUSIQUE CLASSIQUE | \u00c0 quoi ressemblera ce prudent automne de post-confinement dans les salles de concerts de Montr\u00e9al et des environs"},"content":{"rendered":"<figure id=\"attachment_65005\" aria-describedby=\"caption-attachment-65005\" style=\"width: 1200px\" class=\"wp-caption aligncenter\"><img decoding=\"async\" loading=\"lazy\" class=\"wp-image-65005 size-full\" src=\"https:\/\/www.ludwig-van.com\/montreal\/wp-content\/uploads\/sites\/3\/2020\/09\/Rentr\u00e9e-musicale-cover.jpg\" alt=\"\" width=\"1200\" height=\"628\" srcset=\"https:\/\/www.ludwig-van.com\/montreal\/wp-content\/uploads\/sites\/3\/2020\/09\/Rentr\u00e9e-musicale-cover.jpg 1200w, https:\/\/www.ludwig-van.com\/montreal\/wp-content\/uploads\/sites\/3\/2020\/09\/Rentr\u00e9e-musicale-cover-300x157.jpg 300w, https:\/\/www.ludwig-van.com\/montreal\/wp-content\/uploads\/sites\/3\/2020\/09\/Rentr\u00e9e-musicale-cover-1024x536.jpg 1024w, https:\/\/www.ludwig-van.com\/montreal\/wp-content\/uploads\/sites\/3\/2020\/09\/Rentr\u00e9e-musicale-cover-768x402.jpg 768w\" sizes=\"(max-width: 1200px) 100vw, 1200px\" \/><figcaption id=\"caption-attachment-65005\" class=\"wp-caption-text\">La rentr\u00e9e en musique classique, fa\u00e7on 2020: les salles de concerts ouvriront leurs portes avec prudence.<\/figcaption><\/figure>\n<p>&nbsp;<\/p>\n<p>Apr\u00e8s des mois de pand\u00e9mie et de confinement, la musique classique retourne en salles avec prudence et de multiples pr\u00e9cautions sanitaires. Places distanc\u00e9es, concerts sans entractes et gel d\u00e9sinfectant seront de mise pour retrouver enfin nos musiciens favoris. La solidarit\u00e9 est \u00e0 l&rsquo;ordre du jour pour nos diffuseurs et salles de concert, qui donnent du travail aux musiciens d&rsquo;ici. Voici un tour d&rsquo;horizon de ce qui nous attend pour la rentr\u00e9e en musique classique.<\/p>\n<p>&nbsp;<\/p>\n<h2>D\u00e9but de saison<\/h2>\n<p>Plusieurs orchestres et organismes ont d\u00e9j\u00e0 annonc\u00e9 leur saison de concerts automnales. C&rsquo;est le cas de l&rsquo;Orchestre symphonique de Montr\u00e9al, de l&rsquo;Orchestre M\u00e9tropolitain, de la salle Bourgie et du Vivier, dont nous vous avons d\u00e9j\u00e0 parl\u00e9. Les deux premiers nous offriront des concerts \u00e0 la Maison symphonique pour 250 personnes seulement. Du c\u00f4t\u00e9 de l&rsquo;Orchestre M\u00e9tropolitain, la plupart des concerts affichent d\u00e9j\u00e0 complet puisque les billets des concerts annul\u00e9s au printemps ont \u00e9t\u00e9 offerts en priorit\u00e9 aux abonn\u00e9s.<\/p>\n<p>L&rsquo;OSM lancera sa saison d&rsquo;automne ce vendredi, 11 septembre, HEURE, avec <a href=\"https:\/\/www.osm.ca\/fr\/concerts\/celebrons-le-250-de-beethoven\/\" target=\"_blank\" rel=\"noopener noreferrer\">Les vocalises de Beethoven<\/a>, sous la direction de <strong>Bernard Labadie,<\/strong> avec Marie-Nicole Lemieux et Karina Gauvin. Un programme d&rsquo;oeuvres de Mozart et de Beethoven. Trois autres concerts dirig\u00e9s par Labadie sont pr\u00e9sent\u00e9s les 12 et 13 septembre, avec des programmes diff\u00e9rents, mais toujours centr\u00e9s sur Beethoven, dont on souligne ainsi le 250e anniversaire de naissance. <a href=\"https:\/\/www.osm.ca\/fr\/les-concerts\/\" target=\"_blank\" rel=\"noopener noreferrer\">D\u00c9TAILS<\/a><\/p>\n<p>La saison commence un peu plus tard \u00e0 l&rsquo;OM, soit le 20 septembre, alors que <strong>Yannick N\u00e9zet-S\u00e9guin<\/strong> dirigera les <em>Chants de la terre<\/em>, de Mahler. <a href=\"https:\/\/orchestremetropolitain.com\/fr\/concert\/yannick-nezet-seguin-dirige-le-chant-de-la-terre\/\" target=\"_blank\" rel=\"noopener noreferrer\">D\u00c9TAILS<\/a><\/p>\n<p>\u00c0 la <strong>salle Bourgie<\/strong>, c&rsquo;est le <strong>Nouveau Quatuor Orford<\/strong> qui lancera la saison le 16 septembre, avec le Quatuor no 9 de Beethoven \u00ab\u00a0Razoumovski\u00a0\u00bb et le Quatuor no 2 de Jacques H\u00e9tu. Un programme r\u00e9p\u00e9t\u00e9 le lendemain. <a href=\"https:\/\/www.mbam.qc.ca\/fr\/activites\/le-nouveau-quatuor-a-cordes-orford-2-dates\/\" target=\"_blank\" rel=\"noopener noreferrer\">D\u00c9TAILS<\/a><\/p>\n<p>Au total, la salle Bourgie pr\u00e9sentera une offre impressionnante: en tout, 53 concerts d&rsquo;ici le 20 d\u00e9cembre. En effet, 17 nouveaux concerts se sont ajout\u00e9s aux 36 d\u00e9j\u00e0 annonc\u00e9s en ao\u00fbt, incluant, entre autres, ceux des <strong>Violons du Roy<\/strong>, du <strong>Quatuor Bozzini<\/strong>, de <strong>Pallade Musica<\/strong>, des <strong>Voix humaines<\/strong> et de l&rsquo;ensemble <strong>Oktoecho<\/strong>.<\/p>\n<p>Du c\u00f4t\u00e9 de l&rsquo;<strong>Orchestre symphonique de Laval<\/strong>, c&rsquo;est au cin\u00e9ma qu&rsquo;on pourra les retrouver, puisqu&rsquo;ils ont enregistr\u00e9 leurs programmes de l&rsquo;automne, qui seront pr\u00e9sent\u00e9s dans les salles du r\u00e9seau cin\u00e9-spectacle, qui incluent les cin\u00e9mas Beaubien, du Parc, le Clap, \u00e0 Qu\u00e9bec, et plusieurs autres. Une initiative fort int\u00e9ressante! <a href=\"https:\/\/www.ludwig-van.com\/montreal\/2020\/08\/26\/nouvelle-lorchestre-symphonique-de-laval-sera-la-vedette-de-quatre-films-presentes-dans-les-cinemas-cet-automne\/\" target=\"_blank\" rel=\"noopener noreferrer\">PLUS DE D\u00c9TAILS.<\/a><\/p>\n<p>&nbsp;<\/p>\n<figure id=\"attachment_47161\" aria-describedby=\"caption-attachment-47161\" style=\"width: 1024px\" class=\"wp-caption aligncenter\"><img decoding=\"async\" loading=\"lazy\" class=\"size-full wp-image-47161\" src=\"https:\/\/www.ludwig-van.com\/montreal\/wp-content\/uploads\/sites\/3\/2017\/09\/ChapelleHistoriqueduBP.jpg\" alt=\"La Chapelle historique du Bon-Pasteur, salle incontournable pour la musique de chambre \u00e0 Montr\u00e9al. (Photo: courtoisie de la Chapelle)\" width=\"1024\" height=\"768\" srcset=\"https:\/\/www.ludwig-van.com\/montreal\/wp-content\/uploads\/sites\/3\/2017\/09\/ChapelleHistoriqueduBP.jpg 1024w, https:\/\/www.ludwig-van.com\/montreal\/wp-content\/uploads\/sites\/3\/2017\/09\/ChapelleHistoriqueduBP-300x225.jpg 300w, https:\/\/www.ludwig-van.com\/montreal\/wp-content\/uploads\/sites\/3\/2017\/09\/ChapelleHistoriqueduBP-768x576.jpg 768w\" sizes=\"(max-width: 1024px) 100vw, 1024px\" \/><figcaption id=\"caption-attachment-47161\" class=\"wp-caption-text\">La Chapelle historique du Bon-Pasteur, salle incontournable pour la musique de chambre \u00e0 Montr\u00e9al. (Photo: courtoisie de la Chapelle)<\/figcaption><\/figure>\n<h2>Chapelle historique du Bon-Pasteur<\/h2>\n<p>D&rsquo;autres salles, diffuseurs et orchestres ont aussi annonc\u00e9 leur saison. C&rsquo;est le cas, notamment, de la Chapelle historique du Bon-Pasteur, qui pr\u00e9sentera concerts. On sera heureux d&rsquo;y retourner pour la premi\u00e8re fois le 2 octobre, pour un r\u00e9cital du pianiste St\u00e9phane Lemelin. qui interpr\u00e9tera les trois derni\u00e8res Sonates de Beethoven. Il est important de savoir que cette ann\u00e9e, pour des raisons de s\u00e9curit\u00e9, le comptoir de billetterie de la Chapelle sera ferm\u00e9. Tous les billets seront disponibles uniquement par internet et l\u2019entr\u00e9e aux concerts sera refus\u00e9e \u00e0 toute personne n\u2019ayant pas pr\u00e9alablement r\u00e9serv\u00e9 son billet.<\/p>\n<p>La violoncelliste <strong>Elinor Frey<\/strong>, qui \u00e9tait artiste en r\u00e9sidence cette ann\u00e9e \u00e0 la Chapelle, pr\u00e9sentera une journ\u00e9e consacr\u00e9e au violoncelle italien ancien, demain, 9 septembre, incluant un entretien, une conf\u00e9rence et un concert! <a href=\"https:\/\/www.facebook.com\/events\/952907858533829\" target=\"_blank\" rel=\"noopener noreferrer\">D\u00c9TAILS<\/a><\/p>\n<p>&nbsp;<\/p>\n<figure id=\"attachment_47063\" aria-describedby=\"caption-attachment-47063\" style=\"width: 1024px\" class=\"wp-caption aligncenter\"><img decoding=\"async\" loading=\"lazy\" class=\"size-full wp-image-47063\" src=\"https:\/\/www.ludwig-van.com\/montreal\/wp-content\/uploads\/sites\/3\/2017\/09\/Arion_136-2.jpg\" alt=\"Arion Orchestre Baroque\" width=\"1024\" height=\"683\" srcset=\"https:\/\/www.ludwig-van.com\/montreal\/wp-content\/uploads\/sites\/3\/2017\/09\/Arion_136-2.jpg 1024w, https:\/\/www.ludwig-van.com\/montreal\/wp-content\/uploads\/sites\/3\/2017\/09\/Arion_136-2-300x200.jpg 300w, https:\/\/www.ludwig-van.com\/montreal\/wp-content\/uploads\/sites\/3\/2017\/09\/Arion_136-2-768x512.jpg 768w\" sizes=\"(max-width: 1024px) 100vw, 1024px\" \/><figcaption id=\"caption-attachment-47063\" class=\"wp-caption-text\">Arion Orchestre Baroque. (Photo: courtoisie).<\/figcaption><\/figure>\n<p>&nbsp;<\/p>\n<h2>Arion orchestre baroque: concerts intimes \u00e0 la salle Bourgie<\/h2>\n<p>Comme tout le monde, Arion a revisit\u00e9 la saison pr\u00e9vue. Le concert soulignant son 40e anniversaire qui devait avoir lieu le 25 septembre \u00e0 la Maison symphonique en collaboration avec le Studio de musique ancienne de Montr\u00e9al est report\u00e9 \u00e0 une saison ult\u00e9rieure. La saison d&rsquo;Arion commencera le 7 novembre avec le concert Fran\u00e7ois Couperin, les Nations. Une formation de 8 musiciens men\u00e9s par Tanya LaPerri\u00e8re se plongera dans un tour de l\u2019Europe musicale baroque avec des arr\u00eats en France, Espagne, Italie et Allemagne. <a href=\"https:\/\/arionbaroque.com\/fr\/francois-couperin-les-nations\" target=\"_blank\" rel=\"noopener noreferrer\">D\u00c9TAILS<\/a><\/p>\n<p>En tout, Arion pr\u00e9sentera 5 concerts en 2020-2021. <a href=\"https:\/\/arionbaroque.com\/fr\/concerts\/saison-2020-2021\" target=\"_blank\" rel=\"noopener noreferrer\">D\u00c9TAILS<\/a><\/p>\n<p>&nbsp;<\/p>\n<figure id=\"attachment_54923\" aria-describedby=\"caption-attachment-54923\" style=\"width: 1024px\" class=\"wp-caption aligncenter\"><img decoding=\"async\" loading=\"lazy\" class=\"size-full wp-image-54923\" src=\"https:\/\/www.ludwig-van.com\/montreal\/wp-content\/uploads\/sites\/3\/2018\/06\/MarcAndreHamelin_Canetty-Clarke-refaite.jpg\" alt=\"Marc-Andr\u00e9 Hamelin. (Cr\u00e9dit: Canetty Clarke)\" width=\"1024\" height=\"682\" srcset=\"https:\/\/www.ludwig-van.com\/montreal\/wp-content\/uploads\/sites\/3\/2018\/06\/MarcAndreHamelin_Canetty-Clarke-refaite.jpg 1024w, https:\/\/www.ludwig-van.com\/montreal\/wp-content\/uploads\/sites\/3\/2018\/06\/MarcAndreHamelin_Canetty-Clarke-refaite-300x200.jpg 300w, https:\/\/www.ludwig-van.com\/montreal\/wp-content\/uploads\/sites\/3\/2018\/06\/MarcAndreHamelin_Canetty-Clarke-refaite-768x512.jpg 768w\" sizes=\"(max-width: 1024px) 100vw, 1024px\" \/><figcaption id=\"caption-attachment-54923\" class=\"wp-caption-text\">Marc-Andr\u00e9 Hamelin. (Cr\u00e9dit: Canetty Clarke)<\/figcaption><\/figure>\n<h2>Dans Lanaudi\u00e8re<\/h2>\n<p>Pour ceux qui n&rsquo;ont rien contre de sortir un peu de Montr\u00e9al, l&rsquo;une des plus belles surprises de cet automne est bien s\u00fbr l&rsquo;annonce, la semaine derni\u00e8re, de six concerts \u00e0 la Cath\u00e9drale de Joliette pr\u00e9sent\u00e9s par le Festival de Lanaudi\u00e8re. On pourra entendre l&rsquo;<strong>OSM<\/strong>, l&rsquo;<strong>OM<\/strong>, <strong>James Ehnes<\/strong>, les <strong>Violons du Roy<\/strong>, <strong>Marc-Andr\u00e9 Hamelin<\/strong>, et la soprano <strong>Adrianne Pieczonka. <\/strong><a href=\"https:\/\/www.ludwig-van.com\/montreal\/2020\/09\/03\/nouvelle-le-festival-de-lanaudiere-annonce-six-concerts-en-salle-pour-septembre\/\" target=\"_blank\" rel=\"noopener noreferrer\">PLUS DE D\u00c9TAILS<\/a><\/p>\n<p>&nbsp;<\/p>\n<p>&nbsp;<\/p>\n<p style=\"text-align: center;\"><img decoding=\"async\" loading=\"lazy\" class=\"aligncenter size-full wp-image-65001\" src=\"https:\/\/www.ludwig-van.com\/montreal\/wp-content\/uploads\/sites\/3\/2020\/09\/Festival_Sinfonia.jpg\" alt=\"\" width=\"740\" height=\"958\" srcset=\"https:\/\/www.ludwig-van.com\/montreal\/wp-content\/uploads\/sites\/3\/2020\/09\/Festival_Sinfonia.jpg 740w, https:\/\/www.ludwig-van.com\/montreal\/wp-content\/uploads\/sites\/3\/2020\/09\/Festival_Sinfonia-232x300.jpg 232w\" sizes=\"(max-width: 740px) 100vw, 740px\" \/><\/p>\n<p>&nbsp;<\/p>\n<h2>Sinfonia de Lanaudi\u00e8re<\/h2>\n<p>Toujours dans cette belle r\u00e9gion, l&rsquo;<strong>Orchestre<\/strong> <strong>Sinfonia de Lanaudi\u00e8re<\/strong> d\u00e9die son automne \u00e0 Beethoven avec un festival complet, rien de moins. Commenc\u00e9 le 6 septembre, il se poursuit avec cinq autres concerts jusqu&rsquo;en novembre sous la direction de son chef, <strong>St\u00e9phane Laforest<\/strong>. Les artistes invit\u00e9s de ce festival sont: <span class=\"im\"><span lang=\"FR\">Charles Richard-Hamelin, \u00c9laine Marcil, St\u00e9phane T\u00e9treault, Serhiy Salov, <\/span><span lang=\"FR\">Anne-Marie Dubois, Tristan Longval-Gagn\u00e9, Philippe Prud\u2019homme, Hugues Cloutier, Emmanuel Laforest, le Quatuor Claudel-Canimex et\u00a0les chambristes de La <span class=\"il\">Sinfonia<\/span> de Lanaudi\u00e8re ! <\/span><\/span><\/p>\n<p>Le prochain concert aura lieu le 20 septembre avec les pianistes Philippe Prud&rsquo;homme, Tristan Longval-Gagn\u00e9 et Anne-Marie Dubois. <span class=\"im\"><span lang=\"FR\">Les concerts auront lieu \u00e0 l&rsquo;\u00c9glise de l\u2019Assomption le 20 septembre, le 4 et le 18 octobre, et le 1<sup>er<\/sup> et le 22 novembre. Tous les concerts auront lieu \u00e0 15h. <a href=\"https:\/\/www.sinfonia-lanaudiere.org\/concert\/festival-sinfonia-beethoven-250\/\" target=\"_blank\" rel=\"noopener noreferrer\">D\u00c9TAILS<\/a><\/span><\/span><\/p>\n<p>&nbsp;<\/p>\n<p>&nbsp;<\/p>\n<figure id=\"attachment_52147\" aria-describedby=\"caption-attachment-52147\" style=\"width: 700px\" class=\"wp-caption aligncenter\"><img decoding=\"async\" loading=\"lazy\" class=\"size-full wp-image-52147\" src=\"https:\/\/www.ludwig-van.com\/montreal\/wp-content\/uploads\/sites\/3\/2018\/03\/Ve\u0301ronique-Lacroix-cr-Pierre-E\u0301tienneBergeron-calendrier.jpg\" alt=\"Ve\u0301ronique Lacroix\" width=\"700\" height=\"550\" srcset=\"https:\/\/www.ludwig-van.com\/montreal\/wp-content\/uploads\/sites\/3\/2018\/03\/Ve\u0301ronique-Lacroix-cr-Pierre-E\u0301tienneBergeron-calendrier.jpg 700w, https:\/\/www.ludwig-van.com\/montreal\/wp-content\/uploads\/sites\/3\/2018\/03\/Ve\u0301ronique-Lacroix-cr-Pierre-E\u0301tienneBergeron-calendrier-300x236.jpg 300w\" sizes=\"(max-width: 700px) 100vw, 700px\" \/><figcaption id=\"caption-attachment-52147\" class=\"wp-caption-text\">V\u00e9ronique Lacroix. (Photo: Pierre-\u00c9tienne Bergeron)<\/figcaption><\/figure>\n<h2>Musique contemporaine<\/h2>\n<p>Comme nous l&rsquo;avons d\u00e9j\u00e0 annonc\u00e9, Le Vivier pr\u00e9sente cette ann\u00e9e 10 concerts au Gesu, dont le premier, dans le cadre d&rsquo;une Journ\u00e9e H20, aura lieu le 12 septembre. <a href=\"https:\/\/www.ludwig-van.com\/montreal\/2020\/08\/29\/nouvelle-le-vivier-presentera-une-saison-dautomne-avec-10-concerts\/\" target=\"_blank\" rel=\"noopener noreferrer\">PLUS DE D\u00c9TAILS.<\/a><\/p>\n<p>La <strong>Soci\u00e9t\u00e9 de musique contemporaine de Montr\u00e9al<\/strong> (SCMQ) a \u00e9galement annonc\u00e9 qu&rsquo;elle pr\u00e9senterait une saison avec un premier concert \u00e0 la salle Pierre Mercure le 27 septembre, 15 h,\u00a0 intitul\u00e9 <em>Vents nordiques pour chasser la Covid-19<\/em>! On y retrouvera l&rsquo;Ensemble de la SMCQ sous la direction de <strong>Jean-Michel Lavoie. <\/strong>On pourra entendre <i>Compositions no. 1 et 2<\/i> de Galina Ustvolska\u00efa\u00a0; <i>Pohjiatuuli <\/i>de Michel Longtin. Par la suite, la SMCQ pr\u00e9sentera <b>une dizaine de r\u00e9citals<\/b> mettant \u00e0 l&rsquo;honneur \u00ab\u00a0quelques p\u00e9pites de la musique contemporaine.\u00a0\u00bb D\u00c9TAILS<\/p>\n<p>Fait int\u00e9ressant: la SMCQ lancera \u00e9galement une s\u00e9rie de balados sur son histoire au cours de l&rsquo;automne, une collaboration avec Lorraine Pintal, R\u00e9jean Beaucage et Laurent Major. \u00c0 suivre!<\/p>\n<p>L&rsquo;<strong>Ensemble contemporaine de Montr\u00e9al<\/strong>, pour sa part, pr\u00e9sentera un concert de la Tourn\u00e9e G\u00e9n\u00e9ration 2020 le 20 octobre, salle Pierre Mercure, sous la direction de <strong>V\u00e9ronique Lacroix<\/strong>. <a href=\"https:\/\/www.ecm.qc.ca\/media\/communique_saison_20-21_low.pdf\" target=\"_blank\" rel=\"noopener noreferrer\">D\u00c9TAILS<\/a><\/p>\n<p>Le concert suivant de l&rsquo;ECM+ sera un hommage au regrett\u00e9 Silvio Palmeri, qui aura lieu le 25 f\u00e9vrier au Conservatoire de musique de Montr\u00e9al.<\/p>\n<p>D&rsquo;autre part, le <strong>Quatuor Molinari<\/strong>, <a href=\"https:\/\/www.ludwig-van.com\/montreal\/2020\/08\/28\/nouvelle-le-quatuor-molinari-mettra-sur-pied-une-videotheque-de-quatuors-quebecois\/\" target=\"_blank\" rel=\"noopener noreferrer\">dont nous vous avons parl\u00e9 r\u00e9cemment<\/a>, pr\u00e9sentera aussi des concerts cet automne, \u00e0 la Fondation Molinari. Le prochain, d\u00e9di\u00e9 \u00e0 Philippe Glass, aura lieu le 13 septembre, \u00e0 13 h et \u00e0 16 h.<\/p>\n<h2>Op\u00e9ra: <em>As One<\/em><\/h2>\n<p>Tandis que l&rsquo;<strong>Op\u00e9ra de Montr\u00e9al<\/strong> a \u00e9t\u00e9 oblig\u00e9 de d\u00e9caler ses productions \u00e0 l&rsquo;hiver, l&rsquo;<strong>Orchestre classique de Montr\u00e9al<\/strong> pr\u00e9sentera <a href=\"https:\/\/www.ludwig-van.com\/montreal\/2020\/08\/04\/nouvelle-lorchestre-classique-de-montreal-presentera-lopera-as-one-en-premiere-quebecoise\/\" target=\"_blank\" rel=\"noopener noreferrer\">la premi\u00e8re qu\u00e9b\u00e9coise de <em><strong>As One<\/strong><\/em><\/a>, de Laura Kaminsky, un op\u00e9ra sur l&rsquo;histoire d&rsquo;une personne transgenre. Avec <strong>Philippe Addis<\/strong>, baryton, et <strong>Sarah Bissonnette<\/strong>, mezzo-soprano. Le 20 novembre, 19 h 30, au Cirque \u00c9loize. <a href=\"https:\/\/orchestre.ca\/event\/as-one\/\" target=\"_blank\" rel=\"noopener noreferrer\">D\u00c9TAILS<\/a><\/p>\n<h2>Virage num\u00e9rique aux Jeunesses Musicales Canada<\/h2>\n<p>Au JMC, on a entrepris un grand virage num\u00e9rique qui a permis de d\u00e9velopper un volet musical num\u00e9rique pour le jeune public, incluant des ateliers pour les 4-6 ans, ainsi que des concerts. Plusieurs vid\u00e9os de la s\u00e9rie <a href=\"https:\/\/www.jmcanada.ca\/fr\/virtuel\/la-foret-des-melomanes\/\" target=\"_blank\" rel=\"noopener noreferrer\">La for\u00eat des m\u00e9lomanes<\/a> sont d\u00e9j\u00e0 en ligne. Des <a href=\"https:\/\/www.jmcanada.ca\/fr\/concerts\/rythmo-rigolo-2\/diffuseurs\/\" target=\"_blank\" rel=\"noopener noreferrer\">concerts en format num\u00e9rique<\/a> sont \u00e9galement disponibles pour les \u00e9coles et diffuseurs.<\/p>\n<p>De nombreux organismes n&rsquo;ont toujours pas annonc\u00e9 leurs activit\u00e9s automnales, s&rsquo;ils en ont. Ludwig van Montr\u00e9al vous tiendra inform\u00e9s des nouvelles annonces. Quoiqu&rsquo;il en soit, apr\u00e8s un \u00e9t\u00e9 passablement calme sur le plan \u00e9ditorial, nous sommes heureux de nous lancer de nouveau dans la m\u00eal\u00e9e et de vous pr\u00e9senter une couverture plus r\u00e9guli\u00e8re \u00e0 compter d&rsquo;aujourd&rsquo;hui. Si notre \u00e9quipe a \u00e9t\u00e9 r\u00e9duite en raison de la pand\u00e9mie, nous n&rsquo;en serons pas moins pr\u00e9sents pour couvrir les principaux \u00e9v\u00e9nements de cette saison musicale post-confinement.<\/p>\n<p>Bon automne \u00e0 tous!<\/p>\n<p>&nbsp;<\/p>\n<h2>LIRE AUSSI:<\/h2>\n<p>&nbsp;<\/p>\n<blockquote class=\"wp-embedded-content\" data-secret=\"g12mWLhSdK\"><p><a href=\"https:\/\/www.ludwig-van.com\/montreal\/2020\/08\/28\/nouvelle-le-quatuor-molinari-mettra-sur-pied-une-videotheque-de-quatuors-quebecois\/\">NOUVELLE | Le Quatuor Molinari mettra sur pied une vid\u00e9oth\u00e8que de quatuors qu\u00e9b\u00e9cois<\/a><\/p><\/blockquote>\n<p><iframe class=\"wp-embedded-content\" sandbox=\"allow-scripts\" security=\"restricted\" style=\"position: absolute; clip: rect(1px, 1px, 1px, 1px);\" title=\"\u00ab\u00a0NOUVELLE | Le Quatuor Molinari mettra sur pied une vid\u00e9oth\u00e8que de quatuors qu\u00e9b\u00e9cois\u00a0\u00bb &#8212; Ludwig Van Montreal\" src=\"https:\/\/www.ludwig-van.com\/montreal\/2020\/08\/28\/nouvelle-le-quatuor-molinari-mettra-sur-pied-une-videotheque-de-quatuors-quebecois\/embed\/#?secret=g12mWLhSdK\" data-secret=\"g12mWLhSdK\" width=\"600\" height=\"338\" frameborder=\"0\" marginwidth=\"0\" marginheight=\"0\" scrolling=\"no\"><\/iframe><\/p>\n<p>&nbsp;<\/p>\n<p>&nbsp;<\/p>\n<p>&nbsp;<\/p>\n<p>&nbsp;<\/p>\n","protected":false},"excerpt":{"rendered":"<p>Apr\u00e8s des mois de pand\u00e9mie et de confinement, la musique classique retourne en salles avec prudence et de multiples pr\u00e9cautions sanitaires. Places distanc\u00e9es, concerts sans entractes et gel d\u00e9sinfectant seront de mise pour retrouver enfin nos musiciens favoris. La solidarit\u00e9 est \u00e0 l&rsquo;ordre du jour pour nos diffuseurs et salles de concert, qui donnent du travail aux musiciens d&rsquo;ici. Voici un tour d&rsquo;horizon de ce qui nous attend.<\/p>\n","protected":false},"author":51,"featured_media":65005,"comment_status":"open","ping_status":"open","sticky":false,"template":"","format":"standard","meta":{"om_disable_all_campaigns":false,"jetpack_post_was_ever_published":false},"categories":[37357,10956,10994,19],"tags":[4135,40207,11882,6455,38445],"yst_prominent_words":[23465,40200,10359,9806,9792,8858,40208,14167,9799,40206,10167,10213,33569,33564,10546,9956,40203,10554,19938,9974],"acf":[],"jetpack_featured_media_url":"https:\/\/www.ludwig-van.com\/montreal\/wp-content\/uploads\/sites\/3\/2020\/09\/Rentr\u00e9e-musicale-cover.jpg","jetpack_sharing_enabled":true,"jetpack_shortlink":"https:\/\/wp.me\/p9bdYt-gUn","amp_enabled":true,"_links":{"self":[{"href":"https:\/\/www.ludwig-van.com\/montreal\/wp-json\/wp\/v2\/posts\/64999"}],"collection":[{"href":"https:\/\/www.ludwig-van.com\/montreal\/wp-json\/wp\/v2\/posts"}],"about":[{"href":"https:\/\/www.ludwig-van.com\/montreal\/wp-json\/wp\/v2\/types\/post"}],"author":[{"embeddable":true,"href":"https:\/\/www.ludwig-van.com\/montreal\/wp-json\/wp\/v2\/users\/51"}],"replies":[{"embeddable":true,"href":"https:\/\/www.ludwig-van.com\/montreal\/wp-json\/wp\/v2\/comments?post=64999"}],"version-history":[{"count":6,"href":"https:\/\/www.ludwig-van.com\/montreal\/wp-json\/wp\/v2\/posts\/64999\/revisions"}],"predecessor-version":[{"id":65007,"href":"https:\/\/www.ludwig-van.com\/montreal\/wp-json\/wp\/v2\/posts\/64999\/revisions\/65007"}],"wp:featuredmedia":[{"embeddable":true,"href":"https:\/\/www.ludwig-van.com\/montreal\/wp-json\/wp\/v2\/media\/65005"}],"wp:attachment":[{"href":"https:\/\/www.ludwig-van.com\/montreal\/wp-json\/wp\/v2\/media?parent=64999"}],"wp:term":[{"taxonomy":"category","embeddable":true,"href":"https:\/\/www.ludwig-van.com\/montreal\/wp-json\/wp\/v2\/categories?post=64999"},{"taxonomy":"post_tag","embeddable":true,"href":"https:\/\/www.ludwig-van.com\/montreal\/wp-json\/wp\/v2\/tags?post=64999"},{"taxonomy":"yst_prominent_words","embeddable":true,"href":"https:\/\/www.ludwig-van.com\/montreal\/wp-json\/wp\/v2\/yst_prominent_words?post=64999"}],"curies":[{"name":"wp","href":"https:\/\/api.w.org\/{rel}","templated":true}]}}