{"id":64991,"date":"2020-09-03T13:54:32","date_gmt":"2020-09-03T17:54:32","guid":{"rendered":"https:\/\/www.ludwig-van.com\/montreal\/?p=64991"},"modified":"2020-09-03T13:54:32","modified_gmt":"2020-09-03T17:54:32","slug":"nouvelle-le-festival-de-lanaudiere-annonce-six-concerts-en-salle-pour-septembre","status":"publish","type":"post","link":"https:\/\/www.ludwig-van.com\/montreal\/2020\/09\/03\/nouvelle-le-festival-de-lanaudiere-annonce-six-concerts-en-salle-pour-septembre\/","title":{"rendered":"NOUVELLE | Le Festival de Lanaudi\u00e8re annonce six concerts en salle pour septembre!"},"content":{"rendered":"<figure id=\"attachment_64992\" aria-describedby=\"caption-attachment-64992\" style=\"width: 1200px\" class=\"wp-caption aligncenter\"><img decoding=\"async\" loading=\"lazy\" class=\"size-full wp-image-64992\" src=\"https:\/\/www.ludwig-van.com\/montreal\/wp-content\/uploads\/sites\/3\/2020\/09\/Cover-Lanaudi\u00e8re-automne-2020.jpg\" alt=\"\" width=\"1200\" height=\"628\" srcset=\"https:\/\/www.ludwig-van.com\/montreal\/wp-content\/uploads\/sites\/3\/2020\/09\/Cover-Lanaudi\u00e8re-automne-2020.jpg 1200w, https:\/\/www.ludwig-van.com\/montreal\/wp-content\/uploads\/sites\/3\/2020\/09\/Cover-Lanaudi\u00e8re-automne-2020-300x157.jpg 300w, https:\/\/www.ludwig-van.com\/montreal\/wp-content\/uploads\/sites\/3\/2020\/09\/Cover-Lanaudi\u00e8re-automne-2020-1024x536.jpg 1024w, https:\/\/www.ludwig-van.com\/montreal\/wp-content\/uploads\/sites\/3\/2020\/09\/Cover-Lanaudi\u00e8re-automne-2020-768x402.jpg 768w\" sizes=\"(max-width: 1200px) 100vw, 1200px\" \/><figcaption id=\"caption-attachment-64992\" class=\"wp-caption-text\">De gauche \u00e0 droite et de haut en bas: Les Violons du Roy, Johannes Debus, Marc-Andr\u00e9 Hamelin, l&rsquo;Orchestre M\u00e9tropolitain et James Ehnes. (Cr\u00e9dits photos: Noora Heiskanen, Bo Huang, Cannety-Clarke, Pure Perception, Ben Ealovega).<\/figcaption><\/figure>\n<p>Surprise! Apr\u00e8s une \u00e9dition \u00ab\u00a0connect\u00e9e\u00a0\u00bb fort populaire cet \u00e9t\u00e9 qui nous a permis d&rsquo;appr\u00e9cier des concerts tir\u00e9s de ses archives, le <strong>Festival de Lanaudi\u00e8re<\/strong> annonce six concerts en salle qui auront lieu \u00e0 la Cath\u00e9drale de Joliette en septembre, de quoi permettre aux inconditionnels de la musique vivante de se rattraper.<\/p>\n<p>Au programme, par ordre chronologique: l&rsquo;Orchestre M\u00e9tropolitain, les Violons du Roy, James Ehnes, Marc-Andr\u00e9 Hamelin et la soprano canadienne Adrianne Pieczonka et l&rsquo;Orchestre symphonique de Montr\u00e9al.<\/p>\n<p>C&rsquo;est un plaisir de constater que la plupart des organismes musicaux profitent de l&rsquo;autorisation du gouvernement d&rsquo;offrir des spectacles pour un maximum de 250 personnes en distanciation physique. En effet, plusieurs d&rsquo;entre eux ont d\u00e9j\u00e0 annonc\u00e9 leur saison automnale en mode \u00ab\u00a0pand\u00e9mie\u00a0\u00bb et ils font preuve d&rsquo;une grande cr\u00e9ativit\u00e9. Pendant ce temps, d&rsquo;autre provinces du Canada n&rsquo;autorisent toujours pas les concerts et la vie musicale est d\u00e9vast\u00e9e. Au Qu\u00e9bec, gr\u00e2ce \u00e0 ces initiatives, nous serons heureux de retrouver nos musiciens sur sc\u00e8ne et de savoir qu&rsquo;ils ont enfin retrouv\u00e9 du travail.<\/p>\n<p>&nbsp;<\/p>\n<h2><strong>LISTE ET PROGRAMMES DES CONCERTS \u00c0 LANAUDI\u00c8RE &#8211; AUTOMNE 2020<\/strong><\/h2>\n<p>&nbsp;<\/p>\n<h3>Bonheur d&rsquo;automne &#8211; Orchestre M\u00e9tropolitain, dir. Yannick N\u00e9zet-S\u00e9guin<\/h3>\n<p>18 septembre, 20 h, Cath\u00e9drale de Joliette<\/p>\n<p><strong>Samuel Barber<\/strong><br \/>\n<em>Adagio<\/em> pour cordes<\/p>\n<p><strong>Edvard Grieg <\/strong><br \/>\n<em>Suite Holberg<\/em>, op. 40<\/p>\n<p><strong>Anton\u00edn Dvo\u0159\u00e1k<\/strong><br \/>\nS\u00e9r\u00e9nade pour cordes en <em>mi<\/em> majeur, op. 22<br \/>\n<strong><br \/>\nSerguei Rachmaninov<\/strong><br \/>\n<em>Vocalise<\/em> (version pour orchestre \u00e0 cordes et violon solo)<\/p>\n<p><strong>Orchestre M\u00e9tropolitain<\/strong><br \/>\n<strong>Yukari Cousineau<\/strong>, violon<br \/>\n<strong>Yannick N\u00e9zet-S\u00e9guin<\/strong>, direction<\/p>\n<p><a href=\"https:\/\/www.lanaudiere.org\/fr\/concert\/bonheur-dautomne\/\" target=\"_blank\" rel=\"noopener noreferrer\">D\u00c9TAILS ET BILLETS<\/a><\/p>\n<p>&nbsp;<\/p>\n<h3>Splendeurs baroques &#8211; Les Violons du Roy, dir. Mathieu Lussier<\/h3>\n<p>19 septembre, 20 h, Cath\u00e9drale de Joliette<\/p>\n<p><strong>Georg Philipp Telemann<\/strong><br \/>\nConcerto pour fl\u00fbte \u00e0 bec et basson en <em>fa<\/em> majeur, TWV 52:F1<br \/>\n<strong><br \/>\nAntonio Vivaldi<\/strong><br \/>\nConcerto pour fl\u00fbte en<em> r\u00e9<\/em> majeur, RV 428, \u00ab Il gardellino \u00bb (Le chardonneret)<br \/>\nConcerto pour basson en <em>la<\/em> mineur, RV 497<\/p>\n<p><strong>Georg Philipp Telemann<\/strong><br \/>\nConcerto pour fl\u00fbte \u00e0 bec et fl\u00fbte traversi\u00e8re en <em>mi<\/em> mineur, TWV 52:e1<\/p>\n<p><strong>Georg Friedrich H\u00e4ndel<\/strong><br \/>\n<em>Water Music<\/em>, Suite no 3 en <em>sol<\/em> majeur, HWV 350<\/p>\n<p><strong>Vincent Lauzer<\/strong>, fl\u00fbte \u00e0 bec<br \/>\n<strong>Ariane Brisson<\/strong>, fl\u00fbte<\/p>\n<p><strong>Les Violons du Roy<\/strong><br \/>\n<strong>Mathieu Lussier<\/strong>, basson et direction<\/p>\n<p><a href=\"https:\/\/www.lanaudiere.org\/fr\/concert\/splendeurs-baroques\/\" target=\"_blank\" rel=\"noopener noreferrer\">D\u00c9TAILS ET BILLETS<\/a><\/p>\n<p>&nbsp;<\/p>\n<h3>James Ehnes joue Bach<\/h3>\n<p>19 septembre, 20 h, Cath\u00e9drale de Joliette<\/p>\n<p><strong>Johann Sebastian Bach<\/strong><br \/>\nSonates et partitas pour violon seul (s\u00e9lection)<\/p>\n<p><strong>James Ehnes<\/strong>, violon<\/p>\n<p><a href=\"https:\/\/www.lanaudiere.org\/fr\/concert\/james-ehnes-joue-bach\/\" target=\"_blank\" rel=\"noopener noreferrer\">D\u00c9TAILS ET BILLETS<\/a><\/p>\n<p>&nbsp;<\/p>\n<h3>Marc-Andr\u00e9 Hamelin en r\u00e9cital<\/h3>\n<p>25 septembre, 20 h, Cath\u00e9drale de Joliette<\/p>\n<p><strong>Georges Enesco<\/strong><br \/>\n<em>Choral et Carillon nocturne<\/em>, op. 18 nos 6 et 7<\/p>\n<p><strong>Nikola\u00ef Medtner<\/strong><br \/>\n<em>Deux contes<\/em>, op.20,<br \/>\n<em>Sonate Reminiscenza<\/em>, op.38 no 1<\/p>\n<p><strong>Franz Schubert<\/strong><br \/>\nSonate en <em>la<\/em> majeur, D. 959<\/p>\n<p><a href=\"https:\/\/www.lanaudiere.org\/fr\/concert\/marc-andre-hamelin-en-recital\/\" target=\"_blank\" rel=\"noopener noreferrer\">D\u00c9TAILS ET BILLETS<\/a><\/p>\n<p>&nbsp;<\/p>\n<h3>Irr\u00e9sistible beaut\u00e9<\/h3>\n<p>26 septembre, 20 h, Cath\u00e9drale de Joliette<\/p>\n<p><strong>Franz Schubert<\/strong><br \/>\n<em>An Sylvia<\/em>, D. 891<br \/>\n<em>Im Fr\u00fchling<\/em>, D. 882<br \/>\n<em>Der Rosenband<\/em>, D. 280<br \/>\n<em>Erlk\u00f6nig<\/em>, D. 328<\/p>\n<p><strong>Richard Wagner<\/strong><br \/>\n<em>Wesendonck-Lieder<\/em><\/p>\n<p><strong>Francis Poulenc<\/strong><br \/>\n<em>La Courte Paille<\/em>, FP 178<\/p>\n<p><strong>Richard Strauss<\/strong><br \/>\n<em>Einerlei<br \/>\nDie Nacht<br \/>\nIch trage meine Minne<br \/>\nZueignung<\/em><\/p>\n<p><strong>Adrianne Pieczonka<\/strong>, soprano<br \/>\n<strong>Michael McMahon<\/strong>, piano<\/p>\n<p><a href=\"https:\/\/www.lanaudiere.org\/fr\/concert\/irresistible-beaute\/\" target=\"_blank\" rel=\"noopener noreferrer\">D\u00c9TAILS ET BILLETS<\/a><\/p>\n<p>&nbsp;<\/p>\n<h3>L&rsquo;OSM en cl\u00f4ture<\/h3>\n<p>27 septembre, 20 h, Cath\u00e9drale de Joliette<\/p>\n<p><strong>Ludwig van Beethoven<\/strong><br \/>\nGrande fugue en<em> si<\/em> b\u00e9mol majeur (<em>Grosse Fuge<\/em>), op. 133<\/p>\n<p><strong>Gustav Mahler<\/strong><br \/>\nChants d\u2019un compagnon errant (<em>Lieder eines fahrenden Gesellen<\/em>)<\/p>\n<p><strong>Arnold Schoenberg<\/strong><br \/>\nLa Nuit transfigur\u00e9e (<em>Verkl\u00e4rte Nacht<\/em>), op. 4<\/p>\n<p><strong>Rihab Chaieb<\/strong>, mezzo-soprano<br \/>\n<strong>Andrew Wan<\/strong>, violon<br \/>\n<strong>Alexander Read<\/strong>, violon<br \/>\n<strong>Victor de Almeida<\/strong>, alto<br \/>\n<strong>Brian Manker<\/strong>, violoncelle<\/p>\n<p><strong>Orchestre symphonique de Montr\u00e9al<\/strong><br \/>\n<strong>Johannes Debus<\/strong>, direction<\/p>\n<p>&nbsp;<\/p>\n<h2>LIRE AUSSI:<\/h2>\n<p>&nbsp;<\/p>\n<blockquote class=\"wp-embedded-content\" data-secret=\"gwMSFXneK3\"><p><a href=\"https:\/\/www.ludwig-van.com\/montreal\/2020\/08\/26\/nouvelle-lorchestre-symphonique-de-laval-sera-la-vedette-de-quatre-films-presentes-dans-les-cinemas-cet-automne\/\">NOUVELLE | L&rsquo;Orchestre symphonique de Laval sera la vedette de quatre films pr\u00e9sent\u00e9s dans les cin\u00e9mas cet automne<\/a><\/p><\/blockquote>\n<p><iframe class=\"wp-embedded-content\" sandbox=\"allow-scripts\" security=\"restricted\" style=\"position: absolute; clip: rect(1px, 1px, 1px, 1px);\" title=\"\u00ab\u00a0NOUVELLE | L&rsquo;Orchestre symphonique de Laval sera la vedette de quatre films pr\u00e9sent\u00e9s dans les cin\u00e9mas cet automne\u00a0\u00bb &#8212; Ludwig Van Montreal\" src=\"https:\/\/www.ludwig-van.com\/montreal\/2020\/08\/26\/nouvelle-lorchestre-symphonique-de-laval-sera-la-vedette-de-quatre-films-presentes-dans-les-cinemas-cet-automne\/embed\/#?secret=gwMSFXneK3\" data-secret=\"gwMSFXneK3\" width=\"600\" height=\"338\" frameborder=\"0\" marginwidth=\"0\" marginheight=\"0\" scrolling=\"no\"><\/iframe><\/p>\n<p>&nbsp;<\/p>\n<p>&nbsp;<\/p>\n<p>&nbsp;<\/p>\n<p>&nbsp;<\/p>\n<p>&nbsp;<\/p>\n","protected":false},"excerpt":{"rendered":"<p>Surprise! Apr\u00e8s une \u00e9dition \u00ab\u00a0connect\u00e9e\u00a0\u00bb cet \u00e9t\u00e9 qui a permis de revoir des concerts tir\u00e9s de ses archives, le Festival de Lanaudi\u00e8re annonce six concerts en salle qui auront lieu \u00e0 la Cath\u00e9drale de Joliette en septembre, de quoi permettre aux inconditionnels de la musique vivante de se rattraper.<\/p>\n","protected":false},"author":51,"featured_media":64992,"comment_status":"open","ping_status":"open","sticky":false,"template":"","format":"standard","meta":{"om_disable_all_campaigns":false,"jetpack_post_was_ever_published":false},"categories":[37357,10956,10992],"tags":[4135,15897],"yst_prominent_words":[40194,40193,40192,10159,40189,40190,40187,10248,38393,26052,10366,13675,40197,40191,7664,15896,40196,33575,40188,9974],"acf":[],"jetpack_featured_media_url":"https:\/\/www.ludwig-van.com\/montreal\/wp-content\/uploads\/sites\/3\/2020\/09\/Cover-Lanaudi\u00e8re-automne-2020.jpg","jetpack_sharing_enabled":true,"jetpack_shortlink":"https:\/\/wp.me\/p9bdYt-gUf","amp_enabled":true,"_links":{"self":[{"href":"https:\/\/www.ludwig-van.com\/montreal\/wp-json\/wp\/v2\/posts\/64991"}],"collection":[{"href":"https:\/\/www.ludwig-van.com\/montreal\/wp-json\/wp\/v2\/posts"}],"about":[{"href":"https:\/\/www.ludwig-van.com\/montreal\/wp-json\/wp\/v2\/types\/post"}],"author":[{"embeddable":true,"href":"https:\/\/www.ludwig-van.com\/montreal\/wp-json\/wp\/v2\/users\/51"}],"replies":[{"embeddable":true,"href":"https:\/\/www.ludwig-van.com\/montreal\/wp-json\/wp\/v2\/comments?post=64991"}],"version-history":[{"count":5,"href":"https:\/\/www.ludwig-van.com\/montreal\/wp-json\/wp\/v2\/posts\/64991\/revisions"}],"predecessor-version":[{"id":64997,"href":"https:\/\/www.ludwig-van.com\/montreal\/wp-json\/wp\/v2\/posts\/64991\/revisions\/64997"}],"wp:featuredmedia":[{"embeddable":true,"href":"https:\/\/www.ludwig-van.com\/montreal\/wp-json\/wp\/v2\/media\/64992"}],"wp:attachment":[{"href":"https:\/\/www.ludwig-van.com\/montreal\/wp-json\/wp\/v2\/media?parent=64991"}],"wp:term":[{"taxonomy":"category","embeddable":true,"href":"https:\/\/www.ludwig-van.com\/montreal\/wp-json\/wp\/v2\/categories?post=64991"},{"taxonomy":"post_tag","embeddable":true,"href":"https:\/\/www.ludwig-van.com\/montreal\/wp-json\/wp\/v2\/tags?post=64991"},{"taxonomy":"yst_prominent_words","embeddable":true,"href":"https:\/\/www.ludwig-van.com\/montreal\/wp-json\/wp\/v2\/yst_prominent_words?post=64991"}],"curies":[{"name":"wp","href":"https:\/\/api.w.org\/{rel}","templated":true}]}}