{"id":64985,"date":"2020-08-29T13:11:02","date_gmt":"2020-08-29T17:11:02","guid":{"rendered":"https:\/\/www.ludwig-van.com\/montreal\/?p=64985"},"modified":"2020-08-29T13:11:02","modified_gmt":"2020-08-29T17:11:02","slug":"nouvelle-le-vivier-presentera-une-saison-dautomne-avec-10-concerts","status":"publish","type":"post","link":"https:\/\/www.ludwig-van.com\/montreal\/2020\/08\/29\/nouvelle-le-vivier-presentera-une-saison-dautomne-avec-10-concerts\/","title":{"rendered":"NOUVELLE | Le Vivier pr\u00e9sentera une saison d&rsquo;automne avec 10 concerts"},"content":{"rendered":"<figure id=\"attachment_64986\" aria-describedby=\"caption-attachment-64986\" style=\"width: 1200px\" class=\"wp-caption aligncenter\"><img decoding=\"async\" loading=\"lazy\" class=\"size-full wp-image-64986\" src=\"https:\/\/www.ludwig-van.com\/montreal\/wp-content\/uploads\/sites\/3\/2020\/08\/Vivier-cover.jpg\" alt=\"\" width=\"1200\" height=\"628\" srcset=\"https:\/\/www.ludwig-van.com\/montreal\/wp-content\/uploads\/sites\/3\/2020\/08\/Vivier-cover.jpg 1200w, https:\/\/www.ludwig-van.com\/montreal\/wp-content\/uploads\/sites\/3\/2020\/08\/Vivier-cover-300x157.jpg 300w, https:\/\/www.ludwig-van.com\/montreal\/wp-content\/uploads\/sites\/3\/2020\/08\/Vivier-cover-1024x536.jpg 1024w, https:\/\/www.ludwig-van.com\/montreal\/wp-content\/uploads\/sites\/3\/2020\/08\/Vivier-cover-768x402.jpg 768w\" sizes=\"(max-width: 1200px) 100vw, 1200px\" \/><figcaption id=\"caption-attachment-64986\" class=\"wp-caption-text\">Quasar, le Quatuor Bozzini, Ensemble Paramirabo et Productions Supermusique. (Cr\u00e9dits photos: Vincent Marchessaux, Michael Slobodian, Lou Scamble, courtoisie du Vivier)<\/figcaption><\/figure>\n<p>La vie musicale reprend son cours avec l&rsquo;automne qui approche et <strong>Le Vivier<\/strong> ne fait pas exception. L&rsquo;organisme pr\u00e9sentera 10 concerts cette saison en collaboration avec sept organismes musicaux dont trois f\u00eatent cette ann\u00e9e d&rsquo;importants anniversaires.<\/p>\n<p>En effet, l&rsquo;<strong>Ensemble Paramirabo<\/strong> soufflera d\u00e9j\u00e0 ses dix bougies cette ann\u00e9e, tandis que le <strong>Quatuor Bozzini<\/strong> aura vingt ans, et les <strong>Productions SuperMusique<\/strong>, 40 ans! Ils occupent donc une belle place dans cette production automnale que <strong>Le Vivier<\/strong> a voulue guid\u00e9e par trois mots: solidarit\u00e9, vibration et d\u00e9confinement.<\/p>\n<p>Normalement, une saison compl\u00e8te au Vivier compte plus de 35 concerts. La pand\u00e9mie et ses cons\u00e9quences obligent \u00e9videmment une saison moins ambitieuse, mais pas moins int\u00e9ressante.<\/p>\n<p>\u00ab\u00a0Nous restons dans l&rsquo;adaptabilit\u00e9 pour cette saison puisqu&rsquo;il y a \u00e9norm\u00e9ment de param\u00e8tres \u00e0 prendre en compte, en ce qui concerne les artistes, les locaux et de modes de distanciation, mais on a d\u00e9cid\u00e9 d&rsquo;aller de l&rsquo;avant, pour \u00eatre avec nos artistes et les accompagner dans cette p\u00e9riode.\u00a0\u00bb, dit <strong>Emmanuelle Liz\u00e8re<\/strong>, directrice artistique du <strong>Vivier<\/strong>.<\/p>\n<p>Comme les autres organismes et diffuseurs, <strong>Le Vivier<\/strong> joue de prudence en attendant de voir comment se d\u00e9roulera l&rsquo;automne avant d&rsquo;annoncer ses activit\u00e9s hivernales.<\/p>\n<p><strong>Le Vivier<\/strong> compte 57 membres, dont il soutient les actions tout en jouant aussi un r\u00f4le de diffuseur.<\/p>\n<p>La saison sera lanc\u00e9e par un \u00e9v\u00e9nement \u00ab\u00a0<a href=\"https:\/\/levivier.ca\/fr\/saison-2020-21\/concert\/journee-h20-viviermix-or-bleu-0\" target=\"_blank\" rel=\"noopener noreferrer\">Journ\u00e9e H20<\/a>\u00ab\u00a0.<\/p>\n<p>\u00ab\u00a0C&rsquo;est un \u00e9v\u00e9nement important pour nous car on le pr\u00e9pare depuis un an, avec des ramifications en r\u00e9gions, puisqu&rsquo;il y aura aussi des concerts \u00e0 Jonqui\u00e8res, \u00e0 Rimouski et \u00e0 Kingston, et qui vient avec des \u0153uvres participatives et une implication des citoyens. Nous avons fait une recherche sur le r\u00e9pertoire qui peut exister autour du th\u00e8me de l&rsquo;eau, et on relie cela aux questions environnementales.\u00a0\u00bb<\/p>\n<h2>Quelques faits saillants de la saison<\/h2>\n<p>Pour souligner ses 40 ans, <strong>Supermusique<\/strong> proposera un \u00e9v\u00e9nement inspir\u00e9 des ann\u00e9es 80 et des compositeurs-trices qui ont marqu\u00e9 leurs activit\u00e9s durant cette p\u00e9riode. Ce concert r\u00e9trospective \u00ab\u00a0<a href=\"https:\/\/levivier.ca\/fr\/saison-2020-21\/concert\/la-source-esm-les-affluents\" target=\"_blank\" rel=\"noopener noreferrer\">La Source<\/a>\u00a0\u00bb aura lieu le 1er octobre.<\/p>\n<p>Le samedi 3 octobre, Voces Boreales pr\u00e9sentera <em>Le Chemin des miracles: p\u00e8lerinage urbain<\/em> avec l\u2019\u0153uvre\u00a0<em>Path of Miracles<\/em> (2005) du compositeur anglais Joby Talbot sur un livret de Robert Dickinson, une oeuvre a cappella pour 18 chanteurs. <a href=\"https:\/\/levivier.ca\/fr\/saison-2020-21\/concert\/le-chemin-des-miracles-un-pelerinage-urbain\" target=\"_blank\" rel=\"noopener noreferrer\">D\u00c9TAILS<\/a><\/p>\n<p>\u00c9galement \u00e0 souligner: <em><strong>Je ne suis pas un robot II<\/strong><\/em>, avec <strong>Quasar<\/strong> et la participation de l&rsquo;auteur-compositeur <strong>J\u00e9r\u00f4me Mini\u00e8re<\/strong>, spectacle d\u00e9crit comme \u00e9tant un \u00ab\u00a0technoballet tragi-comique exp\u00e9rimental qui \u00ab\u00a0explore les al\u00e9as de la num\u00e9risation artistique, de la robotisation de l\u2019humain et de l\u2019humanisation de la machine\u00a0\u00bb, le 12 d\u00e9cembre. <a href=\"https:\/\/levivier.ca\/fr\/saison-2020-21\/concert\/je-ne-suis-pas-un-robot-ii\" target=\"_blank\" rel=\"noopener noreferrer\">D\u00c9TAILS<\/a><\/p>\n<figure id=\"attachment_59698\" aria-describedby=\"caption-attachment-59698\" style=\"width: 1024px\" class=\"wp-caption aligncenter\"><img decoding=\"async\" loading=\"lazy\" class=\"size-full wp-image-59698\" src=\"https:\/\/www.ludwig-van.com\/montreal\/wp-content\/uploads\/sites\/3\/2019\/05\/Voces-Boreales-WEB.jpg\" alt=\"\" width=\"1024\" height=\"682\" srcset=\"https:\/\/www.ludwig-van.com\/montreal\/wp-content\/uploads\/sites\/3\/2019\/05\/Voces-Boreales-WEB.jpg 1024w, https:\/\/www.ludwig-van.com\/montreal\/wp-content\/uploads\/sites\/3\/2019\/05\/Voces-Boreales-WEB-300x200.jpg 300w, https:\/\/www.ludwig-van.com\/montreal\/wp-content\/uploads\/sites\/3\/2019\/05\/Voces-Boreales-WEB-768x512.jpg 768w\" sizes=\"(max-width: 1024px) 100vw, 1024px\" \/><figcaption id=\"caption-attachment-59698\" class=\"wp-caption-text\">L&rsquo;ensemble Voces Boreales pr\u00e9sentera <em>Path of Miracles<\/em> (2005) du compositeur anglais Joby Talbot, le 3 octobre 2020. (Photo: courtoisie)<\/figcaption><\/figure>\n<h2>Tous les concerts de l&rsquo;automne 2020 au Vivier<\/h2>\n<p style=\"font-weight: 400;\"><strong>Samedi 12 septembre<\/strong>\u00a0&#8211; Ges\u00f9\u00a0:\u00a0<strong>Journ\u00e9e H20<\/strong> &#8211; <a href=\"https:\/\/levivier.ca\/fr\/saison-2020-21\/concert\/journee-h20-viviermix-or-bleu-0\" target=\"_blank\" rel=\"noopener noreferrer\">D\u00c9TAILS <\/a><\/p>\n<p style=\"font-weight: 400;\"><strong>Mardi 22 septembre &#8211;\u00a0<\/strong>Ges\u00f9<strong>\u00a0: Lo Spazio<\/strong> | Ensemble Paramirabo &#8211; <a href=\"https:\/\/levivier.ca\/fr\/saison-2020-21\/concert\/lo-spazio\" target=\"_blank\" rel=\"noopener noreferrer\">D\u00c9TAILS<\/a><\/p>\n<p style=\"font-weight: 400;\"><strong>Jeudi 1<sup>er<\/sup>\u00a0octobre \u2013\u00a0<\/strong>Ges\u00f9\u00a0:\u00a0<strong>Concert 40 ans La source-ESM Les affluents<\/strong> | Productions SuperMusique\u00a0 &#8211; <a href=\"https:\/\/levivier.ca\/fr\/saison-2020-21\/concert\/journee-h20-viviermix-or-bleu-0\" target=\"_blank\" rel=\"noopener noreferrer\">D\u00c9TAILS<\/a><\/p>\n<p style=\"font-weight: 400;\"><strong>Samedi 3 octobre<\/strong>\u00a0\u2013 Lieu \u00e0 venir:\u00a0<strong>Le Chemin des miracles<\/strong> | Voces Boreales &#8211; <a href=\"https:\/\/levivier.ca\/fr\/saison-2020-21\/concert\/le-chemin-des-miracles-un-pelerinage-urbain\" target=\"_blank\" rel=\"noopener noreferrer\">D\u00c9TAILS<\/a><\/p>\n<p style=\"font-weight: 400;\"><strong>Vendredi 30 octobre\u00a0:\u00a0<\/strong>Ges\u00f9<strong>\u00a0: \u00ab Qui est-ce que c\u2019est la nature \u00bb<\/strong> | CEM\u00a0 \u00a0&#8211; <a href=\"https:\/\/levivier.ca\/fr\/saison-2020-21\/concert\/tom-jacques-et-ses-invites\" target=\"_blank\" rel=\"noopener noreferrer\">D\u00c9TAILS<\/a><\/p>\n<p style=\"font-weight: 400;\"><strong>Mercredi 11 novembre<\/strong>\u00a0&#8211; Espace Wilder\u00a0:\u00a0<strong>Trip\u00a0<\/strong>| Quatuor Bozzini &#8211; <a href=\"https:\/\/levivier.ca\/fr\/saison-2020-21\/concert\/trip\" target=\"_blank\" rel=\"noopener noreferrer\">D\u00c9TAILS<\/a><\/p>\n<p style=\"font-weight: 400;\"><strong>Lundi 23 novembre<\/strong>\u00a0\u2013 Ges\u00f9\u00a0:\u00a0<strong>Bozzini-GGRIL<\/strong> | Quatuor Bozzini &amp; Tour de Bras\u00a0 \u00a0&#8211; <a href=\"https:\/\/levivier.ca\/fr\/saison-2020-21\/concert\/quatuor-bozzini-ggril\" target=\"_blank\" rel=\"noopener noreferrer\">D\u00c9TAILS\u00a0 \u00a0<\/a><\/p>\n<p style=\"font-weight: 400;\"><strong>Jeudi 26 novembre<\/strong>\u00a0\u2013 Ges\u00f9\u00a0:\u00a0<strong>Concert 40 ans La source-ESM Les rapides<\/strong> | Productions SuperMusique\u00a0 &#8211; <a href=\"https:\/\/levivier.ca\/fr\/saison-2020-21\/concert\/la-source-esm-les-rapides\" target=\"_blank\" rel=\"noopener noreferrer\">D\u00c9TAILS<\/a><\/p>\n<p style=\"font-weight: 400;\"><strong>Mercredi 2 d\u00e9cembre <\/strong>\u2013 Lieu \u00e0 pr\u00e9ciser\u00a0:<strong><em>\u00a0Le dernier mouvement de l\u2019immobile<\/em><\/strong> | Duo AIRS\u00a0 &#8211; <a href=\"https:\/\/levivier.ca\/fr\/saison-2020-21\/concert\/le-dernier-mouvement-de-limmobile\" target=\"_blank\" rel=\"noopener noreferrer\">D\u00c9TAILS<\/a><\/p>\n<p style=\"font-weight: 400;\"><strong>Samedi 12 d\u00e9cembre<\/strong>\u00a0\u2013 Ges\u00f9\u00a0:\u00a0<strong>Je ne suis pas un robot II<\/strong> | Quasar &#8211; Quatuor de saxophones &amp; J\u00e9r\u00f4me Mini\u00e8re\u00a0 \u00a0 &#8211; <a href=\"https:\/\/levivier.ca\/fr\/saison-2020-21\/concert\/je-ne-suis-pas-un-robot-ii\" target=\"_blank\" rel=\"noopener noreferrer\">D\u00c9TAILS<\/a><\/p>\n<p>&nbsp;<\/p>\n<h2>LIRE AUSSI:<\/h2>\n<p>&nbsp;<\/p>\n<blockquote class=\"wp-embedded-content\" data-secret=\"nr3CxDWotU\"><p><a href=\"https:\/\/www.ludwig-van.com\/montreal\/2020\/08\/28\/nouvelle-le-quatuor-molinari-mettra-sur-pied-une-videotheque-de-quatuors-quebecois\/\">NOUVELLE | Le Quatuor Molinari mettra sur pied une vid\u00e9oth\u00e8que de quatuors qu\u00e9b\u00e9cois<\/a><\/p><\/blockquote>\n<p><iframe class=\"wp-embedded-content\" sandbox=\"allow-scripts\" security=\"restricted\" style=\"position: absolute; clip: rect(1px, 1px, 1px, 1px);\" title=\"\u00ab\u00a0NOUVELLE | Le Quatuor Molinari mettra sur pied une vid\u00e9oth\u00e8que de quatuors qu\u00e9b\u00e9cois\u00a0\u00bb &#8212; Ludwig Van Montreal\" src=\"https:\/\/www.ludwig-van.com\/montreal\/2020\/08\/28\/nouvelle-le-quatuor-molinari-mettra-sur-pied-une-videotheque-de-quatuors-quebecois\/embed\/#?secret=nr3CxDWotU\" data-secret=\"nr3CxDWotU\" width=\"600\" height=\"338\" frameborder=\"0\" marginwidth=\"0\" marginheight=\"0\" scrolling=\"no\"><\/iframe><\/p>\n<p>&nbsp;<\/p>\n<p>&nbsp;<\/p>\n<p>&nbsp;<\/p>\n","protected":false},"excerpt":{"rendered":"<p>La vie musicale reprend son cours avec l&rsquo;automne qui approche et Le Vivier ne fait pas exception. L&rsquo;organisme pr\u00e9sentera 10 concerts cette saison en collaboration avec sept organismes musicaux dont trois f\u00eatent cette ann\u00e9e d&rsquo;importants anniversaires.<\/p>\n","protected":false},"author":51,"featured_media":64986,"comment_status":"open","ping_status":"open","sticky":false,"template":"","format":"standard","meta":{"om_disable_all_campaigns":false,"jetpack_post_was_ever_published":false},"categories":[37357,10956,10992],"tags":[4135,1166,16968,13333,40174],"yst_prominent_words":[40168,40164,40141,40172,40171,40166,40143,40139,40142,40140,40167,40163,40170,40162,40169,40165,40173,11418,40152,40160],"acf":[],"jetpack_featured_media_url":"https:\/\/www.ludwig-van.com\/montreal\/wp-content\/uploads\/sites\/3\/2020\/08\/Vivier-cover.jpg","jetpack_sharing_enabled":true,"jetpack_shortlink":"https:\/\/wp.me\/p9bdYt-gU9","amp_enabled":true,"_links":{"self":[{"href":"https:\/\/www.ludwig-van.com\/montreal\/wp-json\/wp\/v2\/posts\/64985"}],"collection":[{"href":"https:\/\/www.ludwig-van.com\/montreal\/wp-json\/wp\/v2\/posts"}],"about":[{"href":"https:\/\/www.ludwig-van.com\/montreal\/wp-json\/wp\/v2\/types\/post"}],"author":[{"embeddable":true,"href":"https:\/\/www.ludwig-van.com\/montreal\/wp-json\/wp\/v2\/users\/51"}],"replies":[{"embeddable":true,"href":"https:\/\/www.ludwig-van.com\/montreal\/wp-json\/wp\/v2\/comments?post=64985"}],"version-history":[{"count":2,"href":"https:\/\/www.ludwig-van.com\/montreal\/wp-json\/wp\/v2\/posts\/64985\/revisions"}],"predecessor-version":[{"id":64988,"href":"https:\/\/www.ludwig-van.com\/montreal\/wp-json\/wp\/v2\/posts\/64985\/revisions\/64988"}],"wp:featuredmedia":[{"embeddable":true,"href":"https:\/\/www.ludwig-van.com\/montreal\/wp-json\/wp\/v2\/media\/64986"}],"wp:attachment":[{"href":"https:\/\/www.ludwig-van.com\/montreal\/wp-json\/wp\/v2\/media?parent=64985"}],"wp:term":[{"taxonomy":"category","embeddable":true,"href":"https:\/\/www.ludwig-van.com\/montreal\/wp-json\/wp\/v2\/categories?post=64985"},{"taxonomy":"post_tag","embeddable":true,"href":"https:\/\/www.ludwig-van.com\/montreal\/wp-json\/wp\/v2\/tags?post=64985"},{"taxonomy":"yst_prominent_words","embeddable":true,"href":"https:\/\/www.ludwig-van.com\/montreal\/wp-json\/wp\/v2\/yst_prominent_words?post=64985"}],"curies":[{"name":"wp","href":"https:\/\/api.w.org\/{rel}","templated":true}]}}