{"id":64977,"date":"2020-08-28T11:36:58","date_gmt":"2020-08-28T15:36:58","guid":{"rendered":"https:\/\/www.ludwig-van.com\/montreal\/?p=64977"},"modified":"2020-08-28T11:41:06","modified_gmt":"2020-08-28T15:41:06","slug":"nouvelle-le-quatuor-molinari-mettra-sur-pied-une-videotheque-de-quatuors-quebecois","status":"publish","type":"post","link":"https:\/\/www.ludwig-van.com\/montreal\/2020\/08\/28\/nouvelle-le-quatuor-molinari-mettra-sur-pied-une-videotheque-de-quatuors-quebecois\/","title":{"rendered":"NOUVELLE | Le Quatuor Molinari mettra sur pied une vid\u00e9oth\u00e8que de quatuors qu\u00e9b\u00e9cois"},"content":{"rendered":"<figure id=\"attachment_64979\" aria-describedby=\"caption-attachment-64979\" style=\"width: 1200px\" class=\"wp-caption aligncenter\"><img decoding=\"async\" loading=\"lazy\" class=\"size-full wp-image-64979\" src=\"https:\/\/www.ludwig-van.com\/montreal\/wp-content\/uploads\/sites\/3\/2020\/08\/Molinari-nouvelle-cover.jpg\" alt=\"\" width=\"1200\" height=\"628\" srcset=\"https:\/\/www.ludwig-van.com\/montreal\/wp-content\/uploads\/sites\/3\/2020\/08\/Molinari-nouvelle-cover.jpg 1200w, https:\/\/www.ludwig-van.com\/montreal\/wp-content\/uploads\/sites\/3\/2020\/08\/Molinari-nouvelle-cover-300x157.jpg 300w, https:\/\/www.ludwig-van.com\/montreal\/wp-content\/uploads\/sites\/3\/2020\/08\/Molinari-nouvelle-cover-1024x536.jpg 1024w, https:\/\/www.ludwig-van.com\/montreal\/wp-content\/uploads\/sites\/3\/2020\/08\/Molinari-nouvelle-cover-768x402.jpg 768w\" sizes=\"(max-width: 1200px) 100vw, 1200px\" \/><figcaption id=\"caption-attachment-64979\" class=\"wp-caption-text\">Le Quatuor Molinari (Photo: courtoisie)<\/figcaption><\/figure>\n<p>Le <strong>Quatuor Molinari<\/strong> a commenc\u00e9 r\u00e9cemment la cr\u00e9ation d&rsquo;une vid\u00e9oth\u00e8que de quatuors \u00e0 cordes de compositeurs qu\u00e9b\u00e9cois, un projet \u00e0 long terme d&rsquo;anthologie unique en son genre qui permettra la diffusion, la promotion et la pr\u00e9servation de ces \u0153uvres de notre patrimoine musical.<\/p>\n<p>\u00ab\u00a0Nous avons vu que le Conseil des arts et des lettres du Qu\u00e9bec avait de nouveaux programmes de subvention, dont un concernant le d\u00e9ploiement num\u00e9rique, c&rsquo;est ce qui nous a donn\u00e9 l&rsquo;id\u00e9e de nous lancer dans ce projet, explique <strong>Olga Ranzenhofer<\/strong>, violoniste et directrice artistique du <strong>Molinari<\/strong>. L&rsquo;id\u00e9e est de rendre accessible ces \u0153uvres au public. Depuis nos d\u00e9buts, nous avons cr\u00e9\u00e9 presque 75 \u0153uvres qu\u00e9b\u00e9coises, mais elles ne sont pas toutes enregistr\u00e9es et accessibles. De plus, quand on joue une \u0153uvre, notre but est de la refaire souvent pour qu&rsquo;elle puisse faire sa place dans l&rsquo;histoire de la musique. M\u00eame si nous n&rsquo;avons pas encore re\u00e7u la r\u00e9ponse du CALQ, on va de l&rsquo;avant avec ce projet pour faire des enregistrements de haute qualit\u00e9 d\u2019\u0153uvres qu\u00e9b\u00e9coise. Cette vid\u00e9oth\u00e8que, dans un premier temps, sera d\u00e9pos\u00e9e sur notre site web et elles seront accessibles. En m\u00eame temps, ces vid\u00e9os seront un instrument de travail pour les jeunes quatuors et les gens qui veulent d\u00e9couvrir une oeuvre et se demandent comment cr\u00e9er tel ou tel effet. On a la chance d&rsquo;\u00eatre accueillis par la Fondation Molinari pour ce projet, donc chaque quatuor sera associ\u00e9 \u00e0 un tableau de Guido Molinari. Cela va cr\u00e9er un bel environnement pour nos enregistrements.\u00a0\u00bb<\/p>\n<p>Pour l&rsquo;instant, trois oeuvres ont \u00e9t\u00e9 enregistr\u00e9es, soit <em>Blanc dominant<\/em>, d&rsquo;<strong>Ana Sokolovi\u0107<\/strong>, devant la toile du m\u00eame nom de Guido Molinari.<\/p>\n<p>\u00ab\u00a0Cette \u0153uvre a \u00e9t\u00e9 notre premi\u00e8re commande, en 1998, \u00e0 nos d\u00e9buts. On a aussi cr\u00e9\u00e9 <em>Espaces fictifs<\/em> de <strong>Maxime McKinley<\/strong>, qui est aussi inspir\u00e9e des \u0153uvres et des \u00e9crits de Molinari et de son \u00e9pouse, <a href=\"https:\/\/www.thecanadianencyclopedia.ca\/fr\/article\/fernande-saint-martin\" target=\"_blank\" rel=\"noopener noreferrer\">Fernande Saint-Martin.<\/a> La troisi\u00e8me \u0153uvre est le Quatuor no 2 de Jacques H\u00e9tu, qui est magnifique. Nous allons continuer les enregistrements et les prochains quatuors seront de <a href=\"https:\/\/www.ludwig-van.com\/montreal\/2018\/01\/15\/in-memoriam-compositeur-francois-morel-est-decede\/\" target=\"_blank\" rel=\"noopener noreferrer\">Fran\u00e7ois Morel<\/a>, Otto Joachim, Jean Papineau-Couture et <strong>Samy Moussa<\/strong>. On va vraiment cr\u00e9er un lieu ou seront entrepos\u00e9es ces \u0153uvres l\u00e0. Notre s\u00e9lection comprendra des compositeurs de diff\u00e9rentes g\u00e9n\u00e9rations, et notre but est de continuer ce projet pendant plusieurs ann\u00e9es, et d&rsquo;alimenter la vid\u00e9oth\u00e8que au fil du temps. On va faire la promotion de la musique qu\u00e9b\u00e9coise \u00e0 travers le monde, avec cet outil.\u00a0\u00bb<\/p>\n<p>Les premiers quatuors seront disponibles <a href=\"https:\/\/quatuormolinari.qc.ca\/\" target=\"_blank\" rel=\"noopener noreferrer\">sur le site<\/a> du <strong>Quatuor Molinari<\/strong> au cours des prochains mois.<\/p>\n<p>&nbsp;<\/p>\n<p>&nbsp;<\/p>\n<figure id=\"attachment_54026\" aria-describedby=\"caption-attachment-54026\" style=\"width: 1024px\" class=\"wp-caption aligncenter\"><img decoding=\"async\" loading=\"lazy\" class=\"size-full wp-image-54026\" src=\"https:\/\/www.ludwig-van.com\/montreal\/wp-content\/uploads\/sites\/3\/2018\/05\/2018_Molinari5586_web.jpg\" alt=\"Quatuor Molinari\" width=\"1024\" height=\"683\" srcset=\"https:\/\/www.ludwig-van.com\/montreal\/wp-content\/uploads\/sites\/3\/2018\/05\/2018_Molinari5586_web.jpg 1024w, https:\/\/www.ludwig-van.com\/montreal\/wp-content\/uploads\/sites\/3\/2018\/05\/2018_Molinari5586_web-300x200.jpg 300w, https:\/\/www.ludwig-van.com\/montreal\/wp-content\/uploads\/sites\/3\/2018\/05\/2018_Molinari5586_web-768x512.jpg 768w\" sizes=\"(max-width: 1024px) 100vw, 1024px\" \/><figcaption id=\"caption-attachment-54026\" class=\"wp-caption-text\">Le Quatuor Molinari. (Photo : courtoisie)<\/figcaption><\/figure>\n<p>&nbsp;<\/p>\n<h2>Concerts de la saison automnale du Quatuor Molinari<\/h2>\n<p>Parmi les premiers ensembles \u00e0 voir pr\u00e9sent\u00e9 de nouveau des concerts int\u00e9rieurs devant public \u00ab\u00a0post-confinement\u00a0\u00bb, en formule intime avec une premi\u00e8re prestation qui a eu lieu le 2 ao\u00fbt dernier, le Quatuor Molinari offrira au public quatre autres r\u00e9citals cet automne. Ils seront tous pr\u00e9sent\u00e9s deux fois, les dimanches apr\u00e8s-midi, \u00e0 13 h et \u00e0 16 h \u00e0 la Fondation Molinari au 3290 rue Ste-Catherine Est.<\/p>\n<p>\u00ab\u00a0Au d\u00e9but ao\u00fbt, quand le d\u00e9confinement s&rsquo;est accentu\u00e9, nous avons d\u00e9cid\u00e9 de devancer le d\u00e9but de notre saison, mais on ne savait pas du tout comment les gens allaient r\u00e9agir et s&rsquo;ils viendraient, dit <strong>Olga Ranzenhofer<\/strong>. Les gens sont tellement heureux, ils n&rsquo;arr\u00eatent pas de nous remercier. Ils arrivent avec leurs masque et on a du d\u00e9sinfectant pour les mains. Pour notre prochain, en septembre, on donne trois s\u00e9ances et les billets sont d\u00e9j\u00e0 presque tous vendus. On est tellement contents de retrouver, apr\u00e8s quatre mois sans jouer ensemble! On avait tr\u00e8s h\u00e2te de redonner des concerts et le public est au rendez-vous.\u00a0\u00bb<\/p>\n<p>Le prochain concert aura lieu le 13 septembre et s&rsquo;intitule \u00ab\u00a0Le Quatuor selon Glass\u00a0\u00bb.<\/p>\n<h3>Concerts et programmes \u00e0 venir du Quatuor Molinari<\/h3>\n<p><strong>13 septembre\u00a0:\u00a0Le Quatuor selon Glass,\u00a0partie 1<\/strong><\/p>\n<p>Philip Glass\u00a0: Quatuors n<sup>os<\/sup> 1 \u00e0 4<\/p>\n<p><strong>4 octobre\u00a0: Musique polonaise\u00a0 <\/strong><\/p>\n<p>Witold Lutoslawski\u00a0: Quatuor (1964)<\/p>\n<p>Krzysztof Penderecki\u00a0: Quatuor n<sup>o<\/sup> 3<\/p>\n<p>Henryk G\u00f3recki\u00a0: Quatuor n<sup>o<\/sup> 1<\/p>\n<p><strong>25 octobre\u00a0: Le Quatuor selon Glass,\u00a0partie 2<\/strong><\/p>\n<p>Philip Glass\u00a0: Quatuors n<sup>os<\/sup> 5-6-7<\/p>\n<p><strong>\u00a0<\/strong><strong>15 novembre\u00a0: Musique qu\u00e9b\u00e9coise\u00a0 II<\/strong><\/p>\n<p>Otto Joachim\u00a0: Quatuor (1997)<\/p>\n<p>Jean Papineau-Couture\u00a0: Quatuor n<sup>o<\/sup> 2<\/p>\n<p>Samy Moussa\u00a0: Quatuor \u00e0 cordes<\/p>\n<p>Fran\u00e7ois Morel\u00a0: Quatuor n<sup>o <\/sup>1<\/p>\n<p><a href=\"https:\/\/quatuormolinari.qc.ca\/evenements\/\" target=\"_blank\" rel=\"noopener noreferrer\">PLUS DE D\u00c9TAILS SUR LES CONCERTS ET L&rsquo;ACHAT DE BILLETS<\/a><\/p>\n<p>&nbsp;<\/p>\n<h2>LIRE AUSSI:<\/h2>\n<p>&nbsp;<\/p>\n<blockquote class=\"wp-embedded-content\" data-secret=\"Rs3qsouBvi\"><p><a href=\"https:\/\/www.ludwig-van.com\/montreal\/2020\/08\/26\/nouvelle-lorchestre-symphonique-de-laval-sera-la-vedette-de-quatre-films-presentes-dans-les-cinemas-cet-automne\/\">NOUVELLE | L&rsquo;Orchestre symphonique de Laval sera la vedette de quatre films pr\u00e9sent\u00e9s dans les cin\u00e9mas cet automne<\/a><\/p><\/blockquote>\n<p><iframe class=\"wp-embedded-content\" sandbox=\"allow-scripts\" security=\"restricted\" style=\"position: absolute; clip: rect(1px, 1px, 1px, 1px);\" title=\"\u00ab\u00a0NOUVELLE | L&rsquo;Orchestre symphonique de Laval sera la vedette de quatre films pr\u00e9sent\u00e9s dans les cin\u00e9mas cet automne\u00a0\u00bb &#8212; Ludwig Van Montreal\" src=\"https:\/\/www.ludwig-van.com\/montreal\/2020\/08\/26\/nouvelle-lorchestre-symphonique-de-laval-sera-la-vedette-de-quatre-films-presentes-dans-les-cinemas-cet-automne\/embed\/#?secret=Rs3qsouBvi\" data-secret=\"Rs3qsouBvi\" width=\"600\" height=\"338\" frameborder=\"0\" marginwidth=\"0\" marginheight=\"0\" scrolling=\"no\"><\/iframe><\/p>\n<p>&nbsp;<\/p>\n<p>&nbsp;<\/p>\n<p>&nbsp;<\/p>\n","protected":false},"excerpt":{"rendered":"<p>Le Quatuor Molinari a commenc\u00e9 r\u00e9cemment la cr\u00e9ation d&rsquo;une vid\u00e9oth\u00e8que de quatuors \u00e0 cordes de compositeurs qu\u00e9b\u00e9cois, un projet \u00e0 long terme d&rsquo;anthologie unique en son genre qui permettra la diffusion et la pr\u00e9servation de ces \u0153uvres de notre patrimoine musical.<\/p>\n","protected":false},"author":51,"featured_media":64979,"comment_status":"open","ping_status":"open","sticky":false,"template":"","format":"standard","meta":{"om_disable_all_campaigns":false,"jetpack_post_was_ever_published":false},"categories":[37357,10956,10992],"tags":[4135,40138,6237,6235],"yst_prominent_words":[40135,13557,40129,40126,13544,12446,10596,17460,13019,40136,40128,40125,40124,14774,9999,12445,37568,37567,40127,40130],"acf":[],"jetpack_featured_media_url":"https:\/\/www.ludwig-van.com\/montreal\/wp-content\/uploads\/sites\/3\/2020\/08\/Molinari-nouvelle-cover.jpg","jetpack_sharing_enabled":true,"jetpack_shortlink":"https:\/\/wp.me\/p9bdYt-gU1","amp_enabled":true,"_links":{"self":[{"href":"https:\/\/www.ludwig-van.com\/montreal\/wp-json\/wp\/v2\/posts\/64977"}],"collection":[{"href":"https:\/\/www.ludwig-van.com\/montreal\/wp-json\/wp\/v2\/posts"}],"about":[{"href":"https:\/\/www.ludwig-van.com\/montreal\/wp-json\/wp\/v2\/types\/post"}],"author":[{"embeddable":true,"href":"https:\/\/www.ludwig-van.com\/montreal\/wp-json\/wp\/v2\/users\/51"}],"replies":[{"embeddable":true,"href":"https:\/\/www.ludwig-van.com\/montreal\/wp-json\/wp\/v2\/comments?post=64977"}],"version-history":[{"count":5,"href":"https:\/\/www.ludwig-van.com\/montreal\/wp-json\/wp\/v2\/posts\/64977\/revisions"}],"predecessor-version":[{"id":64983,"href":"https:\/\/www.ludwig-van.com\/montreal\/wp-json\/wp\/v2\/posts\/64977\/revisions\/64983"}],"wp:featuredmedia":[{"embeddable":true,"href":"https:\/\/www.ludwig-van.com\/montreal\/wp-json\/wp\/v2\/media\/64979"}],"wp:attachment":[{"href":"https:\/\/www.ludwig-van.com\/montreal\/wp-json\/wp\/v2\/media?parent=64977"}],"wp:term":[{"taxonomy":"category","embeddable":true,"href":"https:\/\/www.ludwig-van.com\/montreal\/wp-json\/wp\/v2\/categories?post=64977"},{"taxonomy":"post_tag","embeddable":true,"href":"https:\/\/www.ludwig-van.com\/montreal\/wp-json\/wp\/v2\/tags?post=64977"},{"taxonomy":"yst_prominent_words","embeddable":true,"href":"https:\/\/www.ludwig-van.com\/montreal\/wp-json\/wp\/v2\/yst_prominent_words?post=64977"}],"curies":[{"name":"wp","href":"https:\/\/api.w.org\/{rel}","templated":true}]}}