{"id":64788,"date":"2020-07-09T13:17:20","date_gmt":"2020-07-09T17:17:20","guid":{"rendered":"https:\/\/www.ludwig-van.com\/montreal\/?p=64788"},"modified":"2020-07-09T13:21:52","modified_gmt":"2020-07-09T17:21:52","slug":"nouvelle-le-concert-bleu-une-plateforme-numerique-pour-la-musique-classique-voit-le-jour","status":"publish","type":"post","link":"https:\/\/www.ludwig-van.com\/montreal\/2020\/07\/09\/nouvelle-le-concert-bleu-une-plateforme-numerique-pour-la-musique-classique-voit-le-jour\/","title":{"rendered":"NOUVELLE | Le concert bleu: une plateforme num\u00e9rique pour la musique classique qu\u00e9b\u00e9coise voit le jour"},"content":{"rendered":"<figure id=\"attachment_64789\" aria-describedby=\"caption-attachment-64789\" style=\"width: 1200px\" class=\"wp-caption aligncenter\"><img decoding=\"async\" loading=\"lazy\" class=\"size-full wp-image-64789\" src=\"https:\/\/www.ludwig-van.com\/montreal\/wp-content\/uploads\/sites\/3\/2020\/07\/concert-bleu-cover.jpg\" alt=\"\" width=\"1200\" height=\"628\" srcset=\"https:\/\/www.ludwig-van.com\/montreal\/wp-content\/uploads\/sites\/3\/2020\/07\/concert-bleu-cover.jpg 1200w, https:\/\/www.ludwig-van.com\/montreal\/wp-content\/uploads\/sites\/3\/2020\/07\/concert-bleu-cover-300x157.jpg 300w, https:\/\/www.ludwig-van.com\/montreal\/wp-content\/uploads\/sites\/3\/2020\/07\/concert-bleu-cover-1024x536.jpg 1024w, https:\/\/www.ludwig-van.com\/montreal\/wp-content\/uploads\/sites\/3\/2020\/07\/concert-bleu-cover-768x402.jpg 768w\" sizes=\"(max-width: 1200px) 100vw, 1200px\" \/><figcaption id=\"caption-attachment-64789\" class=\"wp-caption-text\">Le concert bleu sera une nouvelle plateforme num\u00e9rique pour les musiciens qu\u00e9b\u00e9cois. (Photo: courtoisie du Festival Classica)<\/figcaption><\/figure>\n<p>Le <strong>Festival Classica<\/strong> nous annonce le lancement de la plateforme num\u00e9rique <a href=\"https:\/\/leconcertbleu.com\/fr\/\" target=\"_blank\" rel=\"noopener noreferrer\">leconcertbleu.com<\/a>, qui pourra servir aux artistes d&rsquo;ici \u00e0 diffuser leurs concerts, d\u00e8s la fin de 2020.<\/p>\n<p>Cette nouvelle vitrine virtuelle offrira, selon ses cr\u00e9ateurs, \u00ab\u00a0une exp\u00e9rience immersive et multisensorielle, en haute d\u00e9finition, aux amateurs de musique classique : lieux r\u00e9els, concerts virtuels.\u00a0\u00bb<\/p>\n<p><strong>Marc Boucher<\/strong>, directeur g\u00e9n\u00e9ral et artistique du <strong>Festival Classica<\/strong>, dit avoir eu cette id\u00e9e le 13 mars, alors que la pand\u00e9mie entrait officiellement dans nos vie, ce qui allait rapidement r\u00e9sulter en une cascade de fermetures de salles de spectacles, d&rsquo;annulation de concerts et autres catastrophes pour le milieu culturel.<\/p>\n<p>\u00ab\u00a0On pense que la plateforme pourra \u00eatre op\u00e9rationnelle et offrir ses premiers contenus \u00e0 la fin de l&rsquo;ann\u00e9e, dit-il. Nous allons faire appel au milieu pour former un conseil d&rsquo;administration avec des gens provenant de diff\u00e9rentes r\u00e9gions du Qu\u00e9bec. Le <strong>Festival Classica<\/strong> va \u00e9videmment en b\u00e9n\u00e9ficier, mais le Concert bleu sera un organisme allant bien au-del\u00e0 de notre festival.\u00a0\u00bb<\/p>\n<p>La plateforme sera donc accessible \u00e0 tous les musiciens, en priorit\u00e9 ceux du Qu\u00e9bec.<\/p>\n<p>\u00ab\u00a0L&rsquo;objectif est vraiment de cr\u00e9er le lien entre les musiciens qu\u00e9b\u00e9cois et le public. Ce sera une vitrine pour le talent d&rsquo;ici, r\u00e9serv\u00e9e \u00e0 la musique classique.\u00a0\u00bb<\/p>\n<p>Les lieux de tournage et d&rsquo;enregistrement des concerts seront choisis par les artistes, qui fourniront eux-m\u00eames leurs propres outils de captation.<\/p>\n<p>\u00ab\u00a0L&rsquo;id\u00e9e, c&rsquo;est qu&rsquo;au lieu de mettre leurs vid\u00e9os en ligne seulement sur les m\u00e9dias sociaux, ils pourront les mettre sur le Concert bleu et percevoir des revenus, car le public va payer pour visionner le contenu. Il y aura diff\u00e9rents forfaits et types d&rsquo;abonnements disponibles, comme cela existe d\u00e9j\u00e0 pour d&rsquo;autres services.\u00a0\u00bb<\/p>\n<p>L&rsquo;artiste recevra 70% des revenus g\u00e9n\u00e9r\u00e9s par son contenu, tandis que le Concert bleu, qui sera un organisme sans but lucratif, gardera 30% pour soutenir son existence et son \u00e9volution.<\/p>\n<p>Certains concerts seront propos\u00e9s en direct (streaming) et d&rsquo;autres en diff\u00e9r\u00e9.<\/p>\n<p>&nbsp;<\/p>\n<figure id=\"attachment_54173\" aria-describedby=\"caption-attachment-54173\" style=\"width: 700px\" class=\"wp-caption aligncenter\"><img decoding=\"async\" loading=\"lazy\" class=\"size-full wp-image-54173\" src=\"https:\/\/www.ludwig-van.com\/montreal\/wp-content\/uploads\/sites\/3\/2018\/05\/4-Marc-Boucher_13-juil-18-cal.jpg\" alt=\"Marc Boucher\" width=\"700\" height=\"500\" \/><figcaption id=\"caption-attachment-54173\" class=\"wp-caption-text\">Marc Boucher, directeur g\u00e9n\u00e9ral et artistique du Festival Classica, et initiateur de la plateforme le concert bleu. (Photo: courtoisie)<\/figcaption><\/figure>\n<p>\u00ab\u00a0L&rsquo;objectif est de g\u00e9n\u00e9rer des revenus pour les artistes et les organismes, en parall\u00e8le avec les concerts \u00ab\u00a0vivants\u00a0\u00bb, ajoute <strong>Marc Boucher<\/strong>. Cela ne vient pas remplacer les concerts en salle, mais c&rsquo;est un outil compl\u00e9mentaire qui va prolonger leur vie.\u00a0\u00bb<\/p>\n<p>Autre aspect important: le Concert bleu aura pour objectif de promouvoir le talent qu\u00e9b\u00e9cois dans son ensemble, et non un organisme en particulier.<\/p>\n<p>\u00ab\u00a0On travailler pour les artistes du Qu\u00e9bec et qu&rsquo;ils soient mieux r\u00e9mun\u00e9r\u00e9s. Les musiciens mettent leur contenu sur les m\u00e9dias sociaux et ne font des revenus tr\u00e8s minimes avec cela. En \u00e9tant un organisme sans but lucratif, on va pouvoir d\u00e9velopper un vrai outil de mon\u00e9tisation des contenus qui sera \u00e9quitable et va redonner leur juste part aux cr\u00e9ateurs qui mettront leur contenu en ligne\u00a0\u00bb.<\/p>\n<p>Pour mettre en place la plateforme, on a fait appel \u00e0 la firme qu\u00e9b\u00e9coise de transformation num\u00e9rique ellicom\/LCI-LX.<\/p>\n<p>Les options virtuelles de la plateforme comprendront : catalogue, concerts en direct ou en diff\u00e9r\u00e9, m\u00e9diath\u00e8que, salle de discussion, salle interactive \u00e0 explorer \u00e0 360\u00b0, les coulisses du concert, segments de concerts \u00e0 360\u00b0, capsules de m\u00e9ditation musicales, classes de ma\u00eetres, rencontres avec les artistes, enregistrement et int\u00e9gration de conf\u00e9rences et d\u2019entrevues.<\/p>\n<p>&nbsp;<\/p>\n<h2>LIRE AUSSI:<\/h2>\n<p>&nbsp;<\/p>\n<blockquote class=\"wp-embedded-content\" data-secret=\"p391sw2WrV\"><p><a href=\"https:\/\/www.ludwig-van.com\/montreal\/2020\/07\/08\/nouvelle-lenvolee-classique-losm-donnera-concert-benefice-exterieur-5-aout-a-laeroport-montreal-trudeau-formule-inusitee\/\">NOUVELLE | L&rsquo;Envol\u00e9e classique: l&rsquo;OSM donnera concert-b\u00e9n\u00e9fice ext\u00e9rieur le 5 ao\u00fbt \u00e0 l&rsquo;a\u00e9roport Montr\u00e9al-Trudeau&#8230;avec une formule inusit\u00e9e!!!<\/a><\/p><\/blockquote>\n<p><iframe class=\"wp-embedded-content\" sandbox=\"allow-scripts\" security=\"restricted\" style=\"position: absolute; clip: rect(1px, 1px, 1px, 1px);\" title=\"\u00ab\u00a0NOUVELLE | L&rsquo;Envol\u00e9e classique: l&rsquo;OSM donnera concert-b\u00e9n\u00e9fice ext\u00e9rieur le 5 ao\u00fbt \u00e0 l&rsquo;a\u00e9roport Montr\u00e9al-Trudeau&#8230;avec une formule inusit\u00e9e!!!\u00a0\u00bb &#8212; Ludwig Van Montreal\" src=\"https:\/\/www.ludwig-van.com\/montreal\/2020\/07\/08\/nouvelle-lenvolee-classique-losm-donnera-concert-benefice-exterieur-5-aout-a-laeroport-montreal-trudeau-formule-inusitee\/embed\/#?secret=p391sw2WrV\" data-secret=\"p391sw2WrV\" width=\"600\" height=\"338\" frameborder=\"0\" marginwidth=\"0\" marginheight=\"0\" scrolling=\"no\"><\/iframe><\/p>\n<p>&nbsp;<\/p>\n<p>&nbsp;<\/p>\n<p>&nbsp;<\/p>\n<p>&nbsp;<\/p>\n<p>&nbsp;<\/p>\n<p>&nbsp;<\/p>\n<p>&nbsp;<\/p>\n<p>&nbsp;<\/p>\n<p>&nbsp;<\/p>\n<p>&nbsp;<\/p>\n<p>&nbsp;<\/p>\n<p>&nbsp;<\/p>\n<p>&nbsp;<\/p>\n<p>&nbsp;<\/p>\n<p>&nbsp;<\/p>\n","protected":false},"excerpt":{"rendered":"<p>Le Festival Classica nous annonce le lancement de la plateforme num\u00e9rique leconcertbleu.com, qui pourra servir aux artistes d&rsquo;ici \u00e0 diffuser leurs concerts, d\u00e8s la fin de 2020.<\/p>\n","protected":false},"author":51,"featured_media":64789,"comment_status":"open","ping_status":"open","sticky":false,"template":"","format":"standard","meta":{"om_disable_all_campaigns":false,"jetpack_post_was_ever_published":false},"categories":[37357,10956,10992],"tags":[4135,38445,19920,39724,39725,38647],"yst_prominent_words":[15884,38759,39730,39729,39726,39716,8858,24260,12354,24263,38758,14813,39728,39727,39722,10167,39719,39720,14774,39721],"acf":[],"jetpack_featured_media_url":"https:\/\/www.ludwig-van.com\/montreal\/wp-content\/uploads\/sites\/3\/2020\/07\/concert-bleu-cover.jpg","jetpack_sharing_enabled":true,"jetpack_shortlink":"https:\/\/wp.me\/p9bdYt-gQY","amp_enabled":true,"_links":{"self":[{"href":"https:\/\/www.ludwig-van.com\/montreal\/wp-json\/wp\/v2\/posts\/64788"}],"collection":[{"href":"https:\/\/www.ludwig-van.com\/montreal\/wp-json\/wp\/v2\/posts"}],"about":[{"href":"https:\/\/www.ludwig-van.com\/montreal\/wp-json\/wp\/v2\/types\/post"}],"author":[{"embeddable":true,"href":"https:\/\/www.ludwig-van.com\/montreal\/wp-json\/wp\/v2\/users\/51"}],"replies":[{"embeddable":true,"href":"https:\/\/www.ludwig-van.com\/montreal\/wp-json\/wp\/v2\/comments?post=64788"}],"version-history":[{"count":4,"href":"https:\/\/www.ludwig-van.com\/montreal\/wp-json\/wp\/v2\/posts\/64788\/revisions"}],"predecessor-version":[{"id":64793,"href":"https:\/\/www.ludwig-van.com\/montreal\/wp-json\/wp\/v2\/posts\/64788\/revisions\/64793"}],"wp:featuredmedia":[{"embeddable":true,"href":"https:\/\/www.ludwig-van.com\/montreal\/wp-json\/wp\/v2\/media\/64789"}],"wp:attachment":[{"href":"https:\/\/www.ludwig-van.com\/montreal\/wp-json\/wp\/v2\/media?parent=64788"}],"wp:term":[{"taxonomy":"category","embeddable":true,"href":"https:\/\/www.ludwig-van.com\/montreal\/wp-json\/wp\/v2\/categories?post=64788"},{"taxonomy":"post_tag","embeddable":true,"href":"https:\/\/www.ludwig-van.com\/montreal\/wp-json\/wp\/v2\/tags?post=64788"},{"taxonomy":"yst_prominent_words","embeddable":true,"href":"https:\/\/www.ludwig-van.com\/montreal\/wp-json\/wp\/v2\/yst_prominent_words?post=64788"}],"curies":[{"name":"wp","href":"https:\/\/api.w.org\/{rel}","templated":true}]}}