{"id":64734,"date":"2020-06-29T12:20:33","date_gmt":"2020-06-29T16:20:33","guid":{"rendered":"https:\/\/www.ludwig-van.com\/montreal\/?p=64734"},"modified":"2020-06-29T12:20:33","modified_gmt":"2020-06-29T16:20:33","slug":"nouvelle-losm-annonce-une-saison-estivale-surprenante-et-en-vrai","status":"publish","type":"post","link":"https:\/\/www.ludwig-van.com\/montreal\/2020\/06\/29\/nouvelle-losm-annonce-une-saison-estivale-surprenante-et-en-vrai\/","title":{"rendered":"NOUVELLE | L&rsquo;OSM annonce une saison estivale surprenante &#8211; et en vrai"},"content":{"rendered":"<p style=\"text-align: center;\"><img decoding=\"async\" loading=\"lazy\" class=\"aligncenter size-full wp-image-64736\" src=\"https:\/\/www.ludwig-van.com\/montreal\/wp-content\/uploads\/sites\/3\/2020\/06\/OSM-estival-cover.jpg\" alt=\"\" width=\"1200\" height=\"628\" srcset=\"https:\/\/www.ludwig-van.com\/montreal\/wp-content\/uploads\/sites\/3\/2020\/06\/OSM-estival-cover.jpg 1200w, https:\/\/www.ludwig-van.com\/montreal\/wp-content\/uploads\/sites\/3\/2020\/06\/OSM-estival-cover-300x157.jpg 300w, https:\/\/www.ludwig-van.com\/montreal\/wp-content\/uploads\/sites\/3\/2020\/06\/OSM-estival-cover-1024x536.jpg 1024w, https:\/\/www.ludwig-van.com\/montreal\/wp-content\/uploads\/sites\/3\/2020\/06\/OSM-estival-cover-768x402.jpg 768w\" sizes=\"(max-width: 1200px) 100vw, 1200px\" \/><\/p>\n<p><strong>L&rsquo;Orchestre symphonique de Montr\u00e9al<\/strong> a annonc\u00e9 ce matin qu&rsquo;il aurait une saison estivale, et cette derni\u00e8re ne sera pas virtuelle! En effet, une soixantaine de prestations ext\u00e9rieures en formation r\u00e9duite seront offertes par les musiciens de l&rsquo;orchestre un peu partout sur le territoire du Grand Montr\u00e9al.<\/p>\n<p>Avec la s\u00e9rie Quartiers d&rsquo;\u00e9t\u00e9 de l&rsquo;OSM, les musiciens, en petits ensembles, joueront au pied de monuments, dans les parcs et m\u00eame les CHSLD. Les dates et lieux de ces prestations musicales, impromptues seront annonc\u00e9es au fur et \u00e0 mesure sur les m\u00e9dias sociaux de l&rsquo;OSM.<\/p>\n<h3>Jamais trop classique<\/h3>\n<p>D&rsquo;autre part, l&rsquo;OSM lance une \u00e9mission sur la musique classique avec le populaire animateur <strong>Andr\u00e9 Robitaille<\/strong>, qui travaille avec l&rsquo;orchestre depuis quelques ann\u00e9es. Ces \u00e9missions, diffus\u00e9es sur le site et sur la page Facebook de l&rsquo;OSM, auront lieu les mardi \u00e0 16 h 00. La premi\u00e8re sera diffus\u00e9e demain, mardi 30 juin.<\/p>\n<p>Des personnalit\u00e9s seront invit\u00e9es par Andr\u00e9 Robitaille pour parler de musique. La premi\u00e8re sera l&rsquo;\u00e9crivaine Kim Thuy. Ces \u00e9missions seront enregistr\u00e9es dans l&rsquo;Espace OSM, situ\u00e9 non loin de la Maison symphonique, \u00e0 l&rsquo;int\u00e9rieur de la Place des arts.<\/p>\n<p>Voici quelques d\u00e9tails sur la premi\u00e8re \u00e9mission:<\/p>\n<p>&nbsp;<\/p>\n<p style=\"text-align: center;\"><img decoding=\"async\" loading=\"lazy\" class=\"aligncenter size-full wp-image-64735\" src=\"https:\/\/www.ludwig-van.com\/montreal\/wp-content\/uploads\/sites\/3\/2020\/06\/Jamais-trop-classique.png\" alt=\"\" width=\"684\" height=\"500\" srcset=\"https:\/\/www.ludwig-van.com\/montreal\/wp-content\/uploads\/sites\/3\/2020\/06\/Jamais-trop-classique.png 684w, https:\/\/www.ludwig-van.com\/montreal\/wp-content\/uploads\/sites\/3\/2020\/06\/Jamais-trop-classique-300x219.png 300w\" sizes=\"(max-width: 684px) 100vw, 684px\" \/><\/p>\n<p>&nbsp;<\/p>\n<p>&nbsp;<\/p>\n<h2>LIRE AUSSI:<\/h2>\n<p>&nbsp;<\/p>\n<blockquote class=\"wp-embedded-content\" data-secret=\"lrTAEGCyJL\"><p><a href=\"https:\/\/www.ludwig-van.com\/montreal\/2020\/06\/29\/nouvelle-festival-de-lanaudiere-aura-edition-connectee-basee-archives\/\">NOUVELLE | Le Festival de Lanaudi\u00e8re aura une \u00e9dition \u00ab\u00a0connect\u00e9e\u00a0\u00bb bas\u00e9e sur ses archives<\/a><\/p><\/blockquote>\n<p><iframe class=\"wp-embedded-content\" sandbox=\"allow-scripts\" security=\"restricted\" style=\"position: absolute; clip: rect(1px, 1px, 1px, 1px);\" title=\"\u00ab\u00a0NOUVELLE | Le Festival de Lanaudi\u00e8re aura une \u00e9dition \u00ab\u00a0connect\u00e9e\u00a0\u00bb bas\u00e9e sur ses archives\u00a0\u00bb &#8212; Ludwig Van Montreal\" src=\"https:\/\/www.ludwig-van.com\/montreal\/2020\/06\/29\/nouvelle-festival-de-lanaudiere-aura-edition-connectee-basee-archives\/embed\/#?secret=lrTAEGCyJL\" data-secret=\"lrTAEGCyJL\" width=\"600\" height=\"338\" frameborder=\"0\" marginwidth=\"0\" marginheight=\"0\" scrolling=\"no\"><\/iframe><\/p>\n<p>&nbsp;<\/p>\n<p>&nbsp;<\/p>\n<p>&nbsp;<\/p>\n<p>&nbsp;<\/p>\n<p>&nbsp;<\/p>\n","protected":false},"excerpt":{"rendered":"<p>L&rsquo;Orchestre symphonique de Montr\u00e9al a annonc\u00e9 ce matin qu&rsquo;il aurait une saison estivale, et cette derni\u00e8re ne sera pas virtuelle! En effet, une soixantaine de prestations ext\u00e9rieures en formation r\u00e9duite seront offertes par les musiciens de l&rsquo;orchestre un peu partout sur le territoire du Grand Montr\u00e9al. <\/p>\n","protected":false},"author":51,"featured_media":64736,"comment_status":"open","ping_status":"open","sticky":false,"template":"","format":"standard","meta":{"om_disable_all_campaigns":false,"jetpack_post_was_ever_published":false},"categories":[37357,10956,10992],"tags":[4135,39616,38445,2542,39615],"yst_prominent_words":[12357,39612,10175,12482,12314,9813,10443,13428,7694,10707,9811,9323,23184,39613,9839],"acf":[],"jetpack_featured_media_url":"https:\/\/www.ludwig-van.com\/montreal\/wp-content\/uploads\/sites\/3\/2020\/06\/OSM-estival-cover.jpg","jetpack_sharing_enabled":true,"jetpack_shortlink":"https:\/\/wp.me\/p9bdYt-gQ6","amp_enabled":true,"_links":{"self":[{"href":"https:\/\/www.ludwig-van.com\/montreal\/wp-json\/wp\/v2\/posts\/64734"}],"collection":[{"href":"https:\/\/www.ludwig-van.com\/montreal\/wp-json\/wp\/v2\/posts"}],"about":[{"href":"https:\/\/www.ludwig-van.com\/montreal\/wp-json\/wp\/v2\/types\/post"}],"author":[{"embeddable":true,"href":"https:\/\/www.ludwig-van.com\/montreal\/wp-json\/wp\/v2\/users\/51"}],"replies":[{"embeddable":true,"href":"https:\/\/www.ludwig-van.com\/montreal\/wp-json\/wp\/v2\/comments?post=64734"}],"version-history":[{"count":1,"href":"https:\/\/www.ludwig-van.com\/montreal\/wp-json\/wp\/v2\/posts\/64734\/revisions"}],"predecessor-version":[{"id":64737,"href":"https:\/\/www.ludwig-van.com\/montreal\/wp-json\/wp\/v2\/posts\/64734\/revisions\/64737"}],"wp:featuredmedia":[{"embeddable":true,"href":"https:\/\/www.ludwig-van.com\/montreal\/wp-json\/wp\/v2\/media\/64736"}],"wp:attachment":[{"href":"https:\/\/www.ludwig-van.com\/montreal\/wp-json\/wp\/v2\/media?parent=64734"}],"wp:term":[{"taxonomy":"category","embeddable":true,"href":"https:\/\/www.ludwig-van.com\/montreal\/wp-json\/wp\/v2\/categories?post=64734"},{"taxonomy":"post_tag","embeddable":true,"href":"https:\/\/www.ludwig-van.com\/montreal\/wp-json\/wp\/v2\/tags?post=64734"},{"taxonomy":"yst_prominent_words","embeddable":true,"href":"https:\/\/www.ludwig-van.com\/montreal\/wp-json\/wp\/v2\/yst_prominent_words?post=64734"}],"curies":[{"name":"wp","href":"https:\/\/api.w.org\/{rel}","templated":true}]}}