{"id":64719,"date":"2020-06-29T09:18:21","date_gmt":"2020-06-29T13:18:21","guid":{"rendered":"https:\/\/www.ludwig-van.com\/montreal\/?p=64719"},"modified":"2020-06-29T09:18:21","modified_gmt":"2020-06-29T13:18:21","slug":"nouvelle-festival-de-lanaudiere-aura-edition-connectee-basee-archives","status":"publish","type":"post","link":"https:\/\/www.ludwig-van.com\/montreal\/2020\/06\/29\/nouvelle-festival-de-lanaudiere-aura-edition-connectee-basee-archives\/","title":{"rendered":"NOUVELLE | Le Festival de Lanaudi\u00e8re aura une \u00e9dition \u00ab\u00a0connect\u00e9e\u00a0\u00bb bas\u00e9e sur ses archives"},"content":{"rendered":"<p style=\"text-align: center;\"><img decoding=\"async\" loading=\"lazy\" class=\"aligncenter size-full wp-image-64720\" src=\"https:\/\/www.ludwig-van.com\/montreal\/wp-content\/uploads\/sites\/3\/2020\/06\/Lanaudiere-virtuel-cover.jpg\" alt=\"\" width=\"1200\" height=\"628\" srcset=\"https:\/\/www.ludwig-van.com\/montreal\/wp-content\/uploads\/sites\/3\/2020\/06\/Lanaudiere-virtuel-cover.jpg 1200w, https:\/\/www.ludwig-van.com\/montreal\/wp-content\/uploads\/sites\/3\/2020\/06\/Lanaudiere-virtuel-cover-300x157.jpg 300w, https:\/\/www.ludwig-van.com\/montreal\/wp-content\/uploads\/sites\/3\/2020\/06\/Lanaudiere-virtuel-cover-1024x536.jpg 1024w, https:\/\/www.ludwig-van.com\/montreal\/wp-content\/uploads\/sites\/3\/2020\/06\/Lanaudiere-virtuel-cover-768x402.jpg 768w\" sizes=\"(max-width: 1200px) 100vw, 1200px\" \/><\/p>\n<p>Le<strong> Festival de Lanaudi\u00e8re,<\/strong> annul\u00e9 cet \u00e9t\u00e9 en raison de la pand\u00e9mie de COVID-19, vient d&rsquo;annoncer une \u00e9dition virtuelle avec des artistes internationaux bas\u00e9e sur ses archives. En tout, quinze concerts qui ont marqu\u00e9 l&rsquo;histoire du Festival seront pr\u00e9sent\u00e9s du 10 juillet au 9 ao\u00fbt.<\/p>\n<p>Les concerts seront pr\u00e9sent\u00e9s \u00e0 compter de 19h30 les vendredis et samedis, puis \u00e0 compter de 15h30 les dimanches, et seront disponibles en rattrapage pour une dur\u00e9e de 48 heures. En compl\u00e9ment de programme, quatre films \u00e0 composante musicale, <i>Ballerina, Le Soliste<\/i>, <i>Les Choristes<\/i> et <i>Amadeus<\/i> seront diffus\u00e9s les mardis \u00e0 20h.<\/p>\n<p>Pour r\u00e9aliser ce projet qualifi\u00e9 de festival \u00ab\u00a0Connect\u00e9\u00a0\u00bb, on est all\u00e9 puiser dans les concerts du pass\u00e9 avec des artistes de prestige, dont feu Joseph Rouleau, Renata Scotto et Maxim Vengerov. De plus, des concerts d&rsquo;ensembles habitu\u00e9s du Festival seront au rendez-vous, dont l&rsquo;OSM et l&rsquo;Orchestre M\u00e9tropolitain. Seule la programmation du concert de cl\u00f4ture demeure inconnue.<\/p>\n<h2>Programmation<\/h2>\n<h3>Les 10, 11 et 12 juillet<\/h3>\n<p>Le concert-gala inaugural de l&rsquo;Amphith\u00e9\u00e2tre Fernand-Lindsay, avec la soprano Carol Neblett, le t\u00e9nor Vladimir Popov, la basse Joseph Rouleau, le pianiste Anton Kuerti, l&rsquo;Orchestre du Festival et plus de 350 choristes, sous la direction de Semyon Vekshtein. Un concert qui avait eu lieu le 17 juillet 1989.<\/p>\n<p>Une grande soir\u00e9e lyrique avec la l\u00e9gendaire soprano Renata Scotto et l&rsquo;Orchestre symphonique de Qu\u00e9bec \u00e0 la Cath\u00e9drale de Joliette, le 21 ao\u00fbt 1986, sera \u00e9galement pr\u00e9sent\u00e9.<\/p>\n<p>Pour compl\u00e9ter ce week-end de grands noms, un r\u00e9cital du violoniste Maxim Vengerov, qui avait eu lieu le 18 juillet 1997, sera pr\u00e9sent\u00e9.<\/p>\n<h3>Les 17, 18 et 19 juillet<\/h3>\n<p>On se rem\u00e9more le 25e anniversaire du Festival avec la Symphonie no 8 de Mahler, dite \u00ab\u00a0Symphonie des Mille\u00a0\u00bb, avec l&rsquo;Orchestre symphonique de Montr\u00e9al dirig\u00e9 par Eliahy Inbal, huit chanteurs solistes et des ch\u0153urs d&rsquo;adultes mixtes et d&rsquo;enfants. En tout, plus de 400 interpr\u00e8tes \u00e9taient sur sc\u00e8ne, le 28 juin 2002.<\/p>\n<p>Le concert \u00ab\u00a0All That Jazz\u00a0\u00bb avec Lorraine Desmarais et l&rsquo;Orchestre M\u00e9tropolitain dirig\u00e9 par Yannick N\u00e9zet-S\u00e9guin le 25 juin 2003 nous fera \u00e9galement revivre un grand moment.<\/p>\n<p>C\u00f4t\u00e9 international, c&rsquo;est la Deutsche Kammerphilharmonie Bremen, et son chef Paavo J\u00e4rvi, qui \u00e9taient pr\u00e9sents au Festival il n&rsquo;y a pas si longtemps, soit le 3 ao\u00fbt 2014, qui compl\u00e8tent ce week-end de souvenirs.<\/p>\n<h3>Les 24, 25 et 26 juillet<\/h3>\n<p>Les admirateurs de l&rsquo;ex-Fanfreluche seront heureux d&rsquo;entendre la voix de la merveilleuse Kim Yaroshevskaya comme narratrice de Pierre et le Loup, un concert pr\u00e9sent\u00e9 pour le centenaire de Prokofiev avec l&rsquo;Orchestre M\u00e9tropolitain en 1991.<\/p>\n<p>Le 9 ao\u00fbt 2014, l&rsquo;OSM interpr\u00e9tait la Symphonie no 2 de Mahler, dite \u00ab\u00a0R\u00e9surrection\u00a0\u00bb, sous la direction de Kent Nagano. On pourra les revoir et les r\u00e9entendre.<\/p>\n<p>Finalement, un concert de la soprano Gwyneth Jones en compagnie de l&rsquo;OSQ \u00e0 l&rsquo;\u00c9glise Saint-Jacques de Montcalm en 1988 compl\u00e8te cette fin de semaine.<\/p>\n<h3>Les 31 juillet, 1er et 2 ao\u00fbt.<\/h3>\n<p>On pourra entendre l&rsquo;OSM, sous la direction de Nagano, dans un concert de musique fran\u00e7aise avec des pi\u00e8ces de Ravel et Debussy, concert pr\u00e9sent\u00e9 en 2014.<\/p>\n<p>Un deuxi\u00e8me concert de la Deutsche Kammerphilharmonie sera diffus\u00e9, cette fois avec le pianiste Lars Vogt, et on pourra entendre les Quatre saisons de Vivaldi par l&rsquo;Orchestre baroque de Venis, souvenir pas si lointain du Festival de l&rsquo;an dernier.<\/p>\n<p>&nbsp;<\/p>\n<h3>Les 7, 8 et 9 ao\u00fbt<\/h3>\n<p>R\u00e9cital Liszt et Schubert du pianiste Marc-Andr\u00e9 Hamelin (du 21 juillet 2017)<\/p>\n<p>La Symphonie no 4 de Tcha\u00efkovsky avec l&rsquo;OSM, direction Rafael Payare (27 juillet 2019)<\/p>\n<p>Concert de cl\u00f4ture de l&rsquo;\u00e9dition \u00ab\u00a0connect\u00e9e\u00a0\u00bb du Festival de Lanaudi\u00e8re: programmation \u00e0 confirmer.<\/p>\n<p>Cette \u00e9dition marqu\u00e9e de beaux souvenirs et peupl\u00e9e d&rsquo;artistes de calibre international, dont certains l\u00e9gendaires, d\u00e9montre \u00e0 quel point le Festival de Lanaudi\u00e8re porte une histoire unique au Qu\u00e9bec et a contribu\u00e9 \u00e0 enrichir notre vie musicale depuis sa fondation.<\/p>\n<p>On pourra acc\u00e9der \u00e0 ces concerts gratuitement via <a href=\"https:\/\/www.lanaudiere.org\/fr\/concerts\/\" target=\"_blank\" rel=\"noopener noreferrer\">le site du Festival<\/a> de Lanaudi\u00e8re.<\/p>\n<div><\/div>\n<div><\/div>\n<h2>LIRE AUSSI:<\/h2>\n<p>&nbsp;<\/p>\n<blockquote class=\"wp-embedded-content\" data-secret=\"OxHHbs5vg8\"><p><a href=\"https:\/\/www.ludwig-van.com\/montreal\/2020\/06\/28\/nouvelle-elinor-frey-lance-une-serie-de-recitals-virtuels\/\">NOUVELLE | Elinor Frey lance une s\u00e9rie de r\u00e9citals virtuels<\/a><\/p><\/blockquote>\n<p><iframe class=\"wp-embedded-content\" sandbox=\"allow-scripts\" security=\"restricted\" style=\"position: absolute; clip: rect(1px, 1px, 1px, 1px);\" title=\"\u00ab\u00a0NOUVELLE | Elinor Frey lance une s\u00e9rie de r\u00e9citals virtuels\u00a0\u00bb &#8212; Ludwig Van Montreal\" src=\"https:\/\/www.ludwig-van.com\/montreal\/2020\/06\/28\/nouvelle-elinor-frey-lance-une-serie-de-recitals-virtuels\/embed\/#?secret=OxHHbs5vg8\" data-secret=\"OxHHbs5vg8\" width=\"600\" height=\"338\" frameborder=\"0\" marginwidth=\"0\" marginheight=\"0\" scrolling=\"no\"><\/iframe><\/p>\n<p>&nbsp;<\/p>\n<p>&nbsp;<\/p>\n<div><\/div>\n<div><\/div>\n","protected":false},"excerpt":{"rendered":"<p>Le Festival de Lanaudi\u00e8re, annul\u00e9 cet \u00e9t\u00e9 en raison de la pand\u00e9mie de COVID-19, vient d&rsquo;annoncer une \u00e9dition virtuelle avec des artistes internationaux bas\u00e9e sur ses archives. En tout, quinze concerts qui ont marqu\u00e9 l&rsquo;histoire du Festival seront pr\u00e9sent\u00e9s du 10 juillet au 9 ao\u00fbt. <\/p>\n","protected":false},"author":51,"featured_media":64720,"comment_status":"open","ping_status":"open","sticky":false,"template":"","format":"standard","meta":{"om_disable_all_campaigns":false,"jetpack_post_was_ever_published":false},"categories":[37357,10956,10992],"tags":[4135,39510,15897],"yst_prominent_words":[31316,15880,39503,7202,21264,27765,8858,39508,7412,15883,15483,15886,9813,9836,9808,15885,39506,11492,39509,11819],"acf":[],"jetpack_featured_media_url":"https:\/\/www.ludwig-van.com\/montreal\/wp-content\/uploads\/sites\/3\/2020\/06\/Lanaudiere-virtuel-cover.jpg","jetpack_sharing_enabled":true,"jetpack_shortlink":"https:\/\/wp.me\/p9bdYt-gPR","amp_enabled":true,"_links":{"self":[{"href":"https:\/\/www.ludwig-van.com\/montreal\/wp-json\/wp\/v2\/posts\/64719"}],"collection":[{"href":"https:\/\/www.ludwig-van.com\/montreal\/wp-json\/wp\/v2\/posts"}],"about":[{"href":"https:\/\/www.ludwig-van.com\/montreal\/wp-json\/wp\/v2\/types\/post"}],"author":[{"embeddable":true,"href":"https:\/\/www.ludwig-van.com\/montreal\/wp-json\/wp\/v2\/users\/51"}],"replies":[{"embeddable":true,"href":"https:\/\/www.ludwig-van.com\/montreal\/wp-json\/wp\/v2\/comments?post=64719"}],"version-history":[{"count":11,"href":"https:\/\/www.ludwig-van.com\/montreal\/wp-json\/wp\/v2\/posts\/64719\/revisions"}],"predecessor-version":[{"id":64731,"href":"https:\/\/www.ludwig-van.com\/montreal\/wp-json\/wp\/v2\/posts\/64719\/revisions\/64731"}],"wp:featuredmedia":[{"embeddable":true,"href":"https:\/\/www.ludwig-van.com\/montreal\/wp-json\/wp\/v2\/media\/64720"}],"wp:attachment":[{"href":"https:\/\/www.ludwig-van.com\/montreal\/wp-json\/wp\/v2\/media?parent=64719"}],"wp:term":[{"taxonomy":"category","embeddable":true,"href":"https:\/\/www.ludwig-van.com\/montreal\/wp-json\/wp\/v2\/categories?post=64719"},{"taxonomy":"post_tag","embeddable":true,"href":"https:\/\/www.ludwig-van.com\/montreal\/wp-json\/wp\/v2\/tags?post=64719"},{"taxonomy":"yst_prominent_words","embeddable":true,"href":"https:\/\/www.ludwig-van.com\/montreal\/wp-json\/wp\/v2\/yst_prominent_words?post=64719"}],"curies":[{"name":"wp","href":"https:\/\/api.w.org\/{rel}","templated":true}]}}