{"id":64711,"date":"2020-06-28T10:54:21","date_gmt":"2020-06-28T14:54:21","guid":{"rendered":"https:\/\/www.ludwig-van.com\/montreal\/?p=64711"},"modified":"2020-06-28T10:54:21","modified_gmt":"2020-06-28T14:54:21","slug":"nouvelle-elinor-frey-lance-une-serie-de-recitals-virtuels","status":"publish","type":"post","link":"https:\/\/www.ludwig-van.com\/montreal\/2020\/06\/28\/nouvelle-elinor-frey-lance-une-serie-de-recitals-virtuels\/","title":{"rendered":"NOUVELLE | Elinor Frey lance une s\u00e9rie de r\u00e9citals virtuels"},"content":{"rendered":"<figure id=\"attachment_64707\" aria-describedby=\"caption-attachment-64707\" style=\"width: 1200px\" class=\"wp-caption aligncenter\"><img decoding=\"async\" loading=\"lazy\" class=\"size-full wp-image-64707\" src=\"https:\/\/www.ludwig-van.com\/montreal\/wp-content\/uploads\/sites\/3\/2020\/06\/Elinor_Frey-redim.jpg\" alt=\"\" width=\"1200\" height=\"800\" srcset=\"https:\/\/www.ludwig-van.com\/montreal\/wp-content\/uploads\/sites\/3\/2020\/06\/Elinor_Frey-redim.jpg 1200w, https:\/\/www.ludwig-van.com\/montreal\/wp-content\/uploads\/sites\/3\/2020\/06\/Elinor_Frey-redim-300x200.jpg 300w, https:\/\/www.ludwig-van.com\/montreal\/wp-content\/uploads\/sites\/3\/2020\/06\/Elinor_Frey-redim-1024x683.jpg 1024w, https:\/\/www.ludwig-van.com\/montreal\/wp-content\/uploads\/sites\/3\/2020\/06\/Elinor_Frey-redim-768x512.jpg 768w\" sizes=\"(max-width: 1200px) 100vw, 1200px\" \/><figcaption id=\"caption-attachment-64707\" class=\"wp-caption-text\">Elinor Frey (Photo: courtoisie)<\/figcaption><\/figure>\n<p>Comme ses pairs musiciens, <strong>Elinor Frey<\/strong> a perdu \u00e9norm\u00e9ment de travail en raison de la pand\u00e9mie de COVID-19. Une femme d\u00e9termin\u00e9e comme elle ne saurait rester les bras crois\u00e9s. Elle a donc cr\u00e9\u00e9 de nouvelles occasions pour remplacer une partie de ce qu&rsquo;elle avait perdu. Ses nouveaux cours de violoncelle en ligne sont tr\u00e8s populaires et elle lance maintenant une s\u00e9rie de r\u00e9citals dont le premier a lieu aujourd&rsquo;hui.<\/p>\n<p>Dans le cadre de cette s\u00e9rie de six, elle jouera, en direct, l&rsquo;int\u00e9grale des Suites pour violoncelle seul de Bach, \u00e0 raison d&rsquo;une suite par r\u00e9cital, en ordre chronologique.<\/p>\n<p>\u00ab\u00a0Je joue en direct et, pendant l&rsquo;entracte, on pourra d\u00e9couvrir des pr\u00e9sentations d\u00e9j\u00e0 enregistr\u00e9es sur diff\u00e9rents lieux, avec des invit\u00e9s. J&rsquo;utilise une technologie qui permet d&rsquo;aller de la cam\u00e9ra \u00e0 ces vid\u00e9os qui sont dans mon ordinateur. Il s&rsquo;agit d&rsquo;entretiens avec ces personnes, qui nous parlent d&rsquo;un lieu historique, avec un montage d&rsquo;images. Je m&rsquo;ennuie des \u00e9glises et des salles de concerts. On peut faire des concerts en ligne, mais on n&rsquo;a pas l&rsquo;ambiance de lieux avec leur acoustique particuli\u00e8re et leur architecture. J&rsquo;ai voulu recr\u00e9er cela. Le premier, que l&rsquo;on verra aujourd&rsquo;hui, est sur un th\u00e9\u00e2tre situ\u00e9 \u00e0 Lisbonne.\u00a0\u00bb<\/p>\n<p>La captation des r\u00e9citals se fait du domicile de la violoncelliste.<\/p>\n<p>\u00ab\u00a0J&rsquo;utilise pas moins de cinq appareils et j&rsquo;ai d\u00fb apprendre \u00e0 utiliser cet \u00e9quipement. C&rsquo;est important que la qualit\u00e9 soit au rendez-vous.\u00a0\u00bb<\/p>\n<p>Des billets pour les r\u00e9citals sont vendus sur Eventbrite au co\u00fbt de 20 $, et 10 $ pour les \u00e9tudiants ou les gens qui n&rsquo;ont pas les moyens de payer 20 $. On peut \u00e9galement s&rsquo;abonner \u00e0 toute la s\u00e9rie pour 100 $.<\/p>\n<p>Le tout est diffus\u00e9 <a href=\"http:\/\/www.elinorfrey.com\/concerts.php\" target=\"_blank\" rel=\"noopener noreferrer\">sur le site de l&rsquo;artiste<\/a>, et accessible via un lien priv\u00e9 envoy\u00e9 par <a href=\"https:\/\/www.eventbrite.ca\/e\/elinor-frey-live-6-concert-series-2020-tickets-106875389166?ref=ecal\" target=\"_blank\" rel=\"noopener noreferrer\">Eventbrite<\/a> aux acheteurs de billets.<\/p>\n<p>\u00ab\u00a0Je pense que le fait de payer, m\u00eame si c&rsquo;est juste 10 $, cr\u00e9e un engagement de la part des auditeurs. Je crois que les musiciens doivent avoir des revenus. Au d\u00e9but de la pand\u00e9mie, j&rsquo;ai particip\u00e9 \u00e0 deux concerts gratuits, mais j&rsquo;ai pens\u00e9 que c&rsquo;\u00e9tait suffisant. \u00c9videmment, on ne peut pas demander 60 $ comme pour un concert en salle, mais il est important que les gens comprennent que c&rsquo;est \u00e9norm\u00e9ment de travail pour pr\u00e9parer ces r\u00e9citals.\u00a0\u00bb<\/p>\n<p>&nbsp;<\/p>\n<p style=\"text-align: center;\"><img decoding=\"async\" loading=\"lazy\" class=\"aligncenter size-full wp-image-64713\" src=\"https:\/\/www.ludwig-van.com\/montreal\/wp-content\/uploads\/sites\/3\/2020\/06\/Elinor-Frey-live.jpg\" alt=\"\" width=\"960\" height=\"480\" srcset=\"https:\/\/www.ludwig-van.com\/montreal\/wp-content\/uploads\/sites\/3\/2020\/06\/Elinor-Frey-live.jpg 960w, https:\/\/www.ludwig-van.com\/montreal\/wp-content\/uploads\/sites\/3\/2020\/06\/Elinor-Frey-live-300x150.jpg 300w, https:\/\/www.ludwig-van.com\/montreal\/wp-content\/uploads\/sites\/3\/2020\/06\/Elinor-Frey-live-768x384.jpg 768w\" sizes=\"(max-width: 960px) 100vw, 960px\" \/><\/p>\n<h2><\/h2>\n<h2>Les cours en ligne et la pand\u00e9mie<\/h2>\n<p><strong>Elinor Frey<\/strong> a toujours une foule de projets en cours. \u00c0 cause du coronavirus, tous ses concerts ont \u00e9t\u00e9 annul\u00e9s.<\/p>\n<p>\u00ab\u00a0Du jour au lendemain, tout a chang\u00e9, dit-elle. Je devais aller jouer \u00e0 Vancouver, \u00e0 Prague, en Italie, \u00e0 Oxford. Tout a \u00e9t\u00e9 annul\u00e9. J&rsquo;ai perdu comme travail comme concertiste. J&rsquo;ai donc d\u00e9cid\u00e9 de cr\u00e9er des cours en ligne. C&rsquo;est une chose \u00e0 laquelle j&rsquo;avais d\u00e9j\u00e0 pens\u00e9, mais c&rsquo;\u00e9tait l&rsquo;occasion de les lancer. J&rsquo;ai commenc\u00e9 avec un cours de musique italienne pour violoncelle et le r\u00e9sultat a \u00e9t\u00e9 positif. J&rsquo;ai 26 personnes. C&rsquo;est un m\u00e9lange de cours de groupe et de le\u00e7ons individuelles. Tout le monde a r\u00e9alis\u00e9 qu&rsquo;on peut maintenant avoir des le\u00e7ons d&rsquo;instrument en \u00e9tant partout dans le monde. On n&rsquo;est plus oblig\u00e9 de vivre dans la m\u00eame ville. J&rsquo;ai des \u00e9tudiants qui vivent en Australie, \u00e0 Rome, \u00e0 Amsterdam, en Idaho, au Texas et \u00e0 Toronto. J&rsquo;enseigne plus qu&rsquo;avant, et j&rsquo;aime cela. J&rsquo;ai donc cr\u00e9\u00e9 un deuxi\u00e8me cours, sur les Suites de Bach, qui a 25 \u00e9tudiants.\u00a0\u00bb<\/p>\n<p>La vie a compl\u00e8tement chang\u00e9 pour <strong>Elinor Frey,<\/strong> \u00e0 cause de la pand\u00e9mie.<\/p>\n<p>\u00ab\u00a0Je suis concertiste avant tout et j&rsquo;ai h\u00e2te de donner plus de concerts. Mais en ce moment, je travaille \u00e9norm\u00e9ment, mes journ\u00e9es sont aussi bien remplies. Je me concentre plus sur l&rsquo;essentiel, sur ce qui m&rsquo;int\u00e9resse: la musique. Je ne passe pas de temps \u00e0 voyager, ou avec toutes sortes de distractions.\u00a0\u00bb<\/p>\n<p>Elinor Frey est <a href=\"https:\/\/www.ludwig-van.com\/montreal\/directory\/elinor-frey\/\" target=\"_blank\" rel=\"noopener noreferrer\">membre individuelle de Ludwig van Montr\u00e9al<\/a>. Pour savoir comment devenir membre, \u00e9crivez-nous \u00e0 caroline@ludwig-van.com<\/p>\n<h2>Horaire des r\u00e9citals<\/h2>\n<p><strong>28 juin 2020, 14h30<\/strong><\/p>\n<p>Programme:<br \/>\nBach &#8211; Cello Suite no. 1<br \/>\nBach &#8211; Partita no. 2: Allemanda, Corrente<br \/>\nVitali &#8211; Passa Galli<br \/>\nSujet: Lisbon (Invit\u00e9: Julia Albani)<br \/>\n<a href=\"https:\/\/www.facebook.com\/events\/257052812034317\/\" target=\"_blank\" rel=\"noopener noreferrer\">Page Facebook de l&rsquo;\u00e9v\u00e9nement<\/a><br \/>\n<a href=\"https:\/\/www.eventbrite.ca\/e\/elinor-frey-live-6-concert-series-2020-tickets-106875389166?ref=ecal\" target=\"_blank\" rel=\"noopener noreferrer\">Billets en ligne<\/a><\/p>\n<p>&nbsp;<\/p>\n<p><strong>26 juillet 2020, 14h30<\/strong><\/p>\n<p>Programme<br \/>\nBach &#8211; Cello Suite no. 2<br \/>\nBach &#8211; Partita no. 2: Sarabanda, Giga<br \/>\nDall\u2019Abaco &#8211; Caprice 6<br \/>\nSujet: V\u00e9rone (Invit\u00e9: Michele Magnabosco)<br \/>\nPage Facebook de l&rsquo;\u00e9v\u00e9nement<\/p>\n<p><strong>16 ao\u00fbt 2020, 14h30<\/strong><br \/>\nProgramme:<br \/>\nBach &#8211; Cello Suite no. 3<br \/>\nBach &#8211; Partita no. 2: Ciaccona<br \/>\nColombi &#8211; Ciaccona<br \/>\nSujet: Montr\u00e9al (Invit\u00e9: Lev Bratishenko)<br \/>\nPage Facebook de l&rsquo;\u00e9v\u00e9nement<\/p>\n<p>&nbsp;<\/p>\n<p><strong>30 ao\u00fbt 2020, 14h30<\/strong><br \/>\nProgramme:<br \/>\nBach &#8211; Cello Suite no. 4<br \/>\nBach &#8211; Partita no. 3: Preludio, Loure<br \/>\nGabrielli &#8211; Ricercar 7<br \/>\nSujet: Mexico City (Invit\u00e9: Rafael S\u00e1nchez Guevara)<br \/>\nPage Facebook de l&rsquo;\u00e9v\u00e9nement<\/p>\n<p>&nbsp;<\/p>\n<p>&nbsp;<\/p>\n<p><strong>27 septembre 2020, 14h30<\/strong><br \/>\nProgramme:<br \/>\nBach &#8211; Cello Suite no. 5<br \/>\nBach &#8211; Partita no. 3: Gavotte en rondeaux, Menuet I, II<br \/>\nDall\u2019Abaco &#8211; Caprice 1<br \/>\nSujet: TBD<br \/>\nPage Facebook de l&rsquo;\u00e9v\u00e9nement<\/p>\n<p>&nbsp;<\/p>\n<p>&nbsp;<\/p>\n<p><strong>25 octobre 2020, 14h30<\/strong><br \/>\nProgramme:<br \/>\nBach &#8211; Cello Suite no. 6<br \/>\nBach &#8211; Partita no. 3: Bourr\u00e9e, Gigue<br \/>\nSupriani &#8211; Toccata 5<br \/>\nSujet: Oxford<br \/>\nPage Facebook de l&rsquo;\u00e9v\u00e9nement<\/p>\n<p>&nbsp;<\/p>\n<h2>LIRE AUSSI:<\/h2>\n<p>&nbsp;<\/p>\n<blockquote class=\"wp-embedded-content\" data-secret=\"U2dZKcWZVq\"><p><a href=\"https:\/\/www.ludwig-van.com\/montreal\/2020\/06\/09\/dossier-musique-pleine-conscience-jouer-de-musique-reduire-stress\/\">DOSSIER   | Musique et pleine conscience: comment jouer de la musique peut r\u00e9duire le stress<\/a><\/p><\/blockquote>\n<p><iframe class=\"wp-embedded-content\" sandbox=\"allow-scripts\" security=\"restricted\" style=\"position: absolute; clip: rect(1px, 1px, 1px, 1px);\" title=\"\u00ab\u00a0DOSSIER   | Musique et pleine conscience: comment jouer de la musique peut r\u00e9duire le stress\u00a0\u00bb &#8212; Ludwig Van Montreal\" src=\"https:\/\/www.ludwig-van.com\/montreal\/2020\/06\/09\/dossier-musique-pleine-conscience-jouer-de-musique-reduire-stress\/embed\/#?secret=U2dZKcWZVq\" data-secret=\"U2dZKcWZVq\" width=\"600\" height=\"338\" frameborder=\"0\" marginwidth=\"0\" marginheight=\"0\" scrolling=\"no\"><\/iframe><\/p>\n<p>&nbsp;<\/p>\n<p>&nbsp;<\/p>\n<p>&nbsp;<\/p>\n<p>&nbsp;<\/p>\n","protected":false},"excerpt":{"rendered":"<p>Comme ses pairs musiciens, Elinor Frey a perdu \u00e9norm\u00e9ment de travail en raison de la pand\u00e9mie de COVID-19. Une femme d\u00e9termin\u00e9e comme elle ne saurait rester les bras crois\u00e9s. Elle a donc cr\u00e9\u00e9 de nouvelles occasions pour remplacer une partie de ce qu&rsquo;elle avait perdu. Ses nouveaux cours de violoncelle en ligne sont tr\u00e8s populaires et elle lance maintenant une s\u00e9rie de r\u00e9citals dont le premier a lieu aujourd&rsquo;hui.<\/p>\n","protected":false},"author":51,"featured_media":64707,"comment_status":"open","ping_status":"open","sticky":false,"template":"","format":"standard","meta":{"om_disable_all_campaigns":false,"jetpack_post_was_ever_published":false},"categories":[37357,10956,10992],"tags":[4135,435,5907,39498,32045],"yst_prominent_words":[39487,39491,9960,39488,39484,39483,39490,39486,39489,39485,39497,39493,16735,39495,27368,10058,17053,27367,34074,27283],"acf":[],"jetpack_featured_media_url":"https:\/\/www.ludwig-van.com\/montreal\/wp-content\/uploads\/sites\/3\/2020\/06\/Elinor_Frey-redim.jpg","jetpack_sharing_enabled":true,"jetpack_shortlink":"https:\/\/wp.me\/p9bdYt-gPJ","amp_enabled":true,"_links":{"self":[{"href":"https:\/\/www.ludwig-van.com\/montreal\/wp-json\/wp\/v2\/posts\/64711"}],"collection":[{"href":"https:\/\/www.ludwig-van.com\/montreal\/wp-json\/wp\/v2\/posts"}],"about":[{"href":"https:\/\/www.ludwig-van.com\/montreal\/wp-json\/wp\/v2\/types\/post"}],"author":[{"embeddable":true,"href":"https:\/\/www.ludwig-van.com\/montreal\/wp-json\/wp\/v2\/users\/51"}],"replies":[{"embeddable":true,"href":"https:\/\/www.ludwig-van.com\/montreal\/wp-json\/wp\/v2\/comments?post=64711"}],"version-history":[{"count":6,"href":"https:\/\/www.ludwig-van.com\/montreal\/wp-json\/wp\/v2\/posts\/64711\/revisions"}],"predecessor-version":[{"id":64718,"href":"https:\/\/www.ludwig-van.com\/montreal\/wp-json\/wp\/v2\/posts\/64711\/revisions\/64718"}],"wp:featuredmedia":[{"embeddable":true,"href":"https:\/\/www.ludwig-van.com\/montreal\/wp-json\/wp\/v2\/media\/64707"}],"wp:attachment":[{"href":"https:\/\/www.ludwig-van.com\/montreal\/wp-json\/wp\/v2\/media?parent=64711"}],"wp:term":[{"taxonomy":"category","embeddable":true,"href":"https:\/\/www.ludwig-van.com\/montreal\/wp-json\/wp\/v2\/categories?post=64711"},{"taxonomy":"post_tag","embeddable":true,"href":"https:\/\/www.ludwig-van.com\/montreal\/wp-json\/wp\/v2\/tags?post=64711"},{"taxonomy":"yst_prominent_words","embeddable":true,"href":"https:\/\/www.ludwig-van.com\/montreal\/wp-json\/wp\/v2\/yst_prominent_words?post=64711"}],"curies":[{"name":"wp","href":"https:\/\/api.w.org\/{rel}","templated":true}]}}