{"id":64544,"date":"2020-05-25T11:43:12","date_gmt":"2020-05-25T15:43:12","guid":{"rendered":"https:\/\/www.ludwig-van.com\/montreal\/?p=64544"},"modified":"2020-05-25T16:00:16","modified_gmt":"2020-05-25T20:00:16","slug":"choix-de-la-redaction-les-principaux-concerts-virtuels-a-decouvrir-cette-semaine-au-quebec","status":"publish","type":"post","link":"https:\/\/www.ludwig-van.com\/montreal\/2020\/05\/25\/choix-de-la-redaction-les-principaux-concerts-virtuels-a-decouvrir-cette-semaine-au-quebec\/","title":{"rendered":"CHOIX DE LA R\u00c9DACTION | Les principaux concerts virtuels \u00e0 d\u00e9couvrir cette semaine au Qu\u00e9bec: du 25 au 31 mai"},"content":{"rendered":"<figure id=\"attachment_53681\" aria-describedby=\"caption-attachment-53681\" style=\"width: 1024px\" class=\"wp-caption aligncenter\"><img decoding=\"async\" loading=\"lazy\" class=\"size-full wp-image-53681\" src=\"https:\/\/www.ludwig-van.com\/montreal\/wp-content\/uploads\/sites\/3\/2018\/04\/serhiy-salov-credit_julie_beauchemin.jpg\" alt=\"Serhiy Salov\" width=\"1024\" height=\"683\" srcset=\"https:\/\/www.ludwig-van.com\/montreal\/wp-content\/uploads\/sites\/3\/2018\/04\/serhiy-salov-credit_julie_beauchemin.jpg 1024w, https:\/\/www.ludwig-van.com\/montreal\/wp-content\/uploads\/sites\/3\/2018\/04\/serhiy-salov-credit_julie_beauchemin-300x200.jpg 300w, https:\/\/www.ludwig-van.com\/montreal\/wp-content\/uploads\/sites\/3\/2018\/04\/serhiy-salov-credit_julie_beauchemin-768x512.jpg 768w\" sizes=\"(max-width: 1024px) 100vw, 1024px\" \/><figcaption id=\"caption-attachment-53681\" class=\"wp-caption-text\">Le pianiste Serhiy Salov est l&rsquo;invit\u00e9 de l&rsquo;Orchestre classique de Montr\u00e9al, cette semaine. (Photo: Julie Beauchemin)<\/figcaption><\/figure>\n<p>Avec le retour du beau temps, on voit enfin la lumi\u00e8re au bout du tunnel du confinement. Alors que les salles de concerts sont toujours ferm\u00e9es et que l&rsquo;on ignore toujours quand les activit\u00e9s musicales reprendront \u00ab\u00a0pour vrai\u00a0\u00bb, nos musiciens continuent de nous offrir des prestations en lignes, en direct ou en rediffusion. Petit tour d&rsquo;horizon des concerts et autres \u00e9v\u00e9nements musicaux virtuels de la semaine au Qu\u00e9bec.<\/p>\n<p>&nbsp;<\/p>\n<figure id=\"attachment_63309\" aria-describedby=\"caption-attachment-63309\" style=\"width: 1200px\" class=\"wp-caption aligncenter\"><img decoding=\"async\" loading=\"lazy\" class=\"size-full wp-image-63309\" src=\"https:\/\/www.ludwig-van.com\/montreal\/wp-content\/uploads\/sites\/3\/2019\/11\/Kent-Nagano-OSM-Antoine-Saito-web.jpg\" alt=\"Kent Nagano, 27 novembre 2019. (Photo: Antoine Saito)\" width=\"1200\" height=\"800\" srcset=\"https:\/\/www.ludwig-van.com\/montreal\/wp-content\/uploads\/sites\/3\/2019\/11\/Kent-Nagano-OSM-Antoine-Saito-web.jpg 1200w, https:\/\/www.ludwig-van.com\/montreal\/wp-content\/uploads\/sites\/3\/2019\/11\/Kent-Nagano-OSM-Antoine-Saito-web-300x200.jpg 300w, https:\/\/www.ludwig-van.com\/montreal\/wp-content\/uploads\/sites\/3\/2019\/11\/Kent-Nagano-OSM-Antoine-Saito-web-768x512.jpg 768w, https:\/\/www.ludwig-van.com\/montreal\/wp-content\/uploads\/sites\/3\/2019\/11\/Kent-Nagano-OSM-Antoine-Saito-web-1024x683.jpg 1024w\" sizes=\"(max-width: 1200px) 100vw, 1200px\" \/><figcaption id=\"caption-attachment-63309\" class=\"wp-caption-text\">Kent Nagano, 27 novembre 2019. (Photo: Antoine Saito)<\/figcaption><\/figure>\n<h2>OSM: P\u00e9trouchka, Ap\u00e9ro et Halloween<\/h2>\n<p>Trois \u00e9v\u00e9nements virtuels sont au menu des rendez-vous virtuels de l&rsquo;Orchestre symphonique de Montr\u00e9al, cette semaine: d\u00e8s ce soir, un concert capt\u00e9 en 2014 \u00e0 la Philharmonie de Cologne, avec notamment P\u00e9trouchka, de Stravinski, sous la direction de Kent Nagano. Ce sera en ligne \u00e0 compter de 19 h <a href=\"https:\/\/www.osm.ca\/fr\/ecouter-et-visionner\/\" target=\"_blank\" rel=\"noopener noreferrer\">sur le site de l&rsquo;OSM<\/a>.<\/p>\n<p>Mercredi, 27 mai, 17 h on vous invite \u00e0 un Ap\u00e9ro virtuel sur Facebook avec <strong>Marianne Dugal<\/strong>, 2e associ\u00e9e, violon-solo. Au programme, Bach, Marcello, Scriabin, Boulanger.<\/p>\n<p>\u00c0 compter du jeudi 28, 19 h, un concert d&rsquo;Halloween enregistr\u00e9 le jeudi 29 octobre 2015 \u00e0 la Maison symphonique de Montr\u00e9al sera disponible (jusqu&rsquo;au 8 juin). On pourra entendre <em>Halloween<\/em>, de Charles Ives, <em>La sorci\u00e8re de midi (Polednice)<\/em> de Dvo\u0159\u00e1k, <em>Danse macabre<\/em> de Saint-Sa\u00ebns, et <em>L&rsquo;apprenti sorcier<\/em>, de Paul Dukas. <a href=\"https:\/\/www.osm.ca\/fr\/ecouter-et-visionner\/\" target=\"_blank\" rel=\"noopener noreferrer\">Sur le site de l&rsquo;OSM.\u00a0<\/a><\/p>\n<p>&nbsp;<\/p>\n<p style=\"text-align: center;\"><img decoding=\"async\" loading=\"lazy\" class=\"aligncenter size-full wp-image-64550\" src=\"https:\/\/www.ludwig-van.com\/montreal\/wp-content\/uploads\/sites\/3\/2020\/05\/Screenshot_2020-05-25-Ragnar-Kjartansson-Les-Sonorite\u0301s-explosives-de-la-divinite\u0301-\u2013-MAC-Montre\u0301al.png\" alt=\"\" width=\"1079\" height=\"477\" srcset=\"https:\/\/www.ludwig-van.com\/montreal\/wp-content\/uploads\/sites\/3\/2020\/05\/Screenshot_2020-05-25-Ragnar-Kjartansson-Les-Sonorite\u0301s-explosives-de-la-divinite\u0301-\u2013-MAC-Montre\u0301al.png 1079w, https:\/\/www.ludwig-van.com\/montreal\/wp-content\/uploads\/sites\/3\/2020\/05\/Screenshot_2020-05-25-Ragnar-Kjartansson-Les-Sonorite\u0301s-explosives-de-la-divinite\u0301-\u2013-MAC-Montre\u0301al-300x133.png 300w, https:\/\/www.ludwig-van.com\/montreal\/wp-content\/uploads\/sites\/3\/2020\/05\/Screenshot_2020-05-25-Ragnar-Kjartansson-Les-Sonorite\u0301s-explosives-de-la-divinite\u0301-\u2013-MAC-Montre\u0301al-1024x453.png 1024w, https:\/\/www.ludwig-van.com\/montreal\/wp-content\/uploads\/sites\/3\/2020\/05\/Screenshot_2020-05-25-Ragnar-Kjartansson-Les-Sonorite\u0301s-explosives-de-la-divinite\u0301-\u2013-MAC-Montre\u0301al-768x340.png 768w\" sizes=\"(max-width: 1079px) 100vw, 1079px\" \/><\/p>\n<h2>Orchestre M\u00e9tropolitain: Ragnar Kjartansson<\/h2>\n<p>Cette semaine, l&rsquo;OM \u00e0 la maison vous pr\u00e9sente une captation de <span class=\"lead\">la performance musico-th\u00e9\u00e2trale <em>Der Klang der Offenbarung des G\u00f6ttlichen \/ Les Sonorit\u00e9s explosives de la divinit\u00e9 <\/em>\u00e0 laquelle l&rsquo;orchestre avait particip\u00e9 \u00e0 l&rsquo;occasion de l&rsquo;exposition de l&rsquo;artiste <strong>Ragnar Kjartansson<\/strong> au Mus\u00e9e d&rsquo;art contemporain, en 2016. C&rsquo;est <a href=\"https:\/\/macm.org\/expositions\/ragnar-kjartansson-les-sonorites-explosives-de-la-divinite\/\" target=\"_blank\" rel=\"noopener noreferrer\">d\u00e9j\u00e0 disponible sur le site du MAC.<\/a> <\/span><\/p>\n<p>&nbsp;<\/p>\n<p>&nbsp;<\/p>\n<figure id=\"attachment_53681\" aria-describedby=\"caption-attachment-53681\" style=\"width: 1024px\" class=\"wp-caption aligncenter\"><img decoding=\"async\" loading=\"lazy\" class=\"size-full wp-image-53681\" src=\"https:\/\/www.ludwig-van.com\/montreal\/wp-content\/uploads\/sites\/3\/2018\/04\/serhiy-salov-credit_julie_beauchemin.jpg\" alt=\"Serhiy Salov\" width=\"1024\" height=\"683\" srcset=\"https:\/\/www.ludwig-van.com\/montreal\/wp-content\/uploads\/sites\/3\/2018\/04\/serhiy-salov-credit_julie_beauchemin.jpg 1024w, https:\/\/www.ludwig-van.com\/montreal\/wp-content\/uploads\/sites\/3\/2018\/04\/serhiy-salov-credit_julie_beauchemin-300x200.jpg 300w, https:\/\/www.ludwig-van.com\/montreal\/wp-content\/uploads\/sites\/3\/2018\/04\/serhiy-salov-credit_julie_beauchemin-768x512.jpg 768w\" sizes=\"(max-width: 1024px) 100vw, 1024px\" \/><figcaption id=\"caption-attachment-53681\" class=\"wp-caption-text\">Le pianiste Serhiy Salov est l&rsquo;invit\u00e9 de l&rsquo;Orchestre classique de Montr\u00e9al, cette semaine. (Photo: Julie Beauchemin)<\/figcaption><\/figure>\n<h2>OCM: Serhiy Salov en r\u00e9cital<\/h2>\n<p>Dans le cadre de sa s\u00e9rie en ligne, l&rsquo;<strong>Orchestre classique de Montr\u00e9al<\/strong> pr\u00e9sente cette semaine le pianiste <strong>Serhiy Salov<\/strong> en r\u00e9cital intime de 45 minutes. On pourra y assister le <strong>26 mai, 19 h 30<\/strong>, <a href=\"https:\/\/www.facebook.com\/events\/2653395221556606\/\" target=\"_blank\" rel=\"noopener noreferrer\">via Facebook.<\/a><\/p>\n<p>&nbsp;<\/p>\n<figure id=\"attachment_61034\" aria-describedby=\"caption-attachment-61034\" style=\"width: 1199px\" class=\"wp-caption aligncenter\"><img decoding=\"async\" loading=\"lazy\" class=\"size-full wp-image-61034\" src=\"https:\/\/www.ludwig-van.com\/montreal\/wp-content\/uploads\/sites\/3\/2019\/07\/KMW_baguette_cr_JBertrand-WEB.jpg\" alt=\"Cette ann\u00e9e, la SMCQ rend hommage aux oeuvres m\u00e9tiss\u00e9es de la compositrice Katia Makdissi-Warren. (Cr\u00e9dit : J\u00e9r\u00f4me Bertrand)\" width=\"1199\" height=\"975\" srcset=\"https:\/\/www.ludwig-van.com\/montreal\/wp-content\/uploads\/sites\/3\/2019\/07\/KMW_baguette_cr_JBertrand-WEB.jpg 1199w, https:\/\/www.ludwig-van.com\/montreal\/wp-content\/uploads\/sites\/3\/2019\/07\/KMW_baguette_cr_JBertrand-WEB-300x244.jpg 300w, https:\/\/www.ludwig-van.com\/montreal\/wp-content\/uploads\/sites\/3\/2019\/07\/KMW_baguette_cr_JBertrand-WEB-768x625.jpg 768w, https:\/\/www.ludwig-van.com\/montreal\/wp-content\/uploads\/sites\/3\/2019\/07\/KMW_baguette_cr_JBertrand-WEB-1024x833.jpg 1024w\" sizes=\"(max-width: 1199px) 100vw, 1199px\" \/><figcaption id=\"caption-attachment-61034\" class=\"wp-caption-text\">Cette ann\u00e9e, la SMCQ rend hommage aux oeuvres m\u00e9tiss\u00e9es de la compositrice Katia Makdissi-Warren. (Cr\u00e9dit : J\u00e9r\u00f4me Bertrand)<\/figcaption><\/figure>\n<h2>Compositeurs en herbe avec la SMCQ<\/h2>\n<p><strong>Le 27 mai, 10 h 30<\/strong>, la <strong>Soci\u00e9t\u00e9 de musique contemporaine du Qu\u00e9bec<\/strong> pr\u00e9sente \u00ab\u00a0Compositeurs en herbe\u00a0\u00bb avec des musiciens de l&rsquo;ensemble interculturel <strong>Okto\u00e9cho<\/strong>, des chanteuses de gorge inuites <strong>Lydia Etok<\/strong> et <strong>Nina Segalowitz<\/strong>, et on verra une chor\u00e9graphe aux racines autochtones, <strong>Barbara Diabo<\/strong>, auxquels se joindront\u00a0 les choeurs de l&rsquo;\u00c9cole des jeunes de la Facult\u00e9 de musique de l\u2019Universit\u00e9 de Montr\u00e9al et des \u00e9l\u00e8ves de l&rsquo;\u00e9cole secondaire Montessori d&rsquo;Orford. Ce concert s&rsquo;inscrivant dans le cadre de l&rsquo;ann\u00e9e-hommage \u00e0 la compositrice <a href=\"https:\/\/www.ludwig-van.com\/montreal\/2019\/07\/17\/compositrice-katia-makdissi-warren-metissage-musical-dans-respect\/\" target=\"_blank\" rel=\"noopener noreferrer\">Katia Makdissi-Warren<\/a>, on entendra deux de ses pi\u00e8ces, soit <em>Passage du Nord<\/em> et <em>Les grands espaces<\/em>. Pour assister au concert, on doit s&rsquo;inscrire sur Zoom <a href=\"https:\/\/us02web.zoom.us\/webinar\/register\/WN_TMKtK1VkShKygOLzmeGBCQ\" target=\"_blank\" rel=\"noopener noreferrer\">\u00e0 cette adresse<\/a>. <a href=\"http:\/\/smcq.qc.ca\/smcq\/fr\/evenement\/42957\/%C3%80_la_rencontre_des_cultures_Concert_virtuel\" target=\"_blank\" rel=\"noopener noreferrer\">D\u00c9TAILS DU PROGRAMME<\/a><\/p>\n<p>&nbsp;<\/p>\n<figure id=\"attachment_53705\" aria-describedby=\"caption-attachment-53705\" style=\"width: 1024px\" class=\"wp-caption aligncenter\"><img decoding=\"async\" loading=\"lazy\" class=\"size-full wp-image-53705\" src=\"https:\/\/www.ludwig-van.com\/montreal\/wp-content\/uploads\/sites\/3\/2018\/04\/7.jpg\" alt=\"\" width=\"1024\" height=\"678\" srcset=\"https:\/\/www.ludwig-van.com\/montreal\/wp-content\/uploads\/sites\/3\/2018\/04\/7.jpg 1024w, https:\/\/www.ludwig-van.com\/montreal\/wp-content\/uploads\/sites\/3\/2018\/04\/7-300x199.jpg 300w, https:\/\/www.ludwig-van.com\/montreal\/wp-content\/uploads\/sites\/3\/2018\/04\/7-768x509.jpg 768w\" sizes=\"(max-width: 1024px) 100vw, 1024px\" \/><figcaption id=\"caption-attachment-53705\" class=\"wp-caption-text\">Thierry B\u00e9gin-Lamontagne (Photo: Denise Lamontagne)<\/figcaption><\/figure>\n<h2>Guitares du monde: Thierry B\u00e9gin-Lamontagne<\/h2>\n<p>Le talentueux Thierry B\u00e9gin-Lamontagne propose un r\u00e9cital dans le cadre du Festival des guitares du monde. Ce mercredi, 27 mai, 20 h, en direct via <a href=\"https:\/\/www.facebook.com\/Festivaldesguitaresdumonde\/\" target=\"_blank\" rel=\"noopener noreferrer\">la page Facebook du Festiva<\/a>l.<\/p>\n<p>&nbsp;<\/p>\n<figure id=\"attachment_57015\" aria-describedby=\"caption-attachment-57015\" style=\"width: 1024px\" class=\"wp-caption aligncenter\"><img decoding=\"async\" loading=\"lazy\" class=\"size-full wp-image-57015\" src=\"https:\/\/www.ludwig-van.com\/montreal\/wp-content\/uploads\/sites\/3\/2018\/04\/NicolasEllis@StC\u0327phaneBourgeois_2018-12-20_21.jpg\" alt=\"Nicolas Ellis\" width=\"1024\" height=\"682\" srcset=\"https:\/\/www.ludwig-van.com\/montreal\/wp-content\/uploads\/sites\/3\/2018\/04\/NicolasEllis@StC\u0327phaneBourgeois_2018-12-20_21.jpg 1024w, https:\/\/www.ludwig-van.com\/montreal\/wp-content\/uploads\/sites\/3\/2018\/04\/NicolasEllis@StC\u0327phaneBourgeois_2018-12-20_21-300x200.jpg 300w, https:\/\/www.ludwig-van.com\/montreal\/wp-content\/uploads\/sites\/3\/2018\/04\/NicolasEllis@StC\u0327phaneBourgeois_2018-12-20_21-768x512.jpg 768w\" sizes=\"(max-width: 1024px) 100vw, 1024px\" \/><figcaption id=\"caption-attachment-57015\" class=\"wp-caption-text\">Nicolas Ellis. (Photo: St\u00e9phane Bourgeois)<\/figcaption><\/figure>\n<h2>Ap\u00e9ros musicaux: Nicolas Ellis<\/h2>\n<p>Cette semaine, dans le cadre de ses nouveaux webinaires \u00ab\u00a0<a href=\"https:\/\/www.ludwig-van.com\/montreal\/2020\/05\/13\/nouvelle-orford-musique-lance-les-webinaires-aperos-musicaux\/\" target=\"_blank\" rel=\"noopener noreferrer\">Ap\u00e9ros musicaux<\/a>\u00ab\u00a0, <strong>Orford Musique<\/strong> re\u00e7oit le chef <strong>Nicolas Ellis<\/strong>, en compagnie du musicologue <strong>Louis Brouillette<\/strong>, pour discuter de l&rsquo;art de la direction d&rsquo;orchestre. Une contribution de 20 $ est exig\u00e9e. L&rsquo;\u00e9v\u00e9nement virtuel d&rsquo;une dur\u00e9e d&rsquo;une heure trente aura lieu l<strong>e 28 mai \u00e0 compter de 16 h. <\/strong><a href=\"https:\/\/www.orford.mu\/concerts-et-evenements\/aperos-musicaux-chef-dorchestre\/?fbclid=IwAR18S2xcZJibSz7zMTr5ZDLG3tmu-qgNBCc5leuQDIr4SEYWIng-XynQLhg\" target=\"_blank\" rel=\"noopener noreferrer\">D\u00c9TAILS<\/a><\/p>\n<p>&nbsp;<\/p>\n<figure id=\"attachment_60229\" aria-describedby=\"caption-attachment-60229\" style=\"width: 2048px\" class=\"wp-caption aligncenter\"><img decoding=\"async\" loading=\"lazy\" class=\"size-full wp-image-60229\" src=\"https:\/\/www.ludwig-van.com\/montreal\/wp-content\/uploads\/sites\/3\/2019\/06\/S\u00e9r\u00e9nit\u00e9-sonore-hamacs-et-piano-compressed.jpg\" alt=\"\" width=\"2048\" height=\"1152\" srcset=\"https:\/\/www.ludwig-van.com\/montreal\/wp-content\/uploads\/sites\/3\/2019\/06\/S\u00e9r\u00e9nit\u00e9-sonore-hamacs-et-piano-compressed.jpg 2048w, https:\/\/www.ludwig-van.com\/montreal\/wp-content\/uploads\/sites\/3\/2019\/06\/S\u00e9r\u00e9nit\u00e9-sonore-hamacs-et-piano-compressed-300x169.jpg 300w, https:\/\/www.ludwig-van.com\/montreal\/wp-content\/uploads\/sites\/3\/2019\/06\/S\u00e9r\u00e9nit\u00e9-sonore-hamacs-et-piano-compressed-768x432.jpg 768w, https:\/\/www.ludwig-van.com\/montreal\/wp-content\/uploads\/sites\/3\/2019\/06\/S\u00e9r\u00e9nit\u00e9-sonore-hamacs-et-piano-compressed-1024x576.jpg 1024w\" sizes=\"(max-width: 2048px) 100vw, 2048px\" \/><figcaption id=\"caption-attachment-60229\" class=\"wp-caption-text\">Un piano \u00e0 queue occupe dor\u00e9navant la sc\u00e8ne du Loft suspendu de S\u00e9r\u00e9nit\u00e9 sonore. (Photo : B\u00e9atrice Cadrin)<\/figcaption><\/figure>\n<h2>S\u00e9r\u00e9nit\u00e9 Sonore: Simon Pich\u00e9-Castonguay, alias \u00ab\u00a0Tambour\u00a0\u00bb<\/h2>\n<p>S\u00e9r\u00e9nit\u00e9 Sonore propose cette semaine le concert virtuel \u00ab\u00a0Tambour en solo\u00a0\u00bb, film\u00e9 en direct de son loft, \u00e0 Montr\u00e9al. <strong>Simon Pich\u00e9-Castonguay<\/strong> est un compositeur montr\u00e9alais de musique instrumentale travaillant dans le domaine du th\u00e9\u00e2tre et du cin\u00e9ma. Il propose des pi\u00e8ces de genres crois\u00e9s, ancr\u00e9es dans les origines du n\u00e9oclassique et de la musique ambiante, tout en chevauchant le minimalisme \u00e9lectronique. Son oeuvre, d\u00e9finie par ses auditeurs comme \u00e9tant vive, d\u00e9taill\u00e9e et cin\u00e9matographique, a \u00e9t\u00e9 diffus\u00e9e sur la sc\u00e8ne internationale de musique ambiante et instrumentale. Pour ce r\u00e9cital en webdiffusion, l&rsquo;artiste pr\u00e9sentera un concert complet en piano solo, combinant r\u00e9interpr\u00e9tations de ses propres pi\u00e8ces et improvisations. Samedi 20 mai, 19 h 30. <a href=\"https:\/\/www.serenitesonore.com\/la-musique-votre-porte-concerts-distance-1\/2020\/5\/22\/tambour-concert-distance?fbclid=IwAR0Z0Boz1FY1AmH3HzH7TTlKK647Q4nNv3kk9UoMzm4RkSnh398PqEu3cH8\" target=\"_blank\" rel=\"noopener noreferrer\">D\u00c9TAILS<\/a><\/p>\n<p>&nbsp;<\/p>\n<div class=\"jetpack-video-wrapper\"><span class=\"embed-youtube\" style=\"text-align:center; display: block;\"><iframe loading=\"lazy\" class=\"youtube-player\" width=\"640\" height=\"360\" src=\"https:\/\/www.youtube.com\/embed\/9wHmTx2U96g?version=3&#038;rel=1&#038;showsearch=0&#038;showinfo=1&#038;iv_load_policy=1&#038;fs=1&#038;hl=fr-FR&#038;autohide=2&#038;wmode=transparent\" allowfullscreen=\"true\" style=\"border:0;\" sandbox=\"allow-scripts allow-same-origin allow-popups allow-presentation\"><\/iframe><\/span><\/div>\n<p>&nbsp;<\/p>\n<h2>Instruments of Happiness: une nouvelle cr\u00e9ation<\/h2>\n<p>Tim Brady et Instruments of Happiness vous invitent \u00e0 d\u00e9couvrir leur derni\u00e8re cr\u00e9ation avec quatuor \u00ab\u00a0en confinement\u00a0\u00bb : <em>Uncertain Impact, <\/em>diffus\u00e9e sur YouTube par la plateforme PanM 360<em>. <\/em><\/p>\n<p>&nbsp;<\/p>\n<h2>LIRE AUSSI:<\/h2>\n<p>&nbsp;<\/p>\n<blockquote class=\"wp-embedded-content\" data-secret=\"KhiUuHsSmu\"><p><a href=\"https:\/\/www.ludwig-van.com\/montreal\/2020\/05\/13\/nouvelle-orford-musique-lance-les-webinaires-aperos-musicaux\/\">NOUVELLE | Orford Musique lance les webinaires \u00ab\u00a0Ap\u00e9ros musicaux\u00a0\u00bb<\/a><\/p><\/blockquote>\n<p><iframe class=\"wp-embedded-content\" sandbox=\"allow-scripts\" security=\"restricted\" style=\"position: absolute; clip: rect(1px, 1px, 1px, 1px);\" title=\"\u00ab\u00a0NOUVELLE | Orford Musique lance les webinaires \u00ab\u00a0Ap\u00e9ros musicaux\u00a0\u00bb\u00a0\u00bb &#8212; Ludwig Van Montreal\" src=\"https:\/\/www.ludwig-van.com\/montreal\/2020\/05\/13\/nouvelle-orford-musique-lance-les-webinaires-aperos-musicaux\/embed\/#?secret=KhiUuHsSmu\" data-secret=\"KhiUuHsSmu\" width=\"600\" height=\"338\" frameborder=\"0\" marginwidth=\"0\" marginheight=\"0\" scrolling=\"no\"><\/iframe><\/p>\n<p>&nbsp;<\/p>\n<p>&nbsp;<\/p>\n<p>&nbsp;<\/p>\n<p>&nbsp;<\/p>\n<p>&nbsp;<\/p>\n<p>&nbsp;<\/p>\n","protected":false},"excerpt":{"rendered":"<p>Avec le retour du beau temps, on voit enfin la lumi\u00e8re au bout du tunnel du confinement. Alors que les salles de concerts sont toujours ferm\u00e9es et que l&rsquo;on ignore toujours quand les activit\u00e9s musicales reprendront \u00ab\u00a0pour vrai\u00a0\u00bb, nos musiciens continuent de nous offrir des prestations en lignes, en direct ou en rediffusion. Petit tour d&rsquo;horizon des concerts et autres \u00e9v\u00e9nements musicaux virtuels de la semaine au Qu\u00e9bec.<\/p>\n","protected":false},"author":51,"featured_media":54947,"comment_status":"open","ping_status":"open","sticky":false,"template":"","format":"standard","meta":{"om_disable_all_campaigns":false,"jetpack_post_was_ever_published":false},"categories":[37357,10956,10994],"tags":[4135,39095,2542,32641],"yst_prominent_words":[9878,9863,16423,16932,25424,9877,26069,39096,31193,18276,18273,39094,12010,39092,35484,35482,32632,9909,39089,26304],"acf":[],"jetpack_featured_media_url":"https:\/\/www.ludwig-van.com\/montreal\/wp-content\/uploads\/sites\/3\/2018\/06\/serhiy-salov-credit_julie_beauchemin-refaite.jpg","jetpack_sharing_enabled":true,"jetpack_shortlink":"https:\/\/wp.me\/p9bdYt-gN2","amp_enabled":true,"_links":{"self":[{"href":"https:\/\/www.ludwig-van.com\/montreal\/wp-json\/wp\/v2\/posts\/64544"}],"collection":[{"href":"https:\/\/www.ludwig-van.com\/montreal\/wp-json\/wp\/v2\/posts"}],"about":[{"href":"https:\/\/www.ludwig-van.com\/montreal\/wp-json\/wp\/v2\/types\/post"}],"author":[{"embeddable":true,"href":"https:\/\/www.ludwig-van.com\/montreal\/wp-json\/wp\/v2\/users\/51"}],"replies":[{"embeddable":true,"href":"https:\/\/www.ludwig-van.com\/montreal\/wp-json\/wp\/v2\/comments?post=64544"}],"version-history":[{"count":7,"href":"https:\/\/www.ludwig-van.com\/montreal\/wp-json\/wp\/v2\/posts\/64544\/revisions"}],"predecessor-version":[{"id":64552,"href":"https:\/\/www.ludwig-van.com\/montreal\/wp-json\/wp\/v2\/posts\/64544\/revisions\/64552"}],"wp:featuredmedia":[{"embeddable":true,"href":"https:\/\/www.ludwig-van.com\/montreal\/wp-json\/wp\/v2\/media\/54947"}],"wp:attachment":[{"href":"https:\/\/www.ludwig-van.com\/montreal\/wp-json\/wp\/v2\/media?parent=64544"}],"wp:term":[{"taxonomy":"category","embeddable":true,"href":"https:\/\/www.ludwig-van.com\/montreal\/wp-json\/wp\/v2\/categories?post=64544"},{"taxonomy":"post_tag","embeddable":true,"href":"https:\/\/www.ludwig-van.com\/montreal\/wp-json\/wp\/v2\/tags?post=64544"},{"taxonomy":"yst_prominent_words","embeddable":true,"href":"https:\/\/www.ludwig-van.com\/montreal\/wp-json\/wp\/v2\/yst_prominent_words?post=64544"}],"curies":[{"name":"wp","href":"https:\/\/api.w.org\/{rel}","templated":true}]}}