{"id":64488,"date":"2020-05-11T10:18:47","date_gmt":"2020-05-11T14:18:47","guid":{"rendered":"https:\/\/www.ludwig-van.com\/montreal\/?p=64488"},"modified":"2020-05-11T10:18:47","modified_gmt":"2020-05-11T14:18:47","slug":"choix-de-redaction-principaux-concerts-virtuels-a-decouvrir-de-chez-soi-cette-semaine","status":"publish","type":"post","link":"https:\/\/www.ludwig-van.com\/montreal\/2020\/05\/11\/choix-de-redaction-principaux-concerts-virtuels-a-decouvrir-de-chez-soi-cette-semaine\/","title":{"rendered":"CHOIX DE LA R\u00c9DACTION  |  Les principaux concerts virtuels \u00e0 d\u00e9couvrir de chez soi cette semaine"},"content":{"rendered":"<figure id=\"attachment_64492\" aria-describedby=\"caption-attachment-64492\" style=\"width: 916px\" class=\"wp-caption aligncenter\"><img decoding=\"async\" loading=\"lazy\" class=\"size-full wp-image-64492\" src=\"https:\/\/www.ludwig-van.com\/montreal\/wp-content\/uploads\/sites\/3\/2020\/05\/Screenshot_2020-05-11-Modifier-l\u2019article-\u2039-Ludwig-Van-Montreal-\u2014-WordPress.png\" alt=\"\" width=\"916\" height=\"490\" srcset=\"https:\/\/www.ludwig-van.com\/montreal\/wp-content\/uploads\/sites\/3\/2020\/05\/Screenshot_2020-05-11-Modifier-l\u2019article-\u2039-Ludwig-Van-Montreal-\u2014-WordPress.png 916w, https:\/\/www.ludwig-van.com\/montreal\/wp-content\/uploads\/sites\/3\/2020\/05\/Screenshot_2020-05-11-Modifier-l\u2019article-\u2039-Ludwig-Van-Montreal-\u2014-WordPress-300x160.png 300w, https:\/\/www.ludwig-van.com\/montreal\/wp-content\/uploads\/sites\/3\/2020\/05\/Screenshot_2020-05-11-Modifier-l\u2019article-\u2039-Ludwig-Van-Montreal-\u2014-WordPress-768x411.png 768w\" sizes=\"(max-width: 916px) 100vw, 916px\" \/><figcaption id=\"caption-attachment-64492\" class=\"wp-caption-text\">Yannick N\u00e9zet-S\u00e9guin et Joyce DiDonato, en coulisses \u00e0 l&rsquo;occasion de la tourn\u00e9e am\u00e9ricaine de l&rsquo;Orchestre M\u00e9tropolitain, automne 2019. (Photo: Fran\u00e7ois Goupil)<\/figcaption><\/figure>\n<p>Pand\u00e9mie oblige, nos salles de concerts sont toutes ferm\u00e9es, mais heureusement, on peut encore assister \u00e0 des concerts virtuels propos\u00e9s par nos organismes. Bien que le fait de nous r\u00e9unir nous manque cruellement, on peut au moins entendre de la belle musique. Voici les principaux concerts virtuels \u00e0 d\u00e9couvrir de chez soi cette semaine.<\/p>\n<p>&nbsp;<\/p>\n<figure id=\"attachment_54916\" aria-describedby=\"caption-attachment-54916\" style=\"width: 1024px\" class=\"wp-caption aligncenter\"><img decoding=\"async\" loading=\"lazy\" class=\"size-full wp-image-54916\" src=\"https:\/\/www.ludwig-van.com\/montreal\/wp-content\/uploads\/sites\/3\/2018\/06\/Kent-Nagano5-refaite.jpg\" alt=\"Kent Nagano\" width=\"1024\" height=\"576\" srcset=\"https:\/\/www.ludwig-van.com\/montreal\/wp-content\/uploads\/sites\/3\/2018\/06\/Kent-Nagano5-refaite.jpg 1024w, https:\/\/www.ludwig-van.com\/montreal\/wp-content\/uploads\/sites\/3\/2018\/06\/Kent-Nagano5-refaite-300x169.jpg 300w, https:\/\/www.ludwig-van.com\/montreal\/wp-content\/uploads\/sites\/3\/2018\/06\/Kent-Nagano5-refaite-768x432.jpg 768w\" sizes=\"(max-width: 1024px) 100vw, 1024px\" \/><figcaption id=\"caption-attachment-54916\" class=\"wp-caption-text\">Kent Nagano. (Photo: courtoisie de l&rsquo;OSM)<\/figcaption><\/figure>\n<h2>L&rsquo;OSM de votre salon<\/h2>\n<p>L&rsquo;Orchestre symphonique de Montr\u00e9al poursuit sa s\u00e9rie \u00ab\u00a0de votre salon\u00a0\u00bb, qui en est d\u00e9j\u00e0 \u00e0 sa semaine 9 (histoire de nous rappeler que nous sommes enferm\u00e9s depuis bien trop longtemps). Cette semaine, la Musique pour cordes, percussions et c\u00e9lesta de Bartok nous est pr\u00e9sent\u00e9e, sous la direction de Kent Nagano, lors d&rsquo;un concert enregistr\u00e9 en 2018 par ProdCan pour medici.tv. Diffus\u00e9 \u00e0 compter de ce soir, <strong>lundi 11 mai, 19 h<\/strong>, <a href=\"https:\/\/www.osm.ca\/fr\/ecouter-et-visionner\/\" target=\"_blank\" rel=\"noopener noreferrer\">sur le site de l&rsquo;OSM.<\/a><\/p>\n<p><strong>Mercredi, 14 mai, 19 h,<\/strong> on pourra aussi entendre Till Fellner dans le Concerto pour piano no 3 de Beethoven. En compl\u00e9ment de programme l&rsquo;Ouverture Guillaume Tell, de Rossini. <a href=\"https:\/\/www.osm.ca\/fr\/ecouter-et-visionner\/\" target=\"_blank\" rel=\"noopener noreferrer\">Sur le site de l&rsquo;OSM.<\/a><\/p>\n<p>&nbsp;<\/p>\n<figure id=\"attachment_48184\" aria-describedby=\"caption-attachment-48184\" style=\"width: 1024px\" class=\"wp-caption aligncenter\"><img decoding=\"async\" loading=\"lazy\" class=\"size-full wp-image-48184\" src=\"https:\/\/www.ludwig-van.com\/montreal\/wp-content\/uploads\/sites\/3\/2017\/09\/Jean-Philippe-Sylvestre_CR_Nathalie_Blanchard.jpg\" alt=\"\" width=\"1024\" height=\"681\" srcset=\"https:\/\/www.ludwig-van.com\/montreal\/wp-content\/uploads\/sites\/3\/2017\/09\/Jean-Philippe-Sylvestre_CR_Nathalie_Blanchard.jpg 1024w, https:\/\/www.ludwig-van.com\/montreal\/wp-content\/uploads\/sites\/3\/2017\/09\/Jean-Philippe-Sylvestre_CR_Nathalie_Blanchard-300x200.jpg 300w, https:\/\/www.ludwig-van.com\/montreal\/wp-content\/uploads\/sites\/3\/2017\/09\/Jean-Philippe-Sylvestre_CR_Nathalie_Blanchard-768x511.jpg 768w\" sizes=\"(max-width: 1024px) 100vw, 1024px\" \/><figcaption id=\"caption-attachment-48184\" class=\"wp-caption-text\">Jean-Philippe Sylvestre, pianiste. (Cr\u00e9dit photo: Nathalie Blanchard)<\/figcaption><\/figure>\n<h2>Jean-Philippe Sylvestre \u00e0 l&rsquo;OCM<\/h2>\n<p>L&rsquo;Orchestre classique de Montr\u00e9al propose chaque semaine un r\u00e9cital en direct avec de ses solistes projet\u00e9s de la saison 20-21. Cette semaine, le pianiste Jean-Philippe Sylvestre jouera des pi\u00e8ces de cinq compositeurs sur quatre pianos. Mardi 12 mai, 19 h 30. Voir la <a href=\"https:\/\/www.facebook.com\/events\/334917440798725\/\" target=\"_blank\" rel=\"noopener noreferrer\">page Facebook de l&rsquo;\u00e9v\u00e9nement.<\/a><\/p>\n<p>&nbsp;<\/p>\n<p style=\"text-align: center;\"><img decoding=\"async\" loading=\"lazy\" class=\"aligncenter size-full wp-image-64490\" src=\"https:\/\/www.ludwig-van.com\/montreal\/wp-content\/uploads\/sites\/3\/2020\/05\/Screenshot_2020-05-11-CMIM-2020-Nos-concours-Concours-musical-international-de-Montre\u0301al.png\" alt=\"\" width=\"1199\" height=\"374\" srcset=\"https:\/\/www.ludwig-van.com\/montreal\/wp-content\/uploads\/sites\/3\/2020\/05\/Screenshot_2020-05-11-CMIM-2020-Nos-concours-Concours-musical-international-de-Montre\u0301al.png 1199w, https:\/\/www.ludwig-van.com\/montreal\/wp-content\/uploads\/sites\/3\/2020\/05\/Screenshot_2020-05-11-CMIM-2020-Nos-concours-Concours-musical-international-de-Montre\u0301al-300x94.png 300w, https:\/\/www.ludwig-van.com\/montreal\/wp-content\/uploads\/sites\/3\/2020\/05\/Screenshot_2020-05-11-CMIM-2020-Nos-concours-Concours-musical-international-de-Montre\u0301al-1024x319.png 1024w, https:\/\/www.ludwig-van.com\/montreal\/wp-content\/uploads\/sites\/3\/2020\/05\/Screenshot_2020-05-11-CMIM-2020-Nos-concours-Concours-musical-international-de-Montre\u0301al-768x240.png 768w\" sizes=\"(max-width: 1199px) 100vw, 1199px\" \/><\/p>\n<h2>Piano en confinement au CMIM<\/h2>\n<p>\u00c0 d\u00e9faut d&rsquo;avoir pu pr\u00e9senter son \u00e9dition Piano 2020, le <strong>Concours musical international de Montr\u00e9al<\/strong> propose cette ann\u00e9e un festival \u00ab\u00a0Je reviendrai \u00e0 Montr\u00e9al\u00a0\u00bb avec certains des candidats qui auraient pu venir si le monde n&rsquo;avait pas \u00e9t\u00e9 frapp\u00e9 par le coronavirus. Ils nous offrent des r\u00e9citals. Cette semaine, <strong>Christian Sandrin<\/strong> (Roumanie) et <strong>Suah Ye<\/strong> (Cor\u00e9e du Sud). On peut aussi revoir les prestations des pianistes de la semaine derni\u00e8re, le tout, <a href=\"https:\/\/www.concoursmontreal.ca\/fr\/nos-concours\/cmim-2020\/\" target=\"_blank\" rel=\"noopener noreferrer\">sur le site du CMIM<\/a>.<\/p>\n<p>&nbsp;<\/p>\n<figure id=\"attachment_63223\" aria-describedby=\"caption-attachment-63223\" style=\"width: 1200px\" class=\"wp-caption aligncenter\"><img decoding=\"async\" loading=\"lazy\" class=\"size-full wp-image-63223\" src=\"https:\/\/www.ludwig-van.com\/montreal\/wp-content\/uploads\/sites\/3\/2019\/11\/Joyce-DiDonato-YNS-web.jpg\" alt=\"Joyce DiDonato et Yannick N\u00e9zet-S\u00e9guin. Tourn\u00e9e de l'Orchestre M\u00e9tropolitain (Photo : Fran\u00e7ois Goupil)\" width=\"1200\" height=\"1200\" srcset=\"https:\/\/www.ludwig-van.com\/montreal\/wp-content\/uploads\/sites\/3\/2019\/11\/Joyce-DiDonato-YNS-web.jpg 1200w, https:\/\/www.ludwig-van.com\/montreal\/wp-content\/uploads\/sites\/3\/2019\/11\/Joyce-DiDonato-YNS-web-150x150.jpg 150w, https:\/\/www.ludwig-van.com\/montreal\/wp-content\/uploads\/sites\/3\/2019\/11\/Joyce-DiDonato-YNS-web-300x300.jpg 300w, https:\/\/www.ludwig-van.com\/montreal\/wp-content\/uploads\/sites\/3\/2019\/11\/Joyce-DiDonato-YNS-web-768x768.jpg 768w, https:\/\/www.ludwig-van.com\/montreal\/wp-content\/uploads\/sites\/3\/2019\/11\/Joyce-DiDonato-YNS-web-1024x1024.jpg 1024w\" sizes=\"(max-width: 1200px) 100vw, 1200px\" \/><figcaption id=\"caption-attachment-63223\" class=\"wp-caption-text\">Joyce DiDonato et Yannick N\u00e9zet-S\u00e9guin. (Photo : Fran\u00e7ois Goupil)<\/figcaption><\/figure>\n<h2>L&rsquo;OM \u00e0 la maison<\/h2>\n<p>L&rsquo;<strong>Orchestre M\u00e9tropolitain<\/strong> nous rappelle un souvenir chef \u00e0 nos coeurs cette semaine, avec la prestation flamboyante de Joyce DiDonato dans des extraits de <em>La Clemenza di Tito<\/em>, enregistr\u00e9s \u00e0 Philadelphie et disponibles en archives audio jusqu&rsquo;au 25. <a href=\"https:\/\/orchestremetropolitain.com\/fr\/concerts\/lom-a-la-maison\/?fbclid=IwAR3p8TmbueWxCh1zsC2nw7V-CLyBR6PcCAihRgbKWVoRRwcxW6_lMpmGebU\" target=\"_blank\" rel=\"noopener noreferrer\">Sur le site de l&rsquo;OM.<\/a><\/p>\n<p>Toutes ces prestations virtuelles ravivent des souvenirs, qu&rsquo;il s&rsquo;agisse de ces nombreux moments de bonheur v\u00e9cus \u00e0 la Maison symphonique ou \u00e0 la salle Bourgie, ou des voyages m\u00e9morables avec l&rsquo;OM auxquels j&rsquo;ai eu le privil\u00e8ge de participer, \u00e0 l&rsquo;\u00e9poque o\u00f9 la vie \u00e9tait normale. Il me tarde de retrouver tous ces merveilleux musiciens.<\/p>\n<p>Souhaitons-nous que ce soit possible \u00e0 nouveau dans un avenir pas trop \u00e9loign\u00e9.<\/p>\n<h2>LIRE AUSSI:<\/h2>\n<p>&nbsp;<\/p>\n<blockquote class=\"wp-embedded-content\" data-secret=\"q5zFQv3YxL\"><p><a href=\"https:\/\/www.ludwig-van.com\/montreal\/2020\/05\/07\/nouvelle-concours-de-musique-canada-canimex-lance-edition-pedagogique-concours\/\">NOUVELLE | Le Concours de musique du Canada Canimex lance une \u00e9dition p\u00e9dagogique \u00ab\u00a0hors concours\u00a0\u00bb<\/a><\/p><\/blockquote>\n<p><iframe class=\"wp-embedded-content\" sandbox=\"allow-scripts\" security=\"restricted\" style=\"position: absolute; clip: rect(1px, 1px, 1px, 1px);\" title=\"\u00ab\u00a0NOUVELLE | Le Concours de musique du Canada Canimex lance une \u00e9dition p\u00e9dagogique \u00ab\u00a0hors concours\u00a0\u00bb\u00a0\u00bb &#8212; Ludwig Van Montreal\" src=\"https:\/\/www.ludwig-van.com\/montreal\/2020\/05\/07\/nouvelle-concours-de-musique-canada-canimex-lance-edition-pedagogique-concours\/embed\/#?secret=q5zFQv3YxL\" data-secret=\"q5zFQv3YxL\" width=\"600\" height=\"338\" frameborder=\"0\" marginwidth=\"0\" marginheight=\"0\" scrolling=\"no\"><\/iframe><\/p>\n<p>&nbsp;<\/p>\n<p>&nbsp;<\/p>\n<p>&nbsp;<\/p>\n<p>&nbsp;<\/p>\n<p>&nbsp;<\/p>\n<p>&nbsp;<\/p>\n<p>&nbsp;<\/p>\n<p>&nbsp;<\/p>\n<p>&nbsp;<\/p>\n","protected":false},"excerpt":{"rendered":"<p>Pand\u00e9mie oblige, nos salles de concerts sont toutes ferm\u00e9es, mais heureusement, on peut encore assister \u00e0 des concerts virtuels propos\u00e9s par nos organismes. Bien que le fait de nous r\u00e9unir nous manque cruellement, on peut au moins entendre de la belle musique. Voici les principaux concerts virtuels \u00e0 d\u00e9couvrir de chez soi cette semaine.<\/p>\n","protected":false},"author":51,"featured_media":64492,"comment_status":"open","ping_status":"open","sticky":false,"template":"","format":"standard","meta":{"om_disable_all_campaigns":false,"jetpack_post_was_ever_published":false},"categories":[37357,10956,10994],"tags":[6179,38749,2521,2542],"yst_prominent_words":[11151,9878,38614,29277,15501,12351,18896,15810,10436,10443,20141,18276,7694,38904,8757,36781,21749,12486,38905,9848],"acf":[],"jetpack_featured_media_url":"https:\/\/www.ludwig-van.com\/montreal\/wp-content\/uploads\/sites\/3\/2020\/05\/Screenshot_2020-05-11-Modifier-l\u2019article-\u2039-Ludwig-Van-Montreal-\u2014-WordPress.png","jetpack_sharing_enabled":true,"jetpack_shortlink":"https:\/\/wp.me\/p9bdYt-gM8","amp_enabled":true,"_links":{"self":[{"href":"https:\/\/www.ludwig-van.com\/montreal\/wp-json\/wp\/v2\/posts\/64488"}],"collection":[{"href":"https:\/\/www.ludwig-van.com\/montreal\/wp-json\/wp\/v2\/posts"}],"about":[{"href":"https:\/\/www.ludwig-van.com\/montreal\/wp-json\/wp\/v2\/types\/post"}],"author":[{"embeddable":true,"href":"https:\/\/www.ludwig-van.com\/montreal\/wp-json\/wp\/v2\/users\/51"}],"replies":[{"embeddable":true,"href":"https:\/\/www.ludwig-van.com\/montreal\/wp-json\/wp\/v2\/comments?post=64488"}],"version-history":[{"count":6,"href":"https:\/\/www.ludwig-van.com\/montreal\/wp-json\/wp\/v2\/posts\/64488\/revisions"}],"predecessor-version":[{"id":64496,"href":"https:\/\/www.ludwig-van.com\/montreal\/wp-json\/wp\/v2\/posts\/64488\/revisions\/64496"}],"wp:featuredmedia":[{"embeddable":true,"href":"https:\/\/www.ludwig-van.com\/montreal\/wp-json\/wp\/v2\/media\/64492"}],"wp:attachment":[{"href":"https:\/\/www.ludwig-van.com\/montreal\/wp-json\/wp\/v2\/media?parent=64488"}],"wp:term":[{"taxonomy":"category","embeddable":true,"href":"https:\/\/www.ludwig-van.com\/montreal\/wp-json\/wp\/v2\/categories?post=64488"},{"taxonomy":"post_tag","embeddable":true,"href":"https:\/\/www.ludwig-van.com\/montreal\/wp-json\/wp\/v2\/tags?post=64488"},{"taxonomy":"yst_prominent_words","embeddable":true,"href":"https:\/\/www.ludwig-van.com\/montreal\/wp-json\/wp\/v2\/yst_prominent_words?post=64488"}],"curies":[{"name":"wp","href":"https:\/\/api.w.org\/{rel}","templated":true}]}}