{"id":64405,"date":"2020-04-09T12:55:59","date_gmt":"2020-04-09T16:55:59","guid":{"rendered":"https:\/\/www.ludwig-van.com\/montreal\/?p=64405"},"modified":"2020-04-09T13:19:25","modified_gmt":"2020-04-09T17:19:25","slug":"nouvelle-festival-classica-annule-edition-2020","status":"publish","type":"post","link":"https:\/\/www.ludwig-van.com\/montreal\/2020\/04\/09\/nouvelle-festival-classica-annule-edition-2020\/","title":{"rendered":"NOUVELLE | Le Festival Classica annule son \u00e9dition 2020"},"content":{"rendered":"<p style=\"text-align: center;\"><img decoding=\"async\" loading=\"lazy\" class=\"aligncenter size-full wp-image-64406\" src=\"https:\/\/www.ludwig-van.com\/montreal\/wp-content\/uploads\/sites\/3\/2020\/04\/Mathieu-Gaudet-cover3.jpg\" alt=\"\" width=\"1200\" height=\"628\" srcset=\"https:\/\/www.ludwig-van.com\/montreal\/wp-content\/uploads\/sites\/3\/2020\/04\/Mathieu-Gaudet-cover3.jpg 1200w, https:\/\/www.ludwig-van.com\/montreal\/wp-content\/uploads\/sites\/3\/2020\/04\/Mathieu-Gaudet-cover3-300x157.jpg 300w, https:\/\/www.ludwig-van.com\/montreal\/wp-content\/uploads\/sites\/3\/2020\/04\/Mathieu-Gaudet-cover3-1024x536.jpg 1024w, https:\/\/www.ludwig-van.com\/montreal\/wp-content\/uploads\/sites\/3\/2020\/04\/Mathieu-Gaudet-cover3-768x402.jpg 768w\" sizes=\"(max-width: 1200px) 100vw, 1200px\" \/><\/p>\n<p>Un autre festival vient d&rsquo;\u00eatre victime du coronavirus: le <strong>Festival Classica<\/strong>, qui devait avoir lieu du 29 mai au 21 juin sous le th\u00e8me <em>De Beethoven \u00e0 Bowie, <\/em>ne sera pas pr\u00e9sent\u00e9 cette ann\u00e9e.<\/p>\n<p>Le directeur g\u00e9n\u00e9ral et artistique du Festival Classica, <strong>Marc Boucher<\/strong>, a d\u00e9clar\u00e9 par voie de communiqu\u00e9:<\/p>\n<p>\u00ab <em>Depuis le 12 mars dernier, nous avons suivi de tr\u00e8s pr\u00e8s l\u2019\u00e9volution de la situation. \u00c0 moins de deux mois du Festival, nous \u00e9tions pr\u00eats \u00e0 r\u00e9aliser notre 10e \u00e9dition dans son enti\u00e8ret\u00e9, laquelle se serait av\u00e9r\u00e9e spectaculaire. Nous y avons cru jusqu\u2019\u00e0 la fin. Cependant, les risques pour la sant\u00e9 publique \u00e9tant trop importants, il \u00e9tait in\u00e9vitable d\u2019en arriver \u00e0 cette d\u00e9cision.<\/em>\u00a0\u00bb<\/p>\n<p>Cette nouvelle survient alors que depuis deux jours le Festival de musique de chambre de Montr\u00e9al a \u00e9galement annonc\u00e9 qu&rsquo;il <a href=\"https:\/\/www.ludwig-van.com\/montreal\/2020\/04\/08\/nouvelle-festival-de-musique-de-chambre-de-montreal-2020-annule\/\" target=\"_blank\" rel=\"noopener noreferrer\">annulait son \u00e9dition 2020<\/a>, tandis que l&rsquo;<a href=\"https:\/\/www.ludwig-van.com\/montreal\/2020\/04\/08\/nouvelle-lorchestre-symphonique-de-montreal-annule-reste-de-saison-salle\/\" target=\"_blank\" rel=\"noopener noreferrer\">Orchestre symphonique de Montr\u00e9al<\/a>, l&rsquo;<a href=\"https:\/\/www.ludwig-van.com\/montreal\/2020\/04\/07\/nouvelle-lorchestre-metropolitain-violons-roy-annulent-leurs-derniers-concerts-de-saison\/\" target=\"_blank\" rel=\"noopener noreferrer\">Orchestre M\u00e9tropolitain et les Violons du Roy<\/a> ont annul\u00e9 leurs derniers concerts de la saison.<\/p>\n<p>Du c\u00f4t\u00e9 de Classica, on annule \u00e9galement la soir\u00e9e concert-b\u00e9n\u00e9fice, d\u00e9j\u00e0 report\u00e9e au 21 mai.<\/p>\n<p>S&rsquo;il est encore trop t\u00f4t pour pr\u00e9dire le sort des grands festivals de musique classique qui doivent avoir lieu plus tard en \u00e9t\u00e9, les pronostics sont plut\u00f4t sombres alors que les gouvernements du monde entiers peinent \u00e0 trouver une solution durable \u00e0 la pand\u00e9mie et que la perspective d&rsquo;un vaccin efficace distribu\u00e9 \u00e0 grande \u00e9chelle est encore loin d&rsquo;\u00eatre \u00e9vidente.<\/p>\n<p>Les organismes musicaux et les artistes devront faire preuve de d\u00e9termination, de pers\u00e9v\u00e9rance et d&rsquo;imagination pour traverser cette crise unique dans l&rsquo;histoire moderne. Alors que les grands et petits orchestres se tournent vers la pr\u00e9sentation de concerts en ligne et autres contenus virtuels dans la mesure de leurs moyens pour faire patienter leur public confin\u00e9, l&rsquo;incertitude quant \u00e0 l&rsquo;avenir p\u00e8se lourd sur le moral de chacun d&rsquo;entre nous.<\/p>\n<p>Plus que jamais, la musique est n\u00e9cessaire pour garder notre moral et notre espoir dans un monde ou il sera possible, souhaitons-le, de nous r\u00e9unir \u00e0 nouveau pour \u00e9couter ces grandes oeuvres qui forment un pan essentiel du patrimoine de l&rsquo;humanit\u00e9.<\/p>\n<p>&nbsp;<\/p>\n<h2>LIRE AUSSI:<\/h2>\n<p>&nbsp;<\/p>\n<blockquote class=\"wp-embedded-content\" data-secret=\"8VcTgGBluW\"><p><a href=\"https:\/\/www.ludwig-van.com\/montreal\/2020\/04\/08\/nouvelle-festival-de-musique-de-chambre-de-montreal-2020-annule\/\">NOUVELLE | Le Festival de musique de chambre de Montr\u00e9al 2020 annul\u00e9<\/a><\/p><\/blockquote>\n<p><iframe title=\"\u00ab\u00a0NOUVELLE | Le Festival de musique de chambre de Montr\u00e9al 2020 annul\u00e9\u00a0\u00bb &#8212; Ludwig Van Montreal\" class=\"wp-embedded-content\" sandbox=\"allow-scripts\" security=\"restricted\" style=\"position: absolute; clip: rect(1px, 1px, 1px, 1px);\" src=\"https:\/\/www.ludwig-van.com\/montreal\/2020\/04\/08\/nouvelle-festival-de-musique-de-chambre-de-montreal-2020-annule\/embed\/#?secret=8VcTgGBluW\" data-secret=\"8VcTgGBluW\" width=\"600\" height=\"338\" frameborder=\"0\" marginwidth=\"0\" marginheight=\"0\" scrolling=\"no\"><\/iframe><\/p>\n<p>&nbsp;<\/p>\n<p>&nbsp;<\/p>\n","protected":false},"excerpt":{"rendered":"<p>Un autre festival vient d&rsquo;\u00eatre victime du coronavirus: le Festival Classica, qui devait avoir lieu du 29 mai au 21 juin sous le th\u00e8me De Beethoven \u00e0 Bowie, ne sera pas pr\u00e9sent\u00e9 cette ann\u00e9e.<\/p>\n","protected":false},"author":51,"featured_media":64406,"comment_status":"open","ping_status":"open","sticky":false,"template":"","format":"standard","meta":{"om_disable_all_campaigns":false,"jetpack_post_was_ever_published":false},"categories":[37357,10956,10992],"tags":[4135,38445,19920],"yst_prominent_words":[13541,38577,10172,8858,24168,12318,7412,12354,10645,12496,10583,7694,38763,9811,10001],"acf":[],"jetpack_featured_media_url":"https:\/\/www.ludwig-van.com\/montreal\/wp-content\/uploads\/sites\/3\/2020\/04\/Mathieu-Gaudet-cover3.jpg","jetpack_sharing_enabled":true,"jetpack_shortlink":"https:\/\/wp.me\/p9bdYt-gKN","amp_enabled":true,"_links":{"self":[{"href":"https:\/\/www.ludwig-van.com\/montreal\/wp-json\/wp\/v2\/posts\/64405"}],"collection":[{"href":"https:\/\/www.ludwig-van.com\/montreal\/wp-json\/wp\/v2\/posts"}],"about":[{"href":"https:\/\/www.ludwig-van.com\/montreal\/wp-json\/wp\/v2\/types\/post"}],"author":[{"embeddable":true,"href":"https:\/\/www.ludwig-van.com\/montreal\/wp-json\/wp\/v2\/users\/51"}],"replies":[{"embeddable":true,"href":"https:\/\/www.ludwig-van.com\/montreal\/wp-json\/wp\/v2\/comments?post=64405"}],"version-history":[{"count":5,"href":"https:\/\/www.ludwig-van.com\/montreal\/wp-json\/wp\/v2\/posts\/64405\/revisions"}],"predecessor-version":[{"id":64411,"href":"https:\/\/www.ludwig-van.com\/montreal\/wp-json\/wp\/v2\/posts\/64405\/revisions\/64411"}],"wp:featuredmedia":[{"embeddable":true,"href":"https:\/\/www.ludwig-van.com\/montreal\/wp-json\/wp\/v2\/media\/64406"}],"wp:attachment":[{"href":"https:\/\/www.ludwig-van.com\/montreal\/wp-json\/wp\/v2\/media?parent=64405"}],"wp:term":[{"taxonomy":"category","embeddable":true,"href":"https:\/\/www.ludwig-van.com\/montreal\/wp-json\/wp\/v2\/categories?post=64405"},{"taxonomy":"post_tag","embeddable":true,"href":"https:\/\/www.ludwig-van.com\/montreal\/wp-json\/wp\/v2\/tags?post=64405"},{"taxonomy":"yst_prominent_words","embeddable":true,"href":"https:\/\/www.ludwig-van.com\/montreal\/wp-json\/wp\/v2\/yst_prominent_words?post=64405"}],"curies":[{"name":"wp","href":"https:\/\/api.w.org\/{rel}","templated":true}]}}