{"id":64232,"date":"2020-03-12T16:12:59","date_gmt":"2020-03-12T20:12:59","guid":{"rendered":"https:\/\/www.ludwig-van.com\/montreal\/?p=64232"},"modified":"2020-03-16T17:50:23","modified_gmt":"2020-03-16T21:50:23","slug":"nouvelle-losm-annule-onze-concerts-raison-coronavirus-pas-les-seuls","status":"publish","type":"post","link":"https:\/\/www.ludwig-van.com\/montreal\/2020\/03\/12\/nouvelle-losm-annule-onze-concerts-raison-coronavirus-pas-les-seuls\/","title":{"rendered":"NOUVELLE | Concerts annul\u00e9s: l&rsquo;OSM annule onze concerts en raison du coronavirus &#8211; et ils ne sont pas les seuls!"},"content":{"rendered":"<figure id=\"attachment_61300\" aria-describedby=\"caption-attachment-61300\" style=\"width: 1200px\" class=\"wp-caption aligncenter\"><img decoding=\"async\" loading=\"lazy\" class=\"size-full wp-image-61300\" src=\"https:\/\/www.ludwig-van.com\/montreal\/wp-content\/uploads\/sites\/3\/2019\/09\/Alexander-Vinogradov-OSM__redimensionn\u00e9e.jpg\" alt=\"\" width=\"1200\" height=\"800\" srcset=\"https:\/\/www.ludwig-van.com\/montreal\/wp-content\/uploads\/sites\/3\/2019\/09\/Alexander-Vinogradov-OSM__redimensionn\u00e9e.jpg 1200w, https:\/\/www.ludwig-van.com\/montreal\/wp-content\/uploads\/sites\/3\/2019\/09\/Alexander-Vinogradov-OSM__redimensionn\u00e9e-300x200.jpg 300w, https:\/\/www.ludwig-van.com\/montreal\/wp-content\/uploads\/sites\/3\/2019\/09\/Alexander-Vinogradov-OSM__redimensionn\u00e9e-768x512.jpg 768w, https:\/\/www.ludwig-van.com\/montreal\/wp-content\/uploads\/sites\/3\/2019\/09\/Alexander-Vinogradov-OSM__redimensionn\u00e9e-1024x683.jpg 1024w\" sizes=\"(max-width: 1200px) 100vw, 1200px\" \/><figcaption id=\"caption-attachment-61300\" class=\"wp-caption-text\">La basse russe Alexander Vinogradov devait accompagner l&rsquo;OSM \u00e0 Carnegie Hall, le 24 mars. (Photo : Antoine Saito)<\/figcaption><\/figure>\n<p><strong>MISE \u00c0 JOUR EN DATE DU 16 MARS 2020<\/strong>: la quasi-totalit\u00e9 des concerts et autres \u00e9v\u00e9nements culturels sont annul\u00e9s pour les prochaines semaines, incluant la Chapelle historique du Bon-Pasteur, la salle Bourgie, I Musici, Orford musique, l&rsquo;Oratoire Saint-Joseph du Mont-Royal, l&rsquo;Op\u00e9ra de Montr\u00e9al, Pro Musica et plusieurs autres. Le Grand-Th\u00e9\u00e2tre de Qu\u00e9bec est ferm\u00e9 jusqu&rsquo;\u00e0 nouvel ordre. Avant de vous d\u00e9placer, v\u00e9rifiez aupr\u00e8s des diffuseurs. Nous vous conseillons de respecter les mesures sanitaires demand\u00e9es par le gouvernement et d&rsquo;\u00e9viter les regroupements. Heureusement, la musique est enregistr\u00e9e! En attendant, vous pouvez toujours <a href=\"https:\/\/www.ludwig-van.com\/montreal\/2020\/03\/14\/disques-quatre-disques-a-ecouter-pour-oublier-la-morosite-ambiante\/\" target=\"_blank\" rel=\"noopener noreferrer\">\u00e9couter des disques.\u00a0<\/a><\/p>\n<h3><strong>******<\/strong><\/h3>\n<p>L&rsquo;OSM vient d&rsquo;annoncer que ses 11 prochains concerts \u00e9taient annul\u00e9s en raison des directives gouvernementales de s\u00e9curit\u00e9 et de pr\u00e9ventions \u00e9mises relativement au coronavirus. D&rsquo;autres organismes ont fait de m\u00eame, incluant la Place des arts.<\/p>\n<p>En effet, le gouvernement du Qu\u00e9bec a demand\u00e9 que les \u00e9v\u00e9nements int\u00e9rieurs r\u00e9unissant plus de 250 personnes soient suspendus. L&rsquo;OSM annonce donc l&rsquo;annulation des 11 concerts qui \u00e9taient pr\u00e9vus d&rsquo;ici le 5 avril inclusivement.<\/p>\n<p>Selon le communiqu\u00e9:<\/p>\n<p><em>\u00ab\u00a0Les personnes qui poss\u00e9daient des billets pour ces \u00e9v\u00e9nements pourront obtenir un cr\u00e9dit pour l\u2019achat de billets d\u2019un autre concert ou un remboursement. Le service \u00e0 la client\u00e8le communiquera par courriel avec tous les clients concern\u00e9s dans les plus brefs d\u00e9lais.<\/em><\/p>\n<p><em>La direction de l\u2019OSM r\u00e9\u00e9valuera la situation en temps opportun pour ce qui est des concerts pr\u00e9vus apr\u00e8s le 5 avril 2020, en fonction des directives gouvernementales. Des renseignements pertinents pour les abonn\u00e9s et autres d\u00e9tenteurs de billets de l\u2019Orchestre seront r\u00e9guli\u00e8rement mis \u00e0 jour sur le site www.osm.ca\/coronavirus\u00a0\u00bb<\/em><\/p>\n<h2>Pas de voyage \u00e0 New York<\/h2>\n<p>D\u2019autre part, le Carnegie Hall, de New York, a annonc\u00e9 aujourd\u2019hui la suspension de ses activit\u00e9s \u00e0 compter de ce jour, et ce, jusqu\u2019au 31 mars. Le concert que devait y donner l\u2019OSM le 24 mars est donc annul\u00e9. L&rsquo;orchestre devait y interpr\u00e9ter la Symphonie no 13 de Chostakovitch \u00ab\u00a0Babi Yar\u00a0\u00bb avec la basse russe <strong>Alexander Vinogradov<\/strong>.<\/p>\n<h2>Mise \u00e0 jour: La Place des arts suspend ses activit\u00e9s<\/h2>\n<p>La Place des arts vient \u00e9galement d&rsquo;\u00e9mettre un communiqu\u00e9:<\/p>\n<p>\u00ab\u00a0<em>Faisant suite \u00e0 la demande du gouvernement du Qu\u00e9bec d\u2019annuler ou de reporter la pr\u00e9sentation de tous les \u00e9v\u00e9nements int\u00e9rieurs de plus de 250 personnes, la Place des Arts suspend tous ses spectacles et autres activit\u00e9s publiques jusqu\u2019\u00e0 nouvel ordre. <\/em><\/p>\n<p><em>Cette d\u00e9cision prend effet imm\u00e9diatement et touche les spectacles qui \u00e9taient pr\u00e9vus \u00e0 compter de ce soir. Il s\u2019agit d\u2019un cas de force majeure li\u00e9e \u00e0 la pand\u00e9mie du coronavirus COVID-19.<\/em><\/p>\n<p><em>Les d\u00e9tenteurs de billets des spectacles annul\u00e9s seront rembours\u00e9s. Pour ce qui est des spectacles qui seront report\u00e9s, les d\u00e9tenteurs de billets sont pri\u00e9s de les conserver. La Place des Arts communiquera avec ces derniers lorsque les dates de report seront confirm\u00e9es. <\/em><\/p>\n<p><em>\u00c0 noter que les espaces publics int\u00e9rieurs de la Place des Arts, son stationnement et l\u2019acc\u00e8s au m\u00e9tro demeureront ouverts.\u00a0\u00bb\u00a0<\/em><\/p>\n<p><em>La Place des Arts tiendra r\u00e9guli\u00e8rement le public inform\u00e9 de l\u2019\u00e9volution de la situation par<\/em> <em>l\u2019entremise de son site internet www.placedesarts.com qui sera r\u00e9guli\u00e8rement mis \u00e0 jour.\u00a0\u00bb<\/em><\/p>\n<h2>Mise \u00e0 jour: l&rsquo;<strong>Orchestre M\u00e9tropolitain<\/strong> annule \u00e9galement ses concerts<\/h2>\n<p>L&rsquo;Orchestre M\u00e9tropolitain a fait parvenir aux m\u00e9dias un communiqu\u00e9 \u00e0 17 h, le 12 mars:<\/p>\n<p>\u00ab\u00a0<em>\u00c0 la suite des directives des autorit\u00e9s gouvernementales, l\u2019Orchestre M\u00e9tropolitain annonce l\u2019annulation des concerts pr\u00e9vus jusqu\u2019au 31 mars 2020 \u00e0 la Maison symphonique de Montr\u00e9al ainsi que dans les arrondissements. Cette mesure touche les programmes intitul\u00e9s De Londres \u00e0 Paris et L&rsquo;eau et le feu : G\u00e9nial !<\/em><\/p>\n<p><em>La sant\u00e9 du public qui assiste aux concerts de l\u2019Orchestre M\u00e9tropolitain, tout comme celle de nos musiciens et employ\u00e9s, est au c\u0153ur de nos priorit\u00e9s.<\/em><\/p>\n<p><em>Pour le moment, les programmes pr\u00e9sent\u00e9s de la mi-avril \u00e0 la fin mai sont maintenus. Nous suivons de pr\u00e8s la situation et vous tiendrons inform\u00e9s de la suite des \u00e9v\u00e9nements.<\/em>\u00a0\u00bb<\/p>\n<h2>Autres annulations \u00e0 Trois-Rivi\u00e8res et Qu\u00e9bec<\/h2>\n<p>D&rsquo;autre part, l&rsquo;Orchestre symphonique de Trois-Rivi\u00e8res vient \u00e9galement d&rsquo;annoncer l&rsquo;annulation de son concert pr\u00e9vu le 14 mars. \u00c0 Qu\u00e9bec, le Palais Montcalm annonce \u00e9galement la suspension de ses activit\u00e9s jusqu&rsquo;\u00e0 la fin mars. Voici la liste des \u00e9v\u00e9nements annul\u00e9s:<\/p>\n<p>13 mars : Yannick Rieu<br \/>\n14 mars : Club musical de Qu\u00e9bec \u2013 Quatuor Pavel Haas avec Boris Giltburg<br \/>\n15 mars : Les Violons du Roy \u2013 Penta\u00e8dre, du vent dans les cordes<br \/>\n16-17 mars : Concerts scolaires \u2013 Ligue d\u2019improvisation musicale de Qu\u00e9bec<br \/>\n17-24-31 mars : Ligue d\u2019improvisation de Qu\u00e9bec<br \/>\n19 mars : Les Violons du Roy \u2013 Comme r\u00e9sonne la vie, dans le regard d\u2019H\u00e9l\u00e8ne Dorion<br \/>\n19 mars : Pixel<br \/>\n20 mars : Dweezil Zappa<br \/>\n22 mars : Legends of Motown<br \/>\n24 mars : Les Violons du Roy \u2013 Musiciens en herbe<br \/>\n25-26 mars : Les Violons du Roy \u2013 Comme au caf\u00e9 Zimmermann<br \/>\n25 mars : \u00c9coles priv\u00e9es de l\u2019axe Saint-Laurent \u2013 Concert \u00e9tudiant<br \/>\n26 mars : Ensemble InSpirations<br \/>\n27 mars : Jeremy Dutcher<br \/>\n28 mars : Les Rhapsodes \u2013 Le Stabat Mater de Pergolese<br \/>\n28 mars : Magneto Trio<br \/>\n29 mars : Erreur de type 27<br \/>\n30 mars : La maison des leaders \u2013 Conf\u00e9rence<br \/>\n30 mars : Anna Calvi<\/p>\n<p>En Europe et ailleurs en Am\u00e9rique du Nord, de nombreuses salles de spectacle ont aussi temporairement ferm\u00e9 leurs portes.<\/p>\n<p>Ludwig van Montr\u00e9al suivra de pr\u00e8s les \u00e9v\u00e9nements et nous vous tiendront au courant des annulations de concerts au fur et \u00e0 mesure qu&rsquo;elles seront annonc\u00e9es. Restez avec nous, suivez notre page Facebook et abonnez-vous \u00e0 notre infolettre gratuite pour recevoir les mises \u00e0 jour.<\/p>\n<p>&nbsp;<\/p>\n<h2>LIRE AUSSI:<\/h2>\n<p>&nbsp;<\/p>\n<blockquote class=\"wp-embedded-content\" data-secret=\"Qb1pP6Q0ck\"><p><a href=\"https:\/\/www.ludwig-van.com\/montreal\/2020\/03\/14\/disques-quatre-disques-a-ecouter-pour-oublier-la-morosite-ambiante\/\">DISQUES | Quatre disques \u00e0 \u00e9couter pour oublier la panique ambiante<\/a><\/p><\/blockquote>\n<p><iframe title=\"\u00ab\u00a0DISQUES | Quatre disques \u00e0 \u00e9couter pour oublier la panique ambiante\u00a0\u00bb &#8212; Ludwig Van Montreal\" class=\"wp-embedded-content\" sandbox=\"allow-scripts\" security=\"restricted\" style=\"position: absolute; clip: rect(1px, 1px, 1px, 1px);\" src=\"https:\/\/www.ludwig-van.com\/montreal\/2020\/03\/14\/disques-quatre-disques-a-ecouter-pour-oublier-la-morosite-ambiante\/embed\/#?secret=Qb1pP6Q0ck\" data-secret=\"Qb1pP6Q0ck\" width=\"600\" height=\"338\" frameborder=\"0\" marginwidth=\"0\" marginheight=\"0\" scrolling=\"no\"><\/iframe><\/p>\n<p>&nbsp;<\/p>\n<p>&nbsp;<\/p>\n<p>&nbsp;<\/p>\n<p>&nbsp;<\/p>\n<p>&nbsp;<\/p>\n","protected":false},"excerpt":{"rendered":"<p>L&rsquo;OSM vient d&rsquo;annoncer que ses 11 prochains concerts \u00e9taient annul\u00e9s en raison des directives gouvernementales de s\u00e9curit\u00e9 et de pr\u00e9ventions \u00e9mises relativement au coronavirus. D&rsquo;autres organismes ont fait de m\u00eame, incluant la Place des arts. <\/p>\n","protected":false},"author":51,"featured_media":64233,"comment_status":"open","ping_status":"open","sticky":false,"template":"","format":"standard","meta":{"om_disable_all_campaigns":false,"jetpack_post_was_ever_published":false},"categories":[37357,10956,10992],"tags":[4135,2542],"yst_prominent_words":[30018,20731,33602,7616,8858,38490,38476,38492,38491,9836,29996,38487,38486,23544,15045,38489,34413,34370,38484,9974],"acf":[],"jetpack_featured_media_url":"https:\/\/www.ludwig-van.com\/montreal\/wp-content\/uploads\/sites\/3\/2020\/03\/OSM-Babi-Yar.jpg","jetpack_sharing_enabled":true,"jetpack_shortlink":"https:\/\/wp.me\/p9bdYt-gI0","amp_enabled":true,"_links":{"self":[{"href":"https:\/\/www.ludwig-van.com\/montreal\/wp-json\/wp\/v2\/posts\/64232"}],"collection":[{"href":"https:\/\/www.ludwig-van.com\/montreal\/wp-json\/wp\/v2\/posts"}],"about":[{"href":"https:\/\/www.ludwig-van.com\/montreal\/wp-json\/wp\/v2\/types\/post"}],"author":[{"embeddable":true,"href":"https:\/\/www.ludwig-van.com\/montreal\/wp-json\/wp\/v2\/users\/51"}],"replies":[{"embeddable":true,"href":"https:\/\/www.ludwig-van.com\/montreal\/wp-json\/wp\/v2\/comments?post=64232"}],"version-history":[{"count":9,"href":"https:\/\/www.ludwig-van.com\/montreal\/wp-json\/wp\/v2\/posts\/64232\/revisions"}],"predecessor-version":[{"id":64281,"href":"https:\/\/www.ludwig-van.com\/montreal\/wp-json\/wp\/v2\/posts\/64232\/revisions\/64281"}],"wp:featuredmedia":[{"embeddable":true,"href":"https:\/\/www.ludwig-van.com\/montreal\/wp-json\/wp\/v2\/media\/64233"}],"wp:attachment":[{"href":"https:\/\/www.ludwig-van.com\/montreal\/wp-json\/wp\/v2\/media?parent=64232"}],"wp:term":[{"taxonomy":"category","embeddable":true,"href":"https:\/\/www.ludwig-van.com\/montreal\/wp-json\/wp\/v2\/categories?post=64232"},{"taxonomy":"post_tag","embeddable":true,"href":"https:\/\/www.ludwig-van.com\/montreal\/wp-json\/wp\/v2\/tags?post=64232"},{"taxonomy":"yst_prominent_words","embeddable":true,"href":"https:\/\/www.ludwig-van.com\/montreal\/wp-json\/wp\/v2\/yst_prominent_words?post=64232"}],"curies":[{"name":"wp","href":"https:\/\/api.w.org\/{rel}","templated":true}]}}